{"id":73148,"date":"2026-05-01T11:04:00","date_gmt":"2026-05-01T16:04:00","guid":{"rendered":"https:\/\/nazarene.org\/?post_type=news&#038;p=73148"},"modified":"2026-05-01T11:04:00","modified_gmt":"2026-05-01T16:04:00","slug":"david-bennett-eleito-superintendente-do-distrito-philadelphia","status":"publish","type":"news","link":"https:\/\/nazarene.org\/pt-br\/news\/david-bennett-eleito-superintendente-do-distrito-philadelphia\/","title":{"rendered":"David Bennett eleito superintendente do Distrito Philadelphia"},"content":{"rendered":"\n<p>David Bennett foi eleito superintendente do Distrito Philadelphia em 26 de abril de 2026. Bennett serve como pastor da Igreja do Nazareno Fairview Village em Eagleville, Pensilv\u00e2nia, desde 2007.<\/p>\n\n<p>Bennett&#8217;s new assignment begins 25 May 2026. He follows Kerry Willis, who decided to return to pastoral ministry in 2025. Kenneth Mills served as interim superintendent since September 2025, until the recent district assembly.<\/p>\n\n<p>Bennett earned his bachelor&#8217;s degree from Mount Vernon Nazarene College (now University) in 1987, and a Master of Divinity from Nazarene Theological Seminary in 1990.<\/p>\n\n<p>Ele serviu na equipe da Igreja do Nazareno Kansas City Dundee Hills (agora Kansas City North Oak) de 1988 a 1990. Em 1990, ele aceitou o chamado para pastorear a Igreja do Nazareno Northfield na Pensilv\u00e2nia, servindo l\u00e1 at\u00e9 1994.<\/p>\n\n<p>Em 1994, ele e sua fam\u00edlia retornaram para o Kansas \u2014 desta vez mais para o oeste \u2014 pastoreando a Igreja do Nazareno Topeka Fairlawn a partir de 1994, at\u00e9 que retornou \u00e0 Pensilv\u00e2nia para pastorear a Fairview Village.<\/p>\n\n<p>Al\u00e9m de seu minist\u00e9rio na igreja local, ele serviu como coordenador de educa\u00e7\u00e3o continuada do Distrito Philadelphia desde 2019.<\/p>\n\n<p>David and his wife, Dora, have three children, and six grand children.<\/p>\n\n<p><\/p>\n","protected":false},"excerpt":{"rendered":"<p>David Bennett foi eleito superintendente do Distrito Philadelphia em 26 de abril de 2026. Bennett serve como pastor da Igreja do Nazareno Fairview Village em Eagleville, Pensilv\u00e2nia, desde 2007. Bennett&#8217;s new assignment begins 25 May 2026. He follows Kerry Willis, who decided to return to pastoral ministry in 2025. Kenneth Mills served as interim superintendent [&hellip;]<\/p>\n","protected":false},"author":17,"featured_media":73149,"menu_order":0,"template":"","news-categories":[],"news-region-taxonomy":[2895],"news-tag":[],"class_list":["post-73148","news","type-news","status-publish","has-post-thumbnail","hentry","news-region-taxonomy-eua-canada"],"yoast_head":"<!-- This site is optimized with the Yoast SEO Premium plugin v27.1 (Yoast SEO v27.1.1) - https:\/\/yoast.com\/product\/yoast-seo-premium-wordpress\/ -->\n<title>David Bennett eleito superintendente do Distrito Philadelphia - Church of the Nazarene<\/title>\n<meta name=\"robots\" content=\"index, follow, max-snippet:-1, max-image-preview:large, max-video-preview:-1\" \/>\n<link rel=\"canonical\" href=\"https:\/\/nazarene.org\/pt-br\/news\/david-bennett-eleito-superintendente-do-distrito-philadelphia\/\" \/>\n<meta property=\"og:locale\" content=\"pt_BR\" \/>\n<meta property=\"og:type\" content=\"article\" \/>\n<meta property=\"og:title\" content=\"David Bennett eleito superintendente do Distrito Philadelphia\" \/>\n<meta property=\"og:description\" content=\"David Bennett foi eleito superintendente do Distrito Philadelphia em 26 de abril de 2026. Bennett serve como pastor da Igreja do Nazareno Fairview Village em Eagleville, Pensilv\u00e2nia, desde 2007. Bennett&#8217;s new assignment begins 25 May 2026. He follows Kerry Willis, who decided to return to pastoral ministry in 2025. Kenneth Mills served as interim superintendent [&hellip;]\" \/>\n<meta property=\"og:url\" content=\"https:\/\/nazarene.org\/pt-br\/news\/david-bennett-eleito-superintendente-do-distrito-philadelphia\/\" \/>\n<meta property=\"og:site_name\" content=\"Church of the Nazarene\" \/>\n<meta property=\"article:publisher\" content=\"https:\/\/www.facebook.com\/NazareneOfficial\/\" \/>\n<meta name=\"twitter:card\" content=\"summary_large_image\" \/>\n<meta name=\"twitter:site\" content=\"@Nazarene\" \/>\n<script type=\"application\/ld+json\" class=\"yoast-schema-graph\">{\"@context\":\"https:\/\/schema.org\",\"@graph\":[{\"@type\":\"WebPage\",\"@id\":\"https:\/\/nazarene.org\/pt-br\/news\/david-bennett-eleito-superintendente-do-distrito-philadelphia\/\",\"url\":\"https:\/\/nazarene.org\/pt-br\/news\/david-bennett-eleito-superintendente-do-distrito-philadelphia\/\",\"name\":\"David Bennett eleito superintendente do Distrito Philadelphia - Church of the Nazarene\",\"isPartOf\":{\"@id\":\"https:\/\/nazarene.org\/pt-br\/#website\"},\"primaryImageOfPage\":{\"@id\":\"https:\/\/nazarene.org\/pt-br\/news\/david-bennett-eleito-superintendente-do-distrito-philadelphia\/#primaryimage\"},\"image\":{\"@id\":\"https:\/\/nazarene.org\/pt-br\/news\/david-bennett-eleito-superintendente-do-distrito-philadelphia\/#primaryimage\"},\"thumbnailUrl\":\"https:\/\/nazarene.org\/wp-content\/uploads\/2026\/04\/David-Bennett.jpg\",\"datePublished\":\"2026-05-01T16:04:00+00:00\",\"breadcrumb\":{\"@id\":\"https:\/\/nazarene.org\/pt-br\/news\/david-bennett-eleito-superintendente-do-distrito-philadelphia\/#breadcrumb\"},\"inLanguage\":\"pt-BR\",\"potentialAction\":[{\"@type\":\"ReadAction\",\"target\":[\"https:\/\/nazarene.org\/pt-br\/news\/david-bennett-eleito-superintendente-do-distrito-philadelphia\/\"]}]},{\"@type\":\"ImageObject\",\"inLanguage\":\"pt-BR\",\"@id\":\"https:\/\/nazarene.org\/pt-br\/news\/david-bennett-eleito-superintendente-do-distrito-philadelphia\/#primaryimage\",\"url\":\"https:\/\/nazarene.org\/wp-content\/uploads\/2026\/04\/David-Bennett.jpg\",\"contentUrl\":\"https:\/\/nazarene.org\/wp-content\/uploads\/2026\/04\/David-Bennett.jpg\",\"width\":1500,\"height\":800},{\"@type\":\"BreadcrumbList\",\"@id\":\"https:\/\/nazarene.org\/pt-br\/news\/david-bennett-eleito-superintendente-do-distrito-philadelphia\/#breadcrumb\",\"itemListElement\":[{\"@type\":\"ListItem\",\"position\":1,\"name\":\"Home\",\"item\":\"https:\/\/nazarene.org\/pt-br\/\"},{\"@type\":\"ListItem\",\"position\":2,\"name\":\"News\",\"item\":\"https:\/\/nazarene.org\/pt-br\/news\/\"},{\"@type\":\"ListItem\",\"position\":3,\"name\":\"David Bennett eleito superintendente do Distrito Philadelphia\"}]},{\"@type\":\"WebSite\",\"@id\":\"https:\/\/nazarene.org\/pt-br\/#website\",\"url\":\"https:\/\/nazarene.org\/pt-br\/\",\"name\":\"Church of the Nazarene\",\"description\":\"Making Christlike Disciples in the Nations\",\"publisher\":{\"@id\":\"https:\/\/nazarene.org\/pt-br\/#organization\"},\"potentialAction\":[{\"@type\":\"SearchAction\",\"target\":{\"@type\":\"EntryPoint\",\"urlTemplate\":\"https:\/\/nazarene.org\/pt-br\/?s={search_term_string}\"},\"query-input\":{\"@type\":\"PropertyValueSpecification\",\"valueRequired\":true,\"valueName\":\"search_term_string\"}}],\"inLanguage\":\"pt-BR\"},{\"@type\":\"Organization\",\"@id\":\"https:\/\/nazarene.org\/pt-br\/#organization\",\"name\":\"Church of the Nazarene\",\"url\":\"https:\/\/nazarene.org\/pt-br\/\",\"logo\":{\"@type\":\"ImageObject\",\"inLanguage\":\"pt-BR\",\"@id\":\"https:\/\/nazarene.org\/pt-br\/#\/schema\/logo\/image\/\",\"url\":\"https:\/\/nazarene.org\/wp-content\/uploads\/2024\/06\/Naz_Desktop_Black_Logo-1.svg\",\"contentUrl\":\"https:\/\/nazarene.org\/wp-content\/uploads\/2024\/06\/Naz_Desktop_Black_Logo-1.svg\",\"width\":258,\"height\":36,\"caption\":\"Church of the Nazarene\"},\"image\":{\"@id\":\"https:\/\/nazarene.org\/pt-br\/#\/schema\/logo\/image\/\"},\"sameAs\":[\"https:\/\/www.facebook.com\/NazareneOfficial\/\",\"https:\/\/x.com\/Nazarene\",\"https:\/\/www.instagram.com\/nazareneofficial\/\"]}]}<\/script>\n<!-- \/ Yoast SEO Premium plugin. -->","yoast_head_json":{"title":"David Bennett eleito superintendente do Distrito Philadelphia - Church of the Nazarene","robots":{"index":"index","follow":"follow","max-snippet":"max-snippet:-1","max-image-preview":"max-image-preview:large","max-video-preview":"max-video-preview:-1"},"canonical":"https:\/\/nazarene.org\/pt-br\/news\/david-bennett-eleito-superintendente-do-distrito-philadelphia\/","og_locale":"pt_BR","og_type":"article","og_title":"David Bennett eleito superintendente do Distrito Philadelphia","og_description":"David Bennett foi eleito superintendente do Distrito Philadelphia em 26 de abril de 2026. Bennett serve como pastor da Igreja do Nazareno Fairview Village em Eagleville, Pensilv\u00e2nia, desde 2007. Bennett&#8217;s new assignment begins 25 May 2026. He follows Kerry Willis, who decided to return to pastoral ministry in 2025. Kenneth Mills served as interim superintendent [&hellip;]","og_url":"https:\/\/nazarene.org\/pt-br\/news\/david-bennett-eleito-superintendente-do-distrito-philadelphia\/","og_site_name":"Church of the Nazarene","article_publisher":"https:\/\/www.facebook.com\/NazareneOfficial\/","twitter_card":"summary_large_image","twitter_site":"@Nazarene","schema":{"@context":"https:\/\/schema.org","@graph":[{"@type":"WebPage","@id":"https:\/\/nazarene.org\/pt-br\/news\/david-bennett-eleito-superintendente-do-distrito-philadelphia\/","url":"https:\/\/nazarene.org\/pt-br\/news\/david-bennett-eleito-superintendente-do-distrito-philadelphia\/","name":"David Bennett eleito superintendente do Distrito Philadelphia - Church of the Nazarene","isPartOf":{"@id":"https:\/\/nazarene.org\/pt-br\/#website"},"primaryImageOfPage":{"@id":"https:\/\/nazarene.org\/pt-br\/news\/david-bennett-eleito-superintendente-do-distrito-philadelphia\/#primaryimage"},"image":{"@id":"https:\/\/nazarene.org\/pt-br\/news\/david-bennett-eleito-superintendente-do-distrito-philadelphia\/#primaryimage"},"thumbnailUrl":"https:\/\/nazarene.org\/wp-content\/uploads\/2026\/04\/David-Bennett.jpg","datePublished":"2026-05-01T16:04:00+00:00","breadcrumb":{"@id":"https:\/\/nazarene.org\/pt-br\/news\/david-bennett-eleito-superintendente-do-distrito-philadelphia\/#breadcrumb"},"inLanguage":"pt-BR","potentialAction":[{"@type":"ReadAction","target":["https:\/\/nazarene.org\/pt-br\/news\/david-bennett-eleito-superintendente-do-distrito-philadelphia\/"]}]},{"@type":"ImageObject","inLanguage":"pt-BR","@id":"https:\/\/nazarene.org\/pt-br\/news\/david-bennett-eleito-superintendente-do-distrito-philadelphia\/#primaryimage","url":"https:\/\/nazarene.org\/wp-content\/uploads\/2026\/04\/David-Bennett.jpg","contentUrl":"https:\/\/nazarene.org\/wp-content\/uploads\/2026\/04\/David-Bennett.jpg","width":1500,"height":800},{"@type":"BreadcrumbList","@id":"https:\/\/nazarene.org\/pt-br\/news\/david-bennett-eleito-superintendente-do-distrito-philadelphia\/#breadcrumb","itemListElement":[{"@type":"ListItem","position":1,"name":"Home","item":"https:\/\/nazarene.org\/pt-br\/"},{"@type":"ListItem","position":2,"name":"News","item":"https:\/\/nazarene.org\/pt-br\/news\/"},{"@type":"ListItem","position":3,"name":"David Bennett eleito superintendente do Distrito Philadelphia"}]},{"@type":"WebSite","@id":"https:\/\/nazarene.org\/pt-br\/#website","url":"https:\/\/nazarene.org\/pt-br\/","name":"Church of the Nazarene","description":"Making Christlike Disciples in the Nations","publisher":{"@id":"https:\/\/nazarene.org\/pt-br\/#organization"},"potentialAction":[{"@type":"SearchAction","target":{"@type":"EntryPoint","urlTemplate":"https:\/\/nazarene.org\/pt-br\/?s={search_term_string}"},"query-input":{"@type":"PropertyValueSpecification","valueRequired":true,"valueName":"search_term_string"}}],"inLanguage":"pt-BR"},{"@type":"Organization","@id":"https:\/\/nazarene.org\/pt-br\/#organization","name":"Church of the Nazarene","url":"https:\/\/nazarene.org\/pt-br\/","logo":{"@type":"ImageObject","inLanguage":"pt-BR","@id":"https:\/\/nazarene.org\/pt-br\/#\/schema\/logo\/image\/","url":"https:\/\/nazarene.org\/wp-content\/uploads\/2024\/06\/Naz_Desktop_Black_Logo-1.svg","contentUrl":"https:\/\/nazarene.org\/wp-content\/uploads\/2024\/06\/Naz_Desktop_Black_Logo-1.svg","width":258,"height":36,"caption":"Church of the Nazarene"},"image":{"@id":"https:\/\/nazarene.org\/pt-br\/#\/schema\/logo\/image\/"},"sameAs":["https:\/\/www.facebook.com\/NazareneOfficial\/","https:\/\/x.com\/Nazarene","https:\/\/www.instagram.com\/nazareneofficial\/"]}]}},"_links":{"self":[{"href":"https:\/\/nazarene.org\/pt-br\/wp-json\/wp\/v2\/news\/73148","targetHints":{"allow":["GET"]}}],"collection":[{"href":"https:\/\/nazarene.org\/pt-br\/wp-json\/wp\/v2\/news"}],"about":[{"href":"https:\/\/nazarene.org\/pt-br\/wp-json\/wp\/v2\/types\/news"}],"author":[{"embeddable":true,"href":"https:\/\/nazarene.org\/pt-br\/wp-json\/wp\/v2\/users\/17"}],"version-history":[{"count":1,"href":"https:\/\/nazarene.org\/pt-br\/wp-json\/wp\/v2\/news\/73148\/revisions"}],"predecessor-version":[{"id":73150,"href":"https:\/\/nazarene.org\/pt-br\/wp-json\/wp\/v2\/news\/73148\/revisions\/73150"}],"wp:featuredmedia":[{"embeddable":true,"href":"https:\/\/nazarene.org\/pt-br\/wp-json\/wp\/v2\/media\/73149"}],"wp:attachment":[{"href":"https:\/\/nazarene.org\/pt-br\/wp-json\/wp\/v2\/media?parent=73148"}],"wp:term":[{"taxonomy":"news-categories","embeddable":true,"href":"https:\/\/nazarene.org\/pt-br\/wp-json\/wp\/v2\/news-categories?post=73148"},{"taxonomy":"news-region-taxonomy","embeddable":true,"href":"https:\/\/nazarene.org\/pt-br\/wp-json\/wp\/v2\/news-region-taxonomy?post=73148"},{"taxonomy":"news-tag","embeddable":true,"href":"https:\/\/nazarene.org\/pt-br\/wp-json\/wp\/v2\/news-tag?post=73148"}],"curies":[{"name":"wp","href":"https:\/\/api.w.org\/{rel}","templated":true}]}}