{"id":73141,"date":"2026-04-30T15:24:44","date_gmt":"2026-04-30T20:24:44","guid":{"rendered":"https:\/\/nazarene.org\/news\/mathapelo-mabizela-e-eleita-diretora-da-ntc-africa-do-sul\/"},"modified":"2026-05-01T10:55:11","modified_gmt":"2026-05-01T15:55:11","slug":"mathapelo-mabizela-e-eleita-diretora-da-ntc-africa-do-sul","status":"publish","type":"news","link":"https:\/\/nazarene.org\/pt-br\/news\/mathapelo-mabizela-e-eleita-diretora-da-ntc-africa-do-sul\/","title":{"rendered":"Mathapelo Mabizela \u00e9 eleita diretora da NTC-\u00c1frica do Sul"},"content":{"rendered":"\n<p>Mathapelo Mabizela foi eleita diretora do Nazarene Theological College, \u00c1frica do Sul, em 13 de mar\u00e7o de 2026<\/p>\n\n<p>Mabizela recebeu seu MA (TS), Mestrado em Estudos Teol\u00f3gicos do Nazarene Theological Seminary (NTS) em 2021; e seu MIDT, Mestrado em Design Instrucional e Tecnologia pela Trevecca Nazarene University (TNU) em 2024. Ela atualmente est\u00e1 cursando Doutorado em Educa\u00e7\u00e3o pela TNU.<\/p>\n\n<p>A vaga do escrit\u00f3rio do diretor ocorreu com a ren\u00fancia da mission\u00e1ria Rhonda Carrim como diretora na reuni\u00e3o do Conselho de Curadores de 2025. Em uma reuni\u00e3o devidamente convocada do Conselho de Curadores em 2026 e em uma demonstra\u00e7\u00e3o de apoio seria majorit\u00e1ria, a Rev. Mabizela recebeu os votos necess\u00e1rios dos membros do Conselho presentes.<\/p>\n\n<p>Como reitora acad\u00eamica da NTCSA durante o per\u00edodo do cargo ligado \u00e0 Carrim, ela trabalhou diligentemente com outros para desenvolver o novo curr\u00edculo inovador sob o Quality Council for Trades and Occupations (QCTO) na \u00c1frica do Sul.<\/p>\n\n<p>A NTC South Africa solicita ora\u00e7\u00f5es por Mabizela e sua equipe de lideran\u00e7a enquanto continuam desenvolvendo o novo curr\u00edculo, come\u00e7am a desenvolver centros de aprendizado da NTCSA em toda a \u00c1rea Africa South e forjam o futuro da NTCSA, escrevendo um novo cap\u00edtulo na vida desta institui\u00e7\u00e3o.<\/p>\n\n<p>Mathapelo e Nkululeko Mabizela casaram-se em mar\u00e7o de 2025.<\/p>\n","protected":false},"excerpt":{"rendered":"<p>Mathapelo Mabizela foi eleita diretora do Nazarene Theological College, \u00c1frica do Sul, em 13 de mar\u00e7o de 2026 Mabizela recebeu seu MA (TS), Mestrado em Estudos Teol\u00f3gicos do Nazarene Theological Seminary (NTS) em 2021; e seu MIDT, Mestrado em Design Instrucional e Tecnologia pela Trevecca Nazarene University (TNU) em 2024. Ela atualmente est\u00e1 cursando Doutorado [&hellip;]<\/p>\n","protected":false},"author":17,"featured_media":73142,"menu_order":0,"template":"","news-categories":[],"news-region-taxonomy":[],"news-tag":[],"class_list":["post-73141","news","type-news","status-publish","has-post-thumbnail","hentry"],"yoast_head":"<!-- This site is optimized with the Yoast SEO Premium plugin v27.1 (Yoast SEO v27.1.1) - https:\/\/yoast.com\/product\/yoast-seo-premium-wordpress\/ -->\n<title>Mathapelo Mabizela \u00e9 eleita diretora da NTC-\u00c1frica do Sul - Church of the Nazarene<\/title>\n<meta name=\"description\" content=\"Mathapelo Mabizela foi eleita diretora do Nazarene Theological College, \u00c1frica do Sul, em 13 de mar\u00e7o de 2026. Ela era anteriormente a reitora acad\u00eamica.\" \/>\n<meta name=\"robots\" content=\"index, follow, max-snippet:-1, max-image-preview:large, max-video-preview:-1\" \/>\n<link rel=\"canonical\" href=\"https:\/\/nazarene.org\/pt-br\/news\/mathapelo-mabizela-e-eleita-diretora-da-ntc-africa-do-sul\/\" \/>\n<meta property=\"og:locale\" content=\"pt_BR\" \/>\n<meta property=\"og:type\" content=\"article\" \/>\n<meta property=\"og:title\" content=\"Mathapelo Mabizela \u00e9 eleita diretora da NTC-\u00c1frica do Sul\" \/>\n<meta property=\"og:description\" content=\"Mathapelo Mabizela foi eleita diretora do Nazarene Theological College, \u00c1frica do Sul, em 13 de mar\u00e7o de 2026. Ela era anteriormente a reitora acad\u00eamica.\" \/>\n<meta property=\"og:url\" content=\"https:\/\/nazarene.org\/pt-br\/news\/mathapelo-mabizela-e-eleita-diretora-da-ntc-africa-do-sul\/\" \/>\n<meta property=\"og:site_name\" content=\"Church of the Nazarene\" \/>\n<meta property=\"article:publisher\" content=\"https:\/\/www.facebook.com\/NazareneOfficial\/\" \/>\n<meta property=\"article:modified_time\" content=\"2026-05-01T15:55:11+00:00\" \/>\n<meta property=\"og:image\" content=\"https:\/\/nazarene.org\/wp-content\/uploads\/2026\/04\/Mabizela.jpg\" \/>\n\t<meta property=\"og:image:width\" content=\"1500\" \/>\n\t<meta property=\"og:image:height\" content=\"800\" \/>\n\t<meta property=\"og:image:type\" content=\"image\/jpeg\" \/>\n<meta name=\"twitter:card\" content=\"summary_large_image\" \/>\n<meta name=\"twitter:site\" content=\"@Nazarene\" \/>\n<script type=\"application\/ld+json\" class=\"yoast-schema-graph\">{\"@context\":\"https:\/\/schema.org\",\"@graph\":[{\"@type\":\"WebPage\",\"@id\":\"https:\/\/nazarene.org\/pt-br\/news\/mathapelo-mabizela-e-eleita-diretora-da-ntc-africa-do-sul\/\",\"url\":\"https:\/\/nazarene.org\/pt-br\/news\/mathapelo-mabizela-e-eleita-diretora-da-ntc-africa-do-sul\/\",\"name\":\"Mathapelo Mabizela \u00e9 eleita diretora da NTC-\u00c1frica do Sul - Church of the Nazarene\",\"isPartOf\":{\"@id\":\"https:\/\/nazarene.org\/pt-br\/#website\"},\"primaryImageOfPage\":{\"@id\":\"https:\/\/nazarene.org\/pt-br\/news\/mathapelo-mabizela-e-eleita-diretora-da-ntc-africa-do-sul\/#primaryimage\"},\"image\":{\"@id\":\"https:\/\/nazarene.org\/pt-br\/news\/mathapelo-mabizela-e-eleita-diretora-da-ntc-africa-do-sul\/#primaryimage\"},\"thumbnailUrl\":\"https:\/\/nazarene.org\/wp-content\/uploads\/2026\/04\/Mabizela.jpg\",\"datePublished\":\"2026-04-30T20:24:44+00:00\",\"dateModified\":\"2026-05-01T15:55:11+00:00\",\"description\":\"Mathapelo Mabizela foi eleita diretora do Nazarene Theological College, \u00c1frica do Sul, em 13 de mar\u00e7o de 2026. Ela era anteriormente a reitora acad\u00eamica.\",\"breadcrumb\":{\"@id\":\"https:\/\/nazarene.org\/pt-br\/news\/mathapelo-mabizela-e-eleita-diretora-da-ntc-africa-do-sul\/#breadcrumb\"},\"inLanguage\":\"pt-BR\",\"potentialAction\":[{\"@type\":\"ReadAction\",\"target\":[\"https:\/\/nazarene.org\/pt-br\/news\/mathapelo-mabizela-e-eleita-diretora-da-ntc-africa-do-sul\/\"]}]},{\"@type\":\"ImageObject\",\"inLanguage\":\"pt-BR\",\"@id\":\"https:\/\/nazarene.org\/pt-br\/news\/mathapelo-mabizela-e-eleita-diretora-da-ntc-africa-do-sul\/#primaryimage\",\"url\":\"https:\/\/nazarene.org\/wp-content\/uploads\/2026\/04\/Mabizela.jpg\",\"contentUrl\":\"https:\/\/nazarene.org\/wp-content\/uploads\/2026\/04\/Mabizela.jpg\",\"width\":1500,\"height\":800},{\"@type\":\"BreadcrumbList\",\"@id\":\"https:\/\/nazarene.org\/pt-br\/news\/mathapelo-mabizela-e-eleita-diretora-da-ntc-africa-do-sul\/#breadcrumb\",\"itemListElement\":[{\"@type\":\"ListItem\",\"position\":1,\"name\":\"Home\",\"item\":\"https:\/\/nazarene.org\/pt-br\/\"},{\"@type\":\"ListItem\",\"position\":2,\"name\":\"News\",\"item\":\"https:\/\/nazarene.org\/pt-br\/news\/\"},{\"@type\":\"ListItem\",\"position\":3,\"name\":\"Mathapelo Mabizela \u00e9 eleita diretora da NTC-\u00c1frica do Sul\"}]},{\"@type\":\"WebSite\",\"@id\":\"https:\/\/nazarene.org\/pt-br\/#website\",\"url\":\"https:\/\/nazarene.org\/pt-br\/\",\"name\":\"Church of the Nazarene\",\"description\":\"Making Christlike Disciples in the Nations\",\"publisher\":{\"@id\":\"https:\/\/nazarene.org\/pt-br\/#organization\"},\"potentialAction\":[{\"@type\":\"SearchAction\",\"target\":{\"@type\":\"EntryPoint\",\"urlTemplate\":\"https:\/\/nazarene.org\/pt-br\/?s={search_term_string}\"},\"query-input\":{\"@type\":\"PropertyValueSpecification\",\"valueRequired\":true,\"valueName\":\"search_term_string\"}}],\"inLanguage\":\"pt-BR\"},{\"@type\":\"Organization\",\"@id\":\"https:\/\/nazarene.org\/pt-br\/#organization\",\"name\":\"Church of the Nazarene\",\"url\":\"https:\/\/nazarene.org\/pt-br\/\",\"logo\":{\"@type\":\"ImageObject\",\"inLanguage\":\"pt-BR\",\"@id\":\"https:\/\/nazarene.org\/pt-br\/#\/schema\/logo\/image\/\",\"url\":\"https:\/\/nazarene.org\/wp-content\/uploads\/2024\/06\/Naz_Desktop_Black_Logo-1.svg\",\"contentUrl\":\"https:\/\/nazarene.org\/wp-content\/uploads\/2024\/06\/Naz_Desktop_Black_Logo-1.svg\",\"width\":258,\"height\":36,\"caption\":\"Church of the Nazarene\"},\"image\":{\"@id\":\"https:\/\/nazarene.org\/pt-br\/#\/schema\/logo\/image\/\"},\"sameAs\":[\"https:\/\/www.facebook.com\/NazareneOfficial\/\",\"https:\/\/x.com\/Nazarene\",\"https:\/\/www.instagram.com\/nazareneofficial\/\"]}]}<\/script>\n<!-- \/ Yoast SEO Premium plugin. -->","yoast_head_json":{"title":"Mathapelo Mabizela \u00e9 eleita diretora da NTC-\u00c1frica do Sul - Church of the Nazarene","description":"Mathapelo Mabizela foi eleita diretora do Nazarene Theological College, \u00c1frica do Sul, em 13 de mar\u00e7o de 2026. Ela era anteriormente a reitora acad\u00eamica.","robots":{"index":"index","follow":"follow","max-snippet":"max-snippet:-1","max-image-preview":"max-image-preview:large","max-video-preview":"max-video-preview:-1"},"canonical":"https:\/\/nazarene.org\/pt-br\/news\/mathapelo-mabizela-e-eleita-diretora-da-ntc-africa-do-sul\/","og_locale":"pt_BR","og_type":"article","og_title":"Mathapelo Mabizela \u00e9 eleita diretora da NTC-\u00c1frica do Sul","og_description":"Mathapelo Mabizela foi eleita diretora do Nazarene Theological College, \u00c1frica do Sul, em 13 de mar\u00e7o de 2026. Ela era anteriormente a reitora acad\u00eamica.","og_url":"https:\/\/nazarene.org\/pt-br\/news\/mathapelo-mabizela-e-eleita-diretora-da-ntc-africa-do-sul\/","og_site_name":"Church of the Nazarene","article_publisher":"https:\/\/www.facebook.com\/NazareneOfficial\/","article_modified_time":"2026-05-01T15:55:11+00:00","og_image":[{"width":1500,"height":800,"url":"https:\/\/nazarene.org\/wp-content\/uploads\/2026\/04\/Mabizela.jpg","type":"image\/jpeg"}],"twitter_card":"summary_large_image","twitter_site":"@Nazarene","schema":{"@context":"https:\/\/schema.org","@graph":[{"@type":"WebPage","@id":"https:\/\/nazarene.org\/pt-br\/news\/mathapelo-mabizela-e-eleita-diretora-da-ntc-africa-do-sul\/","url":"https:\/\/nazarene.org\/pt-br\/news\/mathapelo-mabizela-e-eleita-diretora-da-ntc-africa-do-sul\/","name":"Mathapelo Mabizela \u00e9 eleita diretora da NTC-\u00c1frica do Sul - Church of the Nazarene","isPartOf":{"@id":"https:\/\/nazarene.org\/pt-br\/#website"},"primaryImageOfPage":{"@id":"https:\/\/nazarene.org\/pt-br\/news\/mathapelo-mabizela-e-eleita-diretora-da-ntc-africa-do-sul\/#primaryimage"},"image":{"@id":"https:\/\/nazarene.org\/pt-br\/news\/mathapelo-mabizela-e-eleita-diretora-da-ntc-africa-do-sul\/#primaryimage"},"thumbnailUrl":"https:\/\/nazarene.org\/wp-content\/uploads\/2026\/04\/Mabizela.jpg","datePublished":"2026-04-30T20:24:44+00:00","dateModified":"2026-05-01T15:55:11+00:00","description":"Mathapelo Mabizela foi eleita diretora do Nazarene Theological College, \u00c1frica do Sul, em 13 de mar\u00e7o de 2026. Ela era anteriormente a reitora acad\u00eamica.","breadcrumb":{"@id":"https:\/\/nazarene.org\/pt-br\/news\/mathapelo-mabizela-e-eleita-diretora-da-ntc-africa-do-sul\/#breadcrumb"},"inLanguage":"pt-BR","potentialAction":[{"@type":"ReadAction","target":["https:\/\/nazarene.org\/pt-br\/news\/mathapelo-mabizela-e-eleita-diretora-da-ntc-africa-do-sul\/"]}]},{"@type":"ImageObject","inLanguage":"pt-BR","@id":"https:\/\/nazarene.org\/pt-br\/news\/mathapelo-mabizela-e-eleita-diretora-da-ntc-africa-do-sul\/#primaryimage","url":"https:\/\/nazarene.org\/wp-content\/uploads\/2026\/04\/Mabizela.jpg","contentUrl":"https:\/\/nazarene.org\/wp-content\/uploads\/2026\/04\/Mabizela.jpg","width":1500,"height":800},{"@type":"BreadcrumbList","@id":"https:\/\/nazarene.org\/pt-br\/news\/mathapelo-mabizela-e-eleita-diretora-da-ntc-africa-do-sul\/#breadcrumb","itemListElement":[{"@type":"ListItem","position":1,"name":"Home","item":"https:\/\/nazarene.org\/pt-br\/"},{"@type":"ListItem","position":2,"name":"News","item":"https:\/\/nazarene.org\/pt-br\/news\/"},{"@type":"ListItem","position":3,"name":"Mathapelo Mabizela \u00e9 eleita diretora da NTC-\u00c1frica do Sul"}]},{"@type":"WebSite","@id":"https:\/\/nazarene.org\/pt-br\/#website","url":"https:\/\/nazarene.org\/pt-br\/","name":"Church of the Nazarene","description":"Making Christlike Disciples in the Nations","publisher":{"@id":"https:\/\/nazarene.org\/pt-br\/#organization"},"potentialAction":[{"@type":"SearchAction","target":{"@type":"EntryPoint","urlTemplate":"https:\/\/nazarene.org\/pt-br\/?s={search_term_string}"},"query-input":{"@type":"PropertyValueSpecification","valueRequired":true,"valueName":"search_term_string"}}],"inLanguage":"pt-BR"},{"@type":"Organization","@id":"https:\/\/nazarene.org\/pt-br\/#organization","name":"Church of the Nazarene","url":"https:\/\/nazarene.org\/pt-br\/","logo":{"@type":"ImageObject","inLanguage":"pt-BR","@id":"https:\/\/nazarene.org\/pt-br\/#\/schema\/logo\/image\/","url":"https:\/\/nazarene.org\/wp-content\/uploads\/2024\/06\/Naz_Desktop_Black_Logo-1.svg","contentUrl":"https:\/\/nazarene.org\/wp-content\/uploads\/2024\/06\/Naz_Desktop_Black_Logo-1.svg","width":258,"height":36,"caption":"Church of the Nazarene"},"image":{"@id":"https:\/\/nazarene.org\/pt-br\/#\/schema\/logo\/image\/"},"sameAs":["https:\/\/www.facebook.com\/NazareneOfficial\/","https:\/\/x.com\/Nazarene","https:\/\/www.instagram.com\/nazareneofficial\/"]}]}},"_links":{"self":[{"href":"https:\/\/nazarene.org\/pt-br\/wp-json\/wp\/v2\/news\/73141","targetHints":{"allow":["GET"]}}],"collection":[{"href":"https:\/\/nazarene.org\/pt-br\/wp-json\/wp\/v2\/news"}],"about":[{"href":"https:\/\/nazarene.org\/pt-br\/wp-json\/wp\/v2\/types\/news"}],"author":[{"embeddable":true,"href":"https:\/\/nazarene.org\/pt-br\/wp-json\/wp\/v2\/users\/17"}],"version-history":[{"count":1,"href":"https:\/\/nazarene.org\/pt-br\/wp-json\/wp\/v2\/news\/73141\/revisions"}],"predecessor-version":[{"id":73144,"href":"https:\/\/nazarene.org\/pt-br\/wp-json\/wp\/v2\/news\/73141\/revisions\/73144"}],"wp:featuredmedia":[{"embeddable":true,"href":"https:\/\/nazarene.org\/pt-br\/wp-json\/wp\/v2\/media\/73142"}],"wp:attachment":[{"href":"https:\/\/nazarene.org\/pt-br\/wp-json\/wp\/v2\/media?parent=73141"}],"wp:term":[{"taxonomy":"news-categories","embeddable":true,"href":"https:\/\/nazarene.org\/pt-br\/wp-json\/wp\/v2\/news-categories?post=73141"},{"taxonomy":"news-region-taxonomy","embeddable":true,"href":"https:\/\/nazarene.org\/pt-br\/wp-json\/wp\/v2\/news-region-taxonomy?post=73141"},{"taxonomy":"news-tag","embeddable":true,"href":"https:\/\/nazarene.org\/pt-br\/wp-json\/wp\/v2\/news-tag?post=73141"}],"curies":[{"name":"wp","href":"https:\/\/api.w.org\/{rel}","templated":true}]}}