{"id":70106,"date":"2026-03-17T13:07:45","date_gmt":"2026-03-17T18:07:45","guid":{"rendered":"https:\/\/nazarene.org\/news\/na-italia-a-igreja-do-nazareno-leva-esperanca-aos-necessitados\/"},"modified":"2026-03-21T10:12:02","modified_gmt":"2026-03-21T15:12:02","slug":"na-italia-a-igreja-do-nazareno-leva-esperanca-aos-necessitados","status":"publish","type":"news","link":"https:\/\/nazarene.org\/pt-br\/news\/na-italia-a-igreja-do-nazareno-leva-esperanca-aos-necessitados\/","title":{"rendered":"Na It\u00e1lia, a Igreja do Nazareno leva esperan\u00e7a aos necessitados."},"content":{"rendered":"\n<p>\u00c9 manh\u00e3 de s\u00e1bado em Moncalieri, It\u00e1lia, e o edif\u00edcio da Igreja do Nazareno est\u00e1 repleto de energia nesta cidade situada no sop\u00e9 dos pitorescos Alpes italianos.<\/p>\n\n<p>O aroma do caf\u00e9 sendo preparado traz sorrisos a muitos rostos enquanto o pastor Matteo Ricciardi conversa com os vizinhos e os participantes do programa de distribui\u00e7\u00e3o de alimentos da igreja na frente do pr\u00e9dio, em um local que se tornou um ponto de encontro para a vizinhan\u00e7a nos \u00faltimos anos.<\/p>\n\n<p>Logo ao lado, chegou a van rec\u00e9m-adquirida pela igreja, carregada de alimentos frescos doados por supermercados pr\u00f3ximos. Volunt\u00e1rios formaram uma linha de montagem para descarregar e separar os alimentos para cada fam\u00edlia que chegar\u00e1 hoje para busc\u00e1-los.<\/p>\n\n<p>E assim acontece todos os s\u00e1bados com esse grupo \u2014 metade deles membros da igreja e a outra metade trabalhadores de servi\u00e7o comunit\u00e1rio, que atuam como parte do acordo da igreja com o sistema judici\u00e1rio local para oferecer oportunidades de servi\u00e7o comunit\u00e1rio para aqueles que precisam cumprir suas horas obrigat\u00f3rias.<\/p>\n\n<p>Domenico \u00e9 um dos trabalhadores que ficou sabendo do programa por meio do sistema judici\u00e1rio e se interessou pela oportunidade depois de conversar com o Pastor Matteo. Embora tenha crescido em Moncalieri, Domenico nunca tinha ouvido falar da Igreja do Nazareno, mas rapidamente se interessou em ajudar as fam\u00edlias de sua cidade natal, chegando a usar alguns de seus contatos na comunidade para conseguir mais doa\u00e7\u00f5es semanais de alimentos que ele recolhe ao longo da semana.<\/p>\n\n<p>Quando questionado sobre sua parte favorita de servir no programa, ele disse: \u201cGosto do sentimento no final do dia. Sou um jogador de golfe. E normalmente, \u00e0s manh\u00e3s de s\u00e1bado, gosto de jogar golfe. Mas durante esse per\u00edodo, quando venho aqui e volto para casa por volta da hora do almo\u00e7o, tenho a sensa\u00e7\u00e3o de que n\u00e3o perdi tempo. Esse sentimento permanece comigo no final do dia, e sinto que \u00e9 a melhor coisa\u201d.<\/p>\n\n<p>A rotina da manh\u00e3 de s\u00e1bado destaca o verdadeiro valor deste programa: criar comunidade. Para suprir a necessidade daqueles que n\u00e3o t\u00eam condi\u00e7\u00f5es de comprar comida suficiente regularmente, surgiu uma rede de pessoas da igreja, da vizinhan\u00e7a, de supermercados locais, do banco de alimentos nacional e do sistema judici\u00e1rio.<\/p>\n\n<p>Assim como muitos lugares ao redor do mundo, Moncalieri possui uma mescla entre moradores nativos e fam\u00edlias imigrantes. O aumento da pobreza e das taxas de desemprego em n\u00edvel nacional criou uma necessidade maior de assist\u00eancia alimentar, principalmente entre os grupos mais vulner\u00e1veis.<\/p>\n\n<p>Em abril de 2020, os confinamentos impostos pela pandemia de COVID-19 agravaram a situa\u00e7\u00e3o, com muitas fam\u00edlias enfrentando dificuldades financeiras devido a perca de empregos e \u00e0s restri\u00e7\u00f5es impostas. Foi nesse momento que a igreja decidiu que poderia fazer algo para servir seus vizinhos.<\/p>\n\n<p>O que come\u00e7ou como uma pequena iniciativa autofinanciada se transformou em um programa de apoio estruturado, gra\u00e7as a parcerias com lojas locais e a rede nacional de bancos de alimentos da It\u00e1lia, operada por meio da organiza\u00e7\u00e3o n\u00e3o governamental (ONG) da Igreja do Nazareno do Distrito It\u00e1lia, Associa\u00e7\u00e3o Missione Nazarena Italiana (AMNI). Como os servi\u00e7os sociais p\u00fablicos enfrentam crescentes dificuldades, a iniciativa agora fornece ajuda essencial para fam\u00edlias e pessoas necessitadas, e a congrega\u00e7\u00e3o se tornou um recurso vital para pessoas em situa\u00e7\u00f5es vulner\u00e1veis.<\/p>\n\n<p>\u201cNossa congrega\u00e7\u00e3o reconheceu essa necessidade e interveio para fornecer apoio\u2026 isso \u00e9 particularmente \u00fatil porque serve de apoio para fam\u00edlias imigrantes que podem enfrentar barreiras adicionais no acesso a servi\u00e7os sociais\u201d, explicou o Pastor Matteo. \u201cE promove a solidariedade comunit\u00e1ria, reunindo as pessoas e respondendo \u00e0 necessidades imediatas\u201d.<\/p>\n\n<p><em>Esta \u00e9 uma vers\u00e3o abreviada de uma mat\u00e9ria publicada originalmente na Revista MNC, 2\u00aa edi\u00e7\u00e3o de 2025. Para ler a hist\u00f3ria na \u00edntegra, <\/em><a href=\"https:\/\/ncm.org\/2025-issue-2\"> <em>clique aqui<\/em> <\/a> <em>.<\/em><\/p>\n\n<p><\/p>\n","protected":false},"excerpt":{"rendered":"<p>\u00c9 manh\u00e3 de s\u00e1bado em Moncalieri, It\u00e1lia, e o edif\u00edcio da Igreja do Nazareno est\u00e1 repleto de energia nesta cidade situada no sop\u00e9 dos pitorescos Alpes italianos. O aroma do caf\u00e9 sendo preparado traz sorrisos a muitos rostos enquanto o pastor Matteo Ricciardi conversa com os vizinhos e os participantes do programa de distribui\u00e7\u00e3o de [&hellip;]<\/p>\n","protected":false},"author":17,"featured_media":70107,"menu_order":0,"template":"","news-categories":[],"news-region-taxonomy":[2878],"news-tag":[1994],"class_list":["post-70106","news","type-news","status-publish","has-post-thumbnail","hentry","news-region-taxonomy-eurasia-pt-br","news-tag-italia"],"yoast_head":"<!-- This site is optimized with the Yoast SEO Premium plugin v27.1 (Yoast SEO v27.1.1) - https:\/\/yoast.com\/product\/yoast-seo-premium-wordpress\/ -->\n<title>Na It\u00e1lia, a Igreja do Nazareno leva esperan\u00e7a aos necessitados. - Church of the Nazarene<\/title>\n<meta name=\"description\" content=\"\u00c9 manh\u00e3 de s\u00e1bado em Moncalieri, It\u00e1lia, e o edif\u00edcio da Igreja do Nazareno est\u00e1 repleto de energia.\" \/>\n<meta name=\"robots\" content=\"index, follow, max-snippet:-1, max-image-preview:large, max-video-preview:-1\" \/>\n<link rel=\"canonical\" href=\"https:\/\/nazarene.org\/pt-br\/news\/na-italia-a-igreja-do-nazareno-leva-esperanca-aos-necessitados\/\" \/>\n<meta property=\"og:locale\" content=\"pt_BR\" \/>\n<meta property=\"og:type\" content=\"article\" \/>\n<meta property=\"og:title\" content=\"Na It\u00e1lia, a Igreja do Nazareno leva esperan\u00e7a aos necessitados.\" \/>\n<meta property=\"og:description\" content=\"\u00c9 manh\u00e3 de s\u00e1bado em Moncalieri, It\u00e1lia, e o edif\u00edcio da Igreja do Nazareno est\u00e1 repleto de energia.\" \/>\n<meta property=\"og:url\" content=\"https:\/\/nazarene.org\/pt-br\/news\/na-italia-a-igreja-do-nazareno-leva-esperanca-aos-necessitados\/\" \/>\n<meta property=\"og:site_name\" content=\"Church of the Nazarene\" \/>\n<meta property=\"article:publisher\" content=\"https:\/\/www.facebook.com\/NazareneOfficial\/\" \/>\n<meta property=\"article:modified_time\" content=\"2026-03-21T15:12:02+00:00\" \/>\n<meta property=\"og:image\" content=\"https:\/\/nazarene.org\/wp-content\/uploads\/2026\/03\/Italy.jpg\" \/>\n\t<meta property=\"og:image:width\" content=\"750\" \/>\n\t<meta property=\"og:image:height\" content=\"400\" \/>\n\t<meta property=\"og:image:type\" content=\"image\/jpeg\" \/>\n<meta name=\"twitter:card\" content=\"summary_large_image\" \/>\n<meta name=\"twitter:site\" content=\"@Nazarene\" \/>\n<script type=\"application\/ld+json\" class=\"yoast-schema-graph\">{\"@context\":\"https:\/\/schema.org\",\"@graph\":[{\"@type\":\"WebPage\",\"@id\":\"https:\/\/nazarene.org\/pt-br\/news\/na-italia-a-igreja-do-nazareno-leva-esperanca-aos-necessitados\/\",\"url\":\"https:\/\/nazarene.org\/pt-br\/news\/na-italia-a-igreja-do-nazareno-leva-esperanca-aos-necessitados\/\",\"name\":\"Na It\u00e1lia, a Igreja do Nazareno leva esperan\u00e7a aos necessitados. - Church of the Nazarene\",\"isPartOf\":{\"@id\":\"https:\/\/nazarene.org\/pt-br\/#website\"},\"primaryImageOfPage\":{\"@id\":\"https:\/\/nazarene.org\/pt-br\/news\/na-italia-a-igreja-do-nazareno-leva-esperanca-aos-necessitados\/#primaryimage\"},\"image\":{\"@id\":\"https:\/\/nazarene.org\/pt-br\/news\/na-italia-a-igreja-do-nazareno-leva-esperanca-aos-necessitados\/#primaryimage\"},\"thumbnailUrl\":\"https:\/\/nazarene.org\/wp-content\/uploads\/2026\/03\/Italy.jpg\",\"datePublished\":\"2026-03-17T18:07:45+00:00\",\"dateModified\":\"2026-03-21T15:12:02+00:00\",\"description\":\"\u00c9 manh\u00e3 de s\u00e1bado em Moncalieri, It\u00e1lia, e o edif\u00edcio da Igreja do Nazareno est\u00e1 repleto de energia.\",\"breadcrumb\":{\"@id\":\"https:\/\/nazarene.org\/pt-br\/news\/na-italia-a-igreja-do-nazareno-leva-esperanca-aos-necessitados\/#breadcrumb\"},\"inLanguage\":\"pt-BR\",\"potentialAction\":[{\"@type\":\"ReadAction\",\"target\":[\"https:\/\/nazarene.org\/pt-br\/news\/na-italia-a-igreja-do-nazareno-leva-esperanca-aos-necessitados\/\"]}]},{\"@type\":\"ImageObject\",\"inLanguage\":\"pt-BR\",\"@id\":\"https:\/\/nazarene.org\/pt-br\/news\/na-italia-a-igreja-do-nazareno-leva-esperanca-aos-necessitados\/#primaryimage\",\"url\":\"https:\/\/nazarene.org\/wp-content\/uploads\/2026\/03\/Italy.jpg\",\"contentUrl\":\"https:\/\/nazarene.org\/wp-content\/uploads\/2026\/03\/Italy.jpg\",\"width\":750,\"height\":400},{\"@type\":\"BreadcrumbList\",\"@id\":\"https:\/\/nazarene.org\/pt-br\/news\/na-italia-a-igreja-do-nazareno-leva-esperanca-aos-necessitados\/#breadcrumb\",\"itemListElement\":[{\"@type\":\"ListItem\",\"position\":1,\"name\":\"Home\",\"item\":\"https:\/\/nazarene.org\/pt-br\/\"},{\"@type\":\"ListItem\",\"position\":2,\"name\":\"News\",\"item\":\"https:\/\/nazarene.org\/pt-br\/news\/\"},{\"@type\":\"ListItem\",\"position\":3,\"name\":\"Na It\u00e1lia, a Igreja do Nazareno leva esperan\u00e7a aos necessitados.\"}]},{\"@type\":\"WebSite\",\"@id\":\"https:\/\/nazarene.org\/pt-br\/#website\",\"url\":\"https:\/\/nazarene.org\/pt-br\/\",\"name\":\"Church of the Nazarene\",\"description\":\"Making Christlike Disciples in the Nations\",\"publisher\":{\"@id\":\"https:\/\/nazarene.org\/pt-br\/#organization\"},\"potentialAction\":[{\"@type\":\"SearchAction\",\"target\":{\"@type\":\"EntryPoint\",\"urlTemplate\":\"https:\/\/nazarene.org\/pt-br\/?s={search_term_string}\"},\"query-input\":{\"@type\":\"PropertyValueSpecification\",\"valueRequired\":true,\"valueName\":\"search_term_string\"}}],\"inLanguage\":\"pt-BR\"},{\"@type\":\"Organization\",\"@id\":\"https:\/\/nazarene.org\/pt-br\/#organization\",\"name\":\"Church of the Nazarene\",\"url\":\"https:\/\/nazarene.org\/pt-br\/\",\"logo\":{\"@type\":\"ImageObject\",\"inLanguage\":\"pt-BR\",\"@id\":\"https:\/\/nazarene.org\/pt-br\/#\/schema\/logo\/image\/\",\"url\":\"https:\/\/nazarene.org\/wp-content\/uploads\/2024\/06\/Naz_Desktop_Black_Logo-1.svg\",\"contentUrl\":\"https:\/\/nazarene.org\/wp-content\/uploads\/2024\/06\/Naz_Desktop_Black_Logo-1.svg\",\"width\":258,\"height\":36,\"caption\":\"Church of the Nazarene\"},\"image\":{\"@id\":\"https:\/\/nazarene.org\/pt-br\/#\/schema\/logo\/image\/\"},\"sameAs\":[\"https:\/\/www.facebook.com\/NazareneOfficial\/\",\"https:\/\/x.com\/Nazarene\",\"https:\/\/www.instagram.com\/nazareneofficial\/\"]}]}<\/script>\n<!-- \/ Yoast SEO Premium plugin. -->","yoast_head_json":{"title":"Na It\u00e1lia, a Igreja do Nazareno leva esperan\u00e7a aos necessitados. - Church of the Nazarene","description":"\u00c9 manh\u00e3 de s\u00e1bado em Moncalieri, It\u00e1lia, e o edif\u00edcio da Igreja do Nazareno est\u00e1 repleto de energia.","robots":{"index":"index","follow":"follow","max-snippet":"max-snippet:-1","max-image-preview":"max-image-preview:large","max-video-preview":"max-video-preview:-1"},"canonical":"https:\/\/nazarene.org\/pt-br\/news\/na-italia-a-igreja-do-nazareno-leva-esperanca-aos-necessitados\/","og_locale":"pt_BR","og_type":"article","og_title":"Na It\u00e1lia, a Igreja do Nazareno leva esperan\u00e7a aos necessitados.","og_description":"\u00c9 manh\u00e3 de s\u00e1bado em Moncalieri, It\u00e1lia, e o edif\u00edcio da Igreja do Nazareno est\u00e1 repleto de energia.","og_url":"https:\/\/nazarene.org\/pt-br\/news\/na-italia-a-igreja-do-nazareno-leva-esperanca-aos-necessitados\/","og_site_name":"Church of the Nazarene","article_publisher":"https:\/\/www.facebook.com\/NazareneOfficial\/","article_modified_time":"2026-03-21T15:12:02+00:00","og_image":[{"width":750,"height":400,"url":"https:\/\/nazarene.org\/wp-content\/uploads\/2026\/03\/Italy.jpg","type":"image\/jpeg"}],"twitter_card":"summary_large_image","twitter_site":"@Nazarene","schema":{"@context":"https:\/\/schema.org","@graph":[{"@type":"WebPage","@id":"https:\/\/nazarene.org\/pt-br\/news\/na-italia-a-igreja-do-nazareno-leva-esperanca-aos-necessitados\/","url":"https:\/\/nazarene.org\/pt-br\/news\/na-italia-a-igreja-do-nazareno-leva-esperanca-aos-necessitados\/","name":"Na It\u00e1lia, a Igreja do Nazareno leva esperan\u00e7a aos necessitados. - Church of the Nazarene","isPartOf":{"@id":"https:\/\/nazarene.org\/pt-br\/#website"},"primaryImageOfPage":{"@id":"https:\/\/nazarene.org\/pt-br\/news\/na-italia-a-igreja-do-nazareno-leva-esperanca-aos-necessitados\/#primaryimage"},"image":{"@id":"https:\/\/nazarene.org\/pt-br\/news\/na-italia-a-igreja-do-nazareno-leva-esperanca-aos-necessitados\/#primaryimage"},"thumbnailUrl":"https:\/\/nazarene.org\/wp-content\/uploads\/2026\/03\/Italy.jpg","datePublished":"2026-03-17T18:07:45+00:00","dateModified":"2026-03-21T15:12:02+00:00","description":"\u00c9 manh\u00e3 de s\u00e1bado em Moncalieri, It\u00e1lia, e o edif\u00edcio da Igreja do Nazareno est\u00e1 repleto de energia.","breadcrumb":{"@id":"https:\/\/nazarene.org\/pt-br\/news\/na-italia-a-igreja-do-nazareno-leva-esperanca-aos-necessitados\/#breadcrumb"},"inLanguage":"pt-BR","potentialAction":[{"@type":"ReadAction","target":["https:\/\/nazarene.org\/pt-br\/news\/na-italia-a-igreja-do-nazareno-leva-esperanca-aos-necessitados\/"]}]},{"@type":"ImageObject","inLanguage":"pt-BR","@id":"https:\/\/nazarene.org\/pt-br\/news\/na-italia-a-igreja-do-nazareno-leva-esperanca-aos-necessitados\/#primaryimage","url":"https:\/\/nazarene.org\/wp-content\/uploads\/2026\/03\/Italy.jpg","contentUrl":"https:\/\/nazarene.org\/wp-content\/uploads\/2026\/03\/Italy.jpg","width":750,"height":400},{"@type":"BreadcrumbList","@id":"https:\/\/nazarene.org\/pt-br\/news\/na-italia-a-igreja-do-nazareno-leva-esperanca-aos-necessitados\/#breadcrumb","itemListElement":[{"@type":"ListItem","position":1,"name":"Home","item":"https:\/\/nazarene.org\/pt-br\/"},{"@type":"ListItem","position":2,"name":"News","item":"https:\/\/nazarene.org\/pt-br\/news\/"},{"@type":"ListItem","position":3,"name":"Na It\u00e1lia, a Igreja do Nazareno leva esperan\u00e7a aos necessitados."}]},{"@type":"WebSite","@id":"https:\/\/nazarene.org\/pt-br\/#website","url":"https:\/\/nazarene.org\/pt-br\/","name":"Church of the Nazarene","description":"Making Christlike Disciples in the Nations","publisher":{"@id":"https:\/\/nazarene.org\/pt-br\/#organization"},"potentialAction":[{"@type":"SearchAction","target":{"@type":"EntryPoint","urlTemplate":"https:\/\/nazarene.org\/pt-br\/?s={search_term_string}"},"query-input":{"@type":"PropertyValueSpecification","valueRequired":true,"valueName":"search_term_string"}}],"inLanguage":"pt-BR"},{"@type":"Organization","@id":"https:\/\/nazarene.org\/pt-br\/#organization","name":"Church of the Nazarene","url":"https:\/\/nazarene.org\/pt-br\/","logo":{"@type":"ImageObject","inLanguage":"pt-BR","@id":"https:\/\/nazarene.org\/pt-br\/#\/schema\/logo\/image\/","url":"https:\/\/nazarene.org\/wp-content\/uploads\/2024\/06\/Naz_Desktop_Black_Logo-1.svg","contentUrl":"https:\/\/nazarene.org\/wp-content\/uploads\/2024\/06\/Naz_Desktop_Black_Logo-1.svg","width":258,"height":36,"caption":"Church of the Nazarene"},"image":{"@id":"https:\/\/nazarene.org\/pt-br\/#\/schema\/logo\/image\/"},"sameAs":["https:\/\/www.facebook.com\/NazareneOfficial\/","https:\/\/x.com\/Nazarene","https:\/\/www.instagram.com\/nazareneofficial\/"]}]}},"_links":{"self":[{"href":"https:\/\/nazarene.org\/pt-br\/wp-json\/wp\/v2\/news\/70106","targetHints":{"allow":["GET"]}}],"collection":[{"href":"https:\/\/nazarene.org\/pt-br\/wp-json\/wp\/v2\/news"}],"about":[{"href":"https:\/\/nazarene.org\/pt-br\/wp-json\/wp\/v2\/types\/news"}],"author":[{"embeddable":true,"href":"https:\/\/nazarene.org\/pt-br\/wp-json\/wp\/v2\/users\/17"}],"version-history":[{"count":1,"href":"https:\/\/nazarene.org\/pt-br\/wp-json\/wp\/v2\/news\/70106\/revisions"}],"predecessor-version":[{"id":70108,"href":"https:\/\/nazarene.org\/pt-br\/wp-json\/wp\/v2\/news\/70106\/revisions\/70108"}],"wp:featuredmedia":[{"embeddable":true,"href":"https:\/\/nazarene.org\/pt-br\/wp-json\/wp\/v2\/media\/70107"}],"wp:attachment":[{"href":"https:\/\/nazarene.org\/pt-br\/wp-json\/wp\/v2\/media?parent=70106"}],"wp:term":[{"taxonomy":"news-categories","embeddable":true,"href":"https:\/\/nazarene.org\/pt-br\/wp-json\/wp\/v2\/news-categories?post=70106"},{"taxonomy":"news-region-taxonomy","embeddable":true,"href":"https:\/\/nazarene.org\/pt-br\/wp-json\/wp\/v2\/news-region-taxonomy?post=70106"},{"taxonomy":"news-tag","embeddable":true,"href":"https:\/\/nazarene.org\/pt-br\/wp-json\/wp\/v2\/news-tag?post=70106"}],"curies":[{"name":"wp","href":"https:\/\/api.w.org\/{rel}","templated":true}]}}