{"id":68396,"date":"2026-03-05T14:17:18","date_gmt":"2026-03-05T20:17:18","guid":{"rendered":"https:\/\/nazarene.org\/news\/igreja-do-nazareno-em-pais-do-sudeste-asiatico-celebra-renascimento\/"},"modified":"2026-03-09T11:04:08","modified_gmt":"2026-03-09T16:04:08","slug":"igreja-do-nazareno-em-pais-do-sudeste-asiatico-celebra-renascimento","status":"publish","type":"news","link":"https:\/\/nazarene.org\/pt-br\/news\/igreja-do-nazareno-em-pais-do-sudeste-asiatico-celebra-renascimento\/","title":{"rendered":"Igreja do Nazareno em pa\u00eds do Sudeste Asi\u00e1tico celebra renascimento"},"content":{"rendered":"\n<p><em>Nota do editor: Por motivos de seguran\u00e7a, o nome do pa\u00eds, dos l\u00edderes locais e a localiza\u00e7\u00e3o espec\u00edfica dos minist\u00e9rios foram omitidos ou generalizados neste relat\u00f3rio.<\/em><\/p>\n\n\n\n<p>Em uma na\u00e7\u00e3o que ainda se recupera das profundas cicatrizes de um genoc\u00eddio hist\u00f3rico, a Igreja do Nazareno est\u00e1 contando uma nova hist\u00f3ria. N\u00e3o \u00e9 mais uma hist\u00f3ria de mera sobreviv\u00eancia, mas de r\u00e1pida multiplica\u00e7\u00e3o. Este m\u00eas, a igreja nesta na\u00e7\u00e3o do Sudeste Asi\u00e1tico celebrou um marco hist\u00f3rico: a transi\u00e7\u00e3o de um \u00fanico distrito nacional para duas entidades distintas \u2014 o Distrito Central e o rec\u00e9m-formado Distrito Norte. Simultaneamente, a igreja anunciou uma ousada expans\u00e3o para o sudeste, sinalizando que a obra do evangelho est\u00e1 longe de terminar.<\/p>\n\n\n\n<p><strong>Distrito Norte: Um novo nascimento<\/strong><\/p>\n\n\n\n<p>A cria\u00e7\u00e3o do Distrito Norte foi celebrada em sua primeira assembleia distrital. Rithy (pseud\u00f4nimo), o novo superintendente distrital, descreveu a ocasi\u00e3o como o nascimento de um &#8220;beb\u00ea rec\u00e9m-nascido&#8221;. No entanto, este novo distrito nasce forte. Segundo relat\u00f3rios oficiais, o Distrito Norte come\u00e7ou com 42 igrejas e pontos de prega\u00e7\u00e3o (17 igrejas organizadas, 18 igrejas do tipo mission\u00e1ria e 7 pontos de prega\u00e7\u00e3o) e uma ades\u00e3o de 760 membros. O desenvolvimento da lideran\u00e7a j\u00e1 est\u00e1 em andamento, com seis presb\u00edteros ordenados e 19 ministros licenciados distritais servindo em cinco \u00e1reas de minist\u00e9rio na regi\u00e3o norte.<\/p>\n\n\n\n<p><strong>Distrito Central: O distrito-m\u00e3e continua crescendo.<\/strong><\/p>\n\n\n\n<p>Embora o Distrito Norte represente a nova fronteira, o Distrito Central permanece a base est\u00e1vel do trabalho neste pa\u00eds. Em um relat\u00f3rio \u00e0 assembleia, o superintendente do Distrito Central destacou o crescimento cont\u00ednuo do distrito matriz. O Distrito Central agora conta com 62 igrejas locais e 41 grupos de c\u00e9lulas, representando uma importante rede de discipulado.<\/p>\n\n\n\n<p>O distrito tamb\u00e9m est\u00e1 garantindo o futuro atrav\u00e9s da educa\u00e7\u00e3o. Eles agora operam tr\u00eas centros de treinamento b\u00edblico em locais estrat\u00e9gicos em todo o pa\u00eds e estabeleceram uma equipe dedicada para traduzir o <em>Manual<\/em> da Igreja do Nazareno para o idioma local.<\/p>\n\n\n\n<p><strong>Sudoeste: A pr\u00f3xima fronteira<\/strong><\/p>\n\n\n\n<p>Mesmo enquanto a igreja celebrava o nascimento do Distrito Norte, os olhos j\u00e1 estavam se voltando para os n\u00e3o alcan\u00e7ados. Em uma parceria estrat\u00e9gica, a \u00c1rea Sudeste Asi\u00e1tico, juntamente com l\u00edderes nacionais, lan\u00e7ou oficialmente a \u00c1rea Pioneira Sudoeste. Esta iniciativa tem como alvo tr\u00eas prov\u00edncias espec\u00edficas do sudeste \u2014 lar de quase 2,5 milh\u00f5es de pessoas que, at\u00e9 agora, historicamente n\u00e3o tinham presen\u00e7a nazarena.<\/p>\n\n\n\n<p>Sob a lideran\u00e7a da Rev. Sophea (pseud\u00f4nimo), o superintendente aposentado do antigo distrito nacional, o trabalho est\u00e1 avan\u00e7ando rapidamente. O que come\u00e7ou como um plano para visitar aldeias j\u00e1 resultou na forma\u00e7\u00e3o de 20 pequenos grupos que se re\u00fanem para ora\u00e7\u00e3o e leitura das Escrituras. Priorizando o desenvolvimento da lideran\u00e7a, Sophea j\u00e1 recrutou o primeiro grupo de 15 estudantes do curso. Esses estudantes iniciar\u00e3o os primeiros seis m\u00f3dulos de sua educa\u00e7\u00e3o pastoral este ano, com o objetivo de receber suas primeiras licen\u00e7as distritais at\u00e9 o in\u00edcio do pr\u00f3ximo ano.<\/p>\n\n\n\n<p>A vis\u00e3o \u00e9 clara e ambiciosa: a equipe planeja recrutar 15 novos plantadores de igrejas todos os anos, com o objetivo espec\u00edfico de orar para tornar-se o terceiro distrito da na\u00e7\u00e3o at\u00e9 2030.<\/p>\n\n\n\n<p><strong>Uma Vis\u00e3o Unificada<\/strong><\/p>\n\n\n\n<p>De uma hist\u00f3ria de quase extin\u00e7\u00e3o para uma realidade atual de renascimento, a <a href=\"https:\/\/nazarene.org\" type=\"link\" id=\"nazarene.org\">Igreja do <\/a><a href=\"https:\/\/nazarene.org\" type=\"link\" id=\"nazarene.org\" target=\"_blank\" rel=\"noreferrer noopener\">Nazareno<\/a> nesta na\u00e7\u00e3o \u00e9 um testemunho do poder restaurador de Deus. A hist\u00f3ria que come\u00e7ou com um pastor sobrevivente agora est\u00e1 sendo escrita por centenas de l\u00edderes em dois distritos e uma nova \u00e1rea pioneira. Seja nas igrejas estabelecidas do Distrito Central, nas novas planta\u00e7\u00f5es do Norte ou nas fronteiras inalcan\u00e7\u00e1veis do Sudoeste, a igreja est\u00e1 unida em uma miss\u00e3o.<\/p>\n\n\n\n<p>&#8212;<a href=\"https:\/\/asiapacificnazarene.org\/from-remnant-to-revival-a-southeast-asian-nation-celebrates-multiplication\/\" type=\"link\" id=\"https:\/\/asiapacificnazarene.org\/from-remnant-to-revival-a-southeast-asian-nation-celebrates-multiplication\/\">Igreja do Nazareno Regi\u00e3o \u00c1sia-Pac\u00edfico<\/a><\/p>\n","protected":false},"excerpt":{"rendered":"<p>Nota do editor: Por motivos de seguran\u00e7a, o nome do pa\u00eds, dos l\u00edderes locais e a localiza\u00e7\u00e3o espec\u00edfica dos minist\u00e9rios foram omitidos ou generalizados neste relat\u00f3rio. Em uma na\u00e7\u00e3o que ainda se recupera das profundas cicatrizes de um genoc\u00eddio hist\u00f3rico, a Igreja do Nazareno est\u00e1 contando uma nova hist\u00f3ria. N\u00e3o \u00e9 mais uma hist\u00f3ria de [&hellip;]<\/p>\n","protected":false},"author":17,"featured_media":68397,"menu_order":0,"template":"","news-categories":[],"news-region-taxonomy":[2879],"news-tag":[],"class_list":["post-68396","news","type-news","status-publish","has-post-thumbnail","hentry","news-region-taxonomy-asia-pacifico"],"yoast_head":"<!-- This site is optimized with the Yoast SEO Premium plugin v27.1 (Yoast SEO v27.1.1) - https:\/\/yoast.com\/product\/yoast-seo-premium-wordpress\/ -->\n<title>Igreja do Nazareno em pa\u00eds do Sudeste Asi\u00e1tico celebra renascimento - Church of the Nazarene<\/title>\n<meta name=\"description\" content=\"Em uma na\u00e7\u00e3o que ainda se recupera das profundas cicatrizes de um genoc\u00eddio hist\u00f3rico, a Igreja do Nazareno est\u00e1 contando uma nova hist\u00f3ria de renascimento e crescimento.\" \/>\n<meta name=\"robots\" content=\"index, follow, max-snippet:-1, max-image-preview:large, max-video-preview:-1\" \/>\n<link rel=\"canonical\" href=\"https:\/\/nazarene.org\/pt-br\/news\/igreja-do-nazareno-em-pais-do-sudeste-asiatico-celebra-renascimento\/\" \/>\n<meta property=\"og:locale\" content=\"pt_BR\" \/>\n<meta property=\"og:type\" content=\"article\" \/>\n<meta property=\"og:title\" content=\"Igreja do Nazareno em pa\u00eds do Sudeste Asi\u00e1tico celebra renascimento\" \/>\n<meta property=\"og:description\" content=\"Em uma na\u00e7\u00e3o que ainda se recupera das profundas cicatrizes de um genoc\u00eddio hist\u00f3rico, a Igreja do Nazareno est\u00e1 contando uma nova hist\u00f3ria de renascimento e crescimento.\" \/>\n<meta property=\"og:url\" content=\"https:\/\/nazarene.org\/pt-br\/news\/igreja-do-nazareno-em-pais-do-sudeste-asiatico-celebra-renascimento\/\" \/>\n<meta property=\"og:site_name\" content=\"Church of the Nazarene\" \/>\n<meta property=\"article:publisher\" content=\"https:\/\/www.facebook.com\/NazareneOfficial\/\" \/>\n<meta property=\"article:modified_time\" content=\"2026-03-09T16:04:08+00:00\" \/>\n<meta property=\"og:image\" content=\"https:\/\/nazarene.org\/wp-content\/uploads\/2026\/03\/AP-CAA.jpg\" \/>\n\t<meta property=\"og:image:width\" content=\"1500\" \/>\n\t<meta property=\"og:image:height\" content=\"800\" \/>\n\t<meta property=\"og:image:type\" content=\"image\/jpeg\" \/>\n<meta name=\"twitter:card\" content=\"summary_large_image\" \/>\n<meta name=\"twitter:site\" content=\"@Nazarene\" \/>\n<script type=\"application\/ld+json\" class=\"yoast-schema-graph\">{\"@context\":\"https:\/\/schema.org\",\"@graph\":[{\"@type\":\"WebPage\",\"@id\":\"https:\/\/nazarene.org\/pt-br\/news\/igreja-do-nazareno-em-pais-do-sudeste-asiatico-celebra-renascimento\/\",\"url\":\"https:\/\/nazarene.org\/pt-br\/news\/igreja-do-nazareno-em-pais-do-sudeste-asiatico-celebra-renascimento\/\",\"name\":\"Igreja do Nazareno em pa\u00eds do Sudeste Asi\u00e1tico celebra renascimento - Church of the Nazarene\",\"isPartOf\":{\"@id\":\"https:\/\/nazarene.org\/pt-br\/#website\"},\"primaryImageOfPage\":{\"@id\":\"https:\/\/nazarene.org\/pt-br\/news\/igreja-do-nazareno-em-pais-do-sudeste-asiatico-celebra-renascimento\/#primaryimage\"},\"image\":{\"@id\":\"https:\/\/nazarene.org\/pt-br\/news\/igreja-do-nazareno-em-pais-do-sudeste-asiatico-celebra-renascimento\/#primaryimage\"},\"thumbnailUrl\":\"https:\/\/nazarene.org\/wp-content\/uploads\/2026\/03\/AP-CAA.jpg\",\"datePublished\":\"2026-03-05T20:17:18+00:00\",\"dateModified\":\"2026-03-09T16:04:08+00:00\",\"description\":\"Em uma na\u00e7\u00e3o que ainda se recupera das profundas cicatrizes de um genoc\u00eddio hist\u00f3rico, a Igreja do Nazareno est\u00e1 contando uma nova hist\u00f3ria de renascimento e crescimento.\",\"breadcrumb\":{\"@id\":\"https:\/\/nazarene.org\/pt-br\/news\/igreja-do-nazareno-em-pais-do-sudeste-asiatico-celebra-renascimento\/#breadcrumb\"},\"inLanguage\":\"pt-BR\",\"potentialAction\":[{\"@type\":\"ReadAction\",\"target\":[\"https:\/\/nazarene.org\/pt-br\/news\/igreja-do-nazareno-em-pais-do-sudeste-asiatico-celebra-renascimento\/\"]}]},{\"@type\":\"ImageObject\",\"inLanguage\":\"pt-BR\",\"@id\":\"https:\/\/nazarene.org\/pt-br\/news\/igreja-do-nazareno-em-pais-do-sudeste-asiatico-celebra-renascimento\/#primaryimage\",\"url\":\"https:\/\/nazarene.org\/wp-content\/uploads\/2026\/03\/AP-CAA.jpg\",\"contentUrl\":\"https:\/\/nazarene.org\/wp-content\/uploads\/2026\/03\/AP-CAA.jpg\",\"width\":1500,\"height\":800},{\"@type\":\"BreadcrumbList\",\"@id\":\"https:\/\/nazarene.org\/pt-br\/news\/igreja-do-nazareno-em-pais-do-sudeste-asiatico-celebra-renascimento\/#breadcrumb\",\"itemListElement\":[{\"@type\":\"ListItem\",\"position\":1,\"name\":\"Home\",\"item\":\"https:\/\/nazarene.org\/pt-br\/\"},{\"@type\":\"ListItem\",\"position\":2,\"name\":\"News\",\"item\":\"https:\/\/nazarene.org\/pt-br\/news\/\"},{\"@type\":\"ListItem\",\"position\":3,\"name\":\"Igreja do Nazareno em pa\u00eds do Sudeste Asi\u00e1tico celebra renascimento\"}]},{\"@type\":\"WebSite\",\"@id\":\"https:\/\/nazarene.org\/pt-br\/#website\",\"url\":\"https:\/\/nazarene.org\/pt-br\/\",\"name\":\"Church of the Nazarene\",\"description\":\"Making Christlike Disciples in the Nations\",\"publisher\":{\"@id\":\"https:\/\/nazarene.org\/pt-br\/#organization\"},\"potentialAction\":[{\"@type\":\"SearchAction\",\"target\":{\"@type\":\"EntryPoint\",\"urlTemplate\":\"https:\/\/nazarene.org\/pt-br\/?s={search_term_string}\"},\"query-input\":{\"@type\":\"PropertyValueSpecification\",\"valueRequired\":true,\"valueName\":\"search_term_string\"}}],\"inLanguage\":\"pt-BR\"},{\"@type\":\"Organization\",\"@id\":\"https:\/\/nazarene.org\/pt-br\/#organization\",\"name\":\"Church of the Nazarene\",\"url\":\"https:\/\/nazarene.org\/pt-br\/\",\"logo\":{\"@type\":\"ImageObject\",\"inLanguage\":\"pt-BR\",\"@id\":\"https:\/\/nazarene.org\/pt-br\/#\/schema\/logo\/image\/\",\"url\":\"https:\/\/nazarene.org\/wp-content\/uploads\/2024\/06\/Naz_Desktop_Black_Logo-1.svg\",\"contentUrl\":\"https:\/\/nazarene.org\/wp-content\/uploads\/2024\/06\/Naz_Desktop_Black_Logo-1.svg\",\"width\":258,\"height\":36,\"caption\":\"Church of the Nazarene\"},\"image\":{\"@id\":\"https:\/\/nazarene.org\/pt-br\/#\/schema\/logo\/image\/\"},\"sameAs\":[\"https:\/\/www.facebook.com\/NazareneOfficial\/\",\"https:\/\/x.com\/Nazarene\",\"https:\/\/www.instagram.com\/nazareneofficial\/\"]}]}<\/script>\n<!-- \/ Yoast SEO Premium plugin. -->","yoast_head_json":{"title":"Igreja do Nazareno em pa\u00eds do Sudeste Asi\u00e1tico celebra renascimento - Church of the Nazarene","description":"Em uma na\u00e7\u00e3o que ainda se recupera das profundas cicatrizes de um genoc\u00eddio hist\u00f3rico, a Igreja do Nazareno est\u00e1 contando uma nova hist\u00f3ria de renascimento e crescimento.","robots":{"index":"index","follow":"follow","max-snippet":"max-snippet:-1","max-image-preview":"max-image-preview:large","max-video-preview":"max-video-preview:-1"},"canonical":"https:\/\/nazarene.org\/pt-br\/news\/igreja-do-nazareno-em-pais-do-sudeste-asiatico-celebra-renascimento\/","og_locale":"pt_BR","og_type":"article","og_title":"Igreja do Nazareno em pa\u00eds do Sudeste Asi\u00e1tico celebra renascimento","og_description":"Em uma na\u00e7\u00e3o que ainda se recupera das profundas cicatrizes de um genoc\u00eddio hist\u00f3rico, a Igreja do Nazareno est\u00e1 contando uma nova hist\u00f3ria de renascimento e crescimento.","og_url":"https:\/\/nazarene.org\/pt-br\/news\/igreja-do-nazareno-em-pais-do-sudeste-asiatico-celebra-renascimento\/","og_site_name":"Church of the Nazarene","article_publisher":"https:\/\/www.facebook.com\/NazareneOfficial\/","article_modified_time":"2026-03-09T16:04:08+00:00","og_image":[{"width":1500,"height":800,"url":"https:\/\/nazarene.org\/wp-content\/uploads\/2026\/03\/AP-CAA.jpg","type":"image\/jpeg"}],"twitter_card":"summary_large_image","twitter_site":"@Nazarene","schema":{"@context":"https:\/\/schema.org","@graph":[{"@type":"WebPage","@id":"https:\/\/nazarene.org\/pt-br\/news\/igreja-do-nazareno-em-pais-do-sudeste-asiatico-celebra-renascimento\/","url":"https:\/\/nazarene.org\/pt-br\/news\/igreja-do-nazareno-em-pais-do-sudeste-asiatico-celebra-renascimento\/","name":"Igreja do Nazareno em pa\u00eds do Sudeste Asi\u00e1tico celebra renascimento - Church of the Nazarene","isPartOf":{"@id":"https:\/\/nazarene.org\/pt-br\/#website"},"primaryImageOfPage":{"@id":"https:\/\/nazarene.org\/pt-br\/news\/igreja-do-nazareno-em-pais-do-sudeste-asiatico-celebra-renascimento\/#primaryimage"},"image":{"@id":"https:\/\/nazarene.org\/pt-br\/news\/igreja-do-nazareno-em-pais-do-sudeste-asiatico-celebra-renascimento\/#primaryimage"},"thumbnailUrl":"https:\/\/nazarene.org\/wp-content\/uploads\/2026\/03\/AP-CAA.jpg","datePublished":"2026-03-05T20:17:18+00:00","dateModified":"2026-03-09T16:04:08+00:00","description":"Em uma na\u00e7\u00e3o que ainda se recupera das profundas cicatrizes de um genoc\u00eddio hist\u00f3rico, a Igreja do Nazareno est\u00e1 contando uma nova hist\u00f3ria de renascimento e crescimento.","breadcrumb":{"@id":"https:\/\/nazarene.org\/pt-br\/news\/igreja-do-nazareno-em-pais-do-sudeste-asiatico-celebra-renascimento\/#breadcrumb"},"inLanguage":"pt-BR","potentialAction":[{"@type":"ReadAction","target":["https:\/\/nazarene.org\/pt-br\/news\/igreja-do-nazareno-em-pais-do-sudeste-asiatico-celebra-renascimento\/"]}]},{"@type":"ImageObject","inLanguage":"pt-BR","@id":"https:\/\/nazarene.org\/pt-br\/news\/igreja-do-nazareno-em-pais-do-sudeste-asiatico-celebra-renascimento\/#primaryimage","url":"https:\/\/nazarene.org\/wp-content\/uploads\/2026\/03\/AP-CAA.jpg","contentUrl":"https:\/\/nazarene.org\/wp-content\/uploads\/2026\/03\/AP-CAA.jpg","width":1500,"height":800},{"@type":"BreadcrumbList","@id":"https:\/\/nazarene.org\/pt-br\/news\/igreja-do-nazareno-em-pais-do-sudeste-asiatico-celebra-renascimento\/#breadcrumb","itemListElement":[{"@type":"ListItem","position":1,"name":"Home","item":"https:\/\/nazarene.org\/pt-br\/"},{"@type":"ListItem","position":2,"name":"News","item":"https:\/\/nazarene.org\/pt-br\/news\/"},{"@type":"ListItem","position":3,"name":"Igreja do Nazareno em pa\u00eds do Sudeste Asi\u00e1tico celebra renascimento"}]},{"@type":"WebSite","@id":"https:\/\/nazarene.org\/pt-br\/#website","url":"https:\/\/nazarene.org\/pt-br\/","name":"Church of the Nazarene","description":"Making Christlike Disciples in the Nations","publisher":{"@id":"https:\/\/nazarene.org\/pt-br\/#organization"},"potentialAction":[{"@type":"SearchAction","target":{"@type":"EntryPoint","urlTemplate":"https:\/\/nazarene.org\/pt-br\/?s={search_term_string}"},"query-input":{"@type":"PropertyValueSpecification","valueRequired":true,"valueName":"search_term_string"}}],"inLanguage":"pt-BR"},{"@type":"Organization","@id":"https:\/\/nazarene.org\/pt-br\/#organization","name":"Church of the Nazarene","url":"https:\/\/nazarene.org\/pt-br\/","logo":{"@type":"ImageObject","inLanguage":"pt-BR","@id":"https:\/\/nazarene.org\/pt-br\/#\/schema\/logo\/image\/","url":"https:\/\/nazarene.org\/wp-content\/uploads\/2024\/06\/Naz_Desktop_Black_Logo-1.svg","contentUrl":"https:\/\/nazarene.org\/wp-content\/uploads\/2024\/06\/Naz_Desktop_Black_Logo-1.svg","width":258,"height":36,"caption":"Church of the Nazarene"},"image":{"@id":"https:\/\/nazarene.org\/pt-br\/#\/schema\/logo\/image\/"},"sameAs":["https:\/\/www.facebook.com\/NazareneOfficial\/","https:\/\/x.com\/Nazarene","https:\/\/www.instagram.com\/nazareneofficial\/"]}]}},"_links":{"self":[{"href":"https:\/\/nazarene.org\/pt-br\/wp-json\/wp\/v2\/news\/68396","targetHints":{"allow":["GET"]}}],"collection":[{"href":"https:\/\/nazarene.org\/pt-br\/wp-json\/wp\/v2\/news"}],"about":[{"href":"https:\/\/nazarene.org\/pt-br\/wp-json\/wp\/v2\/types\/news"}],"author":[{"embeddable":true,"href":"https:\/\/nazarene.org\/pt-br\/wp-json\/wp\/v2\/users\/17"}],"version-history":[{"count":2,"href":"https:\/\/nazarene.org\/pt-br\/wp-json\/wp\/v2\/news\/68396\/revisions"}],"predecessor-version":[{"id":68516,"href":"https:\/\/nazarene.org\/pt-br\/wp-json\/wp\/v2\/news\/68396\/revisions\/68516"}],"wp:featuredmedia":[{"embeddable":true,"href":"https:\/\/nazarene.org\/pt-br\/wp-json\/wp\/v2\/media\/68397"}],"wp:attachment":[{"href":"https:\/\/nazarene.org\/pt-br\/wp-json\/wp\/v2\/media?parent=68396"}],"wp:term":[{"taxonomy":"news-categories","embeddable":true,"href":"https:\/\/nazarene.org\/pt-br\/wp-json\/wp\/v2\/news-categories?post=68396"},{"taxonomy":"news-region-taxonomy","embeddable":true,"href":"https:\/\/nazarene.org\/pt-br\/wp-json\/wp\/v2\/news-region-taxonomy?post=68396"},{"taxonomy":"news-tag","embeddable":true,"href":"https:\/\/nazarene.org\/pt-br\/wp-json\/wp\/v2\/news-tag?post=68396"}],"curies":[{"name":"wp","href":"https:\/\/api.w.org\/{rel}","templated":true}]}}