{"id":68389,"date":"2026-03-05T13:41:51","date_gmt":"2026-03-05T19:41:51","guid":{"rendered":"https:\/\/nazarene.org\/news\/igreja-do-nazareno-do-chile-celebra-batismos\/"},"modified":"2026-03-09T03:54:44","modified_gmt":"2026-03-09T08:54:44","slug":"igreja-do-nazareno-do-chile-celebra-batismos","status":"publish","type":"news","link":"https:\/\/nazarene.org\/pt-br\/news\/igreja-do-nazareno-do-chile-celebra-batismos\/","title":{"rendered":"Igreja do Nazareno do Chile celebra batismos"},"content":{"rendered":"\n<p>No final de janeiro de 2025, a Praia Roca Roja, em Antofagasta, foi palco de uma significativa cerim\u00f4nia de batismo organizada pela Igreja do Nazareno Puerta Abierta Antofagasta \u2013 Chile.<\/p>\n\n<p>Durante uma celebra\u00e7\u00e3o, 14 irm\u00e3os e irm\u00e3s tomaram a decis\u00e3o de serem batizados, dando testemunho p\u00fablico de seu compromisso com Cristo. Cada passo em dire\u00e7\u00e3o \u00e0s \u00e1guas era uma express\u00e3o vis\u00edvel de obedi\u00eancia e esperan\u00e7a, lembrando aos presentes que o batismo simboliza a ren\u00fancia \u00e0 vida passada e o in\u00edcio de uma nova etapa espiritual.<\/p>\n\n<p>O Pastor Angelo Pi\u00f1ones liderou a cerim\u00f4nia de batismo juntamente com Alan Palacios e Oliver Tapia, que auxiliaram o pastor na imers\u00e3o das pessoas. A congrega\u00e7\u00e3o e os entes queridos daqueles que deram este passo de f\u00e9 acompanharam cada batismo com ora\u00e7\u00f5es, c\u00e2nticos e palavras de encorajamento.<\/p>\n\n<p>O encontro tamb\u00e9m se tornou um espa\u00e7o de unidade entre as fam\u00edlias e a comunidade, onde a f\u00e9 foi expressa de uma forma simples, mas profundamente significativa.<\/p>\n\n<p>O dia terminou com a\u00e7\u00f5es de gra\u00e7as a Deus pelas vidas transformadas e pelos testemunhos dos batizados. Os <a href=\"https:\/\/nazarene.org\/pt-br\/no-que-acreditamos\/#SOB\" type=\"link\" id=\"https:\/\/nazarene.org\/what-we-believe\/#SOB\">bat<\/a><a href=\"https:\/\/nazarene.org\/pt-br\/no-que-acreditamos\/#SOB\" type=\"link\" id=\"https:\/\/nazarene.org\/what-we-believe\/#SOB\" target=\"_blank\" rel=\"noreferrer noopener\">ismos<\/a> em Playa Roca Roja, celebrados pela Igreja do Nazareno Portas Abertas, reafirmaram que quando a igreja celebra a obra de Deus nas pessoas, a f\u00e9 se torna vis\u00edvel.<\/p>\n\n<p>&#8212;<a href=\"https:\/\/www.samnaz.org\/iglesia-del-nazareno-puerta-abierta-realiza-bautizos-en-la-playa-roca-roja-en-antofagasta-chile\/\" target=\"_blank\" rel=\"noreferrer noopener\">Igreja do Nazareno Regi\u00e3o Am\u00e9rica do Sul<\/a><\/p>\n\n<p><\/p>\n","protected":false},"excerpt":{"rendered":"<p>No final de janeiro de 2025, a Praia Roca Roja, em Antofagasta, foi palco de uma significativa cerim\u00f4nia de batismo organizada pela Igreja do Nazareno Puerta Abierta Antofagasta \u2013 Chile. Durante uma celebra\u00e7\u00e3o, 14 irm\u00e3os e irm\u00e3s tomaram a decis\u00e3o de serem batizados, dando testemunho p\u00fablico de seu compromisso com Cristo. Cada passo em dire\u00e7\u00e3o [&hellip;]<\/p>\n","protected":false},"author":17,"featured_media":68390,"menu_order":0,"template":"","news-categories":[],"news-region-taxonomy":[],"news-tag":[],"class_list":["post-68389","news","type-news","status-publish","has-post-thumbnail","hentry"],"yoast_head":"<!-- This site is optimized with the Yoast SEO Premium plugin v27.1 (Yoast SEO v27.1.1) - https:\/\/yoast.com\/product\/yoast-seo-premium-wordpress\/ -->\n<title>Igreja do Nazareno do Chile celebra batismos - Church of the Nazarene<\/title>\n<meta name=\"description\" content=\"A Praia Roca Roja, em Antofagasta, foi palco de uma significativa cerim\u00f4nia de batismo organizada pela Igreja do Nazareno em Antofagasta, Chile.\" \/>\n<meta name=\"robots\" content=\"index, follow, max-snippet:-1, max-image-preview:large, max-video-preview:-1\" \/>\n<link rel=\"canonical\" href=\"https:\/\/nazarene.org\/pt-br\/news\/igreja-do-nazareno-do-chile-celebra-batismos\/\" \/>\n<meta property=\"og:locale\" content=\"pt_BR\" \/>\n<meta property=\"og:type\" content=\"article\" \/>\n<meta property=\"og:title\" content=\"Igreja do Nazareno do Chile celebra batismos\" \/>\n<meta property=\"og:description\" content=\"A Praia Roca Roja, em Antofagasta, foi palco de uma significativa cerim\u00f4nia de batismo organizada pela Igreja do Nazareno em Antofagasta, Chile.\" \/>\n<meta property=\"og:url\" content=\"https:\/\/nazarene.org\/pt-br\/news\/igreja-do-nazareno-do-chile-celebra-batismos\/\" \/>\n<meta property=\"og:site_name\" content=\"Church of the Nazarene\" \/>\n<meta property=\"article:publisher\" content=\"https:\/\/www.facebook.com\/NazareneOfficial\/\" \/>\n<meta property=\"article:modified_time\" content=\"2026-03-09T08:54:44+00:00\" \/>\n<meta property=\"og:image\" content=\"https:\/\/nazarene.org\/wp-content\/uploads\/2026\/03\/Chile-Baptisms.jpg\" \/>\n\t<meta property=\"og:image:width\" content=\"1500\" \/>\n\t<meta property=\"og:image:height\" content=\"800\" \/>\n\t<meta property=\"og:image:type\" content=\"image\/jpeg\" \/>\n<meta name=\"twitter:card\" content=\"summary_large_image\" \/>\n<meta name=\"twitter:site\" content=\"@Nazarene\" \/>\n<script type=\"application\/ld+json\" class=\"yoast-schema-graph\">{\"@context\":\"https:\/\/schema.org\",\"@graph\":[{\"@type\":\"WebPage\",\"@id\":\"https:\/\/nazarene.org\/pt-br\/news\/igreja-do-nazareno-do-chile-celebra-batismos\/\",\"url\":\"https:\/\/nazarene.org\/pt-br\/news\/igreja-do-nazareno-do-chile-celebra-batismos\/\",\"name\":\"Igreja do Nazareno do Chile celebra batismos - Church of the Nazarene\",\"isPartOf\":{\"@id\":\"https:\/\/nazarene.org\/pt-br\/#website\"},\"primaryImageOfPage\":{\"@id\":\"https:\/\/nazarene.org\/pt-br\/news\/igreja-do-nazareno-do-chile-celebra-batismos\/#primaryimage\"},\"image\":{\"@id\":\"https:\/\/nazarene.org\/pt-br\/news\/igreja-do-nazareno-do-chile-celebra-batismos\/#primaryimage\"},\"thumbnailUrl\":\"https:\/\/nazarene.org\/wp-content\/uploads\/2026\/03\/Chile-Baptisms.jpg\",\"datePublished\":\"2026-03-05T19:41:51+00:00\",\"dateModified\":\"2026-03-09T08:54:44+00:00\",\"description\":\"A Praia Roca Roja, em Antofagasta, foi palco de uma significativa cerim\u00f4nia de batismo organizada pela Igreja do Nazareno em Antofagasta, Chile.\",\"breadcrumb\":{\"@id\":\"https:\/\/nazarene.org\/pt-br\/news\/igreja-do-nazareno-do-chile-celebra-batismos\/#breadcrumb\"},\"inLanguage\":\"pt-BR\",\"potentialAction\":[{\"@type\":\"ReadAction\",\"target\":[\"https:\/\/nazarene.org\/pt-br\/news\/igreja-do-nazareno-do-chile-celebra-batismos\/\"]}]},{\"@type\":\"ImageObject\",\"inLanguage\":\"pt-BR\",\"@id\":\"https:\/\/nazarene.org\/pt-br\/news\/igreja-do-nazareno-do-chile-celebra-batismos\/#primaryimage\",\"url\":\"https:\/\/nazarene.org\/wp-content\/uploads\/2026\/03\/Chile-Baptisms.jpg\",\"contentUrl\":\"https:\/\/nazarene.org\/wp-content\/uploads\/2026\/03\/Chile-Baptisms.jpg\",\"width\":1500,\"height\":800},{\"@type\":\"BreadcrumbList\",\"@id\":\"https:\/\/nazarene.org\/pt-br\/news\/igreja-do-nazareno-do-chile-celebra-batismos\/#breadcrumb\",\"itemListElement\":[{\"@type\":\"ListItem\",\"position\":1,\"name\":\"Home\",\"item\":\"https:\/\/nazarene.org\/pt-br\/\"},{\"@type\":\"ListItem\",\"position\":2,\"name\":\"News\",\"item\":\"https:\/\/nazarene.org\/pt-br\/news\/\"},{\"@type\":\"ListItem\",\"position\":3,\"name\":\"Igreja do Nazareno do Chile celebra batismos\"}]},{\"@type\":\"WebSite\",\"@id\":\"https:\/\/nazarene.org\/pt-br\/#website\",\"url\":\"https:\/\/nazarene.org\/pt-br\/\",\"name\":\"Church of the Nazarene\",\"description\":\"Making Christlike Disciples in the Nations\",\"publisher\":{\"@id\":\"https:\/\/nazarene.org\/pt-br\/#organization\"},\"potentialAction\":[{\"@type\":\"SearchAction\",\"target\":{\"@type\":\"EntryPoint\",\"urlTemplate\":\"https:\/\/nazarene.org\/pt-br\/?s={search_term_string}\"},\"query-input\":{\"@type\":\"PropertyValueSpecification\",\"valueRequired\":true,\"valueName\":\"search_term_string\"}}],\"inLanguage\":\"pt-BR\"},{\"@type\":\"Organization\",\"@id\":\"https:\/\/nazarene.org\/pt-br\/#organization\",\"name\":\"Church of the Nazarene\",\"url\":\"https:\/\/nazarene.org\/pt-br\/\",\"logo\":{\"@type\":\"ImageObject\",\"inLanguage\":\"pt-BR\",\"@id\":\"https:\/\/nazarene.org\/pt-br\/#\/schema\/logo\/image\/\",\"url\":\"https:\/\/nazarene.org\/wp-content\/uploads\/2024\/06\/Naz_Desktop_Black_Logo-1.svg\",\"contentUrl\":\"https:\/\/nazarene.org\/wp-content\/uploads\/2024\/06\/Naz_Desktop_Black_Logo-1.svg\",\"width\":258,\"height\":36,\"caption\":\"Church of the Nazarene\"},\"image\":{\"@id\":\"https:\/\/nazarene.org\/pt-br\/#\/schema\/logo\/image\/\"},\"sameAs\":[\"https:\/\/www.facebook.com\/NazareneOfficial\/\",\"https:\/\/x.com\/Nazarene\",\"https:\/\/www.instagram.com\/nazareneofficial\/\"]}]}<\/script>\n<!-- \/ Yoast SEO Premium plugin. -->","yoast_head_json":{"title":"Igreja do Nazareno do Chile celebra batismos - Church of the Nazarene","description":"A Praia Roca Roja, em Antofagasta, foi palco de uma significativa cerim\u00f4nia de batismo organizada pela Igreja do Nazareno em Antofagasta, Chile.","robots":{"index":"index","follow":"follow","max-snippet":"max-snippet:-1","max-image-preview":"max-image-preview:large","max-video-preview":"max-video-preview:-1"},"canonical":"https:\/\/nazarene.org\/pt-br\/news\/igreja-do-nazareno-do-chile-celebra-batismos\/","og_locale":"pt_BR","og_type":"article","og_title":"Igreja do Nazareno do Chile celebra batismos","og_description":"A Praia Roca Roja, em Antofagasta, foi palco de uma significativa cerim\u00f4nia de batismo organizada pela Igreja do Nazareno em Antofagasta, Chile.","og_url":"https:\/\/nazarene.org\/pt-br\/news\/igreja-do-nazareno-do-chile-celebra-batismos\/","og_site_name":"Church of the Nazarene","article_publisher":"https:\/\/www.facebook.com\/NazareneOfficial\/","article_modified_time":"2026-03-09T08:54:44+00:00","og_image":[{"width":1500,"height":800,"url":"https:\/\/nazarene.org\/wp-content\/uploads\/2026\/03\/Chile-Baptisms.jpg","type":"image\/jpeg"}],"twitter_card":"summary_large_image","twitter_site":"@Nazarene","schema":{"@context":"https:\/\/schema.org","@graph":[{"@type":"WebPage","@id":"https:\/\/nazarene.org\/pt-br\/news\/igreja-do-nazareno-do-chile-celebra-batismos\/","url":"https:\/\/nazarene.org\/pt-br\/news\/igreja-do-nazareno-do-chile-celebra-batismos\/","name":"Igreja do Nazareno do Chile celebra batismos - Church of the Nazarene","isPartOf":{"@id":"https:\/\/nazarene.org\/pt-br\/#website"},"primaryImageOfPage":{"@id":"https:\/\/nazarene.org\/pt-br\/news\/igreja-do-nazareno-do-chile-celebra-batismos\/#primaryimage"},"image":{"@id":"https:\/\/nazarene.org\/pt-br\/news\/igreja-do-nazareno-do-chile-celebra-batismos\/#primaryimage"},"thumbnailUrl":"https:\/\/nazarene.org\/wp-content\/uploads\/2026\/03\/Chile-Baptisms.jpg","datePublished":"2026-03-05T19:41:51+00:00","dateModified":"2026-03-09T08:54:44+00:00","description":"A Praia Roca Roja, em Antofagasta, foi palco de uma significativa cerim\u00f4nia de batismo organizada pela Igreja do Nazareno em Antofagasta, Chile.","breadcrumb":{"@id":"https:\/\/nazarene.org\/pt-br\/news\/igreja-do-nazareno-do-chile-celebra-batismos\/#breadcrumb"},"inLanguage":"pt-BR","potentialAction":[{"@type":"ReadAction","target":["https:\/\/nazarene.org\/pt-br\/news\/igreja-do-nazareno-do-chile-celebra-batismos\/"]}]},{"@type":"ImageObject","inLanguage":"pt-BR","@id":"https:\/\/nazarene.org\/pt-br\/news\/igreja-do-nazareno-do-chile-celebra-batismos\/#primaryimage","url":"https:\/\/nazarene.org\/wp-content\/uploads\/2026\/03\/Chile-Baptisms.jpg","contentUrl":"https:\/\/nazarene.org\/wp-content\/uploads\/2026\/03\/Chile-Baptisms.jpg","width":1500,"height":800},{"@type":"BreadcrumbList","@id":"https:\/\/nazarene.org\/pt-br\/news\/igreja-do-nazareno-do-chile-celebra-batismos\/#breadcrumb","itemListElement":[{"@type":"ListItem","position":1,"name":"Home","item":"https:\/\/nazarene.org\/pt-br\/"},{"@type":"ListItem","position":2,"name":"News","item":"https:\/\/nazarene.org\/pt-br\/news\/"},{"@type":"ListItem","position":3,"name":"Igreja do Nazareno do Chile celebra batismos"}]},{"@type":"WebSite","@id":"https:\/\/nazarene.org\/pt-br\/#website","url":"https:\/\/nazarene.org\/pt-br\/","name":"Church of the Nazarene","description":"Making Christlike Disciples in the Nations","publisher":{"@id":"https:\/\/nazarene.org\/pt-br\/#organization"},"potentialAction":[{"@type":"SearchAction","target":{"@type":"EntryPoint","urlTemplate":"https:\/\/nazarene.org\/pt-br\/?s={search_term_string}"},"query-input":{"@type":"PropertyValueSpecification","valueRequired":true,"valueName":"search_term_string"}}],"inLanguage":"pt-BR"},{"@type":"Organization","@id":"https:\/\/nazarene.org\/pt-br\/#organization","name":"Church of the Nazarene","url":"https:\/\/nazarene.org\/pt-br\/","logo":{"@type":"ImageObject","inLanguage":"pt-BR","@id":"https:\/\/nazarene.org\/pt-br\/#\/schema\/logo\/image\/","url":"https:\/\/nazarene.org\/wp-content\/uploads\/2024\/06\/Naz_Desktop_Black_Logo-1.svg","contentUrl":"https:\/\/nazarene.org\/wp-content\/uploads\/2024\/06\/Naz_Desktop_Black_Logo-1.svg","width":258,"height":36,"caption":"Church of the Nazarene"},"image":{"@id":"https:\/\/nazarene.org\/pt-br\/#\/schema\/logo\/image\/"},"sameAs":["https:\/\/www.facebook.com\/NazareneOfficial\/","https:\/\/x.com\/Nazarene","https:\/\/www.instagram.com\/nazareneofficial\/"]}]}},"_links":{"self":[{"href":"https:\/\/nazarene.org\/pt-br\/wp-json\/wp\/v2\/news\/68389","targetHints":{"allow":["GET"]}}],"collection":[{"href":"https:\/\/nazarene.org\/pt-br\/wp-json\/wp\/v2\/news"}],"about":[{"href":"https:\/\/nazarene.org\/pt-br\/wp-json\/wp\/v2\/types\/news"}],"author":[{"embeddable":true,"href":"https:\/\/nazarene.org\/pt-br\/wp-json\/wp\/v2\/users\/17"}],"version-history":[{"count":1,"href":"https:\/\/nazarene.org\/pt-br\/wp-json\/wp\/v2\/news\/68389\/revisions"}],"predecessor-version":[{"id":68392,"href":"https:\/\/nazarene.org\/pt-br\/wp-json\/wp\/v2\/news\/68389\/revisions\/68392"}],"wp:featuredmedia":[{"embeddable":true,"href":"https:\/\/nazarene.org\/pt-br\/wp-json\/wp\/v2\/media\/68390"}],"wp:attachment":[{"href":"https:\/\/nazarene.org\/pt-br\/wp-json\/wp\/v2\/media?parent=68389"}],"wp:term":[{"taxonomy":"news-categories","embeddable":true,"href":"https:\/\/nazarene.org\/pt-br\/wp-json\/wp\/v2\/news-categories?post=68389"},{"taxonomy":"news-region-taxonomy","embeddable":true,"href":"https:\/\/nazarene.org\/pt-br\/wp-json\/wp\/v2\/news-region-taxonomy?post=68389"},{"taxonomy":"news-tag","embeddable":true,"href":"https:\/\/nazarene.org\/pt-br\/wp-json\/wp\/v2\/news-tag?post=68389"}],"curies":[{"name":"wp","href":"https:\/\/api.w.org\/{rel}","templated":true}]}}