{"id":66026,"date":"2026-01-15T15:22:17","date_gmt":"2026-01-15T21:22:17","guid":{"rendered":"https:\/\/nazarene.org\/news\/regiao-asia-pacifico-celebra-novo-distrito-em-myanmar\/"},"modified":"2026-01-16T10:31:17","modified_gmt":"2026-01-16T16:31:17","slug":"regiao-asia-pacifico-celebra-novo-distrito-em-myanmar","status":"publish","type":"news","link":"https:\/\/nazarene.org\/pt-br\/news\/regiao-asia-pacifico-celebra-novo-distrito-em-myanmar\/","title":{"rendered":"Regi\u00e3o \u00c1sia-Pac\u00edfico celebra novo distrito em Myanmar"},"content":{"rendered":"\n<p>Um marco significativo ocorreu discretamente em Toungoo, Myanmar. Pastores, l\u00edderes leigos, representantes de jovens e parceiros do minist\u00e9rio se reuniram para a Primeira Assembleia do Distrito Myanmar Southeast.<\/p>\n\n<p>Embora o evento tenha sido marcado por comemora\u00e7\u00f5es \u2014 c\u00e2nticos, relat\u00f3rios e ora\u00e7\u00f5es \u2014, tamb\u00e9m foi um momento de profundo al\u00edvio e gratid\u00e3o. Este encontro \u00e9 um testemunho n\u00e3o apenas do crescimento organizacional, mas de uma f\u00e9 que sobreviveu ao inc\u00eandio.<\/p>\n\n<p>Para compreender a magnitude deste dia, \u00e9 preciso ouvir as vozes que v\u00eam da base. O Pastor Maung*, um plantador de igrejas na regi\u00e3o de Bago, se lembra de como as coisas pareciam diferentes h\u00e1 apenas alguns anos.<\/p>\n\n<p><em>&#8220;<\/em><em>Quando os problemas come\u00e7aram em 2021, e as estradas foram bloqueadas, olhei para minha pequena congrega\u00e7\u00e3o e senti medo<\/em><em><\/em><em>&#8220;<\/em>, disse Maung.<em>N\u00e3o t\u00ednhamos dinheiro. N\u00e3o poder\u00edamos viajar para a cidade para o treinamento. Eu pensei, <\/em><em>&#8220;<\/em><em>Certamente a porta est\u00e1 se fechando em nosso minist\u00e9rio.<\/em> <em>Mas<\/em> <em>Deus nos mostrou que o<\/em> <em>E<\/em><em>vangelho n\u00e3o para em um posto de controle.<\/em> <em>&#8220;<\/em><\/p>\n\n<p>\u201c<em>Come\u00e7amos a nos reunir em pequenos grupos. Compartilhamos o pouco arroz que t\u00ednhamos. Quando n\u00f3s <\/em><em>n\u00e3o pod\u00edamos<\/em><em> viajar, nos concentr\u00e1vamos em nossos vizinhos. Descobrimos que as pessoas estavam sedentas de esperan\u00e7a porque tudo ao seu redor estava em crise. Hoje, ver nos tornar um distrito independente&#8230; \u00e9 como ver uma colheita em um campo que pens\u00e1vamos que havia secado.<\/em><em>&#8220;<\/em><em><\/em><\/p>\n\n<p>Em 2020, as \u00e1reas que agora formam o Distrito Myanmar Southeast \u2014 principalmente as regi\u00f5es Karen e Bago \u2014 ainda eram consideradas \u00e1reas pioneiras. As igrejas eram novas, os l\u00edderes estavam surgindo e os recursos eram escassos.<\/p>\n\n<p>Ent\u00e3o veio 2021, quando Myanmar entrou em uma temporada prolongada de conflito civil. A vida di\u00e1ria se tornou uma luta contra a instabilidade, as dificuldades econ\u00f4micas e a comunica\u00e7\u00e3o restrita. No entanto, como revela o testemunho do Pastor Maung, a miss\u00e3o n\u00e3o parou.<\/p>\n\n<p>Os crentes locais continuaram a plantar igrejas e discipular novos crentes. Os pastores foram treinados atrav\u00e9s de programas locais de Curso de Estudos e dos centros de extens\u00e3o do Chapman International College (CIC). A F\u00e9 avan\u00e7ou \u2014 mesmo quando o custo era desconhecido.<\/p>\n\n<p>O Distrito Myanmar Southeast est\u00e1 sendo estabelecido como um Distrito de Fase 2.<\/p>\n\n<p>Na estrutura pol\u00edtica dos Nazarenos, este \u00e9 um ponto de virada crucial. Significa que o distrito ultrapassou a fase &#8220;pioneira&#8221; de depend\u00eancia total. Isso significa que o distrito agora possui lideran\u00e7a local suficiente, igrejas estabelecidas e gest\u00e3o financeira para come\u00e7ar a se autogovernar de forma mais direta, ao mesmo tempo que continua trabalhando em parceria com a comunidade local para obter orienta\u00e7\u00e3o. \u00c9 a ponte entre ser um campo mission\u00e1rio e se tornar um distrito regular totalmente autossustent\u00e1vel.<\/p>\n\n<p>Esta forma\u00e7\u00e3o \u00e9 tamb\u00e9m um testemunho de for\u00e7a compartilhada. O Distrito Myanmar Central forneceu apoio fundamental no &#8220;nascimento&#8221; deste novo distrito \u2014 ao lado de l\u00edderes e compartilhando recursos. Isso nos lembra que novos distritos n\u00e3o nascem isoladamente, mas atrav\u00e9s da coopera\u00e7\u00e3o fiel de toda a fam\u00edlia nazarena.<\/p>\n\n<p>A primeira Assembleia Distrital foi hist\u00f3rica por outra raz\u00e3o: a nomea\u00e7\u00e3o de Naw Pa Saw Wah como superintendente distrital.<\/p>\n\n<p>Ela \u00e9 a primeira mulher a servir neste papel em Myanmar. Sua nomea\u00e7\u00e3o reflete o compromisso da igreja em reconhecer a lideran\u00e7a cheia do Esp\u00edrito \u2014 tanto para homens, quanto para mulheres \u2014 especialmente em contextos pioneiros. Sob sua lideran\u00e7a, o distrito encontrou a coragem para avan\u00e7ar em meio \u00e0 incerteza. A sua hist\u00f3ria serve como testemunho de que Deus levanta os l\u00edderes certos no momento certo.<\/p>\n\n<p>&#8212;<a href=\"https:\/\/asiapacificnazarene.org\/from-pioneer-fields-to-a-new-district-in-southeast-asia\/\">Igreja do Nazareno Regi\u00e3o \u00c1sia-Pac\u00edfico<\/a><\/p>\n","protected":false},"excerpt":{"rendered":"<p>Um marco significativo ocorreu discretamente em Toungoo, Myanmar. Pastores, l\u00edderes leigos, representantes de jovens e parceiros do minist\u00e9rio se reuniram para a Primeira Assembleia do Distrito Myanmar Southeast. Embora o evento tenha sido marcado por comemora\u00e7\u00f5es \u2014 c\u00e2nticos, relat\u00f3rios e ora\u00e7\u00f5es \u2014, tamb\u00e9m foi um momento de profundo al\u00edvio e gratid\u00e3o. Este encontro \u00e9 um [&hellip;]<\/p>\n","protected":false},"author":17,"featured_media":66027,"menu_order":0,"template":"","news-categories":[],"news-region-taxonomy":[2879],"news-tag":[933],"class_list":["post-66026","news","type-news","status-publish","has-post-thumbnail","hentry","news-region-taxonomy-asia-pacifico","news-tag-mianmar"],"yoast_head":"<!-- This site is optimized with the Yoast SEO Premium plugin v27.1 (Yoast SEO v27.1.1) - https:\/\/yoast.com\/product\/yoast-seo-premium-wordpress\/ -->\n<title>Regi\u00e3o \u00c1sia-Pac\u00edfico celebra novo distrito em Myanmar<\/title>\n<meta name=\"robots\" content=\"index, follow, max-snippet:-1, max-image-preview:large, max-video-preview:-1\" \/>\n<link rel=\"canonical\" href=\"https:\/\/nazarene.org\/pt-br\/news\/regiao-asia-pacifico-celebra-novo-distrito-em-myanmar\/\" \/>\n<meta property=\"og:locale\" content=\"pt_BR\" \/>\n<meta property=\"og:type\" content=\"article\" \/>\n<meta property=\"og:title\" content=\"Regi\u00e3o \u00c1sia-Pac\u00edfico celebra novo distrito em Myanmar\" \/>\n<meta property=\"og:description\" content=\"Um marco significativo ocorreu discretamente em Toungoo, Myanmar. Pastores, l\u00edderes leigos, representantes de jovens e parceiros do minist\u00e9rio se reuniram para a Primeira Assembleia do Distrito Myanmar Southeast. Embora o evento tenha sido marcado por comemora\u00e7\u00f5es \u2014 c\u00e2nticos, relat\u00f3rios e ora\u00e7\u00f5es \u2014, tamb\u00e9m foi um momento de profundo al\u00edvio e gratid\u00e3o. Este encontro \u00e9 um [&hellip;]\" \/>\n<meta property=\"og:url\" content=\"https:\/\/nazarene.org\/pt-br\/news\/regiao-asia-pacifico-celebra-novo-distrito-em-myanmar\/\" \/>\n<meta property=\"og:site_name\" content=\"Church of the Nazarene\" \/>\n<meta property=\"article:publisher\" content=\"https:\/\/www.facebook.com\/NazareneOfficial\/\" \/>\n<meta property=\"article:modified_time\" content=\"2026-01-16T16:31:17+00:00\" \/>\n<meta property=\"og:image\" content=\"https:\/\/nazarene.org\/wp-content\/uploads\/2026\/01\/New-Myanmar-district.jpg\" \/>\n\t<meta property=\"og:image:width\" content=\"1500\" \/>\n\t<meta property=\"og:image:height\" content=\"800\" \/>\n\t<meta property=\"og:image:type\" content=\"image\/jpeg\" \/>\n<meta name=\"twitter:card\" content=\"summary_large_image\" \/>\n<meta name=\"twitter:site\" content=\"@Nazarene\" \/>\n<script type=\"application\/ld+json\" class=\"yoast-schema-graph\">{\"@context\":\"https:\/\/schema.org\",\"@graph\":[{\"@type\":\"WebPage\",\"@id\":\"https:\/\/nazarene.org\/pt-br\/news\/regiao-asia-pacifico-celebra-novo-distrito-em-myanmar\/\",\"url\":\"https:\/\/nazarene.org\/pt-br\/news\/regiao-asia-pacifico-celebra-novo-distrito-em-myanmar\/\",\"name\":\"Regi\u00e3o \u00c1sia-Pac\u00edfico celebra novo distrito em Myanmar\",\"isPartOf\":{\"@id\":\"https:\/\/nazarene.org\/pt-br\/#website\"},\"primaryImageOfPage\":{\"@id\":\"https:\/\/nazarene.org\/pt-br\/news\/regiao-asia-pacifico-celebra-novo-distrito-em-myanmar\/#primaryimage\"},\"image\":{\"@id\":\"https:\/\/nazarene.org\/pt-br\/news\/regiao-asia-pacifico-celebra-novo-distrito-em-myanmar\/#primaryimage\"},\"thumbnailUrl\":\"https:\/\/nazarene.org\/wp-content\/uploads\/2026\/01\/New-Myanmar-district.jpg\",\"datePublished\":\"2026-01-15T21:22:17+00:00\",\"dateModified\":\"2026-01-16T16:31:17+00:00\",\"breadcrumb\":{\"@id\":\"https:\/\/nazarene.org\/pt-br\/news\/regiao-asia-pacifico-celebra-novo-distrito-em-myanmar\/#breadcrumb\"},\"inLanguage\":\"pt-BR\",\"potentialAction\":[{\"@type\":\"ReadAction\",\"target\":[\"https:\/\/nazarene.org\/pt-br\/news\/regiao-asia-pacifico-celebra-novo-distrito-em-myanmar\/\"]}]},{\"@type\":\"ImageObject\",\"inLanguage\":\"pt-BR\",\"@id\":\"https:\/\/nazarene.org\/pt-br\/news\/regiao-asia-pacifico-celebra-novo-distrito-em-myanmar\/#primaryimage\",\"url\":\"https:\/\/nazarene.org\/wp-content\/uploads\/2026\/01\/New-Myanmar-district.jpg\",\"contentUrl\":\"https:\/\/nazarene.org\/wp-content\/uploads\/2026\/01\/New-Myanmar-district.jpg\",\"width\":1500,\"height\":800},{\"@type\":\"BreadcrumbList\",\"@id\":\"https:\/\/nazarene.org\/pt-br\/news\/regiao-asia-pacifico-celebra-novo-distrito-em-myanmar\/#breadcrumb\",\"itemListElement\":[{\"@type\":\"ListItem\",\"position\":1,\"name\":\"Home\",\"item\":\"https:\/\/nazarene.org\/pt-br\/casa\/\"},{\"@type\":\"ListItem\",\"position\":2,\"name\":\"News\",\"item\":\"https:\/\/nazarene.org\/pt-br\/news\/\"},{\"@type\":\"ListItem\",\"position\":3,\"name\":\"Regi\u00e3o \u00c1sia-Pac\u00edfico celebra novo distrito em Myanmar\"}]},{\"@type\":\"WebSite\",\"@id\":\"https:\/\/nazarene.org\/pt-br\/#website\",\"url\":\"https:\/\/nazarene.org\/pt-br\/\",\"name\":\"Church of the Nazarene\",\"description\":\"Making Christlike Disciples in the Nations\",\"publisher\":{\"@id\":\"https:\/\/nazarene.org\/pt-br\/#organization\"},\"potentialAction\":[{\"@type\":\"SearchAction\",\"target\":{\"@type\":\"EntryPoint\",\"urlTemplate\":\"https:\/\/nazarene.org\/pt-br\/?s={search_term_string}\"},\"query-input\":{\"@type\":\"PropertyValueSpecification\",\"valueRequired\":true,\"valueName\":\"search_term_string\"}}],\"inLanguage\":\"pt-BR\"},{\"@type\":\"Organization\",\"@id\":\"https:\/\/nazarene.org\/pt-br\/#organization\",\"name\":\"Church of the Nazarene\",\"url\":\"https:\/\/nazarene.org\/pt-br\/\",\"logo\":{\"@type\":\"ImageObject\",\"inLanguage\":\"pt-BR\",\"@id\":\"https:\/\/nazarene.org\/pt-br\/#\/schema\/logo\/image\/\",\"url\":\"https:\/\/nazarene.org\/wp-content\/uploads\/2024\/06\/Naz_Desktop_Black_Logo-1.svg\",\"contentUrl\":\"https:\/\/nazarene.org\/wp-content\/uploads\/2024\/06\/Naz_Desktop_Black_Logo-1.svg\",\"width\":258,\"height\":36,\"caption\":\"Church of the Nazarene\"},\"image\":{\"@id\":\"https:\/\/nazarene.org\/pt-br\/#\/schema\/logo\/image\/\"},\"sameAs\":[\"https:\/\/www.facebook.com\/NazareneOfficial\/\",\"https:\/\/x.com\/Nazarene\",\"https:\/\/www.instagram.com\/nazareneofficial\/\"]}]}<\/script>\n<!-- \/ Yoast SEO Premium plugin. -->","yoast_head_json":{"title":"Regi\u00e3o \u00c1sia-Pac\u00edfico celebra novo distrito em Myanmar","robots":{"index":"index","follow":"follow","max-snippet":"max-snippet:-1","max-image-preview":"max-image-preview:large","max-video-preview":"max-video-preview:-1"},"canonical":"https:\/\/nazarene.org\/pt-br\/news\/regiao-asia-pacifico-celebra-novo-distrito-em-myanmar\/","og_locale":"pt_BR","og_type":"article","og_title":"Regi\u00e3o \u00c1sia-Pac\u00edfico celebra novo distrito em Myanmar","og_description":"Um marco significativo ocorreu discretamente em Toungoo, Myanmar. Pastores, l\u00edderes leigos, representantes de jovens e parceiros do minist\u00e9rio se reuniram para a Primeira Assembleia do Distrito Myanmar Southeast. Embora o evento tenha sido marcado por comemora\u00e7\u00f5es \u2014 c\u00e2nticos, relat\u00f3rios e ora\u00e7\u00f5es \u2014, tamb\u00e9m foi um momento de profundo al\u00edvio e gratid\u00e3o. Este encontro \u00e9 um [&hellip;]","og_url":"https:\/\/nazarene.org\/pt-br\/news\/regiao-asia-pacifico-celebra-novo-distrito-em-myanmar\/","og_site_name":"Church of the Nazarene","article_publisher":"https:\/\/www.facebook.com\/NazareneOfficial\/","article_modified_time":"2026-01-16T16:31:17+00:00","og_image":[{"width":1500,"height":800,"url":"https:\/\/nazarene.org\/wp-content\/uploads\/2026\/01\/New-Myanmar-district.jpg","type":"image\/jpeg"}],"twitter_card":"summary_large_image","twitter_site":"@Nazarene","schema":{"@context":"https:\/\/schema.org","@graph":[{"@type":"WebPage","@id":"https:\/\/nazarene.org\/pt-br\/news\/regiao-asia-pacifico-celebra-novo-distrito-em-myanmar\/","url":"https:\/\/nazarene.org\/pt-br\/news\/regiao-asia-pacifico-celebra-novo-distrito-em-myanmar\/","name":"Regi\u00e3o \u00c1sia-Pac\u00edfico celebra novo distrito em Myanmar","isPartOf":{"@id":"https:\/\/nazarene.org\/pt-br\/#website"},"primaryImageOfPage":{"@id":"https:\/\/nazarene.org\/pt-br\/news\/regiao-asia-pacifico-celebra-novo-distrito-em-myanmar\/#primaryimage"},"image":{"@id":"https:\/\/nazarene.org\/pt-br\/news\/regiao-asia-pacifico-celebra-novo-distrito-em-myanmar\/#primaryimage"},"thumbnailUrl":"https:\/\/nazarene.org\/wp-content\/uploads\/2026\/01\/New-Myanmar-district.jpg","datePublished":"2026-01-15T21:22:17+00:00","dateModified":"2026-01-16T16:31:17+00:00","breadcrumb":{"@id":"https:\/\/nazarene.org\/pt-br\/news\/regiao-asia-pacifico-celebra-novo-distrito-em-myanmar\/#breadcrumb"},"inLanguage":"pt-BR","potentialAction":[{"@type":"ReadAction","target":["https:\/\/nazarene.org\/pt-br\/news\/regiao-asia-pacifico-celebra-novo-distrito-em-myanmar\/"]}]},{"@type":"ImageObject","inLanguage":"pt-BR","@id":"https:\/\/nazarene.org\/pt-br\/news\/regiao-asia-pacifico-celebra-novo-distrito-em-myanmar\/#primaryimage","url":"https:\/\/nazarene.org\/wp-content\/uploads\/2026\/01\/New-Myanmar-district.jpg","contentUrl":"https:\/\/nazarene.org\/wp-content\/uploads\/2026\/01\/New-Myanmar-district.jpg","width":1500,"height":800},{"@type":"BreadcrumbList","@id":"https:\/\/nazarene.org\/pt-br\/news\/regiao-asia-pacifico-celebra-novo-distrito-em-myanmar\/#breadcrumb","itemListElement":[{"@type":"ListItem","position":1,"name":"Home","item":"https:\/\/nazarene.org\/pt-br\/casa\/"},{"@type":"ListItem","position":2,"name":"News","item":"https:\/\/nazarene.org\/pt-br\/news\/"},{"@type":"ListItem","position":3,"name":"Regi\u00e3o \u00c1sia-Pac\u00edfico celebra novo distrito em Myanmar"}]},{"@type":"WebSite","@id":"https:\/\/nazarene.org\/pt-br\/#website","url":"https:\/\/nazarene.org\/pt-br\/","name":"Church of the Nazarene","description":"Making Christlike Disciples in the Nations","publisher":{"@id":"https:\/\/nazarene.org\/pt-br\/#organization"},"potentialAction":[{"@type":"SearchAction","target":{"@type":"EntryPoint","urlTemplate":"https:\/\/nazarene.org\/pt-br\/?s={search_term_string}"},"query-input":{"@type":"PropertyValueSpecification","valueRequired":true,"valueName":"search_term_string"}}],"inLanguage":"pt-BR"},{"@type":"Organization","@id":"https:\/\/nazarene.org\/pt-br\/#organization","name":"Church of the Nazarene","url":"https:\/\/nazarene.org\/pt-br\/","logo":{"@type":"ImageObject","inLanguage":"pt-BR","@id":"https:\/\/nazarene.org\/pt-br\/#\/schema\/logo\/image\/","url":"https:\/\/nazarene.org\/wp-content\/uploads\/2024\/06\/Naz_Desktop_Black_Logo-1.svg","contentUrl":"https:\/\/nazarene.org\/wp-content\/uploads\/2024\/06\/Naz_Desktop_Black_Logo-1.svg","width":258,"height":36,"caption":"Church of the Nazarene"},"image":{"@id":"https:\/\/nazarene.org\/pt-br\/#\/schema\/logo\/image\/"},"sameAs":["https:\/\/www.facebook.com\/NazareneOfficial\/","https:\/\/x.com\/Nazarene","https:\/\/www.instagram.com\/nazareneofficial\/"]}]}},"_links":{"self":[{"href":"https:\/\/nazarene.org\/pt-br\/wp-json\/wp\/v2\/news\/66026","targetHints":{"allow":["GET"]}}],"collection":[{"href":"https:\/\/nazarene.org\/pt-br\/wp-json\/wp\/v2\/news"}],"about":[{"href":"https:\/\/nazarene.org\/pt-br\/wp-json\/wp\/v2\/types\/news"}],"author":[{"embeddable":true,"href":"https:\/\/nazarene.org\/pt-br\/wp-json\/wp\/v2\/users\/17"}],"version-history":[{"count":1,"href":"https:\/\/nazarene.org\/pt-br\/wp-json\/wp\/v2\/news\/66026\/revisions"}],"predecessor-version":[{"id":66028,"href":"https:\/\/nazarene.org\/pt-br\/wp-json\/wp\/v2\/news\/66026\/revisions\/66028"}],"wp:featuredmedia":[{"embeddable":true,"href":"https:\/\/nazarene.org\/pt-br\/wp-json\/wp\/v2\/media\/66027"}],"wp:attachment":[{"href":"https:\/\/nazarene.org\/pt-br\/wp-json\/wp\/v2\/media?parent=66026"}],"wp:term":[{"taxonomy":"news-categories","embeddable":true,"href":"https:\/\/nazarene.org\/pt-br\/wp-json\/wp\/v2\/news-categories?post=66026"},{"taxonomy":"news-region-taxonomy","embeddable":true,"href":"https:\/\/nazarene.org\/pt-br\/wp-json\/wp\/v2\/news-region-taxonomy?post=66026"},{"taxonomy":"news-tag","embeddable":true,"href":"https:\/\/nazarene.org\/pt-br\/wp-json\/wp\/v2\/news-tag?post=66026"}],"curies":[{"name":"wp","href":"https:\/\/api.w.org\/{rel}","templated":true}]}}