{"id":65909,"date":"2026-01-08T12:48:33","date_gmt":"2026-01-08T18:48:33","guid":{"rendered":"https:\/\/nazarene.org\/news\/jovens-nazarenos-da-bolivia-reacendem-a-chama-da-missao-de-deus\/"},"modified":"2026-01-09T11:57:27","modified_gmt":"2026-01-09T17:57:27","slug":"jovens-nazarenos-da-bolivia-reacendem-a-chama-da-missao-de-deus","status":"publish","type":"news","link":"https:\/\/nazarene.org\/pt-br\/news\/jovens-nazarenos-da-bolivia-reacendem-a-chama-da-missao-de-deus\/","title":{"rendered":"Jovens nazarenos da Bol\u00edvia reacendem a chama da miss\u00e3o de Deus."},"content":{"rendered":"\n<p>Um congresso de jovens com o tema &#8220;Reacendendo a chama pela nossa miss\u00e3o&#8221; foi realizado na cidade de El Alto, Bol\u00edvia, no final de novembro de 2025. O encontro foi organizado pela Juventude Nazarena Internacional (JNI) do Distrito El Alto Northwest.<\/p>\n\n<p>O retiro se concentrou em renovar a vida espiritual de jovens l\u00edderes, lembrando-os de que seu chamado \u00e9 cont\u00ednuo e encorajando-os a se envolver ativamente na expans\u00e3o do reino de Deus com compromisso. <\/p>\n\n<p>Tr\u00eas sess\u00f5es plen\u00e1rias principais foram realizadas no s\u00e1bado. A primeira, &#8220;Um Chamado Urgente ao Evangelismo&#8221;, foi liderado por Germ\u00e1n Espinoza, que desafiou os participantes a se envolverem significativamente em seus respectivos pap\u00e9is como mensageiros das boas novas. Na segunda, &#8220;O fogo inextingu\u00edvel&#8221;, Pablo Su\u00e1rez enfatizou a necessidade de levar uma vida cheia do Esp\u00edrito Santo. Na terceira e \u00faltima sess\u00e3o, &#8220;Vis\u00e3o Geracional&#8221;, Juan Jos\u00e9 Paredes pediu aos jovens que pensassem sobre a miss\u00e3o de Deus al\u00e9m de sua pr\u00f3pria gera\u00e7\u00e3o, abra\u00e7ando uma perspectiva de legado.<\/p>\n\n<p>Durante a confer\u00eancia, os participantes foram convidados a se comprometerem com a miss\u00e3o de Deus, e v\u00e1rios jovens se juntaram \u00e0 Equipe de Volunt\u00e1rios Evandis (Evangelismo e Discipulado), liderada por Abraham Condori, reafirmando assim seu desejo de servir a Deus e a Igreja de uma forma mais intencional.<\/p>\n\n<p>No domingo, a confer\u00eancia virtual &#8220;Vivendo o Chamado&#8221; foi liderada por Joan Camacaro, que compartilhou sua experi\u00eancia como mission\u00e1rio na It\u00e1lia, inspirando os participantes a considerarem miss\u00f5es al\u00e9m de suas pr\u00f3prias fronteiras. A confer\u00eancia foi conclu\u00edda com o discurso principal de Herman Alc\u00e1ntara, &#8220;Quando o fogo esfria&#8221;, baseado em 2 Tim\u00f3teo 1.6.<\/p>\n\n<p>Alc\u00e1ntara desafiou os jovens a manter viva a chama do Esp\u00edrito e a limpar o &#8220;altar do cora\u00e7\u00e3o&#8221; de tudo o que extingue o fogo. Usando a met\u00e1fora das &#8220;cinzas&#8221;, ele os encorajou a deixar para tr\u00e1s as feridas do passado, a culpa, o orgulho, o cansa\u00e7o ou a autossufici\u00eancia, para que o Esp\u00edrito Santo pudesse queimar poderosamente.<\/p>\n\n<p>Ele tamb\u00e9m os convidou a &#8220;adicionar lenha [\u00e0 fogueira]&#8221; todos os dias, simbolizando a ora\u00e7\u00e3o, a leitura da Palavra, a adora\u00e7\u00e3o e o servi\u00e7o, lembrando-os de que manter a fogueira acesa \u00e9 uma responsabilidade pessoal e constante.<\/p>\n\n<p>Com mais de 80 participantes, a confer\u00eancia foi um momento especial de renova\u00e7\u00e3o espiritual. Durante a confer\u00eancia de dois dias, o Senhor falou aos cora\u00e7\u00f5es atrav\u00e9s da prega\u00e7\u00e3o da Palavra, momentos de louvor e momentos de intercess\u00e3o, trazendo for\u00e7a e avivamento aos jovens e l\u00edderes. Muitos retornaram \u00e0 suas igrejas e comunidades com um compromisso renovado de viver seu chamado e reacender a chama da miss\u00e3o de Deus onde quer que ele os tenha colocado.<\/p>\n\n<p><a href=\"https:\/\/www.samnaz.org\/juventud-nazarena-de-el-alto-renueva-su-llamado-en-el-congreso-renueva-el-fuego-que-hay-en-nuestra-mision\/\">Igreja do Nazareno Regi\u00e3o Am\u00e9rica do Sul<\/a><\/p>\n","protected":false},"excerpt":{"rendered":"<p>Um congresso de jovens com o tema &#8220;Reacendendo a chama pela nossa miss\u00e3o&#8221; foi realizado na cidade de El Alto, Bol\u00edvia, no final de novembro de 2025. O encontro foi organizado pela Juventude Nazarena Internacional (JNI) do Distrito El Alto Northwest. O retiro se concentrou em renovar a vida espiritual de jovens l\u00edderes, lembrando-os de [&hellip;]<\/p>\n","protected":false},"author":17,"featured_media":65910,"menu_order":0,"template":"","news-categories":[],"news-region-taxonomy":[],"news-tag":[],"class_list":["post-65909","news","type-news","status-publish","has-post-thumbnail","hentry"],"yoast_head":"<!-- This site is optimized with the Yoast SEO Premium plugin v27.1 (Yoast SEO v27.1.1) - https:\/\/yoast.com\/product\/yoast-seo-premium-wordpress\/ -->\n<title>Jovens nazarenos da Bol\u00edvia reacendem a chama da miss\u00e3o de Deus. - Church of the Nazarene<\/title>\n<meta name=\"description\" content=\"Mais de 80 jovens nazarenos na Bol\u00edvia participaram de uma confer\u00eancia, reacendendo sua chama pelo chamado \u00e0 miss\u00e3o de Deus.\" \/>\n<meta name=\"robots\" content=\"index, follow, max-snippet:-1, max-image-preview:large, max-video-preview:-1\" \/>\n<link rel=\"canonical\" href=\"https:\/\/nazarene.org\/pt-br\/news\/jovens-nazarenos-da-bolivia-reacendem-a-chama-da-missao-de-deus\/\" \/>\n<meta property=\"og:locale\" content=\"pt_BR\" \/>\n<meta property=\"og:type\" content=\"article\" \/>\n<meta property=\"og:title\" content=\"Jovens nazarenos da Bol\u00edvia reacendem a chama da miss\u00e3o de Deus.\" \/>\n<meta property=\"og:description\" content=\"Mais de 80 jovens nazarenos na Bol\u00edvia participaram de uma confer\u00eancia, reacendendo sua chama pelo chamado \u00e0 miss\u00e3o de Deus.\" \/>\n<meta property=\"og:url\" content=\"https:\/\/nazarene.org\/pt-br\/news\/jovens-nazarenos-da-bolivia-reacendem-a-chama-da-missao-de-deus\/\" \/>\n<meta property=\"og:site_name\" content=\"Church of the Nazarene\" \/>\n<meta property=\"article:publisher\" content=\"https:\/\/www.facebook.com\/NazareneOfficial\/\" \/>\n<meta property=\"article:modified_time\" content=\"2026-01-09T17:57:27+00:00\" \/>\n<meta property=\"og:image\" content=\"https:\/\/nazarene.org\/wp-content\/uploads\/2026\/01\/Renueva.jpg\" \/>\n\t<meta property=\"og:image:width\" content=\"1500\" \/>\n\t<meta property=\"og:image:height\" content=\"800\" \/>\n\t<meta property=\"og:image:type\" content=\"image\/jpeg\" \/>\n<meta name=\"twitter:card\" content=\"summary_large_image\" \/>\n<meta name=\"twitter:site\" content=\"@Nazarene\" \/>\n<script type=\"application\/ld+json\" class=\"yoast-schema-graph\">{\"@context\":\"https:\/\/schema.org\",\"@graph\":[{\"@type\":\"WebPage\",\"@id\":\"https:\/\/nazarene.org\/pt-br\/news\/jovens-nazarenos-da-bolivia-reacendem-a-chama-da-missao-de-deus\/\",\"url\":\"https:\/\/nazarene.org\/pt-br\/news\/jovens-nazarenos-da-bolivia-reacendem-a-chama-da-missao-de-deus\/\",\"name\":\"Jovens nazarenos da Bol\u00edvia reacendem a chama da miss\u00e3o de Deus. - Church of the Nazarene\",\"isPartOf\":{\"@id\":\"https:\/\/nazarene.org\/pt-br\/#website\"},\"primaryImageOfPage\":{\"@id\":\"https:\/\/nazarene.org\/pt-br\/news\/jovens-nazarenos-da-bolivia-reacendem-a-chama-da-missao-de-deus\/#primaryimage\"},\"image\":{\"@id\":\"https:\/\/nazarene.org\/pt-br\/news\/jovens-nazarenos-da-bolivia-reacendem-a-chama-da-missao-de-deus\/#primaryimage\"},\"thumbnailUrl\":\"https:\/\/nazarene.org\/wp-content\/uploads\/2026\/01\/Renueva.jpg\",\"datePublished\":\"2026-01-08T18:48:33+00:00\",\"dateModified\":\"2026-01-09T17:57:27+00:00\",\"description\":\"Mais de 80 jovens nazarenos na Bol\u00edvia participaram de uma confer\u00eancia, reacendendo sua chama pelo chamado \u00e0 miss\u00e3o de Deus.\",\"breadcrumb\":{\"@id\":\"https:\/\/nazarene.org\/pt-br\/news\/jovens-nazarenos-da-bolivia-reacendem-a-chama-da-missao-de-deus\/#breadcrumb\"},\"inLanguage\":\"pt-BR\",\"potentialAction\":[{\"@type\":\"ReadAction\",\"target\":[\"https:\/\/nazarene.org\/pt-br\/news\/jovens-nazarenos-da-bolivia-reacendem-a-chama-da-missao-de-deus\/\"]}]},{\"@type\":\"ImageObject\",\"inLanguage\":\"pt-BR\",\"@id\":\"https:\/\/nazarene.org\/pt-br\/news\/jovens-nazarenos-da-bolivia-reacendem-a-chama-da-missao-de-deus\/#primaryimage\",\"url\":\"https:\/\/nazarene.org\/wp-content\/uploads\/2026\/01\/Renueva.jpg\",\"contentUrl\":\"https:\/\/nazarene.org\/wp-content\/uploads\/2026\/01\/Renueva.jpg\",\"width\":1500,\"height\":800},{\"@type\":\"BreadcrumbList\",\"@id\":\"https:\/\/nazarene.org\/pt-br\/news\/jovens-nazarenos-da-bolivia-reacendem-a-chama-da-missao-de-deus\/#breadcrumb\",\"itemListElement\":[{\"@type\":\"ListItem\",\"position\":1,\"name\":\"Home\",\"item\":\"https:\/\/nazarene.org\/pt-br\/\"},{\"@type\":\"ListItem\",\"position\":2,\"name\":\"News\",\"item\":\"https:\/\/nazarene.org\/pt-br\/news\/\"},{\"@type\":\"ListItem\",\"position\":3,\"name\":\"Jovens nazarenos da Bol\u00edvia reacendem a chama da miss\u00e3o de Deus.\"}]},{\"@type\":\"WebSite\",\"@id\":\"https:\/\/nazarene.org\/pt-br\/#website\",\"url\":\"https:\/\/nazarene.org\/pt-br\/\",\"name\":\"Church of the Nazarene\",\"description\":\"Making Christlike Disciples in the Nations\",\"publisher\":{\"@id\":\"https:\/\/nazarene.org\/pt-br\/#organization\"},\"potentialAction\":[{\"@type\":\"SearchAction\",\"target\":{\"@type\":\"EntryPoint\",\"urlTemplate\":\"https:\/\/nazarene.org\/pt-br\/?s={search_term_string}\"},\"query-input\":{\"@type\":\"PropertyValueSpecification\",\"valueRequired\":true,\"valueName\":\"search_term_string\"}}],\"inLanguage\":\"pt-BR\"},{\"@type\":\"Organization\",\"@id\":\"https:\/\/nazarene.org\/pt-br\/#organization\",\"name\":\"Church of the Nazarene\",\"url\":\"https:\/\/nazarene.org\/pt-br\/\",\"logo\":{\"@type\":\"ImageObject\",\"inLanguage\":\"pt-BR\",\"@id\":\"https:\/\/nazarene.org\/pt-br\/#\/schema\/logo\/image\/\",\"url\":\"https:\/\/nazarene.org\/wp-content\/uploads\/2024\/06\/Naz_Desktop_Black_Logo-1.svg\",\"contentUrl\":\"https:\/\/nazarene.org\/wp-content\/uploads\/2024\/06\/Naz_Desktop_Black_Logo-1.svg\",\"width\":258,\"height\":36,\"caption\":\"Church of the Nazarene\"},\"image\":{\"@id\":\"https:\/\/nazarene.org\/pt-br\/#\/schema\/logo\/image\/\"},\"sameAs\":[\"https:\/\/www.facebook.com\/NazareneOfficial\/\",\"https:\/\/x.com\/Nazarene\",\"https:\/\/www.instagram.com\/nazareneofficial\/\"]}]}<\/script>\n<!-- \/ Yoast SEO Premium plugin. -->","yoast_head_json":{"title":"Jovens nazarenos da Bol\u00edvia reacendem a chama da miss\u00e3o de Deus. - Church of the Nazarene","description":"Mais de 80 jovens nazarenos na Bol\u00edvia participaram de uma confer\u00eancia, reacendendo sua chama pelo chamado \u00e0 miss\u00e3o de Deus.","robots":{"index":"index","follow":"follow","max-snippet":"max-snippet:-1","max-image-preview":"max-image-preview:large","max-video-preview":"max-video-preview:-1"},"canonical":"https:\/\/nazarene.org\/pt-br\/news\/jovens-nazarenos-da-bolivia-reacendem-a-chama-da-missao-de-deus\/","og_locale":"pt_BR","og_type":"article","og_title":"Jovens nazarenos da Bol\u00edvia reacendem a chama da miss\u00e3o de Deus.","og_description":"Mais de 80 jovens nazarenos na Bol\u00edvia participaram de uma confer\u00eancia, reacendendo sua chama pelo chamado \u00e0 miss\u00e3o de Deus.","og_url":"https:\/\/nazarene.org\/pt-br\/news\/jovens-nazarenos-da-bolivia-reacendem-a-chama-da-missao-de-deus\/","og_site_name":"Church of the Nazarene","article_publisher":"https:\/\/www.facebook.com\/NazareneOfficial\/","article_modified_time":"2026-01-09T17:57:27+00:00","og_image":[{"width":1500,"height":800,"url":"https:\/\/nazarene.org\/wp-content\/uploads\/2026\/01\/Renueva.jpg","type":"image\/jpeg"}],"twitter_card":"summary_large_image","twitter_site":"@Nazarene","schema":{"@context":"https:\/\/schema.org","@graph":[{"@type":"WebPage","@id":"https:\/\/nazarene.org\/pt-br\/news\/jovens-nazarenos-da-bolivia-reacendem-a-chama-da-missao-de-deus\/","url":"https:\/\/nazarene.org\/pt-br\/news\/jovens-nazarenos-da-bolivia-reacendem-a-chama-da-missao-de-deus\/","name":"Jovens nazarenos da Bol\u00edvia reacendem a chama da miss\u00e3o de Deus. - Church of the Nazarene","isPartOf":{"@id":"https:\/\/nazarene.org\/pt-br\/#website"},"primaryImageOfPage":{"@id":"https:\/\/nazarene.org\/pt-br\/news\/jovens-nazarenos-da-bolivia-reacendem-a-chama-da-missao-de-deus\/#primaryimage"},"image":{"@id":"https:\/\/nazarene.org\/pt-br\/news\/jovens-nazarenos-da-bolivia-reacendem-a-chama-da-missao-de-deus\/#primaryimage"},"thumbnailUrl":"https:\/\/nazarene.org\/wp-content\/uploads\/2026\/01\/Renueva.jpg","datePublished":"2026-01-08T18:48:33+00:00","dateModified":"2026-01-09T17:57:27+00:00","description":"Mais de 80 jovens nazarenos na Bol\u00edvia participaram de uma confer\u00eancia, reacendendo sua chama pelo chamado \u00e0 miss\u00e3o de Deus.","breadcrumb":{"@id":"https:\/\/nazarene.org\/pt-br\/news\/jovens-nazarenos-da-bolivia-reacendem-a-chama-da-missao-de-deus\/#breadcrumb"},"inLanguage":"pt-BR","potentialAction":[{"@type":"ReadAction","target":["https:\/\/nazarene.org\/pt-br\/news\/jovens-nazarenos-da-bolivia-reacendem-a-chama-da-missao-de-deus\/"]}]},{"@type":"ImageObject","inLanguage":"pt-BR","@id":"https:\/\/nazarene.org\/pt-br\/news\/jovens-nazarenos-da-bolivia-reacendem-a-chama-da-missao-de-deus\/#primaryimage","url":"https:\/\/nazarene.org\/wp-content\/uploads\/2026\/01\/Renueva.jpg","contentUrl":"https:\/\/nazarene.org\/wp-content\/uploads\/2026\/01\/Renueva.jpg","width":1500,"height":800},{"@type":"BreadcrumbList","@id":"https:\/\/nazarene.org\/pt-br\/news\/jovens-nazarenos-da-bolivia-reacendem-a-chama-da-missao-de-deus\/#breadcrumb","itemListElement":[{"@type":"ListItem","position":1,"name":"Home","item":"https:\/\/nazarene.org\/pt-br\/"},{"@type":"ListItem","position":2,"name":"News","item":"https:\/\/nazarene.org\/pt-br\/news\/"},{"@type":"ListItem","position":3,"name":"Jovens nazarenos da Bol\u00edvia reacendem a chama da miss\u00e3o de Deus."}]},{"@type":"WebSite","@id":"https:\/\/nazarene.org\/pt-br\/#website","url":"https:\/\/nazarene.org\/pt-br\/","name":"Church of the Nazarene","description":"Making Christlike Disciples in the Nations","publisher":{"@id":"https:\/\/nazarene.org\/pt-br\/#organization"},"potentialAction":[{"@type":"SearchAction","target":{"@type":"EntryPoint","urlTemplate":"https:\/\/nazarene.org\/pt-br\/?s={search_term_string}"},"query-input":{"@type":"PropertyValueSpecification","valueRequired":true,"valueName":"search_term_string"}}],"inLanguage":"pt-BR"},{"@type":"Organization","@id":"https:\/\/nazarene.org\/pt-br\/#organization","name":"Church of the Nazarene","url":"https:\/\/nazarene.org\/pt-br\/","logo":{"@type":"ImageObject","inLanguage":"pt-BR","@id":"https:\/\/nazarene.org\/pt-br\/#\/schema\/logo\/image\/","url":"https:\/\/nazarene.org\/wp-content\/uploads\/2024\/06\/Naz_Desktop_Black_Logo-1.svg","contentUrl":"https:\/\/nazarene.org\/wp-content\/uploads\/2024\/06\/Naz_Desktop_Black_Logo-1.svg","width":258,"height":36,"caption":"Church of the Nazarene"},"image":{"@id":"https:\/\/nazarene.org\/pt-br\/#\/schema\/logo\/image\/"},"sameAs":["https:\/\/www.facebook.com\/NazareneOfficial\/","https:\/\/x.com\/Nazarene","https:\/\/www.instagram.com\/nazareneofficial\/"]}]}},"_links":{"self":[{"href":"https:\/\/nazarene.org\/pt-br\/wp-json\/wp\/v2\/news\/65909","targetHints":{"allow":["GET"]}}],"collection":[{"href":"https:\/\/nazarene.org\/pt-br\/wp-json\/wp\/v2\/news"}],"about":[{"href":"https:\/\/nazarene.org\/pt-br\/wp-json\/wp\/v2\/types\/news"}],"author":[{"embeddable":true,"href":"https:\/\/nazarene.org\/pt-br\/wp-json\/wp\/v2\/users\/17"}],"version-history":[{"count":1,"href":"https:\/\/nazarene.org\/pt-br\/wp-json\/wp\/v2\/news\/65909\/revisions"}],"predecessor-version":[{"id":65911,"href":"https:\/\/nazarene.org\/pt-br\/wp-json\/wp\/v2\/news\/65909\/revisions\/65911"}],"wp:featuredmedia":[{"embeddable":true,"href":"https:\/\/nazarene.org\/pt-br\/wp-json\/wp\/v2\/media\/65910"}],"wp:attachment":[{"href":"https:\/\/nazarene.org\/pt-br\/wp-json\/wp\/v2\/media?parent=65909"}],"wp:term":[{"taxonomy":"news-categories","embeddable":true,"href":"https:\/\/nazarene.org\/pt-br\/wp-json\/wp\/v2\/news-categories?post=65909"},{"taxonomy":"news-region-taxonomy","embeddable":true,"href":"https:\/\/nazarene.org\/pt-br\/wp-json\/wp\/v2\/news-region-taxonomy?post=65909"},{"taxonomy":"news-tag","embeddable":true,"href":"https:\/\/nazarene.org\/pt-br\/wp-json\/wp\/v2\/news-tag?post=65909"}],"curies":[{"name":"wp","href":"https:\/\/api.w.org\/{rel}","templated":true}]}}