{"id":63510,"date":"2025-11-13T14:44:53","date_gmt":"2025-11-13T20:44:53","guid":{"rendered":"https:\/\/nazarene.org\/news\/um-sorriso-para-cali-traz-esperanca-para-10-mil-pessoas-na-colombia\/"},"modified":"2025-11-14T09:56:45","modified_gmt":"2025-11-14T15:56:45","slug":"um-sorriso-para-cali-traz-esperanca-para-10-mil-pessoas-na-colombia","status":"publish","type":"news","link":"https:\/\/nazarene.org\/pt-br\/news\/um-sorriso-para-cali-traz-esperanca-para-10-mil-pessoas-na-colombia\/","title":{"rendered":"&#8216;Um Sorriso para Cali&#8217; traz esperan\u00e7a para 10 mil pessoas na Col\u00f4mbia"},"content":{"rendered":"\n<p>&#8220;Um Sorriso para Cali&#8221; ocorreu em 26 de outubro de 2025 no Centro de Eventos Ca\u00f1asgordas em Cali, na Col\u00f4mbia. O evento foi organizado pela Igreja do Nazareno Casa de Ora\u00e7\u00e3o em Cali.<\/p>\n\n<p>A alegre ocasi\u00e3o contou com a presen\u00e7a do renomado humorista colombiano Jos\u00e9 Ord\u00f3\u00f1ez como convidado especial. Usando o humor, Jos\u00e9 compartilhou uma mensagem de esperan\u00e7a e reflex\u00e3o que tocou profundamente os cora\u00e7\u00f5es dos presentes. Foi uma oportunidade para lembrar que a f\u00e9 tamb\u00e9m pode ser expressa atrav\u00e9s da alegria e que o amor de Deus pode curar, restaurar e trazer de volta sorrisos em meio \u00e0s dificuldades da vida.<\/p>\n\n<p>Mais de dez mil pessoas se reuniram para &#8220;Um Sorriso para Cali&#8221;, um dia especial, onde a cidade testemunhou um movimento de esperan\u00e7a, unidade e servi\u00e7o. Em meio a risadas, abra\u00e7os, m\u00fasica e palavras inspiradoras, este encontro se tornou um espa\u00e7o para compartilhar alegria, aprofundar a f\u00e9 e exaltar o nome de Deus sobre a cidade.<\/p>\n\n<p>O impacto de \u201cUm Sorriso para Cali\u201d transcendeu as paredes do audit\u00f3rio, tornando-o uma express\u00e3o vis\u00edvel do compromisso da Igreja do Nazareno Casa de Ora\u00e7\u00e3o com o bem-estar espiritual e social de Cali. Atrav\u00e9s do servi\u00e7o ativo e de uma comunidade solid\u00e1ria, esta igreja brilha como um farol de esperan\u00e7a e transforma\u00e7\u00e3o, restaurando fam\u00edlias, guiando os jovens e apoiando aqueles que precisam. <\/p>\n\n<p>Durante o evento, estiveram presentes ilustres l\u00edderes da Igreja do Nazareno: a Superintendente Geral <a href=\"https:\/\/nazarene.org\/wp-content\/uploads\/2024\/12\/Sunberg-Carla-Bio-2022.pdf\">Carla Sunberg<\/a>, o Diretor Regional para a Am\u00e9rica do Sul, Alessandro Polonio, e o Pastor S\u00eanior Adalberto Herrera, da Igreja do Nazareno Casa de Ora\u00e7\u00e3o. Sua presen\u00e7a reafirmou o esp\u00edrito de unidade e a miss\u00e3o compartilhada da igreja na regi\u00e3o.<\/p>\n\n<p>No final do dia, todos expressaram um profundo sentimento de gratid\u00e3o a Deus e uns aos outros, despertando esperan\u00e7a no cora\u00e7\u00e3o da cidade.<\/p>\n\n<p><a href=\"https:\/\/www.samnaz.org\/\">Igreja do Nazareno Regi\u00e3o Am\u00e9rica do Sul<\/a><\/p>\n\n<p><\/p>\n","protected":false},"excerpt":{"rendered":"<p>&#8220;Um Sorriso para Cali&#8221; ocorreu em 26 de outubro de 2025 no Centro de Eventos Ca\u00f1asgordas em Cali, na Col\u00f4mbia. O evento foi organizado pela Igreja do Nazareno Casa de Ora\u00e7\u00e3o em Cali. A alegre ocasi\u00e3o contou com a presen\u00e7a do renomado humorista colombiano Jos\u00e9 Ord\u00f3\u00f1ez como convidado especial. Usando o humor, Jos\u00e9 compartilhou uma [&hellip;]<\/p>\n","protected":false},"author":17,"featured_media":63511,"menu_order":0,"template":"","news-categories":[],"news-region-taxonomy":[2881],"news-tag":[],"class_list":["post-63510","news","type-news","status-publish","has-post-thumbnail","hentry","news-region-taxonomy-america-do-sul"],"yoast_head":"<!-- This site is optimized with the Yoast SEO Premium plugin v27.1 (Yoast SEO v27.1.1) - https:\/\/yoast.com\/product\/yoast-seo-premium-wordpress\/ -->\n<title>&#039;Um Sorriso para Cali&#039; traz esperan\u00e7a para 10 mil pessoas na Col\u00f4mbia - Church of the Nazarene<\/title>\n<meta name=\"robots\" content=\"index, follow, max-snippet:-1, max-image-preview:large, max-video-preview:-1\" \/>\n<link rel=\"canonical\" href=\"https:\/\/nazarene.org\/pt-br\/news\/um-sorriso-para-cali-traz-esperanca-para-10-mil-pessoas-na-colombia\/\" \/>\n<meta property=\"og:locale\" content=\"pt_BR\" \/>\n<meta property=\"og:type\" content=\"article\" \/>\n<meta property=\"og:title\" content=\"&#039;Um Sorriso para Cali&#039; traz esperan\u00e7a para 10 mil pessoas na Col\u00f4mbia\" \/>\n<meta property=\"og:description\" content=\"&#8220;Um Sorriso para Cali&#8221; ocorreu em 26 de outubro de 2025 no Centro de Eventos Ca\u00f1asgordas em Cali, na Col\u00f4mbia. O evento foi organizado pela Igreja do Nazareno Casa de Ora\u00e7\u00e3o em Cali. A alegre ocasi\u00e3o contou com a presen\u00e7a do renomado humorista colombiano Jos\u00e9 Ord\u00f3\u00f1ez como convidado especial. Usando o humor, Jos\u00e9 compartilhou uma [&hellip;]\" \/>\n<meta property=\"og:url\" content=\"https:\/\/nazarene.org\/pt-br\/news\/um-sorriso-para-cali-traz-esperanca-para-10-mil-pessoas-na-colombia\/\" \/>\n<meta property=\"og:site_name\" content=\"Church of the Nazarene\" \/>\n<meta property=\"article:publisher\" content=\"https:\/\/www.facebook.com\/NazareneOfficial\/\" \/>\n<meta property=\"article:modified_time\" content=\"2025-11-14T15:56:45+00:00\" \/>\n<meta property=\"og:image\" content=\"https:\/\/nazarene.org\/wp-content\/uploads\/2025\/11\/Smile-for-Cali.jpg\" \/>\n\t<meta property=\"og:image:width\" content=\"1500\" \/>\n\t<meta property=\"og:image:height\" content=\"800\" \/>\n\t<meta property=\"og:image:type\" content=\"image\/jpeg\" \/>\n<meta name=\"twitter:card\" content=\"summary_large_image\" \/>\n<meta name=\"twitter:site\" content=\"@Nazarene\" \/>\n<script type=\"application\/ld+json\" class=\"yoast-schema-graph\">{\"@context\":\"https:\/\/schema.org\",\"@graph\":[{\"@type\":\"WebPage\",\"@id\":\"https:\/\/nazarene.org\/pt-br\/news\/um-sorriso-para-cali-traz-esperanca-para-10-mil-pessoas-na-colombia\/\",\"url\":\"https:\/\/nazarene.org\/pt-br\/news\/um-sorriso-para-cali-traz-esperanca-para-10-mil-pessoas-na-colombia\/\",\"name\":\"'Um Sorriso para Cali' traz esperan\u00e7a para 10 mil pessoas na Col\u00f4mbia - Church of the Nazarene\",\"isPartOf\":{\"@id\":\"https:\/\/nazarene.org\/pt-br\/#website\"},\"primaryImageOfPage\":{\"@id\":\"https:\/\/nazarene.org\/pt-br\/news\/um-sorriso-para-cali-traz-esperanca-para-10-mil-pessoas-na-colombia\/#primaryimage\"},\"image\":{\"@id\":\"https:\/\/nazarene.org\/pt-br\/news\/um-sorriso-para-cali-traz-esperanca-para-10-mil-pessoas-na-colombia\/#primaryimage\"},\"thumbnailUrl\":\"https:\/\/nazarene.org\/wp-content\/uploads\/2025\/11\/Smile-for-Cali.jpg\",\"datePublished\":\"2025-11-13T20:44:53+00:00\",\"dateModified\":\"2025-11-14T15:56:45+00:00\",\"breadcrumb\":{\"@id\":\"https:\/\/nazarene.org\/pt-br\/news\/um-sorriso-para-cali-traz-esperanca-para-10-mil-pessoas-na-colombia\/#breadcrumb\"},\"inLanguage\":\"pt-BR\",\"potentialAction\":[{\"@type\":\"ReadAction\",\"target\":[\"https:\/\/nazarene.org\/pt-br\/news\/um-sorriso-para-cali-traz-esperanca-para-10-mil-pessoas-na-colombia\/\"]}]},{\"@type\":\"ImageObject\",\"inLanguage\":\"pt-BR\",\"@id\":\"https:\/\/nazarene.org\/pt-br\/news\/um-sorriso-para-cali-traz-esperanca-para-10-mil-pessoas-na-colombia\/#primaryimage\",\"url\":\"https:\/\/nazarene.org\/wp-content\/uploads\/2025\/11\/Smile-for-Cali.jpg\",\"contentUrl\":\"https:\/\/nazarene.org\/wp-content\/uploads\/2025\/11\/Smile-for-Cali.jpg\",\"width\":1500,\"height\":800},{\"@type\":\"BreadcrumbList\",\"@id\":\"https:\/\/nazarene.org\/pt-br\/news\/um-sorriso-para-cali-traz-esperanca-para-10-mil-pessoas-na-colombia\/#breadcrumb\",\"itemListElement\":[{\"@type\":\"ListItem\",\"position\":1,\"name\":\"Home\",\"item\":\"https:\/\/nazarene.org\/pt-br\/casa\/\"},{\"@type\":\"ListItem\",\"position\":2,\"name\":\"News\",\"item\":\"https:\/\/nazarene.org\/pt-br\/news\/\"},{\"@type\":\"ListItem\",\"position\":3,\"name\":\"&#8216;Um Sorriso para Cali&#8217; traz esperan\u00e7a para 10 mil pessoas na Col\u00f4mbia\"}]},{\"@type\":\"WebSite\",\"@id\":\"https:\/\/nazarene.org\/pt-br\/#website\",\"url\":\"https:\/\/nazarene.org\/pt-br\/\",\"name\":\"Church of the Nazarene\",\"description\":\"Making Christlike Disciples in the Nations\",\"publisher\":{\"@id\":\"https:\/\/nazarene.org\/pt-br\/#organization\"},\"potentialAction\":[{\"@type\":\"SearchAction\",\"target\":{\"@type\":\"EntryPoint\",\"urlTemplate\":\"https:\/\/nazarene.org\/pt-br\/?s={search_term_string}\"},\"query-input\":{\"@type\":\"PropertyValueSpecification\",\"valueRequired\":true,\"valueName\":\"search_term_string\"}}],\"inLanguage\":\"pt-BR\"},{\"@type\":\"Organization\",\"@id\":\"https:\/\/nazarene.org\/pt-br\/#organization\",\"name\":\"Church of the Nazarene\",\"url\":\"https:\/\/nazarene.org\/pt-br\/\",\"logo\":{\"@type\":\"ImageObject\",\"inLanguage\":\"pt-BR\",\"@id\":\"https:\/\/nazarene.org\/pt-br\/#\/schema\/logo\/image\/\",\"url\":\"https:\/\/nazarene.org\/wp-content\/uploads\/2024\/06\/Naz_Desktop_Black_Logo-1.svg\",\"contentUrl\":\"https:\/\/nazarene.org\/wp-content\/uploads\/2024\/06\/Naz_Desktop_Black_Logo-1.svg\",\"width\":258,\"height\":36,\"caption\":\"Church of the Nazarene\"},\"image\":{\"@id\":\"https:\/\/nazarene.org\/pt-br\/#\/schema\/logo\/image\/\"},\"sameAs\":[\"https:\/\/www.facebook.com\/NazareneOfficial\/\",\"https:\/\/x.com\/Nazarene\",\"https:\/\/www.instagram.com\/nazareneofficial\/\"]}]}<\/script>\n<!-- \/ Yoast SEO Premium plugin. -->","yoast_head_json":{"title":"'Um Sorriso para Cali' traz esperan\u00e7a para 10 mil pessoas na Col\u00f4mbia - Church of the Nazarene","robots":{"index":"index","follow":"follow","max-snippet":"max-snippet:-1","max-image-preview":"max-image-preview:large","max-video-preview":"max-video-preview:-1"},"canonical":"https:\/\/nazarene.org\/pt-br\/news\/um-sorriso-para-cali-traz-esperanca-para-10-mil-pessoas-na-colombia\/","og_locale":"pt_BR","og_type":"article","og_title":"'Um Sorriso para Cali' traz esperan\u00e7a para 10 mil pessoas na Col\u00f4mbia","og_description":"&#8220;Um Sorriso para Cali&#8221; ocorreu em 26 de outubro de 2025 no Centro de Eventos Ca\u00f1asgordas em Cali, na Col\u00f4mbia. O evento foi organizado pela Igreja do Nazareno Casa de Ora\u00e7\u00e3o em Cali. A alegre ocasi\u00e3o contou com a presen\u00e7a do renomado humorista colombiano Jos\u00e9 Ord\u00f3\u00f1ez como convidado especial. Usando o humor, Jos\u00e9 compartilhou uma [&hellip;]","og_url":"https:\/\/nazarene.org\/pt-br\/news\/um-sorriso-para-cali-traz-esperanca-para-10-mil-pessoas-na-colombia\/","og_site_name":"Church of the Nazarene","article_publisher":"https:\/\/www.facebook.com\/NazareneOfficial\/","article_modified_time":"2025-11-14T15:56:45+00:00","og_image":[{"width":1500,"height":800,"url":"https:\/\/nazarene.org\/wp-content\/uploads\/2025\/11\/Smile-for-Cali.jpg","type":"image\/jpeg"}],"twitter_card":"summary_large_image","twitter_site":"@Nazarene","schema":{"@context":"https:\/\/schema.org","@graph":[{"@type":"WebPage","@id":"https:\/\/nazarene.org\/pt-br\/news\/um-sorriso-para-cali-traz-esperanca-para-10-mil-pessoas-na-colombia\/","url":"https:\/\/nazarene.org\/pt-br\/news\/um-sorriso-para-cali-traz-esperanca-para-10-mil-pessoas-na-colombia\/","name":"'Um Sorriso para Cali' traz esperan\u00e7a para 10 mil pessoas na Col\u00f4mbia - Church of the Nazarene","isPartOf":{"@id":"https:\/\/nazarene.org\/pt-br\/#website"},"primaryImageOfPage":{"@id":"https:\/\/nazarene.org\/pt-br\/news\/um-sorriso-para-cali-traz-esperanca-para-10-mil-pessoas-na-colombia\/#primaryimage"},"image":{"@id":"https:\/\/nazarene.org\/pt-br\/news\/um-sorriso-para-cali-traz-esperanca-para-10-mil-pessoas-na-colombia\/#primaryimage"},"thumbnailUrl":"https:\/\/nazarene.org\/wp-content\/uploads\/2025\/11\/Smile-for-Cali.jpg","datePublished":"2025-11-13T20:44:53+00:00","dateModified":"2025-11-14T15:56:45+00:00","breadcrumb":{"@id":"https:\/\/nazarene.org\/pt-br\/news\/um-sorriso-para-cali-traz-esperanca-para-10-mil-pessoas-na-colombia\/#breadcrumb"},"inLanguage":"pt-BR","potentialAction":[{"@type":"ReadAction","target":["https:\/\/nazarene.org\/pt-br\/news\/um-sorriso-para-cali-traz-esperanca-para-10-mil-pessoas-na-colombia\/"]}]},{"@type":"ImageObject","inLanguage":"pt-BR","@id":"https:\/\/nazarene.org\/pt-br\/news\/um-sorriso-para-cali-traz-esperanca-para-10-mil-pessoas-na-colombia\/#primaryimage","url":"https:\/\/nazarene.org\/wp-content\/uploads\/2025\/11\/Smile-for-Cali.jpg","contentUrl":"https:\/\/nazarene.org\/wp-content\/uploads\/2025\/11\/Smile-for-Cali.jpg","width":1500,"height":800},{"@type":"BreadcrumbList","@id":"https:\/\/nazarene.org\/pt-br\/news\/um-sorriso-para-cali-traz-esperanca-para-10-mil-pessoas-na-colombia\/#breadcrumb","itemListElement":[{"@type":"ListItem","position":1,"name":"Home","item":"https:\/\/nazarene.org\/pt-br\/casa\/"},{"@type":"ListItem","position":2,"name":"News","item":"https:\/\/nazarene.org\/pt-br\/news\/"},{"@type":"ListItem","position":3,"name":"&#8216;Um Sorriso para Cali&#8217; traz esperan\u00e7a para 10 mil pessoas na Col\u00f4mbia"}]},{"@type":"WebSite","@id":"https:\/\/nazarene.org\/pt-br\/#website","url":"https:\/\/nazarene.org\/pt-br\/","name":"Church of the Nazarene","description":"Making Christlike Disciples in the Nations","publisher":{"@id":"https:\/\/nazarene.org\/pt-br\/#organization"},"potentialAction":[{"@type":"SearchAction","target":{"@type":"EntryPoint","urlTemplate":"https:\/\/nazarene.org\/pt-br\/?s={search_term_string}"},"query-input":{"@type":"PropertyValueSpecification","valueRequired":true,"valueName":"search_term_string"}}],"inLanguage":"pt-BR"},{"@type":"Organization","@id":"https:\/\/nazarene.org\/pt-br\/#organization","name":"Church of the Nazarene","url":"https:\/\/nazarene.org\/pt-br\/","logo":{"@type":"ImageObject","inLanguage":"pt-BR","@id":"https:\/\/nazarene.org\/pt-br\/#\/schema\/logo\/image\/","url":"https:\/\/nazarene.org\/wp-content\/uploads\/2024\/06\/Naz_Desktop_Black_Logo-1.svg","contentUrl":"https:\/\/nazarene.org\/wp-content\/uploads\/2024\/06\/Naz_Desktop_Black_Logo-1.svg","width":258,"height":36,"caption":"Church of the Nazarene"},"image":{"@id":"https:\/\/nazarene.org\/pt-br\/#\/schema\/logo\/image\/"},"sameAs":["https:\/\/www.facebook.com\/NazareneOfficial\/","https:\/\/x.com\/Nazarene","https:\/\/www.instagram.com\/nazareneofficial\/"]}]}},"_links":{"self":[{"href":"https:\/\/nazarene.org\/pt-br\/wp-json\/wp\/v2\/news\/63510","targetHints":{"allow":["GET"]}}],"collection":[{"href":"https:\/\/nazarene.org\/pt-br\/wp-json\/wp\/v2\/news"}],"about":[{"href":"https:\/\/nazarene.org\/pt-br\/wp-json\/wp\/v2\/types\/news"}],"author":[{"embeddable":true,"href":"https:\/\/nazarene.org\/pt-br\/wp-json\/wp\/v2\/users\/17"}],"version-history":[{"count":1,"href":"https:\/\/nazarene.org\/pt-br\/wp-json\/wp\/v2\/news\/63510\/revisions"}],"predecessor-version":[{"id":63512,"href":"https:\/\/nazarene.org\/pt-br\/wp-json\/wp\/v2\/news\/63510\/revisions\/63512"}],"wp:featuredmedia":[{"embeddable":true,"href":"https:\/\/nazarene.org\/pt-br\/wp-json\/wp\/v2\/media\/63511"}],"wp:attachment":[{"href":"https:\/\/nazarene.org\/pt-br\/wp-json\/wp\/v2\/media?parent=63510"}],"wp:term":[{"taxonomy":"news-categories","embeddable":true,"href":"https:\/\/nazarene.org\/pt-br\/wp-json\/wp\/v2\/news-categories?post=63510"},{"taxonomy":"news-region-taxonomy","embeddable":true,"href":"https:\/\/nazarene.org\/pt-br\/wp-json\/wp\/v2\/news-region-taxonomy?post=63510"},{"taxonomy":"news-tag","embeddable":true,"href":"https:\/\/nazarene.org\/pt-br\/wp-json\/wp\/v2\/news-tag?post=63510"}],"curies":[{"name":"wp","href":"https:\/\/api.w.org\/{rel}","templated":true}]}}