{"id":54154,"date":"2019-07-10T00:00:00","date_gmt":"2019-07-10T05:00:00","guid":{"rendered":"https:\/\/nazarene.org\/news\/plnu-dedica-nova-capela-de-oracao\/"},"modified":"2019-07-10T00:00:00","modified_gmt":"2019-07-10T05:00:00","slug":"plnu-dedica-nova-capela-de-oracao","status":"publish","type":"news","link":"https:\/\/nazarene.org\/pt-br\/news\/plnu-dedica-nova-capela-de-oracao\/","title":{"rendered":"PLNU dedica nova capela de ora\u00e7\u00e3o"},"content":{"rendered":"<p><img fetchpriority=\"high\" decoding=\"async\" alt=\"\" height=\"400\" src=\"https:\/\/nazarene.org\/wp-content\/uploads\/migrated_images\/NCN%20News\/Collegiate\/Point%20Loma\/Prescott%20Exterior.jpg\" width=\"750\"><\/p>\n<p>&nbsp;<a href=\"https:\/\/www.pointloma.edu\/\" target=\"_blank\">Universidade Point&nbsp;Loma Nazarene<\/a> dedicou o novo Lyle e Grace Prescott Prayer Capel 1 de maio. A capela \u00e9 uma nova itera\u00e7\u00e3o de &nbsp;astructura que se destaca como um s\u00edmbolo de valores universit\u00e1rios e o papel significativo que a ora\u00e7\u00e3o desempenha no cen\u00e1rio acad\u00eamico de PLNU.<\/p>\n<p>Dos atos criativos para a beleza construtiva &#8230; esta \u00e9 verdadeiramente uma escultura&#8221;, disse Bob Brower, presidente PLNU. Este dia celebramos a fidelidade de Deus. Dos momentos que ele come\u00e7ou a trabalhar nas vidas daqueles que oraram que podemos &nbsp;existir agora todos n\u00f3s que oramos sobre o presente e o futuro e tudo que Deus far\u00e1.<img decoding=\"async\" alt=\"\" height=\"225\" src=\"https:\/\/nazarene.org\/wp-content\/uploads\/migrated_images\/NCN%20News\/Collegiate\/Point%20Loma\/Prescott%20Dedication%20Interior.jpg\" style=\"float:right\" width=\"225\"><\/p>\n<p>Visualizado pelos estudantes de Pasadena College&nbsp;Ron Benefiel, Gene Schandorff, Dan Royer e Steve Reese, a Capela Prescott Prayer original foi dedicada em 1972 em honra de ex-&nbsp;alunos Lyle e Grace Prescott. Como mission\u00e1rios na Igreja do Nazareno, Lyle e Grace dedicaram suas vidas em servi\u00e7o a Deus e outros. Al\u00e9m disso, eles acreditavam profundamente no poder de ora\u00e7\u00e3o em suas vidas e trabalho. Seu filho, Bob Prescott, e mais de 50 membros da fam\u00edlia Prescott se juntaram a quase 400 convidados na celebra\u00e7\u00e3o de dedica\u00e7\u00e3o. &nbsp;<\/p>\n<p>Quando a universidade se realocou para os penhascos de Point Loma em 1973, a Capela Prescott Prayer era o \u00fanico edif\u00edcio se mudou de Pasadena para San Diego. O ambiente costeiro e infesta\u00e7\u00e3o de cupins necessitavam de uma nova estrutura, e planos para a nova capela come\u00e7aram em 2015.<\/p>\n<p>Era o desejo da fam\u00edlia Prescott , lideran\u00e7a PLNU, estudantes e Carrier Johnson para inspirar&nbsp;, interna e externamente, conex\u00e3o de ora\u00e7\u00e3o com a Santa Trindade &#8211; o Pai, o Filho e o Esp\u00edrito Santo.<\/p>\n<p>O design de capela de ora\u00e7\u00e3o para PLNU evoluiu a partir de duas inspira\u00e7\u00f5es: seu cen\u00e1rio natural sereno e o significado espiritual de ambiente de ora\u00e7\u00e3o&#8221;, disse o arquiteto Gordon Carrier de Carrier Johnson + CULTURE. Embora pequeno em pegada, o espa\u00e7o oferece uma experi\u00eancia comensur\u00e1vel com o poder de ora\u00e7\u00e3o.<\/p>\n<p>A capela de concreto derramada no lugar \u00e9 preenchida com luz natural e abriga tr\u00eas nichos de ora\u00e7\u00e3o pessoais, cada um separado com defletores de madeira oferecendo privacidade enquanto se concentra em uma cruz de 12 p\u00e9s de altura colocada no meio do espa\u00e7o. O poder de tr\u00eas \u00e9 evocado em todo o exterior da estrutura tamb\u00e9m. Cercado por um jardim de ora\u00e7\u00e3o, composto de tr\u00eas nichos de ora\u00e7\u00e3o individuais definidos por sebes cuidadosamente esculpidas, cada nicho \u00e9 ainda mais aprimorado por pain\u00e9is de vidro colorido independentes, traduzindo luz solar para cor, todos os quais foram reclamados da capela original.<\/p>\n<p>O design, constru\u00e7\u00e3o &nbsp;e conclus\u00e3o de Prescott Prayer Capel foi poss\u00edvel &nbsp;pela generosidade de &nbsp;doadores, o trabalho criativo de Gordon Carrier e a equipe de arquitetura Carrier Johnson, bem como os esfor\u00e7os de numerosas empresas de engenharia e artes\u00e3os.<\/p>\n<p>De acordo com o Presidente Brower, a dedica\u00e7\u00e3o da Capela de Ora\u00e7\u00e3o Lyle e Grace Prescott Prayer se destaca como &#8220;um testemunho para a fidelidade de Deus, a Sua presen\u00e7a entre n\u00f3s, e Seu chamado para cada um de n\u00f3s para se tornar as pessoas que Ele est\u00e1 nos chamando para ser&#8221;.<\/p>\n<p><a href=\"https:\/\/www.pointloma.edu\/\" target=\"_blank\">Universidade Point Loma Nazarena<\/a><\/p>\n","protected":false},"excerpt":{"rendered":"<p><img decoding=\"async\" alt=\"\" height=\"400\" src=\"\/sites\/default\/files\/migrated_images\/NCN%20News\/Collegiate\/Point%20Loma&lt;\/div&gt;\"><\/p>\n","protected":false},"author":1,"featured_media":0,"menu_order":0,"template":"","news-categories":[],"news-region-taxonomy":[],"news-tag":[873,762,1895],"class_list":["post-54154","news","type-news","status-publish","hentry","news-tag-colegiado","news-tag-eua-canada","news-tag-plnu-pt-br"],"yoast_head":"<!-- This site is optimized with the Yoast SEO Premium plugin v27.1 (Yoast SEO v27.1.1) - https:\/\/yoast.com\/product\/yoast-seo-premium-wordpress\/ -->\n<title>PLNU dedica nova capela de ora\u00e7\u00e3o - Church of the Nazarene<\/title>\n<meta name=\"robots\" content=\"index, follow, max-snippet:-1, max-image-preview:large, max-video-preview:-1\" \/>\n<link rel=\"canonical\" href=\"https:\/\/nazarene.org\/pt-br\/news\/plnu-dedica-nova-capela-de-oracao\/\" \/>\n<meta property=\"og:locale\" content=\"pt_BR\" \/>\n<meta property=\"og:type\" content=\"article\" \/>\n<meta property=\"og:title\" content=\"PLNU dedica nova capela de ora\u00e7\u00e3o\" \/>\n<meta property=\"og:url\" content=\"https:\/\/nazarene.org\/pt-br\/news\/plnu-dedica-nova-capela-de-oracao\/\" \/>\n<meta property=\"og:site_name\" content=\"Church of the Nazarene\" \/>\n<meta property=\"article:publisher\" content=\"https:\/\/www.facebook.com\/NazareneOfficial\/\" \/>\n<meta property=\"og:image\" content=\"https:\/\/nazarene.org\/wp-content\/uploads\/migrated_images\/NCN%20News\/Collegiate\/Point%20Loma\/Prescott%20Exterior.jpg\" \/>\n<meta name=\"twitter:card\" content=\"summary_large_image\" \/>\n<meta name=\"twitter:site\" content=\"@Nazarene\" \/>\n<script type=\"application\/ld+json\" class=\"yoast-schema-graph\">{\"@context\":\"https:\/\/schema.org\",\"@graph\":[{\"@type\":\"WebPage\",\"@id\":\"https:\/\/nazarene.org\/pt-br\/news\/plnu-dedica-nova-capela-de-oracao\/\",\"url\":\"https:\/\/nazarene.org\/pt-br\/news\/plnu-dedica-nova-capela-de-oracao\/\",\"name\":\"PLNU dedica nova capela de ora\u00e7\u00e3o - Church of the Nazarene\",\"isPartOf\":{\"@id\":\"https:\/\/nazarene.org\/pt-br\/#website\"},\"primaryImageOfPage\":{\"@id\":\"https:\/\/nazarene.org\/pt-br\/news\/plnu-dedica-nova-capela-de-oracao\/#primaryimage\"},\"image\":{\"@id\":\"https:\/\/nazarene.org\/pt-br\/news\/plnu-dedica-nova-capela-de-oracao\/#primaryimage\"},\"thumbnailUrl\":\"https:\/\/nazarene.org\/wp-content\/uploads\/migrated_images\/NCN%20News\/Collegiate\/Point%20Loma\/Prescott%20Exterior.jpg\",\"datePublished\":\"2019-07-10T05:00:00+00:00\",\"breadcrumb\":{\"@id\":\"https:\/\/nazarene.org\/pt-br\/news\/plnu-dedica-nova-capela-de-oracao\/#breadcrumb\"},\"inLanguage\":\"pt-BR\",\"potentialAction\":[{\"@type\":\"ReadAction\",\"target\":[\"https:\/\/nazarene.org\/pt-br\/news\/plnu-dedica-nova-capela-de-oracao\/\"]}]},{\"@type\":\"ImageObject\",\"inLanguage\":\"pt-BR\",\"@id\":\"https:\/\/nazarene.org\/pt-br\/news\/plnu-dedica-nova-capela-de-oracao\/#primaryimage\",\"url\":\"https:\/\/nazarene.org\/wp-content\/uploads\/migrated_images\/NCN%20News\/Collegiate\/Point%20Loma\/Prescott%20Exterior.jpg\",\"contentUrl\":\"https:\/\/nazarene.org\/wp-content\/uploads\/migrated_images\/NCN%20News\/Collegiate\/Point%20Loma\/Prescott%20Exterior.jpg\"},{\"@type\":\"BreadcrumbList\",\"@id\":\"https:\/\/nazarene.org\/pt-br\/news\/plnu-dedica-nova-capela-de-oracao\/#breadcrumb\",\"itemListElement\":[{\"@type\":\"ListItem\",\"position\":1,\"name\":\"Home\",\"item\":\"https:\/\/nazarene.org\/pt-br\/casa\/\"},{\"@type\":\"ListItem\",\"position\":2,\"name\":\"News\",\"item\":\"https:\/\/nazarene.org\/pt-br\/news\/\"},{\"@type\":\"ListItem\",\"position\":3,\"name\":\"PLNU dedica nova capela de ora\u00e7\u00e3o\"}]},{\"@type\":\"WebSite\",\"@id\":\"https:\/\/nazarene.org\/pt-br\/#website\",\"url\":\"https:\/\/nazarene.org\/pt-br\/\",\"name\":\"Church of the Nazarene\",\"description\":\"Making Christlike Disciples in the Nations\",\"publisher\":{\"@id\":\"https:\/\/nazarene.org\/pt-br\/#organization\"},\"potentialAction\":[{\"@type\":\"SearchAction\",\"target\":{\"@type\":\"EntryPoint\",\"urlTemplate\":\"https:\/\/nazarene.org\/pt-br\/?s={search_term_string}\"},\"query-input\":{\"@type\":\"PropertyValueSpecification\",\"valueRequired\":true,\"valueName\":\"search_term_string\"}}],\"inLanguage\":\"pt-BR\"},{\"@type\":\"Organization\",\"@id\":\"https:\/\/nazarene.org\/pt-br\/#organization\",\"name\":\"Church of the Nazarene\",\"url\":\"https:\/\/nazarene.org\/pt-br\/\",\"logo\":{\"@type\":\"ImageObject\",\"inLanguage\":\"pt-BR\",\"@id\":\"https:\/\/nazarene.org\/pt-br\/#\/schema\/logo\/image\/\",\"url\":\"https:\/\/nazarene.org\/wp-content\/uploads\/2024\/06\/Naz_Desktop_Black_Logo-1.svg\",\"contentUrl\":\"https:\/\/nazarene.org\/wp-content\/uploads\/2024\/06\/Naz_Desktop_Black_Logo-1.svg\",\"width\":258,\"height\":36,\"caption\":\"Church of the Nazarene\"},\"image\":{\"@id\":\"https:\/\/nazarene.org\/pt-br\/#\/schema\/logo\/image\/\"},\"sameAs\":[\"https:\/\/www.facebook.com\/NazareneOfficial\/\",\"https:\/\/x.com\/Nazarene\",\"https:\/\/www.instagram.com\/nazareneofficial\/\"]}]}<\/script>\n<!-- \/ Yoast SEO Premium plugin. -->","yoast_head_json":{"title":"PLNU dedica nova capela de ora\u00e7\u00e3o - Church of the Nazarene","robots":{"index":"index","follow":"follow","max-snippet":"max-snippet:-1","max-image-preview":"max-image-preview:large","max-video-preview":"max-video-preview:-1"},"canonical":"https:\/\/nazarene.org\/pt-br\/news\/plnu-dedica-nova-capela-de-oracao\/","og_locale":"pt_BR","og_type":"article","og_title":"PLNU dedica nova capela de ora\u00e7\u00e3o","og_url":"https:\/\/nazarene.org\/pt-br\/news\/plnu-dedica-nova-capela-de-oracao\/","og_site_name":"Church of the Nazarene","article_publisher":"https:\/\/www.facebook.com\/NazareneOfficial\/","og_image":[{"url":"https:\/\/nazarene.org\/wp-content\/uploads\/migrated_images\/NCN%20News\/Collegiate\/Point%20Loma\/Prescott%20Exterior.jpg","type":"","width":"","height":""}],"twitter_card":"summary_large_image","twitter_site":"@Nazarene","schema":{"@context":"https:\/\/schema.org","@graph":[{"@type":"WebPage","@id":"https:\/\/nazarene.org\/pt-br\/news\/plnu-dedica-nova-capela-de-oracao\/","url":"https:\/\/nazarene.org\/pt-br\/news\/plnu-dedica-nova-capela-de-oracao\/","name":"PLNU dedica nova capela de ora\u00e7\u00e3o - Church of the Nazarene","isPartOf":{"@id":"https:\/\/nazarene.org\/pt-br\/#website"},"primaryImageOfPage":{"@id":"https:\/\/nazarene.org\/pt-br\/news\/plnu-dedica-nova-capela-de-oracao\/#primaryimage"},"image":{"@id":"https:\/\/nazarene.org\/pt-br\/news\/plnu-dedica-nova-capela-de-oracao\/#primaryimage"},"thumbnailUrl":"https:\/\/nazarene.org\/wp-content\/uploads\/migrated_images\/NCN%20News\/Collegiate\/Point%20Loma\/Prescott%20Exterior.jpg","datePublished":"2019-07-10T05:00:00+00:00","breadcrumb":{"@id":"https:\/\/nazarene.org\/pt-br\/news\/plnu-dedica-nova-capela-de-oracao\/#breadcrumb"},"inLanguage":"pt-BR","potentialAction":[{"@type":"ReadAction","target":["https:\/\/nazarene.org\/pt-br\/news\/plnu-dedica-nova-capela-de-oracao\/"]}]},{"@type":"ImageObject","inLanguage":"pt-BR","@id":"https:\/\/nazarene.org\/pt-br\/news\/plnu-dedica-nova-capela-de-oracao\/#primaryimage","url":"https:\/\/nazarene.org\/wp-content\/uploads\/migrated_images\/NCN%20News\/Collegiate\/Point%20Loma\/Prescott%20Exterior.jpg","contentUrl":"https:\/\/nazarene.org\/wp-content\/uploads\/migrated_images\/NCN%20News\/Collegiate\/Point%20Loma\/Prescott%20Exterior.jpg"},{"@type":"BreadcrumbList","@id":"https:\/\/nazarene.org\/pt-br\/news\/plnu-dedica-nova-capela-de-oracao\/#breadcrumb","itemListElement":[{"@type":"ListItem","position":1,"name":"Home","item":"https:\/\/nazarene.org\/pt-br\/casa\/"},{"@type":"ListItem","position":2,"name":"News","item":"https:\/\/nazarene.org\/pt-br\/news\/"},{"@type":"ListItem","position":3,"name":"PLNU dedica nova capela de ora\u00e7\u00e3o"}]},{"@type":"WebSite","@id":"https:\/\/nazarene.org\/pt-br\/#website","url":"https:\/\/nazarene.org\/pt-br\/","name":"Church of the Nazarene","description":"Making Christlike Disciples in the Nations","publisher":{"@id":"https:\/\/nazarene.org\/pt-br\/#organization"},"potentialAction":[{"@type":"SearchAction","target":{"@type":"EntryPoint","urlTemplate":"https:\/\/nazarene.org\/pt-br\/?s={search_term_string}"},"query-input":{"@type":"PropertyValueSpecification","valueRequired":true,"valueName":"search_term_string"}}],"inLanguage":"pt-BR"},{"@type":"Organization","@id":"https:\/\/nazarene.org\/pt-br\/#organization","name":"Church of the Nazarene","url":"https:\/\/nazarene.org\/pt-br\/","logo":{"@type":"ImageObject","inLanguage":"pt-BR","@id":"https:\/\/nazarene.org\/pt-br\/#\/schema\/logo\/image\/","url":"https:\/\/nazarene.org\/wp-content\/uploads\/2024\/06\/Naz_Desktop_Black_Logo-1.svg","contentUrl":"https:\/\/nazarene.org\/wp-content\/uploads\/2024\/06\/Naz_Desktop_Black_Logo-1.svg","width":258,"height":36,"caption":"Church of the Nazarene"},"image":{"@id":"https:\/\/nazarene.org\/pt-br\/#\/schema\/logo\/image\/"},"sameAs":["https:\/\/www.facebook.com\/NazareneOfficial\/","https:\/\/x.com\/Nazarene","https:\/\/www.instagram.com\/nazareneofficial\/"]}]}},"_links":{"self":[{"href":"https:\/\/nazarene.org\/pt-br\/wp-json\/wp\/v2\/news\/54154","targetHints":{"allow":["GET"]}}],"collection":[{"href":"https:\/\/nazarene.org\/pt-br\/wp-json\/wp\/v2\/news"}],"about":[{"href":"https:\/\/nazarene.org\/pt-br\/wp-json\/wp\/v2\/types\/news"}],"author":[{"embeddable":true,"href":"https:\/\/nazarene.org\/pt-br\/wp-json\/wp\/v2\/users\/1"}],"version-history":[{"count":0,"href":"https:\/\/nazarene.org\/pt-br\/wp-json\/wp\/v2\/news\/54154\/revisions"}],"wp:attachment":[{"href":"https:\/\/nazarene.org\/pt-br\/wp-json\/wp\/v2\/media?parent=54154"}],"wp:term":[{"taxonomy":"news-categories","embeddable":true,"href":"https:\/\/nazarene.org\/pt-br\/wp-json\/wp\/v2\/news-categories?post=54154"},{"taxonomy":"news-region-taxonomy","embeddable":true,"href":"https:\/\/nazarene.org\/pt-br\/wp-json\/wp\/v2\/news-region-taxonomy?post=54154"},{"taxonomy":"news-tag","embeddable":true,"href":"https:\/\/nazarene.org\/pt-br\/wp-json\/wp\/v2\/news-tag?post=54154"}],"curies":[{"name":"wp","href":"https:\/\/api.w.org\/{rel}","templated":true}]}}