{"id":54033,"date":"2019-07-10T00:00:00","date_gmt":"2019-07-10T05:00:00","guid":{"rendered":"https:\/\/nazarene.org\/news\/igreja-oklahoma-endura-como-incendios-florestais-se-espalham\/"},"modified":"2019-07-10T00:00:00","modified_gmt":"2019-07-10T05:00:00","slug":"igreja-oklahoma-endura-como-incendios-florestais-se-espalham","status":"publish","type":"news","link":"https:\/\/nazarene.org\/pt-br\/news\/igreja-oklahoma-endura-como-incendios-florestais-se-espalham\/","title":{"rendered":"Igreja Oklahoma endura como inc\u00eandios florestais se espalham"},"content":{"rendered":"<p><img fetchpriority=\"high\" decoding=\"async\" alt=\"\" height=\"400\" src=\"https:\/\/nazarene.org\/wp-content\/uploads\/migrated_images\/NCN%20News\/USACanada\/Oklahoma\/Vici%2COK%20wildfires.jpg\" width=\"750\"><\/p>\n<p>V\u00e1rios <a href=\"http:\/\/www.cbsnews.com\/news\/oklahoma-wildfires-evacuations-underway\/\" target=\"_blank\">inc\u00eandios florestais eclodiram<\/a> em todo o Oeste de Oklahoma na semana passada, destruindo centenas de milhares de acres de terra e v\u00e1rios edif\u00edcios.&nbsp;Pelo menos &nbsp;<a href=\"http:\/\/newsok.com\/wildfires-continue-to-spread-in-western-oklahoma\/article\/5591524\" target=\"_blank\">19 pessoas foram trata<\/a>das para inala\u00e7\u00e3o de fuma\u00e7a e les\u00f5es relacionadas a calor, uma pessoa foi tratada para queimaduras &nbsp;e duas <a href=\"http:\/\/www.businessinsider.com\/oklahoma-fire-visible-from-space-2018-4\" target=\"_blank\">pessoas foram morta<\/a>s.<\/p>\n<p><a href=\"http:\/\/vicinazarene.com\/\" target=\"_blank\">Vici do Nazareno<\/a> foi atingida especialmente duramente.<\/p>\n<p>Nos \u00faltimos dias, inc\u00eandios florestais se tornaram uma amea\u00e7a significativa para o meio de subsist\u00eancia de nossos companheiros Oklahomanos e pares Nazarenos em Oklahoma Ocidental&#8221;, Igreja Norman&nbsp;Comunidade do Nazareno&nbsp;<a href=\"https:\/\/www.facebook.com\/Normancommunitynaz\/photos\/a.656456991159492.1073741828.656408797830978\/1153178244820695\/?type=3&amp;theater\" target=\"_blank\">escreveu em sua p\u00e1gina do Facebook<\/a>. A cidade de Vici esteve sob amea\u00e7a por mais de uma semana agora. Mais de 250.000 acres foram perdidos, e mais de 30 casas e in\u00fameras outras estruturas, gado &nbsp;e propriedade foram afetados. Membros da Igreja Vici do Nazareno perderam propriedade e casas tamb\u00e9m. Os inc\u00eandios e pontos de quente ainda est\u00e3o ativos hoje, com nenhum sinal de al\u00edvio de condi\u00e7\u00f5es de vento ou seca. Pessoas s\u00e3o cansadas, com medo, incertas e algumas desesperadas.<\/p>\n<p>O Servi\u00e7o de Clima Nacional <a href=\"https:\/\/www.pbs.org\/newshour\/nation\/wildfires-are-spreading-across-oklahoma-heres-what-you-need-to-know\" target=\"_blank\">marcou os inc\u00eandios extremamente cr\u00edticos<\/a>, a pior classifica\u00e7\u00e3o que a ag\u00eancia d\u00e1. Em &nbsp;certas \u00e1reas, o fogo est\u00e1 se espalhando para uma milha a cada 8 a 12 minutos e \u00e9 apenas cerca de 15% contido.<\/p>\n<p>Temos condi\u00e7\u00f5es hist\u00f3ricas t\u00e3o longe quanto fogo&#8221;, &nbsp;disse Matt Lehenbauer, diretor de gerenciamento de emerg\u00eancias para o Condado de Woodward, Oklahoma. N\u00e3o vimos esses tipos de condi\u00e7\u00f5es em uma d\u00e9cada.<\/p>\n<p>As comunidades est\u00e3o esperando al\u00edvio logo como previs\u00f5es clim\u00e1ticas locais &nbsp;mostram chuva e chances de tempestade aumentar\u00e3o come\u00e7ando neste fim de semana.<\/p>\n<p>Um sistema de tempestade se movendo atrav\u00e9s de sexta-feira \u00e0 tarde e para a noite \u00e9 esperado que traga chuva ben\u00e9fica para a \u00e1rea&#8221;, <a href=\"http:\/\/newsok.com\/wildfires-continue-to-spread-in-western-oklahoma\/article\/5591524\" target=\"_blank\">relatou NewsOK<\/a>&nbsp;.Uma alta probabilidade de precipita\u00e7\u00e3o \u00e9 prevista para a \u00e1rea de sexta-feira \u00e0 noite a domingo de manh\u00e3.<\/p>\n<p>Ora\u00e7\u00e3o \u00e9 solicitada para Vici do Nazareno e outros residentes de Oklahoma que enfrentam os inc\u00eandios florestais.<\/p>\n<p><strong>Nota do Editor: A partir de 24 de abril 9:30 A.M., <a href=\"http:\/\/newsok.com\/article\/5592198\" target=\"_blank\">NewsOK relatou<\/a> que os inc\u00eandios florestais de Oklahoma est\u00e3o quase sob controle com os dois principais inc\u00eandios florestais sendo 98 e 87% contidos, respectivamente.&nbsp;<\/strong><\/p>\n","protected":false},"excerpt":{"rendered":"<p><img decoding=\"async\" alt=\"\" height=\"400\" src=\"\/sites\/default\/files\/migrated_images\/NCN%20News\/USACanada\/Oklahoma\/Vi&lt;\/div&gt;\"><\/p>\n","protected":false},"author":1,"featured_media":0,"menu_order":0,"template":"","news-categories":[],"news-region-taxonomy":[],"news-tag":[762,901],"class_list":["post-54033","news","type-news","status-publish","hentry","news-tag-eua-canada","news-tag-oklahoma-pt-br"],"yoast_head":"<!-- This site is optimized with the Yoast SEO Premium plugin v27.1 (Yoast SEO v27.1.1) - https:\/\/yoast.com\/product\/yoast-seo-premium-wordpress\/ -->\n<title>Igreja Oklahoma endura como inc\u00eandios florestais se espalham - Church of the Nazarene<\/title>\n<meta name=\"robots\" content=\"index, follow, max-snippet:-1, max-image-preview:large, max-video-preview:-1\" \/>\n<link rel=\"canonical\" href=\"https:\/\/nazarene.org\/pt-br\/news\/igreja-oklahoma-endura-como-incendios-florestais-se-espalham\/\" \/>\n<meta property=\"og:locale\" content=\"pt_BR\" \/>\n<meta property=\"og:type\" content=\"article\" \/>\n<meta property=\"og:title\" content=\"Igreja Oklahoma endura como inc\u00eandios florestais se espalham\" \/>\n<meta property=\"og:url\" content=\"https:\/\/nazarene.org\/pt-br\/news\/igreja-oklahoma-endura-como-incendios-florestais-se-espalham\/\" \/>\n<meta property=\"og:site_name\" content=\"Church of the Nazarene\" \/>\n<meta property=\"article:publisher\" content=\"https:\/\/www.facebook.com\/NazareneOfficial\/\" \/>\n<meta property=\"og:image\" content=\"https:\/\/nazarene.org\/wp-content\/uploads\/migrated_images\/NCN%20News\/USACanada\/Oklahoma\/Vici%2COK%20wildfires.jpg\" \/>\n<meta name=\"twitter:card\" content=\"summary_large_image\" \/>\n<meta name=\"twitter:site\" content=\"@Nazarene\" \/>\n<script type=\"application\/ld+json\" class=\"yoast-schema-graph\">{\"@context\":\"https:\/\/schema.org\",\"@graph\":[{\"@type\":\"WebPage\",\"@id\":\"https:\/\/nazarene.org\/pt-br\/news\/igreja-oklahoma-endura-como-incendios-florestais-se-espalham\/\",\"url\":\"https:\/\/nazarene.org\/pt-br\/news\/igreja-oklahoma-endura-como-incendios-florestais-se-espalham\/\",\"name\":\"Igreja Oklahoma endura como inc\u00eandios florestais se espalham - Church of the Nazarene\",\"isPartOf\":{\"@id\":\"https:\/\/nazarene.org\/pt-br\/#website\"},\"primaryImageOfPage\":{\"@id\":\"https:\/\/nazarene.org\/pt-br\/news\/igreja-oklahoma-endura-como-incendios-florestais-se-espalham\/#primaryimage\"},\"image\":{\"@id\":\"https:\/\/nazarene.org\/pt-br\/news\/igreja-oklahoma-endura-como-incendios-florestais-se-espalham\/#primaryimage\"},\"thumbnailUrl\":\"https:\/\/nazarene.org\/wp-content\/uploads\/migrated_images\/NCN%20News\/USACanada\/Oklahoma\/Vici%2COK%20wildfires.jpg\",\"datePublished\":\"2019-07-10T05:00:00+00:00\",\"breadcrumb\":{\"@id\":\"https:\/\/nazarene.org\/pt-br\/news\/igreja-oklahoma-endura-como-incendios-florestais-se-espalham\/#breadcrumb\"},\"inLanguage\":\"pt-BR\",\"potentialAction\":[{\"@type\":\"ReadAction\",\"target\":[\"https:\/\/nazarene.org\/pt-br\/news\/igreja-oklahoma-endura-como-incendios-florestais-se-espalham\/\"]}]},{\"@type\":\"ImageObject\",\"inLanguage\":\"pt-BR\",\"@id\":\"https:\/\/nazarene.org\/pt-br\/news\/igreja-oklahoma-endura-como-incendios-florestais-se-espalham\/#primaryimage\",\"url\":\"https:\/\/nazarene.org\/wp-content\/uploads\/migrated_images\/NCN%20News\/USACanada\/Oklahoma\/Vici%2COK%20wildfires.jpg\",\"contentUrl\":\"https:\/\/nazarene.org\/wp-content\/uploads\/migrated_images\/NCN%20News\/USACanada\/Oklahoma\/Vici%2COK%20wildfires.jpg\"},{\"@type\":\"BreadcrumbList\",\"@id\":\"https:\/\/nazarene.org\/pt-br\/news\/igreja-oklahoma-endura-como-incendios-florestais-se-espalham\/#breadcrumb\",\"itemListElement\":[{\"@type\":\"ListItem\",\"position\":1,\"name\":\"Home\",\"item\":\"https:\/\/nazarene.org\/pt-br\/casa\/\"},{\"@type\":\"ListItem\",\"position\":2,\"name\":\"News\",\"item\":\"https:\/\/nazarene.org\/pt-br\/news\/\"},{\"@type\":\"ListItem\",\"position\":3,\"name\":\"Igreja Oklahoma endura como inc\u00eandios florestais se espalham\"}]},{\"@type\":\"WebSite\",\"@id\":\"https:\/\/nazarene.org\/pt-br\/#website\",\"url\":\"https:\/\/nazarene.org\/pt-br\/\",\"name\":\"Church of the Nazarene\",\"description\":\"Making Christlike Disciples in the Nations\",\"publisher\":{\"@id\":\"https:\/\/nazarene.org\/pt-br\/#organization\"},\"potentialAction\":[{\"@type\":\"SearchAction\",\"target\":{\"@type\":\"EntryPoint\",\"urlTemplate\":\"https:\/\/nazarene.org\/pt-br\/?s={search_term_string}\"},\"query-input\":{\"@type\":\"PropertyValueSpecification\",\"valueRequired\":true,\"valueName\":\"search_term_string\"}}],\"inLanguage\":\"pt-BR\"},{\"@type\":\"Organization\",\"@id\":\"https:\/\/nazarene.org\/pt-br\/#organization\",\"name\":\"Church of the Nazarene\",\"url\":\"https:\/\/nazarene.org\/pt-br\/\",\"logo\":{\"@type\":\"ImageObject\",\"inLanguage\":\"pt-BR\",\"@id\":\"https:\/\/nazarene.org\/pt-br\/#\/schema\/logo\/image\/\",\"url\":\"https:\/\/nazarene.org\/wp-content\/uploads\/2024\/06\/Naz_Desktop_Black_Logo-1.svg\",\"contentUrl\":\"https:\/\/nazarene.org\/wp-content\/uploads\/2024\/06\/Naz_Desktop_Black_Logo-1.svg\",\"width\":258,\"height\":36,\"caption\":\"Church of the Nazarene\"},\"image\":{\"@id\":\"https:\/\/nazarene.org\/pt-br\/#\/schema\/logo\/image\/\"},\"sameAs\":[\"https:\/\/www.facebook.com\/NazareneOfficial\/\",\"https:\/\/x.com\/Nazarene\",\"https:\/\/www.instagram.com\/nazareneofficial\/\"]}]}<\/script>\n<!-- \/ Yoast SEO Premium plugin. -->","yoast_head_json":{"title":"Igreja Oklahoma endura como inc\u00eandios florestais se espalham - Church of the Nazarene","robots":{"index":"index","follow":"follow","max-snippet":"max-snippet:-1","max-image-preview":"max-image-preview:large","max-video-preview":"max-video-preview:-1"},"canonical":"https:\/\/nazarene.org\/pt-br\/news\/igreja-oklahoma-endura-como-incendios-florestais-se-espalham\/","og_locale":"pt_BR","og_type":"article","og_title":"Igreja Oklahoma endura como inc\u00eandios florestais se espalham","og_url":"https:\/\/nazarene.org\/pt-br\/news\/igreja-oklahoma-endura-como-incendios-florestais-se-espalham\/","og_site_name":"Church of the Nazarene","article_publisher":"https:\/\/www.facebook.com\/NazareneOfficial\/","og_image":[{"url":"https:\/\/nazarene.org\/wp-content\/uploads\/migrated_images\/NCN%20News\/USACanada\/Oklahoma\/Vici%2COK%20wildfires.jpg","type":"","width":"","height":""}],"twitter_card":"summary_large_image","twitter_site":"@Nazarene","schema":{"@context":"https:\/\/schema.org","@graph":[{"@type":"WebPage","@id":"https:\/\/nazarene.org\/pt-br\/news\/igreja-oklahoma-endura-como-incendios-florestais-se-espalham\/","url":"https:\/\/nazarene.org\/pt-br\/news\/igreja-oklahoma-endura-como-incendios-florestais-se-espalham\/","name":"Igreja Oklahoma endura como inc\u00eandios florestais se espalham - Church of the Nazarene","isPartOf":{"@id":"https:\/\/nazarene.org\/pt-br\/#website"},"primaryImageOfPage":{"@id":"https:\/\/nazarene.org\/pt-br\/news\/igreja-oklahoma-endura-como-incendios-florestais-se-espalham\/#primaryimage"},"image":{"@id":"https:\/\/nazarene.org\/pt-br\/news\/igreja-oklahoma-endura-como-incendios-florestais-se-espalham\/#primaryimage"},"thumbnailUrl":"https:\/\/nazarene.org\/wp-content\/uploads\/migrated_images\/NCN%20News\/USACanada\/Oklahoma\/Vici%2COK%20wildfires.jpg","datePublished":"2019-07-10T05:00:00+00:00","breadcrumb":{"@id":"https:\/\/nazarene.org\/pt-br\/news\/igreja-oklahoma-endura-como-incendios-florestais-se-espalham\/#breadcrumb"},"inLanguage":"pt-BR","potentialAction":[{"@type":"ReadAction","target":["https:\/\/nazarene.org\/pt-br\/news\/igreja-oklahoma-endura-como-incendios-florestais-se-espalham\/"]}]},{"@type":"ImageObject","inLanguage":"pt-BR","@id":"https:\/\/nazarene.org\/pt-br\/news\/igreja-oklahoma-endura-como-incendios-florestais-se-espalham\/#primaryimage","url":"https:\/\/nazarene.org\/wp-content\/uploads\/migrated_images\/NCN%20News\/USACanada\/Oklahoma\/Vici%2COK%20wildfires.jpg","contentUrl":"https:\/\/nazarene.org\/wp-content\/uploads\/migrated_images\/NCN%20News\/USACanada\/Oklahoma\/Vici%2COK%20wildfires.jpg"},{"@type":"BreadcrumbList","@id":"https:\/\/nazarene.org\/pt-br\/news\/igreja-oklahoma-endura-como-incendios-florestais-se-espalham\/#breadcrumb","itemListElement":[{"@type":"ListItem","position":1,"name":"Home","item":"https:\/\/nazarene.org\/pt-br\/casa\/"},{"@type":"ListItem","position":2,"name":"News","item":"https:\/\/nazarene.org\/pt-br\/news\/"},{"@type":"ListItem","position":3,"name":"Igreja Oklahoma endura como inc\u00eandios florestais se espalham"}]},{"@type":"WebSite","@id":"https:\/\/nazarene.org\/pt-br\/#website","url":"https:\/\/nazarene.org\/pt-br\/","name":"Church of the Nazarene","description":"Making Christlike Disciples in the Nations","publisher":{"@id":"https:\/\/nazarene.org\/pt-br\/#organization"},"potentialAction":[{"@type":"SearchAction","target":{"@type":"EntryPoint","urlTemplate":"https:\/\/nazarene.org\/pt-br\/?s={search_term_string}"},"query-input":{"@type":"PropertyValueSpecification","valueRequired":true,"valueName":"search_term_string"}}],"inLanguage":"pt-BR"},{"@type":"Organization","@id":"https:\/\/nazarene.org\/pt-br\/#organization","name":"Church of the Nazarene","url":"https:\/\/nazarene.org\/pt-br\/","logo":{"@type":"ImageObject","inLanguage":"pt-BR","@id":"https:\/\/nazarene.org\/pt-br\/#\/schema\/logo\/image\/","url":"https:\/\/nazarene.org\/wp-content\/uploads\/2024\/06\/Naz_Desktop_Black_Logo-1.svg","contentUrl":"https:\/\/nazarene.org\/wp-content\/uploads\/2024\/06\/Naz_Desktop_Black_Logo-1.svg","width":258,"height":36,"caption":"Church of the Nazarene"},"image":{"@id":"https:\/\/nazarene.org\/pt-br\/#\/schema\/logo\/image\/"},"sameAs":["https:\/\/www.facebook.com\/NazareneOfficial\/","https:\/\/x.com\/Nazarene","https:\/\/www.instagram.com\/nazareneofficial\/"]}]}},"_links":{"self":[{"href":"https:\/\/nazarene.org\/pt-br\/wp-json\/wp\/v2\/news\/54033","targetHints":{"allow":["GET"]}}],"collection":[{"href":"https:\/\/nazarene.org\/pt-br\/wp-json\/wp\/v2\/news"}],"about":[{"href":"https:\/\/nazarene.org\/pt-br\/wp-json\/wp\/v2\/types\/news"}],"author":[{"embeddable":true,"href":"https:\/\/nazarene.org\/pt-br\/wp-json\/wp\/v2\/users\/1"}],"version-history":[{"count":0,"href":"https:\/\/nazarene.org\/pt-br\/wp-json\/wp\/v2\/news\/54033\/revisions"}],"wp:attachment":[{"href":"https:\/\/nazarene.org\/pt-br\/wp-json\/wp\/v2\/media?parent=54033"}],"wp:term":[{"taxonomy":"news-categories","embeddable":true,"href":"https:\/\/nazarene.org\/pt-br\/wp-json\/wp\/v2\/news-categories?post=54033"},{"taxonomy":"news-region-taxonomy","embeddable":true,"href":"https:\/\/nazarene.org\/pt-br\/wp-json\/wp\/v2\/news-region-taxonomy?post=54033"},{"taxonomy":"news-tag","embeddable":true,"href":"https:\/\/nazarene.org\/pt-br\/wp-json\/wp\/v2\/news-tag?post=54033"}],"curies":[{"name":"wp","href":"https:\/\/api.w.org\/{rel}","templated":true}]}}