{"id":54031,"date":"2019-07-10T00:00:00","date_gmt":"2019-07-10T05:00:00","guid":{"rendered":"https:\/\/nazarene.org\/news\/igreja-texas-lamenta-o-falecimento-da-esposa-do-pastor-filha\/"},"modified":"2019-07-10T00:00:00","modified_gmt":"2019-07-10T05:00:00","slug":"igreja-texas-lamenta-o-falecimento-da-esposa-do-pastor-filha","status":"publish","type":"news","link":"https:\/\/nazarene.org\/pt-br\/news\/igreja-texas-lamenta-o-falecimento-da-esposa-do-pastor-filha\/","title":{"rendered":"Igreja Texas lamenta o falecimento da esposa do pastor, filha"},"content":{"rendered":"<div style=\"text-align:center\">\n<figure class=\"image\" style=\"display:inline-block\"><img fetchpriority=\"high\" decoding=\"async\" alt=\"\" height=\"400\" src=\"https:\/\/nazarene.org\/wp-content\/uploads\/migrated_images\/NCN%20News\/USACanada\/Texas\/DavidAlyssaSusanBaker.jpg\" width=\"750\"><figcaption>Fotografado da esquerda para a direita: David, Alyssa e Susan Baker<\/figcaption><\/figure>\n<\/div>\n<p>Susan e Alyssa Baker, a esposa e filha, respectivamente, de Martins Chapel do Nazareno Pastor David Baker, foram mortos em um acidente de &nbsp;carro20 de abril.&nbsp;<a href=\"http:\/\/cottlefuneralhome.com\/tribute\/details\/1490\/Susan-Baker\/obituary.html#tribute-start\" target=\"_blank\">Susan<\/a>, 49 e <a href=\"http:\/\/cottlefuneralhome.com\/tribute\/details\/1491\/Alyssa-Baker\/obituary.html#tribute-start\" target=\"_blank\">Alyssa<\/a>, &nbsp;15, eram residentes de Troup, Texas.<\/p>\n<p><a href=\"http:\/\/www.kltv.com\/story\/38010213\/two-killed-in-fatal-crash-in-cherokee-county\" target=\"_blank\">ABC News relata<\/a>&nbsp; que os dois estavam viajando a oeste em FM-177, sete milhas ao sul da cidade de Jacksonville. Ao entrar em uma curva, seu ve\u00edculo deslizou para a pista de dire\u00e7\u00e3o a leste onde foi atingido por outro ve\u00edculo.<\/p>\n<p>Susan e Alyssa foram pronunciados mortos na cena.&nbsp;O motorista do outro ve\u00edculo n\u00e3o estava ferido no acidente.<\/p>\n<p>Visitation ser\u00e1 no Cottle Funeral Home&nbsp;in Troup de 5 p.m. a 8 p.m. 23 de abril, e servi\u00e7os funer&nbsp;\u00e1rios ser\u00e3o realizados 5 p.m. 24 de abril no Audit\u00f3rio Troup High School.<\/p>\n<p>Ora\u00e7\u00e3o \u00e9 solicitada para as fam\u00edlias de igreja Baker &nbsp;e Martins Capel.&nbsp;<\/p>\n<p>Mais informa\u00e7\u00f5es ser\u00e3o postadas como \u00e9 disponibilizada.&nbsp;<\/p>\n","protected":false},"excerpt":{"rendered":"<div style=\"text-align:center\">\n<figure class=\"image\" style=\"display:inline-block\"><img alt=\"\" heig=\"\"><\/p>\n","protected":false},"author":1,"featured_media":0,"menu_order":0,"template":"","news-categories":[],"news-region-taxonomy":[],"news-tag":[780,762,1591],"class_list":["post-54031","news","type-news","status-publish","hentry","news-tag-aprovacoes","news-tag-eua-canada","news-tag-texas-pt-br"],"yoast_head":"<!-- This site is optimized with the Yoast SEO Premium plugin v27.1 (Yoast SEO v27.1.1) - https:\/\/yoast.com\/product\/yoast-seo-premium-wordpress\/ -->\n<title>Igreja Texas lamenta o falecimento da esposa do pastor, filha - Church of the Nazarene<\/title>\n<meta name=\"robots\" content=\"index, follow, max-snippet:-1, max-image-preview:large, max-video-preview:-1\" \/>\n<link rel=\"canonical\" href=\"https:\/\/nazarene.org\/pt-br\/news\/igreja-texas-lamenta-o-falecimento-da-esposa-do-pastor-filha\/\" \/>\n<meta property=\"og:locale\" content=\"pt_BR\" \/>\n<meta property=\"og:type\" content=\"article\" \/>\n<meta property=\"og:title\" content=\"Igreja Texas lamenta o falecimento da esposa do pastor, filha\" \/>\n<meta property=\"og:url\" content=\"https:\/\/nazarene.org\/pt-br\/news\/igreja-texas-lamenta-o-falecimento-da-esposa-do-pastor-filha\/\" \/>\n<meta property=\"og:site_name\" content=\"Church of the Nazarene\" \/>\n<meta property=\"article:publisher\" content=\"https:\/\/www.facebook.com\/NazareneOfficial\/\" \/>\n<meta property=\"og:image\" content=\"https:\/\/nazarene.org\/wp-content\/uploads\/migrated_images\/NCN%20News\/USACanada\/Texas\/DavidAlyssaSusanBaker.jpg\" \/>\n<meta name=\"twitter:card\" content=\"summary_large_image\" \/>\n<meta name=\"twitter:site\" content=\"@Nazarene\" \/>\n<script type=\"application\/ld+json\" class=\"yoast-schema-graph\">{\"@context\":\"https:\/\/schema.org\",\"@graph\":[{\"@type\":\"WebPage\",\"@id\":\"https:\/\/nazarene.org\/pt-br\/news\/igreja-texas-lamenta-o-falecimento-da-esposa-do-pastor-filha\/\",\"url\":\"https:\/\/nazarene.org\/pt-br\/news\/igreja-texas-lamenta-o-falecimento-da-esposa-do-pastor-filha\/\",\"name\":\"Igreja Texas lamenta o falecimento da esposa do pastor, filha - Church of the Nazarene\",\"isPartOf\":{\"@id\":\"https:\/\/nazarene.org\/pt-br\/#website\"},\"primaryImageOfPage\":{\"@id\":\"https:\/\/nazarene.org\/pt-br\/news\/igreja-texas-lamenta-o-falecimento-da-esposa-do-pastor-filha\/#primaryimage\"},\"image\":{\"@id\":\"https:\/\/nazarene.org\/pt-br\/news\/igreja-texas-lamenta-o-falecimento-da-esposa-do-pastor-filha\/#primaryimage\"},\"thumbnailUrl\":\"https:\/\/nazarene.org\/wp-content\/uploads\/migrated_images\/NCN%20News\/USACanada\/Texas\/DavidAlyssaSusanBaker.jpg\",\"datePublished\":\"2019-07-10T05:00:00+00:00\",\"breadcrumb\":{\"@id\":\"https:\/\/nazarene.org\/pt-br\/news\/igreja-texas-lamenta-o-falecimento-da-esposa-do-pastor-filha\/#breadcrumb\"},\"inLanguage\":\"pt-BR\",\"potentialAction\":[{\"@type\":\"ReadAction\",\"target\":[\"https:\/\/nazarene.org\/pt-br\/news\/igreja-texas-lamenta-o-falecimento-da-esposa-do-pastor-filha\/\"]}]},{\"@type\":\"ImageObject\",\"inLanguage\":\"pt-BR\",\"@id\":\"https:\/\/nazarene.org\/pt-br\/news\/igreja-texas-lamenta-o-falecimento-da-esposa-do-pastor-filha\/#primaryimage\",\"url\":\"https:\/\/nazarene.org\/wp-content\/uploads\/migrated_images\/NCN%20News\/USACanada\/Texas\/DavidAlyssaSusanBaker.jpg\",\"contentUrl\":\"https:\/\/nazarene.org\/wp-content\/uploads\/migrated_images\/NCN%20News\/USACanada\/Texas\/DavidAlyssaSusanBaker.jpg\"},{\"@type\":\"BreadcrumbList\",\"@id\":\"https:\/\/nazarene.org\/pt-br\/news\/igreja-texas-lamenta-o-falecimento-da-esposa-do-pastor-filha\/#breadcrumb\",\"itemListElement\":[{\"@type\":\"ListItem\",\"position\":1,\"name\":\"Home\",\"item\":\"https:\/\/nazarene.org\/pt-br\/casa\/\"},{\"@type\":\"ListItem\",\"position\":2,\"name\":\"News\",\"item\":\"https:\/\/nazarene.org\/pt-br\/news\/\"},{\"@type\":\"ListItem\",\"position\":3,\"name\":\"Igreja Texas lamenta o falecimento da esposa do pastor, filha\"}]},{\"@type\":\"WebSite\",\"@id\":\"https:\/\/nazarene.org\/pt-br\/#website\",\"url\":\"https:\/\/nazarene.org\/pt-br\/\",\"name\":\"Church of the Nazarene\",\"description\":\"Making Christlike Disciples in the Nations\",\"publisher\":{\"@id\":\"https:\/\/nazarene.org\/pt-br\/#organization\"},\"potentialAction\":[{\"@type\":\"SearchAction\",\"target\":{\"@type\":\"EntryPoint\",\"urlTemplate\":\"https:\/\/nazarene.org\/pt-br\/?s={search_term_string}\"},\"query-input\":{\"@type\":\"PropertyValueSpecification\",\"valueRequired\":true,\"valueName\":\"search_term_string\"}}],\"inLanguage\":\"pt-BR\"},{\"@type\":\"Organization\",\"@id\":\"https:\/\/nazarene.org\/pt-br\/#organization\",\"name\":\"Church of the Nazarene\",\"url\":\"https:\/\/nazarene.org\/pt-br\/\",\"logo\":{\"@type\":\"ImageObject\",\"inLanguage\":\"pt-BR\",\"@id\":\"https:\/\/nazarene.org\/pt-br\/#\/schema\/logo\/image\/\",\"url\":\"https:\/\/nazarene.org\/wp-content\/uploads\/2024\/06\/Naz_Desktop_Black_Logo-1.svg\",\"contentUrl\":\"https:\/\/nazarene.org\/wp-content\/uploads\/2024\/06\/Naz_Desktop_Black_Logo-1.svg\",\"width\":258,\"height\":36,\"caption\":\"Church of the Nazarene\"},\"image\":{\"@id\":\"https:\/\/nazarene.org\/pt-br\/#\/schema\/logo\/image\/\"},\"sameAs\":[\"https:\/\/www.facebook.com\/NazareneOfficial\/\",\"https:\/\/x.com\/Nazarene\",\"https:\/\/www.instagram.com\/nazareneofficial\/\"]}]}<\/script>\n<!-- \/ Yoast SEO Premium plugin. -->","yoast_head_json":{"title":"Igreja Texas lamenta o falecimento da esposa do pastor, filha - Church of the Nazarene","robots":{"index":"index","follow":"follow","max-snippet":"max-snippet:-1","max-image-preview":"max-image-preview:large","max-video-preview":"max-video-preview:-1"},"canonical":"https:\/\/nazarene.org\/pt-br\/news\/igreja-texas-lamenta-o-falecimento-da-esposa-do-pastor-filha\/","og_locale":"pt_BR","og_type":"article","og_title":"Igreja Texas lamenta o falecimento da esposa do pastor, filha","og_url":"https:\/\/nazarene.org\/pt-br\/news\/igreja-texas-lamenta-o-falecimento-da-esposa-do-pastor-filha\/","og_site_name":"Church of the Nazarene","article_publisher":"https:\/\/www.facebook.com\/NazareneOfficial\/","og_image":[{"url":"https:\/\/nazarene.org\/wp-content\/uploads\/migrated_images\/NCN%20News\/USACanada\/Texas\/DavidAlyssaSusanBaker.jpg","type":"","width":"","height":""}],"twitter_card":"summary_large_image","twitter_site":"@Nazarene","schema":{"@context":"https:\/\/schema.org","@graph":[{"@type":"WebPage","@id":"https:\/\/nazarene.org\/pt-br\/news\/igreja-texas-lamenta-o-falecimento-da-esposa-do-pastor-filha\/","url":"https:\/\/nazarene.org\/pt-br\/news\/igreja-texas-lamenta-o-falecimento-da-esposa-do-pastor-filha\/","name":"Igreja Texas lamenta o falecimento da esposa do pastor, filha - Church of the Nazarene","isPartOf":{"@id":"https:\/\/nazarene.org\/pt-br\/#website"},"primaryImageOfPage":{"@id":"https:\/\/nazarene.org\/pt-br\/news\/igreja-texas-lamenta-o-falecimento-da-esposa-do-pastor-filha\/#primaryimage"},"image":{"@id":"https:\/\/nazarene.org\/pt-br\/news\/igreja-texas-lamenta-o-falecimento-da-esposa-do-pastor-filha\/#primaryimage"},"thumbnailUrl":"https:\/\/nazarene.org\/wp-content\/uploads\/migrated_images\/NCN%20News\/USACanada\/Texas\/DavidAlyssaSusanBaker.jpg","datePublished":"2019-07-10T05:00:00+00:00","breadcrumb":{"@id":"https:\/\/nazarene.org\/pt-br\/news\/igreja-texas-lamenta-o-falecimento-da-esposa-do-pastor-filha\/#breadcrumb"},"inLanguage":"pt-BR","potentialAction":[{"@type":"ReadAction","target":["https:\/\/nazarene.org\/pt-br\/news\/igreja-texas-lamenta-o-falecimento-da-esposa-do-pastor-filha\/"]}]},{"@type":"ImageObject","inLanguage":"pt-BR","@id":"https:\/\/nazarene.org\/pt-br\/news\/igreja-texas-lamenta-o-falecimento-da-esposa-do-pastor-filha\/#primaryimage","url":"https:\/\/nazarene.org\/wp-content\/uploads\/migrated_images\/NCN%20News\/USACanada\/Texas\/DavidAlyssaSusanBaker.jpg","contentUrl":"https:\/\/nazarene.org\/wp-content\/uploads\/migrated_images\/NCN%20News\/USACanada\/Texas\/DavidAlyssaSusanBaker.jpg"},{"@type":"BreadcrumbList","@id":"https:\/\/nazarene.org\/pt-br\/news\/igreja-texas-lamenta-o-falecimento-da-esposa-do-pastor-filha\/#breadcrumb","itemListElement":[{"@type":"ListItem","position":1,"name":"Home","item":"https:\/\/nazarene.org\/pt-br\/casa\/"},{"@type":"ListItem","position":2,"name":"News","item":"https:\/\/nazarene.org\/pt-br\/news\/"},{"@type":"ListItem","position":3,"name":"Igreja Texas lamenta o falecimento da esposa do pastor, filha"}]},{"@type":"WebSite","@id":"https:\/\/nazarene.org\/pt-br\/#website","url":"https:\/\/nazarene.org\/pt-br\/","name":"Church of the Nazarene","description":"Making Christlike Disciples in the Nations","publisher":{"@id":"https:\/\/nazarene.org\/pt-br\/#organization"},"potentialAction":[{"@type":"SearchAction","target":{"@type":"EntryPoint","urlTemplate":"https:\/\/nazarene.org\/pt-br\/?s={search_term_string}"},"query-input":{"@type":"PropertyValueSpecification","valueRequired":true,"valueName":"search_term_string"}}],"inLanguage":"pt-BR"},{"@type":"Organization","@id":"https:\/\/nazarene.org\/pt-br\/#organization","name":"Church of the Nazarene","url":"https:\/\/nazarene.org\/pt-br\/","logo":{"@type":"ImageObject","inLanguage":"pt-BR","@id":"https:\/\/nazarene.org\/pt-br\/#\/schema\/logo\/image\/","url":"https:\/\/nazarene.org\/wp-content\/uploads\/2024\/06\/Naz_Desktop_Black_Logo-1.svg","contentUrl":"https:\/\/nazarene.org\/wp-content\/uploads\/2024\/06\/Naz_Desktop_Black_Logo-1.svg","width":258,"height":36,"caption":"Church of the Nazarene"},"image":{"@id":"https:\/\/nazarene.org\/pt-br\/#\/schema\/logo\/image\/"},"sameAs":["https:\/\/www.facebook.com\/NazareneOfficial\/","https:\/\/x.com\/Nazarene","https:\/\/www.instagram.com\/nazareneofficial\/"]}]}},"_links":{"self":[{"href":"https:\/\/nazarene.org\/pt-br\/wp-json\/wp\/v2\/news\/54031","targetHints":{"allow":["GET"]}}],"collection":[{"href":"https:\/\/nazarene.org\/pt-br\/wp-json\/wp\/v2\/news"}],"about":[{"href":"https:\/\/nazarene.org\/pt-br\/wp-json\/wp\/v2\/types\/news"}],"author":[{"embeddable":true,"href":"https:\/\/nazarene.org\/pt-br\/wp-json\/wp\/v2\/users\/1"}],"version-history":[{"count":0,"href":"https:\/\/nazarene.org\/pt-br\/wp-json\/wp\/v2\/news\/54031\/revisions"}],"wp:attachment":[{"href":"https:\/\/nazarene.org\/pt-br\/wp-json\/wp\/v2\/media?parent=54031"}],"wp:term":[{"taxonomy":"news-categories","embeddable":true,"href":"https:\/\/nazarene.org\/pt-br\/wp-json\/wp\/v2\/news-categories?post=54031"},{"taxonomy":"news-region-taxonomy","embeddable":true,"href":"https:\/\/nazarene.org\/pt-br\/wp-json\/wp\/v2\/news-region-taxonomy?post=54031"},{"taxonomy":"news-tag","embeddable":true,"href":"https:\/\/nazarene.org\/pt-br\/wp-json\/wp\/v2\/news-tag?post=54031"}],"curies":[{"name":"wp","href":"https:\/\/api.w.org\/{rel}","templated":true}]}}