{"id":54030,"date":"2019-07-10T00:00:00","date_gmt":"2019-07-10T05:00:00","guid":{"rendered":"https:\/\/nazarene.org\/news\/in-memoriam-27-de-abril-de-2018\/"},"modified":"2019-07-10T00:00:00","modified_gmt":"2019-07-10T05:00:00","slug":"in-memoriam-27-de-abril-de-2018","status":"publish","type":"news","link":"https:\/\/nazarene.org\/pt-br\/news\/in-memoriam-27-de-abril-de-2018\/","title":{"rendered":"In Memoriam: 27 de abril de 2018"},"content":{"rendered":"<p><img fetchpriority=\"high\" decoding=\"async\" alt=\"\" height=\"400\" src=\"https:\/\/nazarene.org\/wp-content\/uploads\/migrated_images\/NCN%20News\/Generic\/In%20Memoriam\/LotusBud.jpg\" width=\"750\"><\/p>\n<p>A seguir \u00e9 uma lista semanal de ministros e l\u00edderes que recentemente foram para casa para estar com o Senhor. Notifica\u00e7\u00f5es foram recebidas 23-&nbsp;27 de abril de 2018.<\/p>\n<p><a href=\"http:\/\/www.tributes.com\/obituary\/show\/Sharon-Louise-Akey-106034774\" target=\"_blank\"><strong>Sharon Akey<\/strong><\/a>, 71, &nbsp;de Burlington, Iowa, faleceu 17 de abril. Ela era uma ministra aposentada, servindo em Pensilv\u00e2nia. Ela sobreviveu por seu marido, ministro aposentado Milton Akey, que serviu em Pensilv\u00e2nia, Iowa e Missouri.<\/p>\n<p><strong>Edna Baker<\/strong>, 86, &nbsp;de Carlsbad, Calif\u00f3rnia, faleceu 14 de abril. Ela sobreviveu por seu marido, ministro aposentado e evangelista Carl Baker, que serviu em Nebraska, Nova York, Pensilv\u00e2nia, Michigan, Calif\u00f3rnia e Ohio.&nbsp;<\/p>\n<p><a href=\"https:\/\/nazarene.org\/article\/texas-church-mourns-passing-pastors-wife-daughter\" target=\"_blank\"><strong>Susan Baker<\/strong><\/a>, 49, de Troup, Texas, faleceu 20 de abril, junto com sua filha, Alyssa Baker, 15. Eles sobreviveram por David Baker, pastor &nbsp;de Martins Chapel do Nazareno em Troup, Texas. (<a href=\"http:\/\/www.nazarene.org\/article\/texas-church-mourns-passing-pastors-wife-daughter\" target=\"_blank\">hist\u00f3ria<\/a>)<\/p>\n<p><strong>Dwight Barnes<\/strong>, 66, &nbsp;de Atascosa, Texas, faleceu 19 de abril. Ele era um ministro aposentado e evangelista, servindo no Texas. Ele sobreviveu por sua esposa, June Barnes.<\/p>\n<p><strong>Ruth Fisher<\/strong>, 90, &nbsp;de Auburn, Washington, faleceu 22 de abril. Ela foi precedida em morte por seu marido, ministro aposentado e evangelista Vearl Fisher, que serviu na Calif\u00f3rnia, Idaho, Minnesota&nbsp;, Dakota do Norte e Dakota do Sul. Vearl Fisher faleceu em 2002.<\/p>\n<p><strong>Victor Fliegel<\/strong>, 80, &nbsp;de Ford, Washington, faleceu 23 de abril. Ele era um ministro aposentado, servindo em Oregon, Washington e Idaho. Ele foi precedido em morte por sua esposa, Virginia Fliegel, em 2004.<\/p>\n<p><strong><a href=\"https:\/\/www.mrcfuneralhome.com\/notices\/RevMerleWarren-Forman\" target=\"_blank\">Merle Forman<\/a><\/strong>, 85, &nbsp;de Ruby, Carolina do Sul, faleceu 21 de abril. Ele era um ministro aposentado, servindo em Virg\u00ednia, Nova York, Oklahoma, Carolina do Sul e Wisconsin. Ele sobreviveu por sua esposa, Gloria Forman.<\/p>\n<p><a href=\"https:\/\/www.legacy.com\/obituaries\/thetowntalk\/obituary.aspx?page=lifestory&amp;pid=188831659\" target=\"_blank\"><strong>Gary Jones<\/strong><\/a>, 82, &nbsp;de Deville, Louisiana, faleceu 22 de abril. Ele era um ministro aposentado, servindo em Tennessee e Louisiana. Ele sobreviveu por sua esposa, Bobbie Jones.<\/p>\n<p><a href=\"http:\/\/www.legacy.com\/obituaries\/hartfordcitynewstimes\/obituary.aspx?page=lifestory&amp;pid=188850374\" target=\"_blank\"><strong>Mary (Harting) Mann<\/strong><\/a>, 86, &nbsp;de Laguna Woods, Calif\u00f3rnia, faleceu 8 de abril. Ela era uma evangelista de m\u00fasica, servindo em Oklahoma e Fl\u00f3rida. Ela foi precedida em morte por seu marido, ministro aposentado e evangelista Lester Thurl Mann, que serviu em Illinois, Colorado, Indiana, Fl\u00f3rida e Oklahoma. Lester Thurl Mann faleceu em 2013.<\/p>\n<p><a href=\"http:\/\/www.nazarene.org\/article\/pastor-sean-mcpherson-remembered\" target=\"_blank\"><strong>Sean McPherson<\/strong><\/a>, 47, &nbsp;de Rapid City, Dakota do Sul, faleceu 26 de abril. Ele era o pastor principal da Igreja de Vida Real do Nazareno em Rapid City, Dakota do Sul. Ele sobreviveu por sua esposa, Kristin McPherson. (<a href=\"http:\/\/www.nazarene.org\/article\/pastor-sean-mcpherson-remembered\" target=\"_blank\">hist\u00f3ria<\/a>)<\/p>\n<p><strong>Delmar Stalter<\/strong>, 94, &nbsp;de Fort Wayne, Indiana, faleceu 27 de abril. Ele era um ministro aposentado, servindo em Indiana. Ele sobreviveu por sua esposa, Dorothy Stalter.&nbsp;<\/p>\n<p><a href=\"https:\/\/www.legacy.com\/obituaries\/zanesvilletimesrecorder\/obituary.aspx?page=lifestory&amp;pid=188819648\" target=\"_blank\"><strong>Marilyn Ward<\/strong><\/a>, 91, &nbsp;de Nashport, Ohio, faleceu 21 de abril. Ela foi precedida em morte por seu segundo marido, o ministro aposentado Roger Ward, que serviu em Indiana e Ohio. Roger Wardfalece&nbsp;u em 2010. Ela tamb\u00e9m foi precedida em morte por seu primeiro marido, William Poole.<\/p>\n<p>Para edi\u00e7\u00f5es anteriores de In Memoriam, veja a se\u00e7\u00e3o &#8220;Aprova\u00e7\u00f5es&#8221; <a href=\"http:\/\/www.nazarene.org\/tags\/memoriam\" target=\"_blank\">clicando aqui<\/a>.<\/p>\n<p>Nota: Por favor, junte-se a n\u00f3s em ora\u00e7\u00e3o para as fam\u00edlias que perderam entes amados. Clique em nomes para hist\u00f3rias completas, informa\u00e7\u00f5es funerais, obitu\u00e1rios on-line locais e \/ ou livros de convidados (se dispon\u00edvel). Para enviar uma entrada de um ministro ou l\u00edder da igreja, envie para news@nazarene.org.<\/p>\n<p>Compilado por NCN News<\/p>\n","protected":false},"excerpt":{"rendered":"<p><img decoding=\"async\" alt=\"\" height=\"400\" src=\"\/sites\/default\/files\/migrated_images\/NCN%20News\/Generic\/In%20Memoriam\/L&lt;\/div&gt;\"><\/p>\n","protected":false},"author":1,"featured_media":0,"menu_order":0,"template":"","news-categories":[],"news-region-taxonomy":[],"news-tag":[780,781],"class_list":["post-54030","news","type-news","status-publish","hentry","news-tag-aprovacoes","news-tag-in-memoriam-pt-br"],"yoast_head":"<!-- This site is optimized with the Yoast SEO Premium plugin v27.1 (Yoast SEO v27.1.1) - https:\/\/yoast.com\/product\/yoast-seo-premium-wordpress\/ -->\n<title>In Memoriam: 27 de abril de 2018 - Church of the Nazarene<\/title>\n<meta name=\"robots\" content=\"index, follow, max-snippet:-1, max-image-preview:large, max-video-preview:-1\" \/>\n<link rel=\"canonical\" href=\"https:\/\/nazarene.org\/pt-br\/news\/in-memoriam-27-de-abril-de-2018\/\" \/>\n<meta property=\"og:locale\" content=\"pt_BR\" \/>\n<meta property=\"og:type\" content=\"article\" \/>\n<meta property=\"og:title\" content=\"In Memoriam: 27 de abril de 2018\" \/>\n<meta property=\"og:url\" content=\"https:\/\/nazarene.org\/pt-br\/news\/in-memoriam-27-de-abril-de-2018\/\" \/>\n<meta property=\"og:site_name\" content=\"Church of the Nazarene\" \/>\n<meta property=\"article:publisher\" content=\"https:\/\/www.facebook.com\/NazareneOfficial\/\" \/>\n<meta property=\"og:image\" content=\"https:\/\/nazarene.org\/wp-content\/uploads\/migrated_images\/NCN%20News\/Generic\/In%20Memoriam\/LotusBud.jpg\" \/>\n<meta name=\"twitter:card\" content=\"summary_large_image\" \/>\n<meta name=\"twitter:site\" content=\"@Nazarene\" \/>\n<script type=\"application\/ld+json\" class=\"yoast-schema-graph\">{\"@context\":\"https:\/\/schema.org\",\"@graph\":[{\"@type\":\"WebPage\",\"@id\":\"https:\/\/nazarene.org\/pt-br\/news\/in-memoriam-27-de-abril-de-2018\/\",\"url\":\"https:\/\/nazarene.org\/pt-br\/news\/in-memoriam-27-de-abril-de-2018\/\",\"name\":\"In Memoriam: 27 de abril de 2018 - Church of the Nazarene\",\"isPartOf\":{\"@id\":\"https:\/\/nazarene.org\/pt-br\/#website\"},\"primaryImageOfPage\":{\"@id\":\"https:\/\/nazarene.org\/pt-br\/news\/in-memoriam-27-de-abril-de-2018\/#primaryimage\"},\"image\":{\"@id\":\"https:\/\/nazarene.org\/pt-br\/news\/in-memoriam-27-de-abril-de-2018\/#primaryimage\"},\"thumbnailUrl\":\"https:\/\/nazarene.org\/wp-content\/uploads\/migrated_images\/NCN%20News\/Generic\/In%20Memoriam\/LotusBud.jpg\",\"datePublished\":\"2019-07-10T05:00:00+00:00\",\"breadcrumb\":{\"@id\":\"https:\/\/nazarene.org\/pt-br\/news\/in-memoriam-27-de-abril-de-2018\/#breadcrumb\"},\"inLanguage\":\"pt-BR\",\"potentialAction\":[{\"@type\":\"ReadAction\",\"target\":[\"https:\/\/nazarene.org\/pt-br\/news\/in-memoriam-27-de-abril-de-2018\/\"]}]},{\"@type\":\"ImageObject\",\"inLanguage\":\"pt-BR\",\"@id\":\"https:\/\/nazarene.org\/pt-br\/news\/in-memoriam-27-de-abril-de-2018\/#primaryimage\",\"url\":\"https:\/\/nazarene.org\/wp-content\/uploads\/migrated_images\/NCN%20News\/Generic\/In%20Memoriam\/LotusBud.jpg\",\"contentUrl\":\"https:\/\/nazarene.org\/wp-content\/uploads\/migrated_images\/NCN%20News\/Generic\/In%20Memoriam\/LotusBud.jpg\"},{\"@type\":\"BreadcrumbList\",\"@id\":\"https:\/\/nazarene.org\/pt-br\/news\/in-memoriam-27-de-abril-de-2018\/#breadcrumb\",\"itemListElement\":[{\"@type\":\"ListItem\",\"position\":1,\"name\":\"Home\",\"item\":\"https:\/\/nazarene.org\/pt-br\/casa\/\"},{\"@type\":\"ListItem\",\"position\":2,\"name\":\"News\",\"item\":\"https:\/\/nazarene.org\/pt-br\/news\/\"},{\"@type\":\"ListItem\",\"position\":3,\"name\":\"In Memoriam: 27 de abril de 2018\"}]},{\"@type\":\"WebSite\",\"@id\":\"https:\/\/nazarene.org\/pt-br\/#website\",\"url\":\"https:\/\/nazarene.org\/pt-br\/\",\"name\":\"Church of the Nazarene\",\"description\":\"Making Christlike Disciples in the Nations\",\"publisher\":{\"@id\":\"https:\/\/nazarene.org\/pt-br\/#organization\"},\"potentialAction\":[{\"@type\":\"SearchAction\",\"target\":{\"@type\":\"EntryPoint\",\"urlTemplate\":\"https:\/\/nazarene.org\/pt-br\/?s={search_term_string}\"},\"query-input\":{\"@type\":\"PropertyValueSpecification\",\"valueRequired\":true,\"valueName\":\"search_term_string\"}}],\"inLanguage\":\"pt-BR\"},{\"@type\":\"Organization\",\"@id\":\"https:\/\/nazarene.org\/pt-br\/#organization\",\"name\":\"Church of the Nazarene\",\"url\":\"https:\/\/nazarene.org\/pt-br\/\",\"logo\":{\"@type\":\"ImageObject\",\"inLanguage\":\"pt-BR\",\"@id\":\"https:\/\/nazarene.org\/pt-br\/#\/schema\/logo\/image\/\",\"url\":\"https:\/\/nazarene.org\/wp-content\/uploads\/2024\/06\/Naz_Desktop_Black_Logo-1.svg\",\"contentUrl\":\"https:\/\/nazarene.org\/wp-content\/uploads\/2024\/06\/Naz_Desktop_Black_Logo-1.svg\",\"width\":258,\"height\":36,\"caption\":\"Church of the Nazarene\"},\"image\":{\"@id\":\"https:\/\/nazarene.org\/pt-br\/#\/schema\/logo\/image\/\"},\"sameAs\":[\"https:\/\/www.facebook.com\/NazareneOfficial\/\",\"https:\/\/x.com\/Nazarene\",\"https:\/\/www.instagram.com\/nazareneofficial\/\"]}]}<\/script>\n<!-- \/ Yoast SEO Premium plugin. -->","yoast_head_json":{"title":"In Memoriam: 27 de abril de 2018 - Church of the Nazarene","robots":{"index":"index","follow":"follow","max-snippet":"max-snippet:-1","max-image-preview":"max-image-preview:large","max-video-preview":"max-video-preview:-1"},"canonical":"https:\/\/nazarene.org\/pt-br\/news\/in-memoriam-27-de-abril-de-2018\/","og_locale":"pt_BR","og_type":"article","og_title":"In Memoriam: 27 de abril de 2018","og_url":"https:\/\/nazarene.org\/pt-br\/news\/in-memoriam-27-de-abril-de-2018\/","og_site_name":"Church of the Nazarene","article_publisher":"https:\/\/www.facebook.com\/NazareneOfficial\/","og_image":[{"url":"https:\/\/nazarene.org\/wp-content\/uploads\/migrated_images\/NCN%20News\/Generic\/In%20Memoriam\/LotusBud.jpg","type":"","width":"","height":""}],"twitter_card":"summary_large_image","twitter_site":"@Nazarene","schema":{"@context":"https:\/\/schema.org","@graph":[{"@type":"WebPage","@id":"https:\/\/nazarene.org\/pt-br\/news\/in-memoriam-27-de-abril-de-2018\/","url":"https:\/\/nazarene.org\/pt-br\/news\/in-memoriam-27-de-abril-de-2018\/","name":"In Memoriam: 27 de abril de 2018 - Church of the Nazarene","isPartOf":{"@id":"https:\/\/nazarene.org\/pt-br\/#website"},"primaryImageOfPage":{"@id":"https:\/\/nazarene.org\/pt-br\/news\/in-memoriam-27-de-abril-de-2018\/#primaryimage"},"image":{"@id":"https:\/\/nazarene.org\/pt-br\/news\/in-memoriam-27-de-abril-de-2018\/#primaryimage"},"thumbnailUrl":"https:\/\/nazarene.org\/wp-content\/uploads\/migrated_images\/NCN%20News\/Generic\/In%20Memoriam\/LotusBud.jpg","datePublished":"2019-07-10T05:00:00+00:00","breadcrumb":{"@id":"https:\/\/nazarene.org\/pt-br\/news\/in-memoriam-27-de-abril-de-2018\/#breadcrumb"},"inLanguage":"pt-BR","potentialAction":[{"@type":"ReadAction","target":["https:\/\/nazarene.org\/pt-br\/news\/in-memoriam-27-de-abril-de-2018\/"]}]},{"@type":"ImageObject","inLanguage":"pt-BR","@id":"https:\/\/nazarene.org\/pt-br\/news\/in-memoriam-27-de-abril-de-2018\/#primaryimage","url":"https:\/\/nazarene.org\/wp-content\/uploads\/migrated_images\/NCN%20News\/Generic\/In%20Memoriam\/LotusBud.jpg","contentUrl":"https:\/\/nazarene.org\/wp-content\/uploads\/migrated_images\/NCN%20News\/Generic\/In%20Memoriam\/LotusBud.jpg"},{"@type":"BreadcrumbList","@id":"https:\/\/nazarene.org\/pt-br\/news\/in-memoriam-27-de-abril-de-2018\/#breadcrumb","itemListElement":[{"@type":"ListItem","position":1,"name":"Home","item":"https:\/\/nazarene.org\/pt-br\/casa\/"},{"@type":"ListItem","position":2,"name":"News","item":"https:\/\/nazarene.org\/pt-br\/news\/"},{"@type":"ListItem","position":3,"name":"In Memoriam: 27 de abril de 2018"}]},{"@type":"WebSite","@id":"https:\/\/nazarene.org\/pt-br\/#website","url":"https:\/\/nazarene.org\/pt-br\/","name":"Church of the Nazarene","description":"Making Christlike Disciples in the Nations","publisher":{"@id":"https:\/\/nazarene.org\/pt-br\/#organization"},"potentialAction":[{"@type":"SearchAction","target":{"@type":"EntryPoint","urlTemplate":"https:\/\/nazarene.org\/pt-br\/?s={search_term_string}"},"query-input":{"@type":"PropertyValueSpecification","valueRequired":true,"valueName":"search_term_string"}}],"inLanguage":"pt-BR"},{"@type":"Organization","@id":"https:\/\/nazarene.org\/pt-br\/#organization","name":"Church of the Nazarene","url":"https:\/\/nazarene.org\/pt-br\/","logo":{"@type":"ImageObject","inLanguage":"pt-BR","@id":"https:\/\/nazarene.org\/pt-br\/#\/schema\/logo\/image\/","url":"https:\/\/nazarene.org\/wp-content\/uploads\/2024\/06\/Naz_Desktop_Black_Logo-1.svg","contentUrl":"https:\/\/nazarene.org\/wp-content\/uploads\/2024\/06\/Naz_Desktop_Black_Logo-1.svg","width":258,"height":36,"caption":"Church of the Nazarene"},"image":{"@id":"https:\/\/nazarene.org\/pt-br\/#\/schema\/logo\/image\/"},"sameAs":["https:\/\/www.facebook.com\/NazareneOfficial\/","https:\/\/x.com\/Nazarene","https:\/\/www.instagram.com\/nazareneofficial\/"]}]}},"_links":{"self":[{"href":"https:\/\/nazarene.org\/pt-br\/wp-json\/wp\/v2\/news\/54030","targetHints":{"allow":["GET"]}}],"collection":[{"href":"https:\/\/nazarene.org\/pt-br\/wp-json\/wp\/v2\/news"}],"about":[{"href":"https:\/\/nazarene.org\/pt-br\/wp-json\/wp\/v2\/types\/news"}],"author":[{"embeddable":true,"href":"https:\/\/nazarene.org\/pt-br\/wp-json\/wp\/v2\/users\/1"}],"version-history":[{"count":0,"href":"https:\/\/nazarene.org\/pt-br\/wp-json\/wp\/v2\/news\/54030\/revisions"}],"wp:attachment":[{"href":"https:\/\/nazarene.org\/pt-br\/wp-json\/wp\/v2\/media?parent=54030"}],"wp:term":[{"taxonomy":"news-categories","embeddable":true,"href":"https:\/\/nazarene.org\/pt-br\/wp-json\/wp\/v2\/news-categories?post=54030"},{"taxonomy":"news-region-taxonomy","embeddable":true,"href":"https:\/\/nazarene.org\/pt-br\/wp-json\/wp\/v2\/news-region-taxonomy?post=54030"},{"taxonomy":"news-tag","embeddable":true,"href":"https:\/\/nazarene.org\/pt-br\/wp-json\/wp\/v2\/news-tag?post=54030"}],"curies":[{"name":"wp","href":"https:\/\/api.w.org\/{rel}","templated":true}]}}