{"id":53971,"date":"2019-07-10T00:00:00","date_gmt":"2019-07-10T05:00:00","guid":{"rendered":"https:\/\/nazarene.org\/news\/rowell-inaugurado-como-11o-presidente-nts\/"},"modified":"2019-07-10T00:00:00","modified_gmt":"2019-07-10T05:00:00","slug":"rowell-inaugurado-como-11o-presidente-nts","status":"publish","type":"news","link":"https:\/\/nazarene.org\/pt-br\/news\/rowell-inaugurado-como-11o-presidente-nts\/","title":{"rendered":"Rowell inaugurado como 11\u00ba presidente NTS"},"content":{"rendered":"<p><img fetchpriority=\"high\" decoding=\"async\" alt=\"\" height=\"400\" src=\"https:\/\/nazarene.org\/wp-content\/uploads\/migrated_images\/NCN%20News\/Collegiate\/NTS\/Jeren%20Rowel%20Inaguration.JPG\" width=\"750\"><\/p>\n<p>Jeren L. Rowell foi inaugurado como o 11\u00ba presidente do <a href=\"http:\/\/www.nts.edu\" target=\"_blank\">Semin\u00e1rio Teol\u00f3gico Nazareno<\/a>&nbsp;3 de &nbsp;abril em um servi\u00e7o noturno realizado na Capela Memorial J. B. Chapman do semin\u00e1rio. Uma s\u00e9rie &nbsp;de convidados, incluindo tr\u00eas ex-presidentes NTS, oficiais eclesiais do Centro de Minist\u00e9rio Global do Nazareno, e representantes acad\u00eamicos de nove outras faculdades, universidades &nbsp;e escolas teol\u00f3gicas, participaram da inaugura\u00e7\u00e3o.<br \/>\n<img decoding=\"async\" alt=\"\" height=\"250\" src=\"https:\/\/nazarene.org\/wp-content\/uploads\/migrated_images\/NCN%20News\/Collegiate\/NTS\/JerenRowell.jpg\" style=\"float:left\" width=\"250\"><\/p>\n<p>Em seu discurso inaugural, Rowell falou de sua inten\u00e7\u00e3o de nutrir o relacionamento entre a igreja e a academia.<\/p>\n<p>Posso prometer a Igreja do Nazareno que sob minha lideran\u00e7a, o Semin\u00e1rio Teol\u00f3gico Nazareno sempre ter\u00e1 a igreja local claramente em vista&#8221;, disse ele. Minha vis\u00e3o para NTS \u00e9 que o que acontece aqui todas as semanas ter\u00e1 um impacto positivo no que acontece na igreja local todas as semanas.<\/p>\n<p>Rowell tem sido um defensor para estudantes e jovem clero, mentoria e investindo neles em todo seu minist\u00e9rio.<\/p>\n<p>Jeren \u00e9 um campe\u00e3o para ministros em desenvolvimento&#8221;, &nbsp;disse David Goodwin, presidente da Equipe de Lideran\u00e7a Estudantil NTS. Atrav\u00e9s de sua compaix\u00e3o pastoral, sabedoria &nbsp;e humildade, in\u00fameros disc\u00edpulos de clero foram e ser\u00e3o moldados por sua vida.<\/p>\n<p>Rowell serviu anteriormente igrejas em Nampa, Idaho e Chicago, Illinois, antes de pastor a Igreja Shawnee do Nazareno em Kansas de 1991 a 2005 quando ele foi eleito superintendente do distrito de Kansas City. Ele serviu no conselho NTS desde 2005 e como presidente de 2009 at\u00e9 pouco antes de sua <a href=\"http:\/\/www.nazarene.org\/article\/nts-elects-rowell-next-president\" target=\"_blank\">elei\u00e7\u00e3o como presidente em outubro de 2017<\/a>.<\/p>\n<p>Ele \u00e9 um ex-membro de NTS e Semin\u00e1rio Evang\u00e9lico Trinity. Rowell ganhou um Bacharel em Artes da <a href=\"https:\/\/www.nnu.edu\/\" target=\"_blank\">Universidade Nazarena Noroeste<\/a>, um Mestrado em Artes da <a href=\"https:\/\/www.olivet.edu\/\" target=\"_blank\">Universidade Olivet Nazarena<\/a>, e um Doutor em Educa\u00e7\u00e3o de Olivet. Ele serviu como professor adjunto para NTS e Olivet.&nbsp;Rowell \u00e9 autor de v\u00e1rios livros e numerosos artigos sobre teologia e pr\u00e1tica pastoral.<\/p>\n<p>O Presidente da Associa\u00e7\u00e3o NTS Ex-Antigos Steve Estep testemunhou sobre a lideran\u00e7a teol\u00f3gica e sabedoria pastoral que o minist\u00e9rio Rowell exibiu.<\/p>\n<p>Jeren Rowell traz um compromisso intransigente com uma teologia pastoral forte e uma paix\u00e3o profundamente arraigada para equipar l\u00edderes de pr\u00f3xima gera\u00e7\u00e3o na tradi\u00e7\u00e3o Wesleyan-Santidade&#8221;, disse Estep. Sua lideran\u00e7a teol\u00f3gica, pastoral e pr\u00e1tica ser\u00e1 de grande valor para NTS.<\/p>\n<p>Superintendente Geral e ex-Presidente NTS Carla Sunberg expressou sua confian\u00e7a na lideran\u00e7a de Rowell se movendo para o futuro.<\/p>\n<p>Tem sido meu prazer trabalhar com &nbsp;Jeren Rowell por um n\u00famero de anos, &#8220;disse &nbsp;Sunberg. Seu relacionamento com NTS como presidente do conselho o equipou bem para esta nova tarefa. O amor de Jeren para o Senhor e paix\u00e3o por minist\u00e9rio pastoral s\u00e3o refletidos em tudo o que ele faz e augura bem para NTS nos dias \u00e0 frente.<\/p>\n<p>Em seu cargo ao presidente, David Busic, superintendente geral e ex-presidente NTS, disse, &#8220;A Igreja Global do Nazareno celebra a lideran\u00e7a do Esp\u00edrito Santo na elei\u00e7\u00e3o de Jeren Rowell como presidente. Junto com a comunidade de semin\u00e1rio, buscamos a orienta\u00e7\u00e3o de Deus e nossas ora\u00e7\u00f5es foram graciosamente respondidas.<\/p>\n<p>David Downs, presidente do Conselho de Curadores no NTS, compartilhou sua aprecia\u00e7\u00e3o por Rowell e seu minist\u00e9rio.&nbsp;<\/p>\n<p>Em nome do Conselho de Curadores NTS, quero parabenizar Dr. Rowell e agradecer-lhe por seu servi\u00e7o para a igreja &nbsp;como um pastor, superintendente de distrito, e agora como presidente de semin\u00e1rio&#8221;, disse Downs. Ele \u00e9 um homem de grande integridade.<\/p>\n<p><a href=\"http:\/\/www.nts.edu\/\" target=\"_blank\">Semin\u00e1rio Teol\u00f3gico Nazareno<\/a><\/p>\n","protected":false},"excerpt":{"rendered":"<p><img decoding=\"async\" alt=\"\" height=\"400\" src=\"\/sites\/default\/files\/migrated_images\/NCN%20News\/Collegiate\/NTS\/Jeren%&lt;\/div&gt;\"><\/p>\n","protected":false},"author":1,"featured_media":0,"menu_order":0,"template":"","news-categories":[],"news-region-taxonomy":[],"news-tag":[762,1778],"class_list":["post-53971","news","type-news","status-publish","hentry","news-tag-eua-canada","news-tag-nts-pt-br"],"yoast_head":"<!-- This site is optimized with the Yoast SEO Premium plugin v27.1 (Yoast SEO v27.1.1) - https:\/\/yoast.com\/product\/yoast-seo-premium-wordpress\/ -->\n<title>Rowell inaugurado como 11\u00ba presidente NTS - Church of the Nazarene<\/title>\n<meta name=\"robots\" content=\"index, follow, max-snippet:-1, max-image-preview:large, max-video-preview:-1\" \/>\n<link rel=\"canonical\" href=\"https:\/\/nazarene.org\/pt-br\/news\/rowell-inaugurado-como-11o-presidente-nts\/\" \/>\n<meta property=\"og:locale\" content=\"pt_BR\" \/>\n<meta property=\"og:type\" content=\"article\" \/>\n<meta property=\"og:title\" content=\"Rowell inaugurado como 11\u00ba presidente NTS\" \/>\n<meta property=\"og:url\" content=\"https:\/\/nazarene.org\/pt-br\/news\/rowell-inaugurado-como-11o-presidente-nts\/\" \/>\n<meta property=\"og:site_name\" content=\"Church of the Nazarene\" \/>\n<meta property=\"article:publisher\" content=\"https:\/\/www.facebook.com\/NazareneOfficial\/\" \/>\n<meta property=\"og:image\" content=\"https:\/\/nazarene.org\/wp-content\/uploads\/migrated_images\/NCN%20News\/Collegiate\/NTS\/Jeren%20Rowel%20Inaguration.JPG\" \/>\n<meta name=\"twitter:card\" content=\"summary_large_image\" \/>\n<meta name=\"twitter:site\" content=\"@Nazarene\" \/>\n<script type=\"application\/ld+json\" class=\"yoast-schema-graph\">{\"@context\":\"https:\/\/schema.org\",\"@graph\":[{\"@type\":\"WebPage\",\"@id\":\"https:\/\/nazarene.org\/pt-br\/news\/rowell-inaugurado-como-11o-presidente-nts\/\",\"url\":\"https:\/\/nazarene.org\/pt-br\/news\/rowell-inaugurado-como-11o-presidente-nts\/\",\"name\":\"Rowell inaugurado como 11\u00ba presidente NTS - Church of the Nazarene\",\"isPartOf\":{\"@id\":\"https:\/\/nazarene.org\/pt-br\/#website\"},\"primaryImageOfPage\":{\"@id\":\"https:\/\/nazarene.org\/pt-br\/news\/rowell-inaugurado-como-11o-presidente-nts\/#primaryimage\"},\"image\":{\"@id\":\"https:\/\/nazarene.org\/pt-br\/news\/rowell-inaugurado-como-11o-presidente-nts\/#primaryimage\"},\"thumbnailUrl\":\"https:\/\/nazarene.org\/wp-content\/uploads\/migrated_images\/NCN%20News\/Collegiate\/NTS\/Jeren%20Rowel%20Inaguration.JPG\",\"datePublished\":\"2019-07-10T05:00:00+00:00\",\"breadcrumb\":{\"@id\":\"https:\/\/nazarene.org\/pt-br\/news\/rowell-inaugurado-como-11o-presidente-nts\/#breadcrumb\"},\"inLanguage\":\"pt-BR\",\"potentialAction\":[{\"@type\":\"ReadAction\",\"target\":[\"https:\/\/nazarene.org\/pt-br\/news\/rowell-inaugurado-como-11o-presidente-nts\/\"]}]},{\"@type\":\"ImageObject\",\"inLanguage\":\"pt-BR\",\"@id\":\"https:\/\/nazarene.org\/pt-br\/news\/rowell-inaugurado-como-11o-presidente-nts\/#primaryimage\",\"url\":\"https:\/\/nazarene.org\/wp-content\/uploads\/migrated_images\/NCN%20News\/Collegiate\/NTS\/Jeren%20Rowel%20Inaguration.JPG\",\"contentUrl\":\"https:\/\/nazarene.org\/wp-content\/uploads\/migrated_images\/NCN%20News\/Collegiate\/NTS\/Jeren%20Rowel%20Inaguration.JPG\"},{\"@type\":\"BreadcrumbList\",\"@id\":\"https:\/\/nazarene.org\/pt-br\/news\/rowell-inaugurado-como-11o-presidente-nts\/#breadcrumb\",\"itemListElement\":[{\"@type\":\"ListItem\",\"position\":1,\"name\":\"Home\",\"item\":\"https:\/\/nazarene.org\/pt-br\/casa\/\"},{\"@type\":\"ListItem\",\"position\":2,\"name\":\"News\",\"item\":\"https:\/\/nazarene.org\/pt-br\/news\/\"},{\"@type\":\"ListItem\",\"position\":3,\"name\":\"Rowell inaugurado como 11\u00ba presidente NTS\"}]},{\"@type\":\"WebSite\",\"@id\":\"https:\/\/nazarene.org\/pt-br\/#website\",\"url\":\"https:\/\/nazarene.org\/pt-br\/\",\"name\":\"Church of the Nazarene\",\"description\":\"Making Christlike Disciples in the Nations\",\"publisher\":{\"@id\":\"https:\/\/nazarene.org\/pt-br\/#organization\"},\"potentialAction\":[{\"@type\":\"SearchAction\",\"target\":{\"@type\":\"EntryPoint\",\"urlTemplate\":\"https:\/\/nazarene.org\/pt-br\/?s={search_term_string}\"},\"query-input\":{\"@type\":\"PropertyValueSpecification\",\"valueRequired\":true,\"valueName\":\"search_term_string\"}}],\"inLanguage\":\"pt-BR\"},{\"@type\":\"Organization\",\"@id\":\"https:\/\/nazarene.org\/pt-br\/#organization\",\"name\":\"Church of the Nazarene\",\"url\":\"https:\/\/nazarene.org\/pt-br\/\",\"logo\":{\"@type\":\"ImageObject\",\"inLanguage\":\"pt-BR\",\"@id\":\"https:\/\/nazarene.org\/pt-br\/#\/schema\/logo\/image\/\",\"url\":\"https:\/\/nazarene.org\/wp-content\/uploads\/2024\/06\/Naz_Desktop_Black_Logo-1.svg\",\"contentUrl\":\"https:\/\/nazarene.org\/wp-content\/uploads\/2024\/06\/Naz_Desktop_Black_Logo-1.svg\",\"width\":258,\"height\":36,\"caption\":\"Church of the Nazarene\"},\"image\":{\"@id\":\"https:\/\/nazarene.org\/pt-br\/#\/schema\/logo\/image\/\"},\"sameAs\":[\"https:\/\/www.facebook.com\/NazareneOfficial\/\",\"https:\/\/x.com\/Nazarene\",\"https:\/\/www.instagram.com\/nazareneofficial\/\"]}]}<\/script>\n<!-- \/ Yoast SEO Premium plugin. -->","yoast_head_json":{"title":"Rowell inaugurado como 11\u00ba presidente NTS - Church of the Nazarene","robots":{"index":"index","follow":"follow","max-snippet":"max-snippet:-1","max-image-preview":"max-image-preview:large","max-video-preview":"max-video-preview:-1"},"canonical":"https:\/\/nazarene.org\/pt-br\/news\/rowell-inaugurado-como-11o-presidente-nts\/","og_locale":"pt_BR","og_type":"article","og_title":"Rowell inaugurado como 11\u00ba presidente NTS","og_url":"https:\/\/nazarene.org\/pt-br\/news\/rowell-inaugurado-como-11o-presidente-nts\/","og_site_name":"Church of the Nazarene","article_publisher":"https:\/\/www.facebook.com\/NazareneOfficial\/","og_image":[{"url":"https:\/\/nazarene.org\/wp-content\/uploads\/migrated_images\/NCN%20News\/Collegiate\/NTS\/Jeren%20Rowel%20Inaguration.JPG","type":"","width":"","height":""}],"twitter_card":"summary_large_image","twitter_site":"@Nazarene","schema":{"@context":"https:\/\/schema.org","@graph":[{"@type":"WebPage","@id":"https:\/\/nazarene.org\/pt-br\/news\/rowell-inaugurado-como-11o-presidente-nts\/","url":"https:\/\/nazarene.org\/pt-br\/news\/rowell-inaugurado-como-11o-presidente-nts\/","name":"Rowell inaugurado como 11\u00ba presidente NTS - Church of the Nazarene","isPartOf":{"@id":"https:\/\/nazarene.org\/pt-br\/#website"},"primaryImageOfPage":{"@id":"https:\/\/nazarene.org\/pt-br\/news\/rowell-inaugurado-como-11o-presidente-nts\/#primaryimage"},"image":{"@id":"https:\/\/nazarene.org\/pt-br\/news\/rowell-inaugurado-como-11o-presidente-nts\/#primaryimage"},"thumbnailUrl":"https:\/\/nazarene.org\/wp-content\/uploads\/migrated_images\/NCN%20News\/Collegiate\/NTS\/Jeren%20Rowel%20Inaguration.JPG","datePublished":"2019-07-10T05:00:00+00:00","breadcrumb":{"@id":"https:\/\/nazarene.org\/pt-br\/news\/rowell-inaugurado-como-11o-presidente-nts\/#breadcrumb"},"inLanguage":"pt-BR","potentialAction":[{"@type":"ReadAction","target":["https:\/\/nazarene.org\/pt-br\/news\/rowell-inaugurado-como-11o-presidente-nts\/"]}]},{"@type":"ImageObject","inLanguage":"pt-BR","@id":"https:\/\/nazarene.org\/pt-br\/news\/rowell-inaugurado-como-11o-presidente-nts\/#primaryimage","url":"https:\/\/nazarene.org\/wp-content\/uploads\/migrated_images\/NCN%20News\/Collegiate\/NTS\/Jeren%20Rowel%20Inaguration.JPG","contentUrl":"https:\/\/nazarene.org\/wp-content\/uploads\/migrated_images\/NCN%20News\/Collegiate\/NTS\/Jeren%20Rowel%20Inaguration.JPG"},{"@type":"BreadcrumbList","@id":"https:\/\/nazarene.org\/pt-br\/news\/rowell-inaugurado-como-11o-presidente-nts\/#breadcrumb","itemListElement":[{"@type":"ListItem","position":1,"name":"Home","item":"https:\/\/nazarene.org\/pt-br\/casa\/"},{"@type":"ListItem","position":2,"name":"News","item":"https:\/\/nazarene.org\/pt-br\/news\/"},{"@type":"ListItem","position":3,"name":"Rowell inaugurado como 11\u00ba presidente NTS"}]},{"@type":"WebSite","@id":"https:\/\/nazarene.org\/pt-br\/#website","url":"https:\/\/nazarene.org\/pt-br\/","name":"Church of the Nazarene","description":"Making Christlike Disciples in the Nations","publisher":{"@id":"https:\/\/nazarene.org\/pt-br\/#organization"},"potentialAction":[{"@type":"SearchAction","target":{"@type":"EntryPoint","urlTemplate":"https:\/\/nazarene.org\/pt-br\/?s={search_term_string}"},"query-input":{"@type":"PropertyValueSpecification","valueRequired":true,"valueName":"search_term_string"}}],"inLanguage":"pt-BR"},{"@type":"Organization","@id":"https:\/\/nazarene.org\/pt-br\/#organization","name":"Church of the Nazarene","url":"https:\/\/nazarene.org\/pt-br\/","logo":{"@type":"ImageObject","inLanguage":"pt-BR","@id":"https:\/\/nazarene.org\/pt-br\/#\/schema\/logo\/image\/","url":"https:\/\/nazarene.org\/wp-content\/uploads\/2024\/06\/Naz_Desktop_Black_Logo-1.svg","contentUrl":"https:\/\/nazarene.org\/wp-content\/uploads\/2024\/06\/Naz_Desktop_Black_Logo-1.svg","width":258,"height":36,"caption":"Church of the Nazarene"},"image":{"@id":"https:\/\/nazarene.org\/pt-br\/#\/schema\/logo\/image\/"},"sameAs":["https:\/\/www.facebook.com\/NazareneOfficial\/","https:\/\/x.com\/Nazarene","https:\/\/www.instagram.com\/nazareneofficial\/"]}]}},"_links":{"self":[{"href":"https:\/\/nazarene.org\/pt-br\/wp-json\/wp\/v2\/news\/53971","targetHints":{"allow":["GET"]}}],"collection":[{"href":"https:\/\/nazarene.org\/pt-br\/wp-json\/wp\/v2\/news"}],"about":[{"href":"https:\/\/nazarene.org\/pt-br\/wp-json\/wp\/v2\/types\/news"}],"author":[{"embeddable":true,"href":"https:\/\/nazarene.org\/pt-br\/wp-json\/wp\/v2\/users\/1"}],"version-history":[{"count":0,"href":"https:\/\/nazarene.org\/pt-br\/wp-json\/wp\/v2\/news\/53971\/revisions"}],"wp:attachment":[{"href":"https:\/\/nazarene.org\/pt-br\/wp-json\/wp\/v2\/media?parent=53971"}],"wp:term":[{"taxonomy":"news-categories","embeddable":true,"href":"https:\/\/nazarene.org\/pt-br\/wp-json\/wp\/v2\/news-categories?post=53971"},{"taxonomy":"news-region-taxonomy","embeddable":true,"href":"https:\/\/nazarene.org\/pt-br\/wp-json\/wp\/v2\/news-region-taxonomy?post=53971"},{"taxonomy":"news-tag","embeddable":true,"href":"https:\/\/nazarene.org\/pt-br\/wp-json\/wp\/v2\/news-tag?post=53971"}],"curies":[{"name":"wp","href":"https:\/\/api.w.org\/{rel}","templated":true}]}}