{"id":53967,"date":"2019-07-10T00:00:00","date_gmt":"2019-07-10T05:00:00","guid":{"rendered":"https:\/\/nazarene.org\/news\/igreja-do-nazareno-hospeda-4a-conferencia-de-teologia-global\/"},"modified":"2019-07-10T00:00:00","modified_gmt":"2019-07-10T05:00:00","slug":"igreja-do-nazareno-hospeda-4a-conferencia-de-teologia-global","status":"publish","type":"news","link":"https:\/\/nazarene.org\/pt-br\/news\/igreja-do-nazareno-hospeda-4a-conferencia-de-teologia-global\/","title":{"rendered":"Igreja do Nazareno hospeda 4\u00aa Confer\u00eancia de Teologia Global"},"content":{"rendered":"<p><img fetchpriority=\"high\" decoding=\"async\" alt=\"\" height=\"400\" src=\"https:\/\/nazarene.org\/wp-content\/uploads\/migrated_images\/NCN%20News\/USACanada\/Florida\/Global%20Theology%20Conference.jpg\" width=\"750\"><\/p>\n<p>Mais de 300 pastores, l\u00edderes e estudiosos se reuniram de todas as seis regi\u00f5es mundiais Nazarenas &nbsp;para a quarta Con&nbsp;fer\u00eancia de Teologia Global de 18 a 21 de mar\u00e7o em Leesburg, Fl\u00f3rida, EUA. Philippians 3:10 definiu o tema para a confer\u00eancia: &#8220;Cristologia &#8211; Conhecer Cristo&#8221;.<\/p>\n<p>O evento incluiu tr\u00eas ses&nbsp;s\u00f5es plen\u00e1rias emolduradas por dois documentos e quatro respostas. Cada sess\u00e3o explorou uma das v\u00e1rias facetas de Cristologia:<\/p>\n<ol>\n<li>Quem voc\u00ea diz que eu sou? &#8211; Conhecer e se tornar mais como Jesus Cristo<\/li>\n<li>Tome sua cruz e me siga&#8221; &#8211; Tornar-se mais fiel a Jesus Cristo<\/li>\n<li>Como o Pai me enviou, ent\u00e3o eu te envio&#8221; &#8211; Juntar \u00e0 miss\u00e3o de Jesus Cristo<\/li>\n<\/ol>\n<p>Antes do evento, todos os documentos de &nbsp;confer\u00eancia e resposta estavam dispon\u00edveis para participantes para ler em ingl\u00eas, espanhol, franc\u00eas e portugu\u00eas. Isso permitiu mais tempo para discuss\u00e3o teol\u00f3gica entre os apresentadores, bem como maior intera\u00e7\u00e3o com o p\u00fablico durante sess\u00f5es de pergunta e resposta. O engajamento dos participantes nas discuss\u00f5es de t\u00f3pico era t\u00e3o entusiasmado que todas as sess\u00f5es se estenderam para os tempos de pausa designados. Estudantes de p\u00f3s-gradua\u00e7\u00e3o e jovens estudiosos desempenharam um papel importante na confer\u00eancia, trazend&nbsp;o a perspectiva da nova gera\u00e7\u00e3o para a conversa teol\u00f3gica.<\/p>\n<p>Superintendentes Gerais Filim\u00e3o M. Chambo, Carla D. Sunberg e David A. Busic trouxeram mensagens relevantes, informando os temas da confer\u00eancia e desafiando o grupo. Todos os participantes se juntaram em discuss\u00f5es de pequenos grupos com o objetivo de estender a explora\u00e7\u00e3o e aplica\u00e7\u00e3o de &nbsp;insights que surgiram durante as sess\u00f5es plen\u00e1rias.<\/p>\n<p>Os pequenos grupos eram compostos de representantes das v\u00e1rias regi\u00f5es e disciplinas de minist\u00e9rio da igreja. Tomadores de notas em cada grupo sintetizaram respostas de participantes a perguntas de discuss\u00e3o e as relataram de volta para organizadores de confer\u00eancias. Este processo garantiu que todos que participaram da discuss\u00e3o teol\u00f3gica contribu\u00edram uma voz nos procedimentos gravados do evento. Especialistas em idioma interpretaram as sess\u00f5es plen\u00e1rias e pequenos grupos em ingl\u00eas, espanhol, franc\u00eas e portugu\u00eas para participantes da confer\u00eancia.<\/p>\n<p>Fui afortunado de ser convidado a participar deste evento global&#8221;, disse Frank Moore, editor geral para a Igreja do Nazareno. A confer\u00eancia tinha uma presen\u00e7a verdadeiramente internacional como documentos de confer\u00eancia, conversas e ora\u00e7\u00f5es se originaram na variedade de idiomas de eventos.<\/p>\n<p>A confer\u00eancia foi patrocinada pelo Conselho de Superintendentes Gerais, hospedado pelo Conselho Internacional de Educa\u00e7\u00e3o da igreja, e co-convocada pelo Comiss\u00e1rio de Educa\u00e7\u00e3o Dan Copp e Presidente do Semin\u00e1rio Teol\u00f3gico Nazareno Jeren Rowell. O evento destacou a conectividade global da Igreja do Nazareno, a diversidade internacional de l\u00edderes denominacionais e estudiosos, bem como a profundidade de vis\u00e3o teol\u00f3gica que este grupo representou das 52 institui\u00e7\u00f5es de ensino superior e 30.000 igrejas em todo o mundo.<\/p>\n<p>Confer\u00eancias globais anteriores foram realizadas na \u00c1frica do Sul (2014), os Pa\u00edses Baixos (2007) e Guatemala (2002).<\/p>\n<p>Pareceu uma Assembleia Geral para estudiosos e l\u00edderes Nazarenos&#8221;, disse Moore. Eu especialmente apreciei nosso tempo juntos em pequenos grupos. Fizemos um brainstorming das maneiras mais eficazes que poder\u00edamos compartilhar Jesus como Senhor em nossos variados contextos culturais.<\/p>\n<p>O Conselho de Superintendentes Gerais e comiss\u00e1rio de educa\u00e7\u00e3o est\u00e3o fazendo planos para a pr\u00f3xima Confer\u00eancia de Teologia Global em 2022.<\/p>\n","protected":false},"excerpt":{"rendered":"<p><img decoding=\"async\" alt=\"\" height=\"400\" src=\"\/sites\/default\/files\/migrated_images\/NCN%20News\/USACanada\/Florida\/Glo&lt;\/div&gt;\"><\/p>\n","protected":false},"author":1,"featured_media":0,"menu_order":0,"template":"","news-categories":[],"news-region-taxonomy":[],"news-tag":[762],"class_list":["post-53967","news","type-news","status-publish","hentry","news-tag-eua-canada"],"yoast_head":"<!-- This site is optimized with the Yoast SEO Premium plugin v27.1 (Yoast SEO v27.1.1) - https:\/\/yoast.com\/product\/yoast-seo-premium-wordpress\/ -->\n<title>Igreja do Nazareno hospeda 4\u00aa Confer\u00eancia de Teologia Global - Church of the Nazarene<\/title>\n<meta name=\"robots\" content=\"index, follow, max-snippet:-1, max-image-preview:large, max-video-preview:-1\" \/>\n<link rel=\"canonical\" href=\"https:\/\/nazarene.org\/pt-br\/news\/igreja-do-nazareno-hospeda-4a-conferencia-de-teologia-global\/\" \/>\n<meta property=\"og:locale\" content=\"pt_BR\" \/>\n<meta property=\"og:type\" content=\"article\" \/>\n<meta property=\"og:title\" content=\"Igreja do Nazareno hospeda 4\u00aa Confer\u00eancia de Teologia Global\" \/>\n<meta property=\"og:url\" content=\"https:\/\/nazarene.org\/pt-br\/news\/igreja-do-nazareno-hospeda-4a-conferencia-de-teologia-global\/\" \/>\n<meta property=\"og:site_name\" content=\"Church of the Nazarene\" \/>\n<meta property=\"article:publisher\" content=\"https:\/\/www.facebook.com\/NazareneOfficial\/\" \/>\n<meta property=\"og:image\" content=\"https:\/\/nazarene.org\/wp-content\/uploads\/migrated_images\/NCN%20News\/USACanada\/Florida\/Global%20Theology%20Conference.jpg\" \/>\n<meta name=\"twitter:card\" content=\"summary_large_image\" \/>\n<meta name=\"twitter:site\" content=\"@Nazarene\" \/>\n<script type=\"application\/ld+json\" class=\"yoast-schema-graph\">{\"@context\":\"https:\/\/schema.org\",\"@graph\":[{\"@type\":\"WebPage\",\"@id\":\"https:\/\/nazarene.org\/pt-br\/news\/igreja-do-nazareno-hospeda-4a-conferencia-de-teologia-global\/\",\"url\":\"https:\/\/nazarene.org\/pt-br\/news\/igreja-do-nazareno-hospeda-4a-conferencia-de-teologia-global\/\",\"name\":\"Igreja do Nazareno hospeda 4\u00aa Confer\u00eancia de Teologia Global - Church of the Nazarene\",\"isPartOf\":{\"@id\":\"https:\/\/nazarene.org\/pt-br\/#website\"},\"primaryImageOfPage\":{\"@id\":\"https:\/\/nazarene.org\/pt-br\/news\/igreja-do-nazareno-hospeda-4a-conferencia-de-teologia-global\/#primaryimage\"},\"image\":{\"@id\":\"https:\/\/nazarene.org\/pt-br\/news\/igreja-do-nazareno-hospeda-4a-conferencia-de-teologia-global\/#primaryimage\"},\"thumbnailUrl\":\"https:\/\/nazarene.org\/wp-content\/uploads\/migrated_images\/NCN%20News\/USACanada\/Florida\/Global%20Theology%20Conference.jpg\",\"datePublished\":\"2019-07-10T05:00:00+00:00\",\"breadcrumb\":{\"@id\":\"https:\/\/nazarene.org\/pt-br\/news\/igreja-do-nazareno-hospeda-4a-conferencia-de-teologia-global\/#breadcrumb\"},\"inLanguage\":\"pt-BR\",\"potentialAction\":[{\"@type\":\"ReadAction\",\"target\":[\"https:\/\/nazarene.org\/pt-br\/news\/igreja-do-nazareno-hospeda-4a-conferencia-de-teologia-global\/\"]}]},{\"@type\":\"ImageObject\",\"inLanguage\":\"pt-BR\",\"@id\":\"https:\/\/nazarene.org\/pt-br\/news\/igreja-do-nazareno-hospeda-4a-conferencia-de-teologia-global\/#primaryimage\",\"url\":\"https:\/\/nazarene.org\/wp-content\/uploads\/migrated_images\/NCN%20News\/USACanada\/Florida\/Global%20Theology%20Conference.jpg\",\"contentUrl\":\"https:\/\/nazarene.org\/wp-content\/uploads\/migrated_images\/NCN%20News\/USACanada\/Florida\/Global%20Theology%20Conference.jpg\"},{\"@type\":\"BreadcrumbList\",\"@id\":\"https:\/\/nazarene.org\/pt-br\/news\/igreja-do-nazareno-hospeda-4a-conferencia-de-teologia-global\/#breadcrumb\",\"itemListElement\":[{\"@type\":\"ListItem\",\"position\":1,\"name\":\"Home\",\"item\":\"https:\/\/nazarene.org\/pt-br\/casa\/\"},{\"@type\":\"ListItem\",\"position\":2,\"name\":\"News\",\"item\":\"https:\/\/nazarene.org\/pt-br\/news\/\"},{\"@type\":\"ListItem\",\"position\":3,\"name\":\"Igreja do Nazareno hospeda 4\u00aa Confer\u00eancia de Teologia Global\"}]},{\"@type\":\"WebSite\",\"@id\":\"https:\/\/nazarene.org\/pt-br\/#website\",\"url\":\"https:\/\/nazarene.org\/pt-br\/\",\"name\":\"Church of the Nazarene\",\"description\":\"Making Christlike Disciples in the Nations\",\"publisher\":{\"@id\":\"https:\/\/nazarene.org\/pt-br\/#organization\"},\"potentialAction\":[{\"@type\":\"SearchAction\",\"target\":{\"@type\":\"EntryPoint\",\"urlTemplate\":\"https:\/\/nazarene.org\/pt-br\/?s={search_term_string}\"},\"query-input\":{\"@type\":\"PropertyValueSpecification\",\"valueRequired\":true,\"valueName\":\"search_term_string\"}}],\"inLanguage\":\"pt-BR\"},{\"@type\":\"Organization\",\"@id\":\"https:\/\/nazarene.org\/pt-br\/#organization\",\"name\":\"Church of the Nazarene\",\"url\":\"https:\/\/nazarene.org\/pt-br\/\",\"logo\":{\"@type\":\"ImageObject\",\"inLanguage\":\"pt-BR\",\"@id\":\"https:\/\/nazarene.org\/pt-br\/#\/schema\/logo\/image\/\",\"url\":\"https:\/\/nazarene.org\/wp-content\/uploads\/2024\/06\/Naz_Desktop_Black_Logo-1.svg\",\"contentUrl\":\"https:\/\/nazarene.org\/wp-content\/uploads\/2024\/06\/Naz_Desktop_Black_Logo-1.svg\",\"width\":258,\"height\":36,\"caption\":\"Church of the Nazarene\"},\"image\":{\"@id\":\"https:\/\/nazarene.org\/pt-br\/#\/schema\/logo\/image\/\"},\"sameAs\":[\"https:\/\/www.facebook.com\/NazareneOfficial\/\",\"https:\/\/x.com\/Nazarene\",\"https:\/\/www.instagram.com\/nazareneofficial\/\"]}]}<\/script>\n<!-- \/ Yoast SEO Premium plugin. -->","yoast_head_json":{"title":"Igreja do Nazareno hospeda 4\u00aa Confer\u00eancia de Teologia Global - Church of the Nazarene","robots":{"index":"index","follow":"follow","max-snippet":"max-snippet:-1","max-image-preview":"max-image-preview:large","max-video-preview":"max-video-preview:-1"},"canonical":"https:\/\/nazarene.org\/pt-br\/news\/igreja-do-nazareno-hospeda-4a-conferencia-de-teologia-global\/","og_locale":"pt_BR","og_type":"article","og_title":"Igreja do Nazareno hospeda 4\u00aa Confer\u00eancia de Teologia Global","og_url":"https:\/\/nazarene.org\/pt-br\/news\/igreja-do-nazareno-hospeda-4a-conferencia-de-teologia-global\/","og_site_name":"Church of the Nazarene","article_publisher":"https:\/\/www.facebook.com\/NazareneOfficial\/","og_image":[{"url":"https:\/\/nazarene.org\/wp-content\/uploads\/migrated_images\/NCN%20News\/USACanada\/Florida\/Global%20Theology%20Conference.jpg","type":"","width":"","height":""}],"twitter_card":"summary_large_image","twitter_site":"@Nazarene","schema":{"@context":"https:\/\/schema.org","@graph":[{"@type":"WebPage","@id":"https:\/\/nazarene.org\/pt-br\/news\/igreja-do-nazareno-hospeda-4a-conferencia-de-teologia-global\/","url":"https:\/\/nazarene.org\/pt-br\/news\/igreja-do-nazareno-hospeda-4a-conferencia-de-teologia-global\/","name":"Igreja do Nazareno hospeda 4\u00aa Confer\u00eancia de Teologia Global - Church of the Nazarene","isPartOf":{"@id":"https:\/\/nazarene.org\/pt-br\/#website"},"primaryImageOfPage":{"@id":"https:\/\/nazarene.org\/pt-br\/news\/igreja-do-nazareno-hospeda-4a-conferencia-de-teologia-global\/#primaryimage"},"image":{"@id":"https:\/\/nazarene.org\/pt-br\/news\/igreja-do-nazareno-hospeda-4a-conferencia-de-teologia-global\/#primaryimage"},"thumbnailUrl":"https:\/\/nazarene.org\/wp-content\/uploads\/migrated_images\/NCN%20News\/USACanada\/Florida\/Global%20Theology%20Conference.jpg","datePublished":"2019-07-10T05:00:00+00:00","breadcrumb":{"@id":"https:\/\/nazarene.org\/pt-br\/news\/igreja-do-nazareno-hospeda-4a-conferencia-de-teologia-global\/#breadcrumb"},"inLanguage":"pt-BR","potentialAction":[{"@type":"ReadAction","target":["https:\/\/nazarene.org\/pt-br\/news\/igreja-do-nazareno-hospeda-4a-conferencia-de-teologia-global\/"]}]},{"@type":"ImageObject","inLanguage":"pt-BR","@id":"https:\/\/nazarene.org\/pt-br\/news\/igreja-do-nazareno-hospeda-4a-conferencia-de-teologia-global\/#primaryimage","url":"https:\/\/nazarene.org\/wp-content\/uploads\/migrated_images\/NCN%20News\/USACanada\/Florida\/Global%20Theology%20Conference.jpg","contentUrl":"https:\/\/nazarene.org\/wp-content\/uploads\/migrated_images\/NCN%20News\/USACanada\/Florida\/Global%20Theology%20Conference.jpg"},{"@type":"BreadcrumbList","@id":"https:\/\/nazarene.org\/pt-br\/news\/igreja-do-nazareno-hospeda-4a-conferencia-de-teologia-global\/#breadcrumb","itemListElement":[{"@type":"ListItem","position":1,"name":"Home","item":"https:\/\/nazarene.org\/pt-br\/casa\/"},{"@type":"ListItem","position":2,"name":"News","item":"https:\/\/nazarene.org\/pt-br\/news\/"},{"@type":"ListItem","position":3,"name":"Igreja do Nazareno hospeda 4\u00aa Confer\u00eancia de Teologia Global"}]},{"@type":"WebSite","@id":"https:\/\/nazarene.org\/pt-br\/#website","url":"https:\/\/nazarene.org\/pt-br\/","name":"Church of the Nazarene","description":"Making Christlike Disciples in the Nations","publisher":{"@id":"https:\/\/nazarene.org\/pt-br\/#organization"},"potentialAction":[{"@type":"SearchAction","target":{"@type":"EntryPoint","urlTemplate":"https:\/\/nazarene.org\/pt-br\/?s={search_term_string}"},"query-input":{"@type":"PropertyValueSpecification","valueRequired":true,"valueName":"search_term_string"}}],"inLanguage":"pt-BR"},{"@type":"Organization","@id":"https:\/\/nazarene.org\/pt-br\/#organization","name":"Church of the Nazarene","url":"https:\/\/nazarene.org\/pt-br\/","logo":{"@type":"ImageObject","inLanguage":"pt-BR","@id":"https:\/\/nazarene.org\/pt-br\/#\/schema\/logo\/image\/","url":"https:\/\/nazarene.org\/wp-content\/uploads\/2024\/06\/Naz_Desktop_Black_Logo-1.svg","contentUrl":"https:\/\/nazarene.org\/wp-content\/uploads\/2024\/06\/Naz_Desktop_Black_Logo-1.svg","width":258,"height":36,"caption":"Church of the Nazarene"},"image":{"@id":"https:\/\/nazarene.org\/pt-br\/#\/schema\/logo\/image\/"},"sameAs":["https:\/\/www.facebook.com\/NazareneOfficial\/","https:\/\/x.com\/Nazarene","https:\/\/www.instagram.com\/nazareneofficial\/"]}]}},"_links":{"self":[{"href":"https:\/\/nazarene.org\/pt-br\/wp-json\/wp\/v2\/news\/53967","targetHints":{"allow":["GET"]}}],"collection":[{"href":"https:\/\/nazarene.org\/pt-br\/wp-json\/wp\/v2\/news"}],"about":[{"href":"https:\/\/nazarene.org\/pt-br\/wp-json\/wp\/v2\/types\/news"}],"author":[{"embeddable":true,"href":"https:\/\/nazarene.org\/pt-br\/wp-json\/wp\/v2\/users\/1"}],"version-history":[{"count":0,"href":"https:\/\/nazarene.org\/pt-br\/wp-json\/wp\/v2\/news\/53967\/revisions"}],"wp:attachment":[{"href":"https:\/\/nazarene.org\/pt-br\/wp-json\/wp\/v2\/media?parent=53967"}],"wp:term":[{"taxonomy":"news-categories","embeddable":true,"href":"https:\/\/nazarene.org\/pt-br\/wp-json\/wp\/v2\/news-categories?post=53967"},{"taxonomy":"news-region-taxonomy","embeddable":true,"href":"https:\/\/nazarene.org\/pt-br\/wp-json\/wp\/v2\/news-region-taxonomy?post=53967"},{"taxonomy":"news-tag","embeddable":true,"href":"https:\/\/nazarene.org\/pt-br\/wp-json\/wp\/v2\/news-tag?post=53967"}],"curies":[{"name":"wp","href":"https:\/\/api.w.org\/{rel}","templated":true}]}}