{"id":53965,"date":"2019-07-10T00:00:00","date_gmt":"2019-07-10T05:00:00","guid":{"rendered":"https:\/\/nazarene.org\/news\/missionario-aposentado-nancy-miller-fala\/"},"modified":"2019-07-10T00:00:00","modified_gmt":"2019-07-10T05:00:00","slug":"missionario-aposentado-nancy-miller-fala","status":"publish","type":"news","link":"https:\/\/nazarene.org\/pt-br\/news\/missionario-aposentado-nancy-miller-fala\/","title":{"rendered":"Mission\u00e1rio aposentado Nancy Miller fala"},"content":{"rendered":"<div style=\"text-align:center\">\n<figure class=\"image\" style=\"display:inline-block\"><img fetchpriority=\"high\" decoding=\"async\" alt=\"\" height=\"400\" src=\"https:\/\/nazarene.org\/wp-content\/uploads\/migrated_images\/NCN%20News\/USACanada\/Oklahoma\/Nancy%20Miller.png\" width=\"750\"><figcaption>Nancy Miller recebe o pr\u00eamio no 94\u00ba Conselho Geral para seus mais de 25 anos de servi\u00e7o &nbsp;mission\u00e1rio.<\/figcaption><\/figure>\n<\/div>\n<p>Mission\u00e1ria aposentada&nbsp;Nancy Jane (Sides) Miller faleceu 30 de mar\u00e7o com a idade de 66.<\/p>\n<p>Miller nasceu &nbsp;15 de novembro de 1951 &nbsp;em Kansas City, Missouri.&nbsp;Ela aceitou Jesus como seu Senhor e Salvador em uma idade jovem &nbsp;e ela sentiu um chamado para miss\u00f5es pouco depois. Isso a levou a participar de Bethany Nazarene College (agora Universidade Nazarena do Sul) onde ela conheceu seu marido, George.<\/p>\n<p>Em 1987, Nancy e George finalmente tinham a oportunidade de servir em miss\u00f5es, indo em uma designa\u00e7\u00e3o de dois meses no Raleigh Fitkin Memorial Hospital em Manzini, Swazil\u00e2ndia. Esta viagem afirmou seu chamado para entrar em miss\u00f5es de tempo integral, e em &nbsp;1989 os Millers foram designados para o Hospital Kudjip Nazareno em Papua Nova Guin\u00e9, onde eles serviram por 10 anos.&nbsp;Ent\u00e3o, em 1999, Nancy e George foram designados para &nbsp;Honiara, Ilhas Salom\u00e3o, &nbsp;onde eles serviram &nbsp;por 15 anos. Depois disso, &nbsp;eles se mudaram para as Filipinas para uma designa\u00e7\u00e3o de um ano no Col\u00e9gio Nazareno Filipino em 2014.<\/p>\n<p>Nancy era conhecida para o encorajamento e motiva\u00e7\u00e3o que ela compartilhou com seus estudantes. Ela usou suas habilidades de educa\u00e7\u00e3o &nbsp;para servir a comunidade dando li\u00e7\u00f5es de costura &nbsp;e aulas de ensino em academias crist\u00e3s e escolas b\u00edblicas, todas &nbsp;enquanto escolas de casa seus pr\u00f3prios filhos.<\/p>\n<p>Nancy sobreviveu por seu marido, George, sua m\u00e3e, Virginia Sides, e uma filha e tr\u00eas filhos, Gloria e Scott Nelson, Greg e Wendy Miller, Geoffrey e Churie Miller, e Gary e Beth Miller.&nbsp;Ela tamb\u00e9m sobreviveu por 15 netos.<\/p>\n<p>Ora\u00e7\u00e3o cont\u00ednua \u00e9 solicitada para a fam\u00edlia Miller.<\/p>\n<p><a href=\"https:\/\/asiapacificnazarene.org\/former-missionary-to-solomon-islands-passes-away\/\" target=\"_blank\">Igreja do Nazareno \u00c1sia-Pac\u00edfico<\/a><\/p>\n","protected":false},"excerpt":{"rendered":"<div style=\"text-align:center\">\n<figure class=\"image\" style=\"display:inline-block\"><img alt=\"\" heig=\"\"><\/p>\n","protected":false},"author":1,"featured_media":0,"menu_order":0,"template":"","news-categories":[],"news-region-taxonomy":[],"news-tag":[780,762,901],"class_list":["post-53965","news","type-news","status-publish","hentry","news-tag-aprovacoes","news-tag-eua-canada","news-tag-oklahoma-pt-br"],"yoast_head":"<!-- This site is optimized with the Yoast SEO Premium plugin v27.1 (Yoast SEO v27.1.1) - https:\/\/yoast.com\/product\/yoast-seo-premium-wordpress\/ -->\n<title>Mission\u00e1rio aposentado Nancy Miller fala - Church of the Nazarene<\/title>\n<meta name=\"robots\" content=\"index, follow, max-snippet:-1, max-image-preview:large, max-video-preview:-1\" \/>\n<link rel=\"canonical\" href=\"https:\/\/nazarene.org\/pt-br\/news\/missionario-aposentado-nancy-miller-fala\/\" \/>\n<meta property=\"og:locale\" content=\"pt_BR\" \/>\n<meta property=\"og:type\" content=\"article\" \/>\n<meta property=\"og:title\" content=\"Mission\u00e1rio aposentado Nancy Miller fala\" \/>\n<meta property=\"og:url\" content=\"https:\/\/nazarene.org\/pt-br\/news\/missionario-aposentado-nancy-miller-fala\/\" \/>\n<meta property=\"og:site_name\" content=\"Church of the Nazarene\" \/>\n<meta property=\"article:publisher\" content=\"https:\/\/www.facebook.com\/NazareneOfficial\/\" \/>\n<meta property=\"og:image\" content=\"https:\/\/nazarene.org\/wp-content\/uploads\/migrated_images\/NCN%20News\/USACanada\/Oklahoma\/Nancy%20Miller.png\" \/>\n<meta name=\"twitter:card\" content=\"summary_large_image\" \/>\n<meta name=\"twitter:site\" content=\"@Nazarene\" \/>\n<script type=\"application\/ld+json\" class=\"yoast-schema-graph\">{\"@context\":\"https:\/\/schema.org\",\"@graph\":[{\"@type\":\"WebPage\",\"@id\":\"https:\/\/nazarene.org\/pt-br\/news\/missionario-aposentado-nancy-miller-fala\/\",\"url\":\"https:\/\/nazarene.org\/pt-br\/news\/missionario-aposentado-nancy-miller-fala\/\",\"name\":\"Mission\u00e1rio aposentado Nancy Miller fala - Church of the Nazarene\",\"isPartOf\":{\"@id\":\"https:\/\/nazarene.org\/pt-br\/#website\"},\"primaryImageOfPage\":{\"@id\":\"https:\/\/nazarene.org\/pt-br\/news\/missionario-aposentado-nancy-miller-fala\/#primaryimage\"},\"image\":{\"@id\":\"https:\/\/nazarene.org\/pt-br\/news\/missionario-aposentado-nancy-miller-fala\/#primaryimage\"},\"thumbnailUrl\":\"https:\/\/nazarene.org\/wp-content\/uploads\/migrated_images\/NCN%20News\/USACanada\/Oklahoma\/Nancy%20Miller.png\",\"datePublished\":\"2019-07-10T05:00:00+00:00\",\"breadcrumb\":{\"@id\":\"https:\/\/nazarene.org\/pt-br\/news\/missionario-aposentado-nancy-miller-fala\/#breadcrumb\"},\"inLanguage\":\"pt-BR\",\"potentialAction\":[{\"@type\":\"ReadAction\",\"target\":[\"https:\/\/nazarene.org\/pt-br\/news\/missionario-aposentado-nancy-miller-fala\/\"]}]},{\"@type\":\"ImageObject\",\"inLanguage\":\"pt-BR\",\"@id\":\"https:\/\/nazarene.org\/pt-br\/news\/missionario-aposentado-nancy-miller-fala\/#primaryimage\",\"url\":\"https:\/\/nazarene.org\/wp-content\/uploads\/migrated_images\/NCN%20News\/USACanada\/Oklahoma\/Nancy%20Miller.png\",\"contentUrl\":\"https:\/\/nazarene.org\/wp-content\/uploads\/migrated_images\/NCN%20News\/USACanada\/Oklahoma\/Nancy%20Miller.png\"},{\"@type\":\"BreadcrumbList\",\"@id\":\"https:\/\/nazarene.org\/pt-br\/news\/missionario-aposentado-nancy-miller-fala\/#breadcrumb\",\"itemListElement\":[{\"@type\":\"ListItem\",\"position\":1,\"name\":\"Home\",\"item\":\"https:\/\/nazarene.org\/pt-br\/casa\/\"},{\"@type\":\"ListItem\",\"position\":2,\"name\":\"News\",\"item\":\"https:\/\/nazarene.org\/pt-br\/news\/\"},{\"@type\":\"ListItem\",\"position\":3,\"name\":\"Mission\u00e1rio aposentado Nancy Miller fala\"}]},{\"@type\":\"WebSite\",\"@id\":\"https:\/\/nazarene.org\/pt-br\/#website\",\"url\":\"https:\/\/nazarene.org\/pt-br\/\",\"name\":\"Church of the Nazarene\",\"description\":\"Making Christlike Disciples in the Nations\",\"publisher\":{\"@id\":\"https:\/\/nazarene.org\/pt-br\/#organization\"},\"potentialAction\":[{\"@type\":\"SearchAction\",\"target\":{\"@type\":\"EntryPoint\",\"urlTemplate\":\"https:\/\/nazarene.org\/pt-br\/?s={search_term_string}\"},\"query-input\":{\"@type\":\"PropertyValueSpecification\",\"valueRequired\":true,\"valueName\":\"search_term_string\"}}],\"inLanguage\":\"pt-BR\"},{\"@type\":\"Organization\",\"@id\":\"https:\/\/nazarene.org\/pt-br\/#organization\",\"name\":\"Church of the Nazarene\",\"url\":\"https:\/\/nazarene.org\/pt-br\/\",\"logo\":{\"@type\":\"ImageObject\",\"inLanguage\":\"pt-BR\",\"@id\":\"https:\/\/nazarene.org\/pt-br\/#\/schema\/logo\/image\/\",\"url\":\"https:\/\/nazarene.org\/wp-content\/uploads\/2024\/06\/Naz_Desktop_Black_Logo-1.svg\",\"contentUrl\":\"https:\/\/nazarene.org\/wp-content\/uploads\/2024\/06\/Naz_Desktop_Black_Logo-1.svg\",\"width\":258,\"height\":36,\"caption\":\"Church of the Nazarene\"},\"image\":{\"@id\":\"https:\/\/nazarene.org\/pt-br\/#\/schema\/logo\/image\/\"},\"sameAs\":[\"https:\/\/www.facebook.com\/NazareneOfficial\/\",\"https:\/\/x.com\/Nazarene\",\"https:\/\/www.instagram.com\/nazareneofficial\/\"]}]}<\/script>\n<!-- \/ Yoast SEO Premium plugin. -->","yoast_head_json":{"title":"Mission\u00e1rio aposentado Nancy Miller fala - Church of the Nazarene","robots":{"index":"index","follow":"follow","max-snippet":"max-snippet:-1","max-image-preview":"max-image-preview:large","max-video-preview":"max-video-preview:-1"},"canonical":"https:\/\/nazarene.org\/pt-br\/news\/missionario-aposentado-nancy-miller-fala\/","og_locale":"pt_BR","og_type":"article","og_title":"Mission\u00e1rio aposentado Nancy Miller fala","og_url":"https:\/\/nazarene.org\/pt-br\/news\/missionario-aposentado-nancy-miller-fala\/","og_site_name":"Church of the Nazarene","article_publisher":"https:\/\/www.facebook.com\/NazareneOfficial\/","og_image":[{"url":"https:\/\/nazarene.org\/wp-content\/uploads\/migrated_images\/NCN%20News\/USACanada\/Oklahoma\/Nancy%20Miller.png","type":"","width":"","height":""}],"twitter_card":"summary_large_image","twitter_site":"@Nazarene","schema":{"@context":"https:\/\/schema.org","@graph":[{"@type":"WebPage","@id":"https:\/\/nazarene.org\/pt-br\/news\/missionario-aposentado-nancy-miller-fala\/","url":"https:\/\/nazarene.org\/pt-br\/news\/missionario-aposentado-nancy-miller-fala\/","name":"Mission\u00e1rio aposentado Nancy Miller fala - Church of the Nazarene","isPartOf":{"@id":"https:\/\/nazarene.org\/pt-br\/#website"},"primaryImageOfPage":{"@id":"https:\/\/nazarene.org\/pt-br\/news\/missionario-aposentado-nancy-miller-fala\/#primaryimage"},"image":{"@id":"https:\/\/nazarene.org\/pt-br\/news\/missionario-aposentado-nancy-miller-fala\/#primaryimage"},"thumbnailUrl":"https:\/\/nazarene.org\/wp-content\/uploads\/migrated_images\/NCN%20News\/USACanada\/Oklahoma\/Nancy%20Miller.png","datePublished":"2019-07-10T05:00:00+00:00","breadcrumb":{"@id":"https:\/\/nazarene.org\/pt-br\/news\/missionario-aposentado-nancy-miller-fala\/#breadcrumb"},"inLanguage":"pt-BR","potentialAction":[{"@type":"ReadAction","target":["https:\/\/nazarene.org\/pt-br\/news\/missionario-aposentado-nancy-miller-fala\/"]}]},{"@type":"ImageObject","inLanguage":"pt-BR","@id":"https:\/\/nazarene.org\/pt-br\/news\/missionario-aposentado-nancy-miller-fala\/#primaryimage","url":"https:\/\/nazarene.org\/wp-content\/uploads\/migrated_images\/NCN%20News\/USACanada\/Oklahoma\/Nancy%20Miller.png","contentUrl":"https:\/\/nazarene.org\/wp-content\/uploads\/migrated_images\/NCN%20News\/USACanada\/Oklahoma\/Nancy%20Miller.png"},{"@type":"BreadcrumbList","@id":"https:\/\/nazarene.org\/pt-br\/news\/missionario-aposentado-nancy-miller-fala\/#breadcrumb","itemListElement":[{"@type":"ListItem","position":1,"name":"Home","item":"https:\/\/nazarene.org\/pt-br\/casa\/"},{"@type":"ListItem","position":2,"name":"News","item":"https:\/\/nazarene.org\/pt-br\/news\/"},{"@type":"ListItem","position":3,"name":"Mission\u00e1rio aposentado Nancy Miller fala"}]},{"@type":"WebSite","@id":"https:\/\/nazarene.org\/pt-br\/#website","url":"https:\/\/nazarene.org\/pt-br\/","name":"Church of the Nazarene","description":"Making Christlike Disciples in the Nations","publisher":{"@id":"https:\/\/nazarene.org\/pt-br\/#organization"},"potentialAction":[{"@type":"SearchAction","target":{"@type":"EntryPoint","urlTemplate":"https:\/\/nazarene.org\/pt-br\/?s={search_term_string}"},"query-input":{"@type":"PropertyValueSpecification","valueRequired":true,"valueName":"search_term_string"}}],"inLanguage":"pt-BR"},{"@type":"Organization","@id":"https:\/\/nazarene.org\/pt-br\/#organization","name":"Church of the Nazarene","url":"https:\/\/nazarene.org\/pt-br\/","logo":{"@type":"ImageObject","inLanguage":"pt-BR","@id":"https:\/\/nazarene.org\/pt-br\/#\/schema\/logo\/image\/","url":"https:\/\/nazarene.org\/wp-content\/uploads\/2024\/06\/Naz_Desktop_Black_Logo-1.svg","contentUrl":"https:\/\/nazarene.org\/wp-content\/uploads\/2024\/06\/Naz_Desktop_Black_Logo-1.svg","width":258,"height":36,"caption":"Church of the Nazarene"},"image":{"@id":"https:\/\/nazarene.org\/pt-br\/#\/schema\/logo\/image\/"},"sameAs":["https:\/\/www.facebook.com\/NazareneOfficial\/","https:\/\/x.com\/Nazarene","https:\/\/www.instagram.com\/nazareneofficial\/"]}]}},"_links":{"self":[{"href":"https:\/\/nazarene.org\/pt-br\/wp-json\/wp\/v2\/news\/53965","targetHints":{"allow":["GET"]}}],"collection":[{"href":"https:\/\/nazarene.org\/pt-br\/wp-json\/wp\/v2\/news"}],"about":[{"href":"https:\/\/nazarene.org\/pt-br\/wp-json\/wp\/v2\/types\/news"}],"author":[{"embeddable":true,"href":"https:\/\/nazarene.org\/pt-br\/wp-json\/wp\/v2\/users\/1"}],"version-history":[{"count":0,"href":"https:\/\/nazarene.org\/pt-br\/wp-json\/wp\/v2\/news\/53965\/revisions"}],"wp:attachment":[{"href":"https:\/\/nazarene.org\/pt-br\/wp-json\/wp\/v2\/media?parent=53965"}],"wp:term":[{"taxonomy":"news-categories","embeddable":true,"href":"https:\/\/nazarene.org\/pt-br\/wp-json\/wp\/v2\/news-categories?post=53965"},{"taxonomy":"news-region-taxonomy","embeddable":true,"href":"https:\/\/nazarene.org\/pt-br\/wp-json\/wp\/v2\/news-region-taxonomy?post=53965"},{"taxonomy":"news-tag","embeddable":true,"href":"https:\/\/nazarene.org\/pt-br\/wp-json\/wp\/v2\/news-tag?post=53965"}],"curies":[{"name":"wp","href":"https:\/\/api.w.org\/{rel}","templated":true}]}}