{"id":53811,"date":"2019-07-10T00:00:00","date_gmt":"2019-07-10T05:00:00","guid":{"rendered":"https:\/\/nazarene.org\/news\/in-memoriam-2-de-marco-de-2018\/"},"modified":"2019-07-10T00:00:00","modified_gmt":"2019-07-10T05:00:00","slug":"in-memoriam-2-de-marco-de-2018","status":"publish","type":"news","link":"https:\/\/nazarene.org\/pt-br\/news\/in-memoriam-2-de-marco-de-2018\/","title":{"rendered":"In Memoriam: 2 de mar\u00e7o de 2018"},"content":{"rendered":"<p><img fetchpriority=\"high\" decoding=\"async\" alt=\"\" height=\"400\" src=\"https:\/\/nazarene.org\/wp-content\/uploads\/migrated_images\/NCN%20News\/Generic\/In%20Memoriam\/SnowyFence.jpg\" width=\"750\"><\/p>\n<p>A seguir \u00e9 uma lista semanal de ministros e l\u00edderes que recentemente foram para casa para estar com o Senhor. Notifica\u00e7\u00f5es foram recebidas 26 de fevereiro &#8211; 2 de mar\u00e7o de 2018.<\/p>\n<p><a href=\"https:\/\/www.legacy.com\/obituaries\/louisville\/obituary.aspx?page=lifestory&amp;pid=188250003\" target=\"_blank\"><strong>Lawrence Adams<\/strong><\/a>, 95, de Bowling Green, Kentucky, faleceu 17 de fevereiro. Ele era um ministro aposentado, servindo em Tennessee, Kentucky, Indiana, Carolina do Norte e Ohio. Ele foi precedido em morte por sua esposa, Mavis Adams, em 2010.<\/p>\n<p><a href=\"http:\/\/www.washburn-mcreavy.com\/obituaries\/Norman-Bloom\/#!\/Obituary\" target=\"_blank\"><strong>Norman<\/strong><strong> Bloom<\/strong><\/a>, 93, de Eden Prairie, Minnesota, faleceu 22 de fevereiro. Ele era um ministro aposentado, educador e superintendente de distrito, servindo em Kansas, Nebraska e Illinois &nbsp;e liderando o Distrito de Minnesota. Ele foi precedido em morte por sua esposa, Margaret Bloom, em 1987. Ele tamb\u00e9m foi precedido em morte por sua segunda esposa, Barbara Bloom, em 2007.<\/p>\n<p><a href=\"https:\/\/www.legacy.com\/obituaries\/indystar\/obituary.aspx?page=lifestory&amp;pid=188250578\" target=\"_blank\"><strong>Maurice Bratcher<\/strong><\/a>, 91, de Avon, Indiana, faleceu 21 de fevereiro. Ele era um ministro aposentado e evangelista, servindo em Indiana. Ele foi precedido em morte por sua esposa, Alma Bratcher, em 2013.<\/p>\n<p><strong><a href=\"http:\/\/www.legacy.com\/obituaries\/heraldtribune\/obituary.aspx?page=lifestory&amp;pid=188305161\" target=\"_blank\">Kathryn (Speck) Cochran<\/a><\/strong>, 90, de Bradenton, Fl\u00f3rida, faleceu 23 de fevereiro. Ela foi precedida em morte por seu marido, ministro aposentado Dunn Cochran, que serviu na Fl\u00f3rida, Kentucky, Virg\u00ednia Ocidental e Ge\u00f3rgia.&nbsp;Dunn Cochran faleceu em 2016.<\/p>\n<p><a href=\"http:\/\/www.nazarene.org\/article\/g-jayasingh-passed-away\" target=\"_blank\"><strong>G. Jayasingh<\/strong><\/a>, 53, de Nambiyur, \u00cdndia, faleceu 23 de janeiro. Ele era o pastor &nbsp;de Nambiyur Shalom do Nazareno. Ele sobreviveu por sua esposa, &nbsp;S. Saral Shanthakumari.<\/p>\n<p><strong>Richard Lashley<\/strong>, 81, de Sun City, Arizona, faleceu 19 de fevereiro. Ele era um ministro aposentado, servindo em Michigan, Arizona, Oregon e Montana. Ele sobreviveu por sua esposa, Janey Lashley.<\/p>\n<p><a href=\"http:\/\/www.legacy.com\/obituaries\/thestate\/obituary.aspx?page=lifestory&amp;pid=188291795\" target=\"_blank\"><strong>Alice (Witherspoon) Mitchell<\/strong><\/a>, 90, de Batesburg, Carolina do Sul, faleceu 25 de fevereiro. Ela foi precedida em morte por seu marido, ministro aposentado Talmage Mitchell Jr., &nbsp;que serviu em Carolina do Sul. Talmage Mitchell Jr. passou em 2014.<\/p>\n<p><strong>W. Peter O&#8217;Brien<\/strong>, 78, &nbsp;de Winnipeg, Manitoba, Canad\u00e1, faleceu 28 de fevereiro. Ele era um ministro aposentado, servindo em Ont\u00e1rio, Alberta e Manitoba. Ele sobreviveu por sua esposa, Linda O&#8217;Brien.&nbsp;<\/p>\n<p><a href=\"http:\/\/www.legacy.com\/obituaries\/kansascity\/obituary.aspx?page=lifestory&amp;pid=188311714\" target=\"_blank\"><strong>Verdean Owens<\/strong><\/a>, 89, de Olathe, Kansas, faleceu 24 de fevereiro. Ele era um ministro aposentado, servindo em Indiana e Ohio. Ele sobreviveu por sua esposa, evangelista aposentada Marjorie Owens, que serviu em Kansas, Ohio e Indiana.<\/p>\n<p><a href=\"https:\/\/www.dignitymemorial.com\/obituaries\/el-paso-tx\/luis-rios-7775082\" target=\"_blank\"><strong>Luis&nbsp;<\/strong><strong>Rios<\/strong><\/a>, 98, &nbsp;de El Paso, Texas, faleceu 26 de fevereiro. Ele era um ministro aposentado, servindo no M\u00e9xico e Texas.&nbsp;Ele sobreviveu por sua esposa, Fortunata Rios.<\/p>\n<p><a href=\"http:\/\/www.legacy.com\/obituaries\/portsmouth-dailytimes\/obituary.aspx?page=lifestory&amp;pid=188317653\" target=\"_blank\"><strong>Bobby Taylor<\/strong><\/a>, 77, &nbsp;de South Shore, Kentucky, faleceu 26 de fevereiro. Ele era um ministro e evangelista aposentado, servindo em Kentucky e Ohio.&nbsp;Ele sobreviveu por sua esposa, Colleen Taylor.<\/p>\n<p>Para edi\u00e7\u00f5es anteriores de <em>In Memoriam<\/em>, veja a se\u00e7\u00e3o &#8220;Aprova\u00e7\u00f5es&#8221; <a href=\"https:\/\/nazarene.org\/article-posted\/passings\">clicando aqui<\/a>.<\/p>\n<p><em>Nota: Por favor, junte-se a n\u00f3s em ora\u00e7\u00e3o para as fam\u00edlias que perderam entes amados. Clique em nomes para hist\u00f3rias completas, informa\u00e7\u00f5es funerais, obitu\u00e1rios on-line locais e \/ ou livros de convidados (se dispon\u00edvel). Para enviar uma entrada de um ministro ou l\u00edder de igreja, envie para <a href=\"mailto:news@nazarene.org\">news@nazarene.org<\/a>.<\/em><\/p>\n<p>Compilado por NCN News<\/p>\n","protected":false},"excerpt":{"rendered":"<p><img decoding=\"async\" alt=\"\" height=\"400\" src=\"\/sites\/default\/files\/migrated_images\/NCN%20News\/Generic\/In%20Memoriam\/S&lt;\/div&gt;\"><\/p>\n","protected":false},"author":1,"featured_media":0,"menu_order":0,"template":"","news-categories":[],"news-region-taxonomy":[],"news-tag":[780],"class_list":["post-53811","news","type-news","status-publish","hentry","news-tag-aprovacoes"],"yoast_head":"<!-- This site is optimized with the Yoast SEO Premium plugin v27.1 (Yoast SEO v27.1.1) - https:\/\/yoast.com\/product\/yoast-seo-premium-wordpress\/ -->\n<title>In Memoriam: 2 de mar\u00e7o de 2018 - Church of the Nazarene<\/title>\n<meta name=\"robots\" content=\"index, follow, max-snippet:-1, max-image-preview:large, max-video-preview:-1\" \/>\n<link rel=\"canonical\" href=\"https:\/\/nazarene.org\/pt-br\/news\/in-memoriam-2-de-marco-de-2018\/\" \/>\n<meta property=\"og:locale\" content=\"pt_BR\" \/>\n<meta property=\"og:type\" content=\"article\" \/>\n<meta property=\"og:title\" content=\"In Memoriam: 2 de mar\u00e7o de 2018\" \/>\n<meta property=\"og:url\" content=\"https:\/\/nazarene.org\/pt-br\/news\/in-memoriam-2-de-marco-de-2018\/\" \/>\n<meta property=\"og:site_name\" content=\"Church of the Nazarene\" \/>\n<meta property=\"article:publisher\" content=\"https:\/\/www.facebook.com\/NazareneOfficial\/\" \/>\n<meta property=\"og:image\" content=\"https:\/\/nazarene.org\/wp-content\/uploads\/migrated_images\/NCN%20News\/Generic\/In%20Memoriam\/SnowyFence.jpg\" \/>\n<meta name=\"twitter:card\" content=\"summary_large_image\" \/>\n<meta name=\"twitter:site\" content=\"@Nazarene\" \/>\n<script type=\"application\/ld+json\" class=\"yoast-schema-graph\">{\"@context\":\"https:\/\/schema.org\",\"@graph\":[{\"@type\":\"WebPage\",\"@id\":\"https:\/\/nazarene.org\/pt-br\/news\/in-memoriam-2-de-marco-de-2018\/\",\"url\":\"https:\/\/nazarene.org\/pt-br\/news\/in-memoriam-2-de-marco-de-2018\/\",\"name\":\"In Memoriam: 2 de mar\u00e7o de 2018 - Church of the Nazarene\",\"isPartOf\":{\"@id\":\"https:\/\/nazarene.org\/pt-br\/#website\"},\"primaryImageOfPage\":{\"@id\":\"https:\/\/nazarene.org\/pt-br\/news\/in-memoriam-2-de-marco-de-2018\/#primaryimage\"},\"image\":{\"@id\":\"https:\/\/nazarene.org\/pt-br\/news\/in-memoriam-2-de-marco-de-2018\/#primaryimage\"},\"thumbnailUrl\":\"https:\/\/nazarene.org\/wp-content\/uploads\/migrated_images\/NCN%20News\/Generic\/In%20Memoriam\/SnowyFence.jpg\",\"datePublished\":\"2019-07-10T05:00:00+00:00\",\"breadcrumb\":{\"@id\":\"https:\/\/nazarene.org\/pt-br\/news\/in-memoriam-2-de-marco-de-2018\/#breadcrumb\"},\"inLanguage\":\"pt-BR\",\"potentialAction\":[{\"@type\":\"ReadAction\",\"target\":[\"https:\/\/nazarene.org\/pt-br\/news\/in-memoriam-2-de-marco-de-2018\/\"]}]},{\"@type\":\"ImageObject\",\"inLanguage\":\"pt-BR\",\"@id\":\"https:\/\/nazarene.org\/pt-br\/news\/in-memoriam-2-de-marco-de-2018\/#primaryimage\",\"url\":\"https:\/\/nazarene.org\/wp-content\/uploads\/migrated_images\/NCN%20News\/Generic\/In%20Memoriam\/SnowyFence.jpg\",\"contentUrl\":\"https:\/\/nazarene.org\/wp-content\/uploads\/migrated_images\/NCN%20News\/Generic\/In%20Memoriam\/SnowyFence.jpg\"},{\"@type\":\"BreadcrumbList\",\"@id\":\"https:\/\/nazarene.org\/pt-br\/news\/in-memoriam-2-de-marco-de-2018\/#breadcrumb\",\"itemListElement\":[{\"@type\":\"ListItem\",\"position\":1,\"name\":\"Home\",\"item\":\"https:\/\/nazarene.org\/pt-br\/casa\/\"},{\"@type\":\"ListItem\",\"position\":2,\"name\":\"News\",\"item\":\"https:\/\/nazarene.org\/pt-br\/news\/\"},{\"@type\":\"ListItem\",\"position\":3,\"name\":\"In Memoriam: 2 de mar\u00e7o de 2018\"}]},{\"@type\":\"WebSite\",\"@id\":\"https:\/\/nazarene.org\/pt-br\/#website\",\"url\":\"https:\/\/nazarene.org\/pt-br\/\",\"name\":\"Church of the Nazarene\",\"description\":\"Making Christlike Disciples in the Nations\",\"publisher\":{\"@id\":\"https:\/\/nazarene.org\/pt-br\/#organization\"},\"potentialAction\":[{\"@type\":\"SearchAction\",\"target\":{\"@type\":\"EntryPoint\",\"urlTemplate\":\"https:\/\/nazarene.org\/pt-br\/?s={search_term_string}\"},\"query-input\":{\"@type\":\"PropertyValueSpecification\",\"valueRequired\":true,\"valueName\":\"search_term_string\"}}],\"inLanguage\":\"pt-BR\"},{\"@type\":\"Organization\",\"@id\":\"https:\/\/nazarene.org\/pt-br\/#organization\",\"name\":\"Church of the Nazarene\",\"url\":\"https:\/\/nazarene.org\/pt-br\/\",\"logo\":{\"@type\":\"ImageObject\",\"inLanguage\":\"pt-BR\",\"@id\":\"https:\/\/nazarene.org\/pt-br\/#\/schema\/logo\/image\/\",\"url\":\"https:\/\/nazarene.org\/wp-content\/uploads\/2024\/06\/Naz_Desktop_Black_Logo-1.svg\",\"contentUrl\":\"https:\/\/nazarene.org\/wp-content\/uploads\/2024\/06\/Naz_Desktop_Black_Logo-1.svg\",\"width\":258,\"height\":36,\"caption\":\"Church of the Nazarene\"},\"image\":{\"@id\":\"https:\/\/nazarene.org\/pt-br\/#\/schema\/logo\/image\/\"},\"sameAs\":[\"https:\/\/www.facebook.com\/NazareneOfficial\/\",\"https:\/\/x.com\/Nazarene\",\"https:\/\/www.instagram.com\/nazareneofficial\/\"]}]}<\/script>\n<!-- \/ Yoast SEO Premium plugin. -->","yoast_head_json":{"title":"In Memoriam: 2 de mar\u00e7o de 2018 - Church of the Nazarene","robots":{"index":"index","follow":"follow","max-snippet":"max-snippet:-1","max-image-preview":"max-image-preview:large","max-video-preview":"max-video-preview:-1"},"canonical":"https:\/\/nazarene.org\/pt-br\/news\/in-memoriam-2-de-marco-de-2018\/","og_locale":"pt_BR","og_type":"article","og_title":"In Memoriam: 2 de mar\u00e7o de 2018","og_url":"https:\/\/nazarene.org\/pt-br\/news\/in-memoriam-2-de-marco-de-2018\/","og_site_name":"Church of the Nazarene","article_publisher":"https:\/\/www.facebook.com\/NazareneOfficial\/","og_image":[{"url":"https:\/\/nazarene.org\/wp-content\/uploads\/migrated_images\/NCN%20News\/Generic\/In%20Memoriam\/SnowyFence.jpg","type":"","width":"","height":""}],"twitter_card":"summary_large_image","twitter_site":"@Nazarene","schema":{"@context":"https:\/\/schema.org","@graph":[{"@type":"WebPage","@id":"https:\/\/nazarene.org\/pt-br\/news\/in-memoriam-2-de-marco-de-2018\/","url":"https:\/\/nazarene.org\/pt-br\/news\/in-memoriam-2-de-marco-de-2018\/","name":"In Memoriam: 2 de mar\u00e7o de 2018 - Church of the Nazarene","isPartOf":{"@id":"https:\/\/nazarene.org\/pt-br\/#website"},"primaryImageOfPage":{"@id":"https:\/\/nazarene.org\/pt-br\/news\/in-memoriam-2-de-marco-de-2018\/#primaryimage"},"image":{"@id":"https:\/\/nazarene.org\/pt-br\/news\/in-memoriam-2-de-marco-de-2018\/#primaryimage"},"thumbnailUrl":"https:\/\/nazarene.org\/wp-content\/uploads\/migrated_images\/NCN%20News\/Generic\/In%20Memoriam\/SnowyFence.jpg","datePublished":"2019-07-10T05:00:00+00:00","breadcrumb":{"@id":"https:\/\/nazarene.org\/pt-br\/news\/in-memoriam-2-de-marco-de-2018\/#breadcrumb"},"inLanguage":"pt-BR","potentialAction":[{"@type":"ReadAction","target":["https:\/\/nazarene.org\/pt-br\/news\/in-memoriam-2-de-marco-de-2018\/"]}]},{"@type":"ImageObject","inLanguage":"pt-BR","@id":"https:\/\/nazarene.org\/pt-br\/news\/in-memoriam-2-de-marco-de-2018\/#primaryimage","url":"https:\/\/nazarene.org\/wp-content\/uploads\/migrated_images\/NCN%20News\/Generic\/In%20Memoriam\/SnowyFence.jpg","contentUrl":"https:\/\/nazarene.org\/wp-content\/uploads\/migrated_images\/NCN%20News\/Generic\/In%20Memoriam\/SnowyFence.jpg"},{"@type":"BreadcrumbList","@id":"https:\/\/nazarene.org\/pt-br\/news\/in-memoriam-2-de-marco-de-2018\/#breadcrumb","itemListElement":[{"@type":"ListItem","position":1,"name":"Home","item":"https:\/\/nazarene.org\/pt-br\/casa\/"},{"@type":"ListItem","position":2,"name":"News","item":"https:\/\/nazarene.org\/pt-br\/news\/"},{"@type":"ListItem","position":3,"name":"In Memoriam: 2 de mar\u00e7o de 2018"}]},{"@type":"WebSite","@id":"https:\/\/nazarene.org\/pt-br\/#website","url":"https:\/\/nazarene.org\/pt-br\/","name":"Church of the Nazarene","description":"Making Christlike Disciples in the Nations","publisher":{"@id":"https:\/\/nazarene.org\/pt-br\/#organization"},"potentialAction":[{"@type":"SearchAction","target":{"@type":"EntryPoint","urlTemplate":"https:\/\/nazarene.org\/pt-br\/?s={search_term_string}"},"query-input":{"@type":"PropertyValueSpecification","valueRequired":true,"valueName":"search_term_string"}}],"inLanguage":"pt-BR"},{"@type":"Organization","@id":"https:\/\/nazarene.org\/pt-br\/#organization","name":"Church of the Nazarene","url":"https:\/\/nazarene.org\/pt-br\/","logo":{"@type":"ImageObject","inLanguage":"pt-BR","@id":"https:\/\/nazarene.org\/pt-br\/#\/schema\/logo\/image\/","url":"https:\/\/nazarene.org\/wp-content\/uploads\/2024\/06\/Naz_Desktop_Black_Logo-1.svg","contentUrl":"https:\/\/nazarene.org\/wp-content\/uploads\/2024\/06\/Naz_Desktop_Black_Logo-1.svg","width":258,"height":36,"caption":"Church of the Nazarene"},"image":{"@id":"https:\/\/nazarene.org\/pt-br\/#\/schema\/logo\/image\/"},"sameAs":["https:\/\/www.facebook.com\/NazareneOfficial\/","https:\/\/x.com\/Nazarene","https:\/\/www.instagram.com\/nazareneofficial\/"]}]}},"_links":{"self":[{"href":"https:\/\/nazarene.org\/pt-br\/wp-json\/wp\/v2\/news\/53811","targetHints":{"allow":["GET"]}}],"collection":[{"href":"https:\/\/nazarene.org\/pt-br\/wp-json\/wp\/v2\/news"}],"about":[{"href":"https:\/\/nazarene.org\/pt-br\/wp-json\/wp\/v2\/types\/news"}],"author":[{"embeddable":true,"href":"https:\/\/nazarene.org\/pt-br\/wp-json\/wp\/v2\/users\/1"}],"version-history":[{"count":0,"href":"https:\/\/nazarene.org\/pt-br\/wp-json\/wp\/v2\/news\/53811\/revisions"}],"wp:attachment":[{"href":"https:\/\/nazarene.org\/pt-br\/wp-json\/wp\/v2\/media?parent=53811"}],"wp:term":[{"taxonomy":"news-categories","embeddable":true,"href":"https:\/\/nazarene.org\/pt-br\/wp-json\/wp\/v2\/news-categories?post=53811"},{"taxonomy":"news-region-taxonomy","embeddable":true,"href":"https:\/\/nazarene.org\/pt-br\/wp-json\/wp\/v2\/news-region-taxonomy?post=53811"},{"taxonomy":"news-tag","embeddable":true,"href":"https:\/\/nazarene.org\/pt-br\/wp-json\/wp\/v2\/news-tag?post=53811"}],"curies":[{"name":"wp","href":"https:\/\/api.w.org\/{rel}","templated":true}]}}