{"id":53705,"date":"2019-07-10T00:00:00","date_gmt":"2019-07-10T05:00:00","guid":{"rendered":"https:\/\/nazarene.org\/news\/nts-celebra-vida-de-aj-wetmore\/"},"modified":"2019-07-10T00:00:00","modified_gmt":"2019-07-10T05:00:00","slug":"nts-celebra-vida-de-aj-wetmore","status":"publish","type":"news","link":"https:\/\/nazarene.org\/pt-br\/news\/nts-celebra-vida-de-aj-wetmore\/","title":{"rendered":"NTS celebra vida de AJ Wetmore"},"content":{"rendered":"<div style=\"text-align:center\">\n<figure class=\"image\" style=\"display:inline-block\"><img fetchpriority=\"high\" decoding=\"async\" alt=\"\" height=\"400\" src=\"https:\/\/nazarene.org\/wp-content\/uploads\/migrated_images\/NCN%20News\/Collegiate\/NTS\/AJWetmore.jpg\" width=\"750\"><figcaption>Gordon e A. J. Wetmore<\/figcaption><\/figure>\n<\/div>\n<p>O Presidente do Semin\u00e1rio Teol\u00f3gico Nazareno Jeren Rowell e a comunidade NTS se junta a muitos membros da fam\u00edlia, amigos e colegas em luto a perda de A. J. Wetmore 29 de janeiro. A. J. e seu marido, Gordon Wetmore, fizeram uma marca duradoura em muitos estudantes, corpo docente &nbsp;e equipe durante seus anos de minist\u00e9rio no NTS. Wetmore, <a href=\"\/article\/pastor-educator-gordon-wetmore-passes-away\" target=\"_blank\">que faleceu em 2016<\/a>, serviu como s\u00e9timo presidente do NTS de 1992 a 2000.<\/p>\n<p>Semin\u00e1rio Teol\u00f3gico Nazareno d\u00e1 gra\u00e7as para a vida e minist\u00e9rio da Sra. Wetmore e se junta \u00e0 fam\u00edlia e \u00e0 igreja em celebrar a esperan\u00e7a da ressurrei\u00e7\u00e3o incorporada por A. J. e Gordon Wetmore.&nbsp;<\/p>\n<p>A fam\u00edlia Wetmore forneceu a seguinte mensagem para NTS:\u2028\u2028<br \/>\n<em>Em vez de flores, doa\u00e7\u00f5es podem ser feitas em honra de A. J. para o Fundo de Bolsa de Estudo Dr. Gordon e A.J. Wetmore Scholarship \u00e9 uma bolsa de estudos dotada dada a estudantes no NTS. Doa\u00e7\u00f5es podem ser feitas&nbsp;<a href=\"https:\/\/app.etapestry.com\/onlineforms\/NazareneTheologicalSeminary\/supportnts.html\" target=\"_blank\">aqui<\/a>. Por favor, note que os fundos s\u00e3o: &#8220;Em Mem\u00f3ria de Dr. Gordon e AJ Wetmore&#8221;. Cheques podem ser feitos para &#8220;Semin\u00e1rio Teol\u00f3gico Nazareno&#8221; e enviados para 1700 E Meyer Blvd, Kansas City, MO 64131. Earmarcar o cheque &#8220;Wetmore&#8221;.<\/em><\/p>\n<p><a href=\"http:\/\/www.nts.edu\/\" target=\"_blank\">Semin\u00e1rio Teol\u00f3gico Nazareno<\/a><\/p>\n","protected":false},"excerpt":{"rendered":"<div style=\"text-align:center\">\n<figure class=\"image\" style=\"display:inline-block\"><img alt=\"\" heig=\"\"><\/p>\n","protected":false},"author":1,"featured_media":0,"menu_order":0,"template":"","news-categories":[],"news-region-taxonomy":[],"news-tag":[780,873,762,1778],"class_list":["post-53705","news","type-news","status-publish","hentry","news-tag-aprovacoes","news-tag-colegiado","news-tag-eua-canada","news-tag-nts-pt-br"],"yoast_head":"<!-- This site is optimized with the Yoast SEO Premium plugin v27.1 (Yoast SEO v27.1.1) - https:\/\/yoast.com\/product\/yoast-seo-premium-wordpress\/ -->\n<title>NTS celebra vida de AJ Wetmore - Church of the Nazarene<\/title>\n<meta name=\"robots\" content=\"index, follow, max-snippet:-1, max-image-preview:large, max-video-preview:-1\" \/>\n<link rel=\"canonical\" href=\"https:\/\/nazarene.org\/pt-br\/news\/nts-celebra-vida-de-aj-wetmore\/\" \/>\n<meta property=\"og:locale\" content=\"pt_BR\" \/>\n<meta property=\"og:type\" content=\"article\" \/>\n<meta property=\"og:title\" content=\"NTS celebra vida de AJ Wetmore\" \/>\n<meta property=\"og:url\" content=\"https:\/\/nazarene.org\/pt-br\/news\/nts-celebra-vida-de-aj-wetmore\/\" \/>\n<meta property=\"og:site_name\" content=\"Church of the Nazarene\" \/>\n<meta property=\"article:publisher\" content=\"https:\/\/www.facebook.com\/NazareneOfficial\/\" \/>\n<meta property=\"og:image\" content=\"https:\/\/nazarene.org\/wp-content\/uploads\/migrated_images\/NCN%20News\/Collegiate\/NTS\/AJWetmore.jpg\" \/>\n<meta name=\"twitter:card\" content=\"summary_large_image\" \/>\n<meta name=\"twitter:site\" content=\"@Nazarene\" \/>\n<script type=\"application\/ld+json\" class=\"yoast-schema-graph\">{\"@context\":\"https:\/\/schema.org\",\"@graph\":[{\"@type\":\"WebPage\",\"@id\":\"https:\/\/nazarene.org\/pt-br\/news\/nts-celebra-vida-de-aj-wetmore\/\",\"url\":\"https:\/\/nazarene.org\/pt-br\/news\/nts-celebra-vida-de-aj-wetmore\/\",\"name\":\"NTS celebra vida de AJ Wetmore - Church of the Nazarene\",\"isPartOf\":{\"@id\":\"https:\/\/nazarene.org\/pt-br\/#website\"},\"primaryImageOfPage\":{\"@id\":\"https:\/\/nazarene.org\/pt-br\/news\/nts-celebra-vida-de-aj-wetmore\/#primaryimage\"},\"image\":{\"@id\":\"https:\/\/nazarene.org\/pt-br\/news\/nts-celebra-vida-de-aj-wetmore\/#primaryimage\"},\"thumbnailUrl\":\"https:\/\/nazarene.org\/wp-content\/uploads\/migrated_images\/NCN%20News\/Collegiate\/NTS\/AJWetmore.jpg\",\"datePublished\":\"2019-07-10T05:00:00+00:00\",\"breadcrumb\":{\"@id\":\"https:\/\/nazarene.org\/pt-br\/news\/nts-celebra-vida-de-aj-wetmore\/#breadcrumb\"},\"inLanguage\":\"pt-BR\",\"potentialAction\":[{\"@type\":\"ReadAction\",\"target\":[\"https:\/\/nazarene.org\/pt-br\/news\/nts-celebra-vida-de-aj-wetmore\/\"]}]},{\"@type\":\"ImageObject\",\"inLanguage\":\"pt-BR\",\"@id\":\"https:\/\/nazarene.org\/pt-br\/news\/nts-celebra-vida-de-aj-wetmore\/#primaryimage\",\"url\":\"https:\/\/nazarene.org\/wp-content\/uploads\/migrated_images\/NCN%20News\/Collegiate\/NTS\/AJWetmore.jpg\",\"contentUrl\":\"https:\/\/nazarene.org\/wp-content\/uploads\/migrated_images\/NCN%20News\/Collegiate\/NTS\/AJWetmore.jpg\"},{\"@type\":\"BreadcrumbList\",\"@id\":\"https:\/\/nazarene.org\/pt-br\/news\/nts-celebra-vida-de-aj-wetmore\/#breadcrumb\",\"itemListElement\":[{\"@type\":\"ListItem\",\"position\":1,\"name\":\"Home\",\"item\":\"https:\/\/nazarene.org\/pt-br\/\"},{\"@type\":\"ListItem\",\"position\":2,\"name\":\"News\",\"item\":\"https:\/\/nazarene.org\/pt-br\/news\/\"},{\"@type\":\"ListItem\",\"position\":3,\"name\":\"NTS celebra vida de AJ Wetmore\"}]},{\"@type\":\"WebSite\",\"@id\":\"https:\/\/nazarene.org\/pt-br\/#website\",\"url\":\"https:\/\/nazarene.org\/pt-br\/\",\"name\":\"Church of the Nazarene\",\"description\":\"Making Christlike Disciples in the Nations\",\"publisher\":{\"@id\":\"https:\/\/nazarene.org\/pt-br\/#organization\"},\"potentialAction\":[{\"@type\":\"SearchAction\",\"target\":{\"@type\":\"EntryPoint\",\"urlTemplate\":\"https:\/\/nazarene.org\/pt-br\/?s={search_term_string}\"},\"query-input\":{\"@type\":\"PropertyValueSpecification\",\"valueRequired\":true,\"valueName\":\"search_term_string\"}}],\"inLanguage\":\"pt-BR\"},{\"@type\":\"Organization\",\"@id\":\"https:\/\/nazarene.org\/pt-br\/#organization\",\"name\":\"Church of the Nazarene\",\"url\":\"https:\/\/nazarene.org\/pt-br\/\",\"logo\":{\"@type\":\"ImageObject\",\"inLanguage\":\"pt-BR\",\"@id\":\"https:\/\/nazarene.org\/pt-br\/#\/schema\/logo\/image\/\",\"url\":\"https:\/\/nazarene.org\/wp-content\/uploads\/2024\/06\/Naz_Desktop_Black_Logo-1.svg\",\"contentUrl\":\"https:\/\/nazarene.org\/wp-content\/uploads\/2024\/06\/Naz_Desktop_Black_Logo-1.svg\",\"width\":258,\"height\":36,\"caption\":\"Church of the Nazarene\"},\"image\":{\"@id\":\"https:\/\/nazarene.org\/pt-br\/#\/schema\/logo\/image\/\"},\"sameAs\":[\"https:\/\/www.facebook.com\/NazareneOfficial\/\",\"https:\/\/x.com\/Nazarene\",\"https:\/\/www.instagram.com\/nazareneofficial\/\"]}]}<\/script>\n<!-- \/ Yoast SEO Premium plugin. -->","yoast_head_json":{"title":"NTS celebra vida de AJ Wetmore - Church of the Nazarene","robots":{"index":"index","follow":"follow","max-snippet":"max-snippet:-1","max-image-preview":"max-image-preview:large","max-video-preview":"max-video-preview:-1"},"canonical":"https:\/\/nazarene.org\/pt-br\/news\/nts-celebra-vida-de-aj-wetmore\/","og_locale":"pt_BR","og_type":"article","og_title":"NTS celebra vida de AJ Wetmore","og_url":"https:\/\/nazarene.org\/pt-br\/news\/nts-celebra-vida-de-aj-wetmore\/","og_site_name":"Church of the Nazarene","article_publisher":"https:\/\/www.facebook.com\/NazareneOfficial\/","og_image":[{"url":"https:\/\/nazarene.org\/wp-content\/uploads\/migrated_images\/NCN%20News\/Collegiate\/NTS\/AJWetmore.jpg","type":"","width":"","height":""}],"twitter_card":"summary_large_image","twitter_site":"@Nazarene","schema":{"@context":"https:\/\/schema.org","@graph":[{"@type":"WebPage","@id":"https:\/\/nazarene.org\/pt-br\/news\/nts-celebra-vida-de-aj-wetmore\/","url":"https:\/\/nazarene.org\/pt-br\/news\/nts-celebra-vida-de-aj-wetmore\/","name":"NTS celebra vida de AJ Wetmore - Church of the Nazarene","isPartOf":{"@id":"https:\/\/nazarene.org\/pt-br\/#website"},"primaryImageOfPage":{"@id":"https:\/\/nazarene.org\/pt-br\/news\/nts-celebra-vida-de-aj-wetmore\/#primaryimage"},"image":{"@id":"https:\/\/nazarene.org\/pt-br\/news\/nts-celebra-vida-de-aj-wetmore\/#primaryimage"},"thumbnailUrl":"https:\/\/nazarene.org\/wp-content\/uploads\/migrated_images\/NCN%20News\/Collegiate\/NTS\/AJWetmore.jpg","datePublished":"2019-07-10T05:00:00+00:00","breadcrumb":{"@id":"https:\/\/nazarene.org\/pt-br\/news\/nts-celebra-vida-de-aj-wetmore\/#breadcrumb"},"inLanguage":"pt-BR","potentialAction":[{"@type":"ReadAction","target":["https:\/\/nazarene.org\/pt-br\/news\/nts-celebra-vida-de-aj-wetmore\/"]}]},{"@type":"ImageObject","inLanguage":"pt-BR","@id":"https:\/\/nazarene.org\/pt-br\/news\/nts-celebra-vida-de-aj-wetmore\/#primaryimage","url":"https:\/\/nazarene.org\/wp-content\/uploads\/migrated_images\/NCN%20News\/Collegiate\/NTS\/AJWetmore.jpg","contentUrl":"https:\/\/nazarene.org\/wp-content\/uploads\/migrated_images\/NCN%20News\/Collegiate\/NTS\/AJWetmore.jpg"},{"@type":"BreadcrumbList","@id":"https:\/\/nazarene.org\/pt-br\/news\/nts-celebra-vida-de-aj-wetmore\/#breadcrumb","itemListElement":[{"@type":"ListItem","position":1,"name":"Home","item":"https:\/\/nazarene.org\/pt-br\/"},{"@type":"ListItem","position":2,"name":"News","item":"https:\/\/nazarene.org\/pt-br\/news\/"},{"@type":"ListItem","position":3,"name":"NTS celebra vida de AJ Wetmore"}]},{"@type":"WebSite","@id":"https:\/\/nazarene.org\/pt-br\/#website","url":"https:\/\/nazarene.org\/pt-br\/","name":"Church of the Nazarene","description":"Making Christlike Disciples in the Nations","publisher":{"@id":"https:\/\/nazarene.org\/pt-br\/#organization"},"potentialAction":[{"@type":"SearchAction","target":{"@type":"EntryPoint","urlTemplate":"https:\/\/nazarene.org\/pt-br\/?s={search_term_string}"},"query-input":{"@type":"PropertyValueSpecification","valueRequired":true,"valueName":"search_term_string"}}],"inLanguage":"pt-BR"},{"@type":"Organization","@id":"https:\/\/nazarene.org\/pt-br\/#organization","name":"Church of the Nazarene","url":"https:\/\/nazarene.org\/pt-br\/","logo":{"@type":"ImageObject","inLanguage":"pt-BR","@id":"https:\/\/nazarene.org\/pt-br\/#\/schema\/logo\/image\/","url":"https:\/\/nazarene.org\/wp-content\/uploads\/2024\/06\/Naz_Desktop_Black_Logo-1.svg","contentUrl":"https:\/\/nazarene.org\/wp-content\/uploads\/2024\/06\/Naz_Desktop_Black_Logo-1.svg","width":258,"height":36,"caption":"Church of the Nazarene"},"image":{"@id":"https:\/\/nazarene.org\/pt-br\/#\/schema\/logo\/image\/"},"sameAs":["https:\/\/www.facebook.com\/NazareneOfficial\/","https:\/\/x.com\/Nazarene","https:\/\/www.instagram.com\/nazareneofficial\/"]}]}},"_links":{"self":[{"href":"https:\/\/nazarene.org\/pt-br\/wp-json\/wp\/v2\/news\/53705","targetHints":{"allow":["GET"]}}],"collection":[{"href":"https:\/\/nazarene.org\/pt-br\/wp-json\/wp\/v2\/news"}],"about":[{"href":"https:\/\/nazarene.org\/pt-br\/wp-json\/wp\/v2\/types\/news"}],"author":[{"embeddable":true,"href":"https:\/\/nazarene.org\/pt-br\/wp-json\/wp\/v2\/users\/1"}],"version-history":[{"count":0,"href":"https:\/\/nazarene.org\/pt-br\/wp-json\/wp\/v2\/news\/53705\/revisions"}],"wp:attachment":[{"href":"https:\/\/nazarene.org\/pt-br\/wp-json\/wp\/v2\/media?parent=53705"}],"wp:term":[{"taxonomy":"news-categories","embeddable":true,"href":"https:\/\/nazarene.org\/pt-br\/wp-json\/wp\/v2\/news-categories?post=53705"},{"taxonomy":"news-region-taxonomy","embeddable":true,"href":"https:\/\/nazarene.org\/pt-br\/wp-json\/wp\/v2\/news-region-taxonomy?post=53705"},{"taxonomy":"news-tag","embeddable":true,"href":"https:\/\/nazarene.org\/pt-br\/wp-json\/wp\/v2\/news-tag?post=53705"}],"curies":[{"name":"wp","href":"https:\/\/api.w.org\/{rel}","templated":true}]}}