{"id":53401,"date":"2019-07-10T00:00:00","date_gmt":"2019-07-10T05:00:00","guid":{"rendered":"https:\/\/nazarene.org\/news\/gs-fala-na-celebracao-de-500o-aniversario-da-reforma-na-alemanha\/"},"modified":"2019-07-10T00:00:00","modified_gmt":"2019-07-10T05:00:00","slug":"gs-fala-na-celebracao-de-500o-aniversario-da-reforma-na-alemanha","status":"publish","type":"news","link":"https:\/\/nazarene.org\/pt-br\/news\/gs-fala-na-celebracao-de-500o-aniversario-da-reforma-na-alemanha\/","title":{"rendered":"GS fala na celebra\u00e7\u00e3o de 500\u00ba anivers\u00e1rio da Reforma na Alemanha"},"content":{"rendered":"<p><img fetchpriority=\"high\" decoding=\"async\" alt=\"\" height=\"400\" src=\"https:\/\/nazarene.org\/wp-content\/uploads\/migrated_images\/NCN%20News\/Eurasia\/Germany\/CrockerinGermany.jpg\" width=\"750\"><\/p>\n<p>Superintendente Geral Gustavo A. Crock&nbsp;erspoke esta semana no 500\u00ba anivers\u00e1rio do Dia de Reforma em &nbsp;acelebra\u00e7\u00e3o na Alemanha. O evento reuniu mais de 700 l\u00edderes de todo o mundo, representando uma vasta maioria de denomina\u00e7\u00f5es que comp\u00f5em a Alian\u00e7a Evang\u00e9lica Mundial.<\/p>\n<p>Crocker foi convidado a falar sobre o valor e papel de denomina\u00e7\u00f5es na v\u00e9spera da Reforma.<\/p>\n<p>A Igreja \u00e9 o ve\u00edculo para proclamar o Novo Pacto&#8221;, disse Crocker em sua apresenta\u00e7\u00e3o. Citando 1 Pedro 2:9, um dos vers\u00edculos que Martin Luther muitas vezes se referiu, Crocker &nbsp;disse que &nbsp;&#8220;como o povo escolhido, sacerd\u00f3cio real e na\u00e7\u00e3o santa, Deus confiou denomina\u00e7\u00f5es como as novas tribos no novo pacto, e cada um de n\u00f3s tem um prop\u00f3sito e identidade que precisamos abra\u00e7ar. Cada um de n\u00f3s &#8211; &nbsp;tribos da nova na\u00e7\u00e3o &#8211; &nbsp;precisa abra\u00e7ar e fortalecer nossa identidade, abra\u00e7ar e fortalecer a doutrina que Deus nos chamou para proclamar, e honr\u00e1-la como participamos juntos com outras tribos no cumprimento da Grande Comiss\u00e3o.<\/p>\n<p><img decoding=\"async\" alt=\"\" height=\"400\" src=\"https:\/\/nazarene.org\/wp-content\/uploads\/migrated_images\/NCN%20News\/Eurasia\/Germany\/CrockerMartinLutherAward.jpg\" width=\"750\"><\/p>\n<p>Na ter\u00e7a-feira, Crocker recebeu o Pr\u00eamio de Lideran\u00e7a Martin Luther, junto com nove outros l\u00edderes evang\u00e9licos globais. Crocker descreveu o experimentado como &#8220;um momento muito humilde&#8221;.<\/p>\n<p>A Celebra\u00e7\u00e3o de Reforma ocorreu em Berlim e Wittenberg, Alemanha&nbsp;, e terminou 1 de novembro com um lan\u00e7amento do novo s\u00e9culo na Igreja Castelo em Wittenberg.<\/p>\n<p>Relacionado:&nbsp;<a href=\"http:\/\/www.holinesstoday.org\/reformations-of-the-church\" target=\"_blank\">A Reforma (s) da Igreja&#8221; (via&nbsp;<em>Holiness Hoje<\/em>)<\/a><\/p>\n","protected":false},"excerpt":{"rendered":"<p><img decoding=\"async\" alt=\"\" height=\"400\" src=\"\/sites\/default\/files\/migrated_images\/NCN%20News\/Eurasia\/Germany\/Crock&lt;\/div&gt;\"><\/p>\n","protected":false},"author":1,"featured_media":0,"menu_order":0,"template":"","news-categories":[],"news-region-taxonomy":[],"news-tag":[1737,1677,1479],"class_list":["post-53401","news","type-news","status-publish","hentry","news-tag-alemanha","news-tag-bgs-pt-br","news-tag-eurasia-pt-br"],"yoast_head":"<!-- This site is optimized with the Yoast SEO Premium plugin v27.1 (Yoast SEO v27.1.1) - https:\/\/yoast.com\/product\/yoast-seo-premium-wordpress\/ -->\n<title>GS fala na celebra\u00e7\u00e3o de 500\u00ba anivers\u00e1rio da Reforma na Alemanha - Church of the Nazarene<\/title>\n<meta name=\"robots\" content=\"index, follow, max-snippet:-1, max-image-preview:large, max-video-preview:-1\" \/>\n<link rel=\"canonical\" href=\"https:\/\/nazarene.org\/pt-br\/news\/gs-fala-na-celebracao-de-500o-aniversario-da-reforma-na-alemanha\/\" \/>\n<meta property=\"og:locale\" content=\"pt_BR\" \/>\n<meta property=\"og:type\" content=\"article\" \/>\n<meta property=\"og:title\" content=\"GS fala na celebra\u00e7\u00e3o de 500\u00ba anivers\u00e1rio da Reforma na Alemanha\" \/>\n<meta property=\"og:url\" content=\"https:\/\/nazarene.org\/pt-br\/news\/gs-fala-na-celebracao-de-500o-aniversario-da-reforma-na-alemanha\/\" \/>\n<meta property=\"og:site_name\" content=\"Church of the Nazarene\" \/>\n<meta property=\"article:publisher\" content=\"https:\/\/www.facebook.com\/NazareneOfficial\/\" \/>\n<meta property=\"og:image\" content=\"https:\/\/nazarene.org\/wp-content\/uploads\/migrated_images\/NCN%20News\/Eurasia\/Germany\/CrockerinGermany.jpg\" \/>\n<meta name=\"twitter:card\" content=\"summary_large_image\" \/>\n<meta name=\"twitter:site\" content=\"@Nazarene\" \/>\n<script type=\"application\/ld+json\" class=\"yoast-schema-graph\">{\"@context\":\"https:\/\/schema.org\",\"@graph\":[{\"@type\":\"WebPage\",\"@id\":\"https:\/\/nazarene.org\/pt-br\/news\/gs-fala-na-celebracao-de-500o-aniversario-da-reforma-na-alemanha\/\",\"url\":\"https:\/\/nazarene.org\/pt-br\/news\/gs-fala-na-celebracao-de-500o-aniversario-da-reforma-na-alemanha\/\",\"name\":\"GS fala na celebra\u00e7\u00e3o de 500\u00ba anivers\u00e1rio da Reforma na Alemanha - Church of the Nazarene\",\"isPartOf\":{\"@id\":\"https:\/\/nazarene.org\/pt-br\/#website\"},\"primaryImageOfPage\":{\"@id\":\"https:\/\/nazarene.org\/pt-br\/news\/gs-fala-na-celebracao-de-500o-aniversario-da-reforma-na-alemanha\/#primaryimage\"},\"image\":{\"@id\":\"https:\/\/nazarene.org\/pt-br\/news\/gs-fala-na-celebracao-de-500o-aniversario-da-reforma-na-alemanha\/#primaryimage\"},\"thumbnailUrl\":\"https:\/\/nazarene.org\/wp-content\/uploads\/migrated_images\/NCN%20News\/Eurasia\/Germany\/CrockerinGermany.jpg\",\"datePublished\":\"2019-07-10T05:00:00+00:00\",\"breadcrumb\":{\"@id\":\"https:\/\/nazarene.org\/pt-br\/news\/gs-fala-na-celebracao-de-500o-aniversario-da-reforma-na-alemanha\/#breadcrumb\"},\"inLanguage\":\"pt-BR\",\"potentialAction\":[{\"@type\":\"ReadAction\",\"target\":[\"https:\/\/nazarene.org\/pt-br\/news\/gs-fala-na-celebracao-de-500o-aniversario-da-reforma-na-alemanha\/\"]}]},{\"@type\":\"ImageObject\",\"inLanguage\":\"pt-BR\",\"@id\":\"https:\/\/nazarene.org\/pt-br\/news\/gs-fala-na-celebracao-de-500o-aniversario-da-reforma-na-alemanha\/#primaryimage\",\"url\":\"https:\/\/nazarene.org\/wp-content\/uploads\/migrated_images\/NCN%20News\/Eurasia\/Germany\/CrockerinGermany.jpg\",\"contentUrl\":\"https:\/\/nazarene.org\/wp-content\/uploads\/migrated_images\/NCN%20News\/Eurasia\/Germany\/CrockerinGermany.jpg\"},{\"@type\":\"BreadcrumbList\",\"@id\":\"https:\/\/nazarene.org\/pt-br\/news\/gs-fala-na-celebracao-de-500o-aniversario-da-reforma-na-alemanha\/#breadcrumb\",\"itemListElement\":[{\"@type\":\"ListItem\",\"position\":1,\"name\":\"Home\",\"item\":\"https:\/\/nazarene.org\/pt-br\/casa\/\"},{\"@type\":\"ListItem\",\"position\":2,\"name\":\"News\",\"item\":\"https:\/\/nazarene.org\/pt-br\/news\/\"},{\"@type\":\"ListItem\",\"position\":3,\"name\":\"GS fala na celebra\u00e7\u00e3o de 500\u00ba anivers\u00e1rio da Reforma na Alemanha\"}]},{\"@type\":\"WebSite\",\"@id\":\"https:\/\/nazarene.org\/pt-br\/#website\",\"url\":\"https:\/\/nazarene.org\/pt-br\/\",\"name\":\"Church of the Nazarene\",\"description\":\"Making Christlike Disciples in the Nations\",\"publisher\":{\"@id\":\"https:\/\/nazarene.org\/pt-br\/#organization\"},\"potentialAction\":[{\"@type\":\"SearchAction\",\"target\":{\"@type\":\"EntryPoint\",\"urlTemplate\":\"https:\/\/nazarene.org\/pt-br\/?s={search_term_string}\"},\"query-input\":{\"@type\":\"PropertyValueSpecification\",\"valueRequired\":true,\"valueName\":\"search_term_string\"}}],\"inLanguage\":\"pt-BR\"},{\"@type\":\"Organization\",\"@id\":\"https:\/\/nazarene.org\/pt-br\/#organization\",\"name\":\"Church of the Nazarene\",\"url\":\"https:\/\/nazarene.org\/pt-br\/\",\"logo\":{\"@type\":\"ImageObject\",\"inLanguage\":\"pt-BR\",\"@id\":\"https:\/\/nazarene.org\/pt-br\/#\/schema\/logo\/image\/\",\"url\":\"https:\/\/nazarene.org\/wp-content\/uploads\/2024\/06\/Naz_Desktop_Black_Logo-1.svg\",\"contentUrl\":\"https:\/\/nazarene.org\/wp-content\/uploads\/2024\/06\/Naz_Desktop_Black_Logo-1.svg\",\"width\":258,\"height\":36,\"caption\":\"Church of the Nazarene\"},\"image\":{\"@id\":\"https:\/\/nazarene.org\/pt-br\/#\/schema\/logo\/image\/\"},\"sameAs\":[\"https:\/\/www.facebook.com\/NazareneOfficial\/\",\"https:\/\/x.com\/Nazarene\",\"https:\/\/www.instagram.com\/nazareneofficial\/\"]}]}<\/script>\n<!-- \/ Yoast SEO Premium plugin. -->","yoast_head_json":{"title":"GS fala na celebra\u00e7\u00e3o de 500\u00ba anivers\u00e1rio da Reforma na Alemanha - Church of the Nazarene","robots":{"index":"index","follow":"follow","max-snippet":"max-snippet:-1","max-image-preview":"max-image-preview:large","max-video-preview":"max-video-preview:-1"},"canonical":"https:\/\/nazarene.org\/pt-br\/news\/gs-fala-na-celebracao-de-500o-aniversario-da-reforma-na-alemanha\/","og_locale":"pt_BR","og_type":"article","og_title":"GS fala na celebra\u00e7\u00e3o de 500\u00ba anivers\u00e1rio da Reforma na Alemanha","og_url":"https:\/\/nazarene.org\/pt-br\/news\/gs-fala-na-celebracao-de-500o-aniversario-da-reforma-na-alemanha\/","og_site_name":"Church of the Nazarene","article_publisher":"https:\/\/www.facebook.com\/NazareneOfficial\/","og_image":[{"url":"https:\/\/nazarene.org\/wp-content\/uploads\/migrated_images\/NCN%20News\/Eurasia\/Germany\/CrockerinGermany.jpg","type":"","width":"","height":""}],"twitter_card":"summary_large_image","twitter_site":"@Nazarene","schema":{"@context":"https:\/\/schema.org","@graph":[{"@type":"WebPage","@id":"https:\/\/nazarene.org\/pt-br\/news\/gs-fala-na-celebracao-de-500o-aniversario-da-reforma-na-alemanha\/","url":"https:\/\/nazarene.org\/pt-br\/news\/gs-fala-na-celebracao-de-500o-aniversario-da-reforma-na-alemanha\/","name":"GS fala na celebra\u00e7\u00e3o de 500\u00ba anivers\u00e1rio da Reforma na Alemanha - Church of the Nazarene","isPartOf":{"@id":"https:\/\/nazarene.org\/pt-br\/#website"},"primaryImageOfPage":{"@id":"https:\/\/nazarene.org\/pt-br\/news\/gs-fala-na-celebracao-de-500o-aniversario-da-reforma-na-alemanha\/#primaryimage"},"image":{"@id":"https:\/\/nazarene.org\/pt-br\/news\/gs-fala-na-celebracao-de-500o-aniversario-da-reforma-na-alemanha\/#primaryimage"},"thumbnailUrl":"https:\/\/nazarene.org\/wp-content\/uploads\/migrated_images\/NCN%20News\/Eurasia\/Germany\/CrockerinGermany.jpg","datePublished":"2019-07-10T05:00:00+00:00","breadcrumb":{"@id":"https:\/\/nazarene.org\/pt-br\/news\/gs-fala-na-celebracao-de-500o-aniversario-da-reforma-na-alemanha\/#breadcrumb"},"inLanguage":"pt-BR","potentialAction":[{"@type":"ReadAction","target":["https:\/\/nazarene.org\/pt-br\/news\/gs-fala-na-celebracao-de-500o-aniversario-da-reforma-na-alemanha\/"]}]},{"@type":"ImageObject","inLanguage":"pt-BR","@id":"https:\/\/nazarene.org\/pt-br\/news\/gs-fala-na-celebracao-de-500o-aniversario-da-reforma-na-alemanha\/#primaryimage","url":"https:\/\/nazarene.org\/wp-content\/uploads\/migrated_images\/NCN%20News\/Eurasia\/Germany\/CrockerinGermany.jpg","contentUrl":"https:\/\/nazarene.org\/wp-content\/uploads\/migrated_images\/NCN%20News\/Eurasia\/Germany\/CrockerinGermany.jpg"},{"@type":"BreadcrumbList","@id":"https:\/\/nazarene.org\/pt-br\/news\/gs-fala-na-celebracao-de-500o-aniversario-da-reforma-na-alemanha\/#breadcrumb","itemListElement":[{"@type":"ListItem","position":1,"name":"Home","item":"https:\/\/nazarene.org\/pt-br\/casa\/"},{"@type":"ListItem","position":2,"name":"News","item":"https:\/\/nazarene.org\/pt-br\/news\/"},{"@type":"ListItem","position":3,"name":"GS fala na celebra\u00e7\u00e3o de 500\u00ba anivers\u00e1rio da Reforma na Alemanha"}]},{"@type":"WebSite","@id":"https:\/\/nazarene.org\/pt-br\/#website","url":"https:\/\/nazarene.org\/pt-br\/","name":"Church of the Nazarene","description":"Making Christlike Disciples in the Nations","publisher":{"@id":"https:\/\/nazarene.org\/pt-br\/#organization"},"potentialAction":[{"@type":"SearchAction","target":{"@type":"EntryPoint","urlTemplate":"https:\/\/nazarene.org\/pt-br\/?s={search_term_string}"},"query-input":{"@type":"PropertyValueSpecification","valueRequired":true,"valueName":"search_term_string"}}],"inLanguage":"pt-BR"},{"@type":"Organization","@id":"https:\/\/nazarene.org\/pt-br\/#organization","name":"Church of the Nazarene","url":"https:\/\/nazarene.org\/pt-br\/","logo":{"@type":"ImageObject","inLanguage":"pt-BR","@id":"https:\/\/nazarene.org\/pt-br\/#\/schema\/logo\/image\/","url":"https:\/\/nazarene.org\/wp-content\/uploads\/2024\/06\/Naz_Desktop_Black_Logo-1.svg","contentUrl":"https:\/\/nazarene.org\/wp-content\/uploads\/2024\/06\/Naz_Desktop_Black_Logo-1.svg","width":258,"height":36,"caption":"Church of the Nazarene"},"image":{"@id":"https:\/\/nazarene.org\/pt-br\/#\/schema\/logo\/image\/"},"sameAs":["https:\/\/www.facebook.com\/NazareneOfficial\/","https:\/\/x.com\/Nazarene","https:\/\/www.instagram.com\/nazareneofficial\/"]}]}},"_links":{"self":[{"href":"https:\/\/nazarene.org\/pt-br\/wp-json\/wp\/v2\/news\/53401","targetHints":{"allow":["GET"]}}],"collection":[{"href":"https:\/\/nazarene.org\/pt-br\/wp-json\/wp\/v2\/news"}],"about":[{"href":"https:\/\/nazarene.org\/pt-br\/wp-json\/wp\/v2\/types\/news"}],"author":[{"embeddable":true,"href":"https:\/\/nazarene.org\/pt-br\/wp-json\/wp\/v2\/users\/1"}],"version-history":[{"count":0,"href":"https:\/\/nazarene.org\/pt-br\/wp-json\/wp\/v2\/news\/53401\/revisions"}],"wp:attachment":[{"href":"https:\/\/nazarene.org\/pt-br\/wp-json\/wp\/v2\/media?parent=53401"}],"wp:term":[{"taxonomy":"news-categories","embeddable":true,"href":"https:\/\/nazarene.org\/pt-br\/wp-json\/wp\/v2\/news-categories?post=53401"},{"taxonomy":"news-region-taxonomy","embeddable":true,"href":"https:\/\/nazarene.org\/pt-br\/wp-json\/wp\/v2\/news-region-taxonomy?post=53401"},{"taxonomy":"news-tag","embeddable":true,"href":"https:\/\/nazarene.org\/pt-br\/wp-json\/wp\/v2\/news-tag?post=53401"}],"curies":[{"name":"wp","href":"https:\/\/api.w.org\/{rel}","templated":true}]}}