{"id":53364,"date":"2019-07-10T00:00:00","date_gmt":"2019-07-10T05:00:00","guid":{"rendered":"https:\/\/nazarene.org\/news\/superintendente-geral-para-falar-na-celebracao-de-reforma-protestante\/"},"modified":"2019-07-10T00:00:00","modified_gmt":"2019-07-10T05:00:00","slug":"superintendente-geral-para-falar-na-celebracao-de-reforma-protestante","status":"publish","type":"news","link":"https:\/\/nazarene.org\/pt-br\/news\/superintendente-geral-para-falar-na-celebracao-de-reforma-protestante\/","title":{"rendered":"Superintendente Geral para falar na celebra\u00e7\u00e3o de Reforma Protestante"},"content":{"rendered":"<p><img fetchpriority=\"high\" decoding=\"async\" alt=\"\" height=\"400\" src=\"https:\/\/nazarene.org\/wp-content\/uploads\/migrated_images\/NCN%20News\/Resources\/WittenburgCongress2017b.jpg\" width=\"750\"><\/p>\n<p>O Congresso Wittenberg 2017, uma reuni\u00e3o global \u00fanica de mais de 750 l\u00edderes crist\u00e3os, ser\u00e1 realizada 30 de outubro &nbsp;&#8211; 1 de novembro &nbsp;em conjunto com o 500\u00ba anivers\u00e1rio de 95 Teses de Martin Luther. Anfitriada pela Rede Global da Igreja, a c\u00fapula apresentar\u00e1 apresenta\u00e7\u00f5es de mais de 30 falantes crist\u00e3os, incluindo a Igreja do Superintendente Geral Nazareno Gustavo A. Crocker.<\/p>\n<p>Este evento de uma vez em uma vida reunir\u00e1 l\u00edderes de todas as principais denomina\u00e7\u00f5es crist\u00e3s para sinergia de esfor\u00e7os para crescer exponencialmente o tamanho da Igreja Global&#8221;, &nbsp;disse Leonard Sweet, co-anfitri\u00e3o do Congresso Wittenberg 2017. Aqueles que participam ser\u00e3o renovados em seu cora\u00e7\u00e3o para a Palavra de Deus, reavivados em sua mente para o Corpo de Cristo, e lan\u00e7ados para sair e completar Finish 2030 em nossa vida.<\/p>\n<p>O Congresso Wittenberg 2017 se reunir\u00e1 no Hotel Maritim Berlin de cinco estrelas em Berlim para as primeiras cinco sess\u00f5es. Em 1 de novembro, a sess\u00e3o de fechamento da c\u00fapula ser\u00e1 realizada na Igreja Castle em Wittenberg, o lugar hist\u00f3rico onde Martin Luther pregou suas 95 Teses para a porta e onde ele foi enterrado mais tarde.<\/p>\n<p>Era em 1 de novembro de &nbsp;1517 quando as pessoas chegaram na igreja para o Dia de Todos os Santos, que as 95 Teses foram lidas pela primeira vez e contempladas pelo p\u00fablico&#8221;, &nbsp;disse James O. Davis, fundador \/ presidente da Rede Global da Igreja e co-anfitri\u00e3o do Congresso Wittenberg 2017. \u00c9 apropriado que o \u00faltimo dia de nosso Congresso ocorrer\u00e1 na Igreja Castle no 500\u00ba anivers\u00e1rio do primeiro dia da Reforma Protestante.<\/p>\n<p>Os apresentadores do Congresso Wittenberg 2017 incluem:<\/p>\n<table style=\"width:100%\">\n<tbody>\n<tr>\n<td>Dr. Samson O. Ayokunle<\/td>\n<td>Rev. Eddy Leo<\/td>\n<td>Dr. John Sorensen<\/td>\n<\/tr>\n<tr>\n<td>Dr. Doug Beacham<\/td>\n<td>Dr. Ron Luce<\/td>\n<td>Rev. Hartmut Steeb<\/td>\n<\/tr>\n<tr>\n<td>Dr. Glenn Burris<\/td>\n<td>Dr. Jo Anne Lyon<\/td>\n<td>Dr. Leonard Sweet<\/td>\n<\/tr>\n<tr>\n<td>Dr. Jan Von Camphausen<\/td>\n<td>Dr. Alex Mitala<\/td>\n<td>Dr. Efraim Tendero<\/td>\n<\/tr>\n<tr>\n<td>Dr. Chuck Conniry<\/td>\n<td>Dr. David Mohan<\/td>\n<td>Dr. Kenneth C. Ulmer<\/td>\n<\/tr>\n<tr>\n<td>Dr. Gustavo Crocker<\/td>\n<td>Rev. Peter Mortlock<\/td>\n<td>Peter Wenz<\/td>\n<\/tr>\n<tr>\n<td>Dr. James O. Davis<\/td>\n<td>Pastor Poncho Murguia<\/td>\n<td>Dr. George O. Wood<\/td>\n<\/tr>\n<tr>\n<td>Dr. Leon Fontaine<\/td>\n<td>Rev. Samuel Rodriguez<\/td>\n<td>Rev. Lazarus Yeghnazar<\/td>\n<\/tr>\n<tr>\n<td>Dr. Timothy Hill<\/td>\n<td>Dr. Heinrich Christian Rust<\/td>\n<td>Dr. Byoungho Zoh<\/td>\n<\/tr>\n<tr>\n<td>Rev. Johannes Justus<\/td>\n<td>Rev. Alberto Salcedo<\/td>\n<td>Dr. P. Douglas Small<\/td>\n<\/tr>\n<tr>\n<td>Dr. Suliasi Kurulo<\/td>\n<td>Dr. David Sobrepena<\/td>\n<\/tr>\n<\/tbody>\n<\/table>\n<p>O Congresso Wittenberg 2017 ser\u00e1 transmitido ao vivo exclusivamente no billion.tv para milh\u00f5es de pessoas em todo o mundo para seguir todos os eventos da c\u00fapula de 3 dias.<\/p>\n<p>Para mais informa\u00e7\u00f5es, visite <a href=\"http:\/\/luther2017.tv\/\" target=\"_blank\">luther2017.tv<\/a>.<\/p>\n<p>&nbsp;<\/p>\n<p>Relacionado: <a href=\"http:\/\/www.holinesstoday.org\/reformations-of-the-church\" target=\"_blank\">A Reforma (s) da Igreja&#8221; (via <em>Santidade Hoje<\/em>)<\/a><\/p>\n","protected":false},"excerpt":{"rendered":"<p><img decoding=\"async\" alt=\"\" height=\"400\" src=\"\/sites\/default\/files\/migrated_images\/NCN%20News\/Resources\/WittenburgC&lt;\/div&gt;\"><\/p>\n","protected":false},"author":1,"featured_media":0,"menu_order":0,"template":"","news-categories":[],"news-region-taxonomy":[],"news-tag":[1677,1495],"class_list":["post-53364","news","type-news","status-publish","hentry","news-tag-bgs-pt-br","news-tag-recursos"],"yoast_head":"<!-- This site is optimized with the Yoast SEO Premium plugin v27.1 (Yoast SEO v27.1.1) - https:\/\/yoast.com\/product\/yoast-seo-premium-wordpress\/ -->\n<title>Superintendente Geral para falar na celebra\u00e7\u00e3o de Reforma Protestante - Church of the Nazarene<\/title>\n<meta name=\"robots\" content=\"index, follow, max-snippet:-1, max-image-preview:large, max-video-preview:-1\" \/>\n<link rel=\"canonical\" href=\"https:\/\/nazarene.org\/pt-br\/news\/superintendente-geral-para-falar-na-celebracao-de-reforma-protestante\/\" \/>\n<meta property=\"og:locale\" content=\"pt_BR\" \/>\n<meta property=\"og:type\" content=\"article\" \/>\n<meta property=\"og:title\" content=\"Superintendente Geral para falar na celebra\u00e7\u00e3o de Reforma Protestante\" \/>\n<meta property=\"og:url\" content=\"https:\/\/nazarene.org\/pt-br\/news\/superintendente-geral-para-falar-na-celebracao-de-reforma-protestante\/\" \/>\n<meta property=\"og:site_name\" content=\"Church of the Nazarene\" \/>\n<meta property=\"article:publisher\" content=\"https:\/\/www.facebook.com\/NazareneOfficial\/\" \/>\n<meta property=\"og:image\" content=\"https:\/\/nazarene.org\/wp-content\/uploads\/migrated_images\/NCN%20News\/Resources\/WittenburgCongress2017b.jpg\" \/>\n<meta name=\"twitter:card\" content=\"summary_large_image\" \/>\n<meta name=\"twitter:site\" content=\"@Nazarene\" \/>\n<script type=\"application\/ld+json\" class=\"yoast-schema-graph\">{\"@context\":\"https:\/\/schema.org\",\"@graph\":[{\"@type\":\"WebPage\",\"@id\":\"https:\/\/nazarene.org\/pt-br\/news\/superintendente-geral-para-falar-na-celebracao-de-reforma-protestante\/\",\"url\":\"https:\/\/nazarene.org\/pt-br\/news\/superintendente-geral-para-falar-na-celebracao-de-reforma-protestante\/\",\"name\":\"Superintendente Geral para falar na celebra\u00e7\u00e3o de Reforma Protestante - Church of the Nazarene\",\"isPartOf\":{\"@id\":\"https:\/\/nazarene.org\/pt-br\/#website\"},\"primaryImageOfPage\":{\"@id\":\"https:\/\/nazarene.org\/pt-br\/news\/superintendente-geral-para-falar-na-celebracao-de-reforma-protestante\/#primaryimage\"},\"image\":{\"@id\":\"https:\/\/nazarene.org\/pt-br\/news\/superintendente-geral-para-falar-na-celebracao-de-reforma-protestante\/#primaryimage\"},\"thumbnailUrl\":\"https:\/\/nazarene.org\/wp-content\/uploads\/migrated_images\/NCN%20News\/Resources\/WittenburgCongress2017b.jpg\",\"datePublished\":\"2019-07-10T05:00:00+00:00\",\"breadcrumb\":{\"@id\":\"https:\/\/nazarene.org\/pt-br\/news\/superintendente-geral-para-falar-na-celebracao-de-reforma-protestante\/#breadcrumb\"},\"inLanguage\":\"pt-BR\",\"potentialAction\":[{\"@type\":\"ReadAction\",\"target\":[\"https:\/\/nazarene.org\/pt-br\/news\/superintendente-geral-para-falar-na-celebracao-de-reforma-protestante\/\"]}]},{\"@type\":\"ImageObject\",\"inLanguage\":\"pt-BR\",\"@id\":\"https:\/\/nazarene.org\/pt-br\/news\/superintendente-geral-para-falar-na-celebracao-de-reforma-protestante\/#primaryimage\",\"url\":\"https:\/\/nazarene.org\/wp-content\/uploads\/migrated_images\/NCN%20News\/Resources\/WittenburgCongress2017b.jpg\",\"contentUrl\":\"https:\/\/nazarene.org\/wp-content\/uploads\/migrated_images\/NCN%20News\/Resources\/WittenburgCongress2017b.jpg\"},{\"@type\":\"BreadcrumbList\",\"@id\":\"https:\/\/nazarene.org\/pt-br\/news\/superintendente-geral-para-falar-na-celebracao-de-reforma-protestante\/#breadcrumb\",\"itemListElement\":[{\"@type\":\"ListItem\",\"position\":1,\"name\":\"Home\",\"item\":\"https:\/\/nazarene.org\/pt-br\/\"},{\"@type\":\"ListItem\",\"position\":2,\"name\":\"News\",\"item\":\"https:\/\/nazarene.org\/pt-br\/news\/\"},{\"@type\":\"ListItem\",\"position\":3,\"name\":\"Superintendente Geral para falar na celebra\u00e7\u00e3o de Reforma Protestante\"}]},{\"@type\":\"WebSite\",\"@id\":\"https:\/\/nazarene.org\/pt-br\/#website\",\"url\":\"https:\/\/nazarene.org\/pt-br\/\",\"name\":\"Church of the Nazarene\",\"description\":\"Making Christlike Disciples in the Nations\",\"publisher\":{\"@id\":\"https:\/\/nazarene.org\/pt-br\/#organization\"},\"potentialAction\":[{\"@type\":\"SearchAction\",\"target\":{\"@type\":\"EntryPoint\",\"urlTemplate\":\"https:\/\/nazarene.org\/pt-br\/?s={search_term_string}\"},\"query-input\":{\"@type\":\"PropertyValueSpecification\",\"valueRequired\":true,\"valueName\":\"search_term_string\"}}],\"inLanguage\":\"pt-BR\"},{\"@type\":\"Organization\",\"@id\":\"https:\/\/nazarene.org\/pt-br\/#organization\",\"name\":\"Church of the Nazarene\",\"url\":\"https:\/\/nazarene.org\/pt-br\/\",\"logo\":{\"@type\":\"ImageObject\",\"inLanguage\":\"pt-BR\",\"@id\":\"https:\/\/nazarene.org\/pt-br\/#\/schema\/logo\/image\/\",\"url\":\"https:\/\/nazarene.org\/wp-content\/uploads\/2024\/06\/Naz_Desktop_Black_Logo-1.svg\",\"contentUrl\":\"https:\/\/nazarene.org\/wp-content\/uploads\/2024\/06\/Naz_Desktop_Black_Logo-1.svg\",\"width\":258,\"height\":36,\"caption\":\"Church of the Nazarene\"},\"image\":{\"@id\":\"https:\/\/nazarene.org\/pt-br\/#\/schema\/logo\/image\/\"},\"sameAs\":[\"https:\/\/www.facebook.com\/NazareneOfficial\/\",\"https:\/\/x.com\/Nazarene\",\"https:\/\/www.instagram.com\/nazareneofficial\/\"]}]}<\/script>\n<!-- \/ Yoast SEO Premium plugin. -->","yoast_head_json":{"title":"Superintendente Geral para falar na celebra\u00e7\u00e3o de Reforma Protestante - Church of the Nazarene","robots":{"index":"index","follow":"follow","max-snippet":"max-snippet:-1","max-image-preview":"max-image-preview:large","max-video-preview":"max-video-preview:-1"},"canonical":"https:\/\/nazarene.org\/pt-br\/news\/superintendente-geral-para-falar-na-celebracao-de-reforma-protestante\/","og_locale":"pt_BR","og_type":"article","og_title":"Superintendente Geral para falar na celebra\u00e7\u00e3o de Reforma Protestante","og_url":"https:\/\/nazarene.org\/pt-br\/news\/superintendente-geral-para-falar-na-celebracao-de-reforma-protestante\/","og_site_name":"Church of the Nazarene","article_publisher":"https:\/\/www.facebook.com\/NazareneOfficial\/","og_image":[{"url":"https:\/\/nazarene.org\/wp-content\/uploads\/migrated_images\/NCN%20News\/Resources\/WittenburgCongress2017b.jpg","type":"","width":"","height":""}],"twitter_card":"summary_large_image","twitter_site":"@Nazarene","schema":{"@context":"https:\/\/schema.org","@graph":[{"@type":"WebPage","@id":"https:\/\/nazarene.org\/pt-br\/news\/superintendente-geral-para-falar-na-celebracao-de-reforma-protestante\/","url":"https:\/\/nazarene.org\/pt-br\/news\/superintendente-geral-para-falar-na-celebracao-de-reforma-protestante\/","name":"Superintendente Geral para falar na celebra\u00e7\u00e3o de Reforma Protestante - Church of the Nazarene","isPartOf":{"@id":"https:\/\/nazarene.org\/pt-br\/#website"},"primaryImageOfPage":{"@id":"https:\/\/nazarene.org\/pt-br\/news\/superintendente-geral-para-falar-na-celebracao-de-reforma-protestante\/#primaryimage"},"image":{"@id":"https:\/\/nazarene.org\/pt-br\/news\/superintendente-geral-para-falar-na-celebracao-de-reforma-protestante\/#primaryimage"},"thumbnailUrl":"https:\/\/nazarene.org\/wp-content\/uploads\/migrated_images\/NCN%20News\/Resources\/WittenburgCongress2017b.jpg","datePublished":"2019-07-10T05:00:00+00:00","breadcrumb":{"@id":"https:\/\/nazarene.org\/pt-br\/news\/superintendente-geral-para-falar-na-celebracao-de-reforma-protestante\/#breadcrumb"},"inLanguage":"pt-BR","potentialAction":[{"@type":"ReadAction","target":["https:\/\/nazarene.org\/pt-br\/news\/superintendente-geral-para-falar-na-celebracao-de-reforma-protestante\/"]}]},{"@type":"ImageObject","inLanguage":"pt-BR","@id":"https:\/\/nazarene.org\/pt-br\/news\/superintendente-geral-para-falar-na-celebracao-de-reforma-protestante\/#primaryimage","url":"https:\/\/nazarene.org\/wp-content\/uploads\/migrated_images\/NCN%20News\/Resources\/WittenburgCongress2017b.jpg","contentUrl":"https:\/\/nazarene.org\/wp-content\/uploads\/migrated_images\/NCN%20News\/Resources\/WittenburgCongress2017b.jpg"},{"@type":"BreadcrumbList","@id":"https:\/\/nazarene.org\/pt-br\/news\/superintendente-geral-para-falar-na-celebracao-de-reforma-protestante\/#breadcrumb","itemListElement":[{"@type":"ListItem","position":1,"name":"Home","item":"https:\/\/nazarene.org\/pt-br\/"},{"@type":"ListItem","position":2,"name":"News","item":"https:\/\/nazarene.org\/pt-br\/news\/"},{"@type":"ListItem","position":3,"name":"Superintendente Geral para falar na celebra\u00e7\u00e3o de Reforma Protestante"}]},{"@type":"WebSite","@id":"https:\/\/nazarene.org\/pt-br\/#website","url":"https:\/\/nazarene.org\/pt-br\/","name":"Church of the Nazarene","description":"Making Christlike Disciples in the Nations","publisher":{"@id":"https:\/\/nazarene.org\/pt-br\/#organization"},"potentialAction":[{"@type":"SearchAction","target":{"@type":"EntryPoint","urlTemplate":"https:\/\/nazarene.org\/pt-br\/?s={search_term_string}"},"query-input":{"@type":"PropertyValueSpecification","valueRequired":true,"valueName":"search_term_string"}}],"inLanguage":"pt-BR"},{"@type":"Organization","@id":"https:\/\/nazarene.org\/pt-br\/#organization","name":"Church of the Nazarene","url":"https:\/\/nazarene.org\/pt-br\/","logo":{"@type":"ImageObject","inLanguage":"pt-BR","@id":"https:\/\/nazarene.org\/pt-br\/#\/schema\/logo\/image\/","url":"https:\/\/nazarene.org\/wp-content\/uploads\/2024\/06\/Naz_Desktop_Black_Logo-1.svg","contentUrl":"https:\/\/nazarene.org\/wp-content\/uploads\/2024\/06\/Naz_Desktop_Black_Logo-1.svg","width":258,"height":36,"caption":"Church of the Nazarene"},"image":{"@id":"https:\/\/nazarene.org\/pt-br\/#\/schema\/logo\/image\/"},"sameAs":["https:\/\/www.facebook.com\/NazareneOfficial\/","https:\/\/x.com\/Nazarene","https:\/\/www.instagram.com\/nazareneofficial\/"]}]}},"_links":{"self":[{"href":"https:\/\/nazarene.org\/pt-br\/wp-json\/wp\/v2\/news\/53364","targetHints":{"allow":["GET"]}}],"collection":[{"href":"https:\/\/nazarene.org\/pt-br\/wp-json\/wp\/v2\/news"}],"about":[{"href":"https:\/\/nazarene.org\/pt-br\/wp-json\/wp\/v2\/types\/news"}],"author":[{"embeddable":true,"href":"https:\/\/nazarene.org\/pt-br\/wp-json\/wp\/v2\/users\/1"}],"version-history":[{"count":0,"href":"https:\/\/nazarene.org\/pt-br\/wp-json\/wp\/v2\/news\/53364\/revisions"}],"wp:attachment":[{"href":"https:\/\/nazarene.org\/pt-br\/wp-json\/wp\/v2\/media?parent=53364"}],"wp:term":[{"taxonomy":"news-categories","embeddable":true,"href":"https:\/\/nazarene.org\/pt-br\/wp-json\/wp\/v2\/news-categories?post=53364"},{"taxonomy":"news-region-taxonomy","embeddable":true,"href":"https:\/\/nazarene.org\/pt-br\/wp-json\/wp\/v2\/news-region-taxonomy?post=53364"},{"taxonomy":"news-tag","embeddable":true,"href":"https:\/\/nazarene.org\/pt-br\/wp-json\/wp\/v2\/news-tag?post=53364"}],"curies":[{"name":"wp","href":"https:\/\/api.w.org\/{rel}","templated":true}]}}