{"id":53346,"date":"2019-07-10T00:00:00","date_gmt":"2019-07-10T05:00:00","guid":{"rendered":"https:\/\/nazarene.org\/news\/comunidade-de-esperanca-reconhece-presidente-do-conselho-fundador-com-premio\/"},"modified":"2019-07-10T00:00:00","modified_gmt":"2019-07-10T05:00:00","slug":"comunidade-de-esperanca-reconhece-presidente-do-conselho-fundador-com-premio","status":"publish","type":"news","link":"https:\/\/nazarene.org\/pt-br\/news\/comunidade-de-esperanca-reconhece-presidente-do-conselho-fundador-com-premio\/","title":{"rendered":"Comunidade de Esperan\u00e7a reconhece presidente do conselho fundador com pr\u00eamio"},"content":{"rendered":"<div style=\"text-align:center\">\n<figure class=\"image\" style=\"display:inline-block\"><img fetchpriority=\"high\" decoding=\"async\" alt=\"\" height=\"400\" src=\"https:\/\/nazarene.org\/wp-content\/uploads\/migrated_images\/NCN%20News\/USACanada\/DC\/RobertSloanAward.jpg\" width=\"750\"><figcaption>Da esquerda para a direita: Comunidade de Fundador de Hope Tom Nees, destinat\u00e1rio do pr\u00eamio Robert Sloan, e Comunidade de Hope Diretor Executivo Kelly Sweeney McShane<\/figcaption><\/figure>\n<\/div>\n<p>Comunidade de Esperan\u00e7a, um Centro de Minist\u00e9rio Nazareno Compassivo, apresentou &nbsp;o Pr\u00eamio Tom Nees 2017 para Servi&nbsp;\u00e7o Excepcional para Robert L. Sloan, que liderou, aconselhou e serviu como um conector por 44 anos.&nbsp;<\/p>\n<p>Esta honra \u00e9 concedida anualmente pela organiza\u00e7\u00e3o em honra do fundador&nbsp;Tom Nees, reconhe&nbsp;cendo o cipient para seu ou seu servi\u00e7o de longa data e impacto para as mulheres, homens e crian\u00e7as que se voltaram para a Comunidade de Esperan\u00e7a para ajuda.&nbsp;<\/p>\n<p>Sloan era o presidente do conselho fundador que, em parceria com Nees, &nbsp;tinha uma vis\u00e3o para Comunidade de Esperan\u00e7a e a trouxe para a vida. Ele continuou seu envolvimento ativo por mais de quatro d\u00e9cadas, servindo como um conselheiro para diretores executivos e um arrecadador de amigos de todas as maneiras. Ele serviu como membro de um comit\u00ea de campanha de capital recente e bem-sucedido e como membro do comit\u00ea anfitri\u00e3o de evento de arrecada\u00e7\u00e3o de fundos.&nbsp;<\/p>\n<p>Bob era uma das primeiras pessoas com que me conheci quando me tornei diretor executivo h\u00e1 16 anos&#8221;, disse Kelly Sweeney McShane. Bob me ofereceu regularmente sabedoria e orienta\u00e7\u00e3o em todo meu mandato, e sou profundamente apreciado. Este trabalho \u00e9 muito pessoal para Bob &#8211; &nbsp;um homem de profunda f\u00e9 e humildade &#8211; e mostra em tudo o que ele faz.&nbsp;<\/p>\n<p>Como ele aceitou o pr\u00eamio &nbsp;de Nees e McShane, Sloan compartilhou hist\u00f3rias das vidas que o impactaram, clientes e colegas vision\u00e1rios.<\/p>\n<p>Obrigado por pensar em mim e por me fornecer mais reconhecimento do que mere\u00e7o&#8221;, ele disse.&nbsp;&#8220;Aceitei o pr\u00eamio no nome de todos aqueles que come\u00e7aram o trabalho e que continuam o trabalho.&nbsp;<\/p>\n<p>Sloan compartilhou seu cora\u00e7\u00e3o e experi\u00eancia atrav\u00e9s de uma vida de trabalho em administra\u00e7\u00e3o de sa\u00fade, incluindo um mandato de 27 anos como presidente e CEO de Sibley Memorial Hospital, uma entidade do Sistema de Sa\u00fade Johns Hopkins. &nbsp;Heredit\u00e1rio de Sibley em 2012, mas continua seu legado de servir outros como presidente e CEO da Funda\u00e7\u00e3o Jane Bancroft Robinson. Ele atualmente serve no Conselho de Diretores da Funda\u00e7\u00e3o Morris &amp; Gwendolyn Cafritz e WETA Televis\u00e3o P\u00fablica Nacional. Nomea\u00e7\u00f5es anteriores do conselho inclu\u00edram Conselho de Ex-Membros da Universidade Olivet Nazarene onde ele se formou em 1968, CareFirst BlueCross BlueShield, a Associa\u00e7\u00e3o de Hospital DC e o Conselho de Ex-Membros da Universidade Olivet Nazarene.&nbsp;Sloan tamb\u00e9m recebeu reconhecimento da Associa\u00e7\u00e3o do Hospital Distrito de Columbia, que criou o Pr\u00eamio de Lideran\u00e7a Robert L. Sloan para l\u00edderes de hospital que demonstraram a qualidade de lideran\u00e7a inspirada por Robert L. Sloan, e em 2013&nbsp;ele recebeu o Conselho de Sa\u00fade da \u00c1rea de Capital Nacional Matthew F. McNulty, Jr.&nbsp;Pr\u00eamio em reconhecimento de contribui\u00e7\u00f5es exemplares para o campo de sa\u00fade na Regi\u00e3o da Capital Nacional.&nbsp;<\/p>\n<p>Por nossos c\u00e1lculos, Sloan impactou as vidas de milhares de fam\u00edlias que est\u00e3o superando a falta de teto e dezenas de milhares de pacientes de sa\u00fade.&nbsp;<\/p>\n<p>O pr\u00eamio foi introduzido no 35\u00ba Anivers\u00e1rio de Comunidade de Esperan\u00e7a em 2015. Destinat\u00e1rios de pr\u00eamios anteriores incluem Christopher Kerns de Fort Myer Construction e Dodie Brady de Global Harmony Atrav\u00e9s de Excel\u00eancia Pessoal.&nbsp;<\/p>\n<p><a href=\"https:\/\/www.communityofhopedc.org\/\" target=\"_blank\">Comunidade de envios de Hope<\/a>&nbsp;via <a href=\"mailto:news@nazarene.org\">NCN News<\/a><\/p>\n<p>Nota do Editor: Tom Nees \u00e9 o ex-diretor do que agora \u00e9 a Igreja da Regi\u00e3o EUA \/ Canad\u00e1 do Nazareno.<\/p>\n<p>Hist\u00f3rias para compartilhar? Envie um e-mail para <a href=\"mailto:news@nazarene.org?subject=NCN%20News%20submission\">news@nazarene.org<\/a>.<\/p>\n","protected":false},"excerpt":{"rendered":"<div style=\"text-align:center\">\n<figure class=\"image\" style=\"display:inline-block\"><img alt=\"\" heig=\"\"><\/p>\n","protected":false},"author":1,"featured_media":0,"menu_order":0,"template":"","news-categories":[],"news-region-taxonomy":[],"news-tag":[762],"class_list":["post-53346","news","type-news","status-publish","hentry","news-tag-eua-canada"],"yoast_head":"<!-- This site is optimized with the Yoast SEO Premium plugin v27.1 (Yoast SEO v27.1.1) - https:\/\/yoast.com\/product\/yoast-seo-premium-wordpress\/ -->\n<title>Comunidade de Esperan\u00e7a reconhece presidente do conselho fundador com pr\u00eamio - Church of the Nazarene<\/title>\n<meta name=\"robots\" content=\"index, follow, max-snippet:-1, max-image-preview:large, max-video-preview:-1\" \/>\n<link rel=\"canonical\" href=\"https:\/\/nazarene.org\/pt-br\/news\/comunidade-de-esperanca-reconhece-presidente-do-conselho-fundador-com-premio\/\" \/>\n<meta property=\"og:locale\" content=\"pt_BR\" \/>\n<meta property=\"og:type\" content=\"article\" \/>\n<meta property=\"og:title\" content=\"Comunidade de Esperan\u00e7a reconhece presidente do conselho fundador com pr\u00eamio\" \/>\n<meta property=\"og:url\" content=\"https:\/\/nazarene.org\/pt-br\/news\/comunidade-de-esperanca-reconhece-presidente-do-conselho-fundador-com-premio\/\" \/>\n<meta property=\"og:site_name\" content=\"Church of the Nazarene\" \/>\n<meta property=\"article:publisher\" content=\"https:\/\/www.facebook.com\/NazareneOfficial\/\" \/>\n<meta property=\"og:image\" content=\"https:\/\/nazarene.org\/wp-content\/uploads\/migrated_images\/NCN%20News\/USACanada\/DC\/RobertSloanAward.jpg\" \/>\n<meta name=\"twitter:card\" content=\"summary_large_image\" \/>\n<meta name=\"twitter:site\" content=\"@Nazarene\" \/>\n<script type=\"application\/ld+json\" class=\"yoast-schema-graph\">{\"@context\":\"https:\/\/schema.org\",\"@graph\":[{\"@type\":\"WebPage\",\"@id\":\"https:\/\/nazarene.org\/pt-br\/news\/comunidade-de-esperanca-reconhece-presidente-do-conselho-fundador-com-premio\/\",\"url\":\"https:\/\/nazarene.org\/pt-br\/news\/comunidade-de-esperanca-reconhece-presidente-do-conselho-fundador-com-premio\/\",\"name\":\"Comunidade de Esperan\u00e7a reconhece presidente do conselho fundador com pr\u00eamio - Church of the Nazarene\",\"isPartOf\":{\"@id\":\"https:\/\/nazarene.org\/pt-br\/#website\"},\"primaryImageOfPage\":{\"@id\":\"https:\/\/nazarene.org\/pt-br\/news\/comunidade-de-esperanca-reconhece-presidente-do-conselho-fundador-com-premio\/#primaryimage\"},\"image\":{\"@id\":\"https:\/\/nazarene.org\/pt-br\/news\/comunidade-de-esperanca-reconhece-presidente-do-conselho-fundador-com-premio\/#primaryimage\"},\"thumbnailUrl\":\"https:\/\/nazarene.org\/wp-content\/uploads\/migrated_images\/NCN%20News\/USACanada\/DC\/RobertSloanAward.jpg\",\"datePublished\":\"2019-07-10T05:00:00+00:00\",\"breadcrumb\":{\"@id\":\"https:\/\/nazarene.org\/pt-br\/news\/comunidade-de-esperanca-reconhece-presidente-do-conselho-fundador-com-premio\/#breadcrumb\"},\"inLanguage\":\"pt-BR\",\"potentialAction\":[{\"@type\":\"ReadAction\",\"target\":[\"https:\/\/nazarene.org\/pt-br\/news\/comunidade-de-esperanca-reconhece-presidente-do-conselho-fundador-com-premio\/\"]}]},{\"@type\":\"ImageObject\",\"inLanguage\":\"pt-BR\",\"@id\":\"https:\/\/nazarene.org\/pt-br\/news\/comunidade-de-esperanca-reconhece-presidente-do-conselho-fundador-com-premio\/#primaryimage\",\"url\":\"https:\/\/nazarene.org\/wp-content\/uploads\/migrated_images\/NCN%20News\/USACanada\/DC\/RobertSloanAward.jpg\",\"contentUrl\":\"https:\/\/nazarene.org\/wp-content\/uploads\/migrated_images\/NCN%20News\/USACanada\/DC\/RobertSloanAward.jpg\"},{\"@type\":\"BreadcrumbList\",\"@id\":\"https:\/\/nazarene.org\/pt-br\/news\/comunidade-de-esperanca-reconhece-presidente-do-conselho-fundador-com-premio\/#breadcrumb\",\"itemListElement\":[{\"@type\":\"ListItem\",\"position\":1,\"name\":\"Home\",\"item\":\"https:\/\/nazarene.org\/pt-br\/casa\/\"},{\"@type\":\"ListItem\",\"position\":2,\"name\":\"News\",\"item\":\"https:\/\/nazarene.org\/pt-br\/news\/\"},{\"@type\":\"ListItem\",\"position\":3,\"name\":\"Comunidade de Esperan\u00e7a reconhece presidente do conselho fundador com pr\u00eamio\"}]},{\"@type\":\"WebSite\",\"@id\":\"https:\/\/nazarene.org\/pt-br\/#website\",\"url\":\"https:\/\/nazarene.org\/pt-br\/\",\"name\":\"Church of the Nazarene\",\"description\":\"Making Christlike Disciples in the Nations\",\"publisher\":{\"@id\":\"https:\/\/nazarene.org\/pt-br\/#organization\"},\"potentialAction\":[{\"@type\":\"SearchAction\",\"target\":{\"@type\":\"EntryPoint\",\"urlTemplate\":\"https:\/\/nazarene.org\/pt-br\/?s={search_term_string}\"},\"query-input\":{\"@type\":\"PropertyValueSpecification\",\"valueRequired\":true,\"valueName\":\"search_term_string\"}}],\"inLanguage\":\"pt-BR\"},{\"@type\":\"Organization\",\"@id\":\"https:\/\/nazarene.org\/pt-br\/#organization\",\"name\":\"Church of the Nazarene\",\"url\":\"https:\/\/nazarene.org\/pt-br\/\",\"logo\":{\"@type\":\"ImageObject\",\"inLanguage\":\"pt-BR\",\"@id\":\"https:\/\/nazarene.org\/pt-br\/#\/schema\/logo\/image\/\",\"url\":\"https:\/\/nazarene.org\/wp-content\/uploads\/2024\/06\/Naz_Desktop_Black_Logo-1.svg\",\"contentUrl\":\"https:\/\/nazarene.org\/wp-content\/uploads\/2024\/06\/Naz_Desktop_Black_Logo-1.svg\",\"width\":258,\"height\":36,\"caption\":\"Church of the Nazarene\"},\"image\":{\"@id\":\"https:\/\/nazarene.org\/pt-br\/#\/schema\/logo\/image\/\"},\"sameAs\":[\"https:\/\/www.facebook.com\/NazareneOfficial\/\",\"https:\/\/x.com\/Nazarene\",\"https:\/\/www.instagram.com\/nazareneofficial\/\"]}]}<\/script>\n<!-- \/ Yoast SEO Premium plugin. -->","yoast_head_json":{"title":"Comunidade de Esperan\u00e7a reconhece presidente do conselho fundador com pr\u00eamio - Church of the Nazarene","robots":{"index":"index","follow":"follow","max-snippet":"max-snippet:-1","max-image-preview":"max-image-preview:large","max-video-preview":"max-video-preview:-1"},"canonical":"https:\/\/nazarene.org\/pt-br\/news\/comunidade-de-esperanca-reconhece-presidente-do-conselho-fundador-com-premio\/","og_locale":"pt_BR","og_type":"article","og_title":"Comunidade de Esperan\u00e7a reconhece presidente do conselho fundador com pr\u00eamio","og_url":"https:\/\/nazarene.org\/pt-br\/news\/comunidade-de-esperanca-reconhece-presidente-do-conselho-fundador-com-premio\/","og_site_name":"Church of the Nazarene","article_publisher":"https:\/\/www.facebook.com\/NazareneOfficial\/","og_image":[{"url":"https:\/\/nazarene.org\/wp-content\/uploads\/migrated_images\/NCN%20News\/USACanada\/DC\/RobertSloanAward.jpg","type":"","width":"","height":""}],"twitter_card":"summary_large_image","twitter_site":"@Nazarene","schema":{"@context":"https:\/\/schema.org","@graph":[{"@type":"WebPage","@id":"https:\/\/nazarene.org\/pt-br\/news\/comunidade-de-esperanca-reconhece-presidente-do-conselho-fundador-com-premio\/","url":"https:\/\/nazarene.org\/pt-br\/news\/comunidade-de-esperanca-reconhece-presidente-do-conselho-fundador-com-premio\/","name":"Comunidade de Esperan\u00e7a reconhece presidente do conselho fundador com pr\u00eamio - Church of the Nazarene","isPartOf":{"@id":"https:\/\/nazarene.org\/pt-br\/#website"},"primaryImageOfPage":{"@id":"https:\/\/nazarene.org\/pt-br\/news\/comunidade-de-esperanca-reconhece-presidente-do-conselho-fundador-com-premio\/#primaryimage"},"image":{"@id":"https:\/\/nazarene.org\/pt-br\/news\/comunidade-de-esperanca-reconhece-presidente-do-conselho-fundador-com-premio\/#primaryimage"},"thumbnailUrl":"https:\/\/nazarene.org\/wp-content\/uploads\/migrated_images\/NCN%20News\/USACanada\/DC\/RobertSloanAward.jpg","datePublished":"2019-07-10T05:00:00+00:00","breadcrumb":{"@id":"https:\/\/nazarene.org\/pt-br\/news\/comunidade-de-esperanca-reconhece-presidente-do-conselho-fundador-com-premio\/#breadcrumb"},"inLanguage":"pt-BR","potentialAction":[{"@type":"ReadAction","target":["https:\/\/nazarene.org\/pt-br\/news\/comunidade-de-esperanca-reconhece-presidente-do-conselho-fundador-com-premio\/"]}]},{"@type":"ImageObject","inLanguage":"pt-BR","@id":"https:\/\/nazarene.org\/pt-br\/news\/comunidade-de-esperanca-reconhece-presidente-do-conselho-fundador-com-premio\/#primaryimage","url":"https:\/\/nazarene.org\/wp-content\/uploads\/migrated_images\/NCN%20News\/USACanada\/DC\/RobertSloanAward.jpg","contentUrl":"https:\/\/nazarene.org\/wp-content\/uploads\/migrated_images\/NCN%20News\/USACanada\/DC\/RobertSloanAward.jpg"},{"@type":"BreadcrumbList","@id":"https:\/\/nazarene.org\/pt-br\/news\/comunidade-de-esperanca-reconhece-presidente-do-conselho-fundador-com-premio\/#breadcrumb","itemListElement":[{"@type":"ListItem","position":1,"name":"Home","item":"https:\/\/nazarene.org\/pt-br\/casa\/"},{"@type":"ListItem","position":2,"name":"News","item":"https:\/\/nazarene.org\/pt-br\/news\/"},{"@type":"ListItem","position":3,"name":"Comunidade de Esperan\u00e7a reconhece presidente do conselho fundador com pr\u00eamio"}]},{"@type":"WebSite","@id":"https:\/\/nazarene.org\/pt-br\/#website","url":"https:\/\/nazarene.org\/pt-br\/","name":"Church of the Nazarene","description":"Making Christlike Disciples in the Nations","publisher":{"@id":"https:\/\/nazarene.org\/pt-br\/#organization"},"potentialAction":[{"@type":"SearchAction","target":{"@type":"EntryPoint","urlTemplate":"https:\/\/nazarene.org\/pt-br\/?s={search_term_string}"},"query-input":{"@type":"PropertyValueSpecification","valueRequired":true,"valueName":"search_term_string"}}],"inLanguage":"pt-BR"},{"@type":"Organization","@id":"https:\/\/nazarene.org\/pt-br\/#organization","name":"Church of the Nazarene","url":"https:\/\/nazarene.org\/pt-br\/","logo":{"@type":"ImageObject","inLanguage":"pt-BR","@id":"https:\/\/nazarene.org\/pt-br\/#\/schema\/logo\/image\/","url":"https:\/\/nazarene.org\/wp-content\/uploads\/2024\/06\/Naz_Desktop_Black_Logo-1.svg","contentUrl":"https:\/\/nazarene.org\/wp-content\/uploads\/2024\/06\/Naz_Desktop_Black_Logo-1.svg","width":258,"height":36,"caption":"Church of the Nazarene"},"image":{"@id":"https:\/\/nazarene.org\/pt-br\/#\/schema\/logo\/image\/"},"sameAs":["https:\/\/www.facebook.com\/NazareneOfficial\/","https:\/\/x.com\/Nazarene","https:\/\/www.instagram.com\/nazareneofficial\/"]}]}},"_links":{"self":[{"href":"https:\/\/nazarene.org\/pt-br\/wp-json\/wp\/v2\/news\/53346","targetHints":{"allow":["GET"]}}],"collection":[{"href":"https:\/\/nazarene.org\/pt-br\/wp-json\/wp\/v2\/news"}],"about":[{"href":"https:\/\/nazarene.org\/pt-br\/wp-json\/wp\/v2\/types\/news"}],"author":[{"embeddable":true,"href":"https:\/\/nazarene.org\/pt-br\/wp-json\/wp\/v2\/users\/1"}],"version-history":[{"count":0,"href":"https:\/\/nazarene.org\/pt-br\/wp-json\/wp\/v2\/news\/53346\/revisions"}],"wp:attachment":[{"href":"https:\/\/nazarene.org\/pt-br\/wp-json\/wp\/v2\/media?parent=53346"}],"wp:term":[{"taxonomy":"news-categories","embeddable":true,"href":"https:\/\/nazarene.org\/pt-br\/wp-json\/wp\/v2\/news-categories?post=53346"},{"taxonomy":"news-region-taxonomy","embeddable":true,"href":"https:\/\/nazarene.org\/pt-br\/wp-json\/wp\/v2\/news-region-taxonomy?post=53346"},{"taxonomy":"news-tag","embeddable":true,"href":"https:\/\/nazarene.org\/pt-br\/wp-json\/wp\/v2\/news-tag?post=53346"}],"curies":[{"name":"wp","href":"https:\/\/api.w.org\/{rel}","templated":true}]}}