{"id":53271,"date":"2019-07-10T00:00:00","date_gmt":"2019-07-10T05:00:00","guid":{"rendered":"https:\/\/nazarene.org\/news\/churches-se-mobilizam-em-porto-rico-apos-o-furacao-maria\/"},"modified":"2019-07-10T00:00:00","modified_gmt":"2019-07-10T05:00:00","slug":"churches-se-mobilizam-em-porto-rico-apos-o-furacao-maria","status":"publish","type":"news","link":"https:\/\/nazarene.org\/pt-br\/news\/churches-se-mobilizam-em-porto-rico-apos-o-furacao-maria\/","title":{"rendered":"Churches se mobilizam em Porto Rico ap\u00f3s o Furac\u00e3o Maria"},"content":{"rendered":"<p><img fetchpriority=\"high\" decoding=\"async\" alt=\"\" height=\"400\" src=\"https:\/\/nazarene.org\/wp-content\/uploads\/migrated_images\/NCN%20News\/Mesoamerica\/Puerto%20Rico\/UnloadinginArecibo.jpg\" width=\"750\"><\/p>\n<p>Nos dias que se seguiram a devasta\u00e7\u00e3o total que o Furac\u00e3o Maria causou em Porto Rico, igrejas Nazarenas se mobilizaram para responder &#8211; em parceria com outras igrejas Nazarenas em todo o mundo. &nbsp;<\/p>\n<p>Na semana passada, um plano de suprimentos de ajuda humanit\u00e1ria da esquerda de Lenexa, Kansas, se dirigiu para Porto Rico. <a href=\"http:\/\/www.ncm.org\" target=\"_blank\">Minist\u00e9rios Nazarenos Compassivos<\/a> fizeram parcerias com Heart para Heart International, que era capaz de usar suas conex\u00f5es com FedEx para voar no embarque.&nbsp;<\/p>\n<p>Depois que o avi\u00e3o chegou em San Juan, conte\u00fado foi transferido para um grande caminh\u00e3o. Um grupo de 30 volunt\u00e1rios de igrejas Nazarenas locais passou horas 2 de outubro descarregando os suprimentos, incluindo&nbsp;filtros de \u00e1gua, milhares de Kits de Crisis Care enviados de muitas igrejas Nazarenas e 42.000 libras de pacotes de comida doados atrav\u00e9s de uma parceria com Convoy de Hope, um sem fins lucrativos baseado em f\u00e9 focado em alimenta\u00e7\u00e3o e resposta a desastres. Na ter\u00e7a-feira, mais volunt\u00e1rios e pastores come\u00e7aram o processo de distribuir os suprimentos para fam\u00edlias vulner\u00e1veis e indiv\u00edduos mais de 10 comunidades.<\/p>\n<p>Volunt\u00e1rios de uma igreja Nazarena em Dorado foram para Naranjito, uma cidade de montanha empobrecida onde eles ministram regularmente, para distribuir kits de comida e cuidado. A igreja em Vega Baja levou comida e CCKs para uma casa para adultos s\u00eaniores que faltava recursos. Volunt\u00e1rios de uma igreja Nazarena em Cata\u00f1o distribu\u00edram comida e Kits de Cuidado de Crise em La Puntilla, um bairro empobrecido que foi inundado em grande parte por \u00e1gua do oceano.<\/p>\n<p><img decoding=\"async\" alt=\"\" height=\"400\" src=\"https:\/\/nazarene.org\/wp-content\/uploads\/migrated_images\/NCN%20News\/Mesoamerica\/Puerto%20Rico\/NowWeHaveFood.jpg\" width=\"750\"><\/p>\n<p>Como o grupo estava deixando La Puntilla, um volunt\u00e1rio ouviu uma jovem dizer para sua m\u00e3e, &#8220;Olhe m\u00e3e! Agora temos algo para comer&#8221;.<\/p>\n<p>Como mais suprimentos chegam, igrejas Nazarenas est\u00e3o preparadas para continuar a obter ajuda para aqueles em necessidade.<\/p>\n<p>A Igreja do Distrito Sul da Fl\u00f3rida do Nazareno organizou para entregar um cont\u00eainer de carga de suprimentos, que est\u00e1 atualmente em rota e programado para chegar em Porto Rico no fim de semana. O cont\u00eainer inclui mais de mil filtros de \u00e1gua Sawyer, comprados com doa\u00e7\u00f5es de resposta a desastres que vieram para Minist\u00e9rios Nazarenos Compassivos de igrejas e indiv\u00edduos em todo o mundo. A maioria da ilha ainda n\u00e3o tem acesso a \u00e1gua pot\u00e1vel, tornando os filtros de \u00e1gua uma necessidade cr\u00edtica para prevenir doen\u00e7as devido a doen\u00e7as transmitidas pela \u00e1gua.<\/p>\n<p><img decoding=\"async\" alt=\"\" height=\"400\" src=\"https:\/\/nazarene.org\/wp-content\/uploads\/migrated_images\/NCN%20News\/Mesoamerica\/Puerto%20Rico\/VolunteersUnloadSupplies.jpg\" width=\"750\"><\/p>\n<p>Um envio de Crisis Care Kit tamb\u00e9m foi enviado para Porto Rico atrav\u00e9s de uma fonte improv\u00e1vel: o Dallas Mavericks da Associa\u00e7\u00e3o Nacional de Basquete. J. J. Barea, um guarda de ponto para a equipe que \u00e9 de Porto Rico, primeiro&nbsp;<a href=\"https:\/\/www.washingtonpost.com\/news\/early-lead\/wp\/2017\/09\/26\/mark-cuban-lends-mavericks-plane-to-puerto-rico-native-j-j-barea-for-hurricane-relief-efforts\/?utm_term=.7674e235c423\" target=\"_blank\">levou o avi\u00e3o &nbsp;privado da equipe para Puerto Rico<\/a>&nbsp;lna \u00faltima semana para trazer sua fam\u00edlia para os EUA. Esta semana ele fez uma segunda viagem com 600 CCKs da Igreja Oeste e Norte \/ Leste do Texas dos distritos Nazarenos.<\/p>\n<p>Barea amava os CCKs e levou uma caixa para mostrar os l\u00edderes de sua funda\u00e7\u00e3o como um exemplo de uma grande ideia para ajudar&#8221;, &nbsp;disse Chrissy Maldonado, um pastor da juventude de Arlington, Texas, Primeira Igreja do Nazareno, <a href=\"https:\/\/www.facebook.com\/groups\/1244069052275624\/permalink\/1905479656134557\/\" target=\"_blank\">que ajudou a carregar os kits<\/a>. O avi\u00e3o estar\u00e1 fazendo uma segunda viagem e eles gostariam que n\u00f3s troux\u00e9ssemos o resto de nossas caixas para enviar novamente.<\/p>\n<div>\n<div>\n<p>Pastor Ron Adams de Ovilla Road do Nazareno veio pela primeira vez em contato com a equipe h\u00e1 dois anos quando&nbsp;<a href=\"http:\/\/www.nazarene.org\/article\/tornado-downs-texas-church-missionaries-safe-okc\" target=\"_blank\">um tornado destruiu sua igreja<\/a> &nbsp;enquanto ele estava participando de um jogo Mavericks.&nbsp;Quando ele ouviu sobre a viagem de Barea, ele entrou em contato com a equipe para ver se eles tinham espa\u00e7o para CCKs. O propriet\u00e1rio de Mavericks Mark Cuban tornou as viagens poss\u00edveis.<\/p>\n<p><img loading=\"lazy\" decoding=\"async\" alt=\"\" height=\"450\" src=\"https:\/\/nazarene.org\/wp-content\/uploads\/migrated_images\/NCN%20News\/USACanada\/Texas\/Mavs2.jpg\" width=\"600\"><\/p>\n<\/div>\n<\/div>\n<p>Heart para Heart tamb\u00e9m est\u00e1 programado para voar outro envio de suprimentos em nome de Minist\u00e9rios Nazarenos Compassivos 9 de outubro. O planeload de ajuda incluir\u00e1 geradores, lonas, baterias, bens enlatados, fraldas, comida de beb\u00ea e f\u00f3rmula de beb\u00ea. Os geradores e baterias, em particular, ajudar\u00e3o a fornecer para necessidades urgentes. Oficiais estimam que levar\u00e1 at\u00e9 seis meses para <a href=\"http:\/\/www.latimes.com\/nation\/la-na-puerto-rico-power-20170925-story.html\" target=\"_blank\">restaurar poder<\/a> para toda a ilha.<\/p>\n<p>Nestor Hernandez cresceu em Porto Rico, onde seu pai, Andres Hernandez, serve como superintendente de distrito para o Distrito Leste do pa\u00eds. Nestor, que serve como pastor de juventude e vida comunit\u00e1ria em Melbourne, Fl\u00f3rida, est\u00e1 atualmente em Porto Rico ajudando a coordenar remessas e esfor\u00e7os de resposta a desastres em nome de Minist\u00e9rios Nazarenos Compassivos<\/p>\n<p>Por favor, continue a orar!&#8221; ele escreveu em um relat\u00f3rio das atividades da igreja. Como continuamos a nos conectar com igrejas, o n\u00famero de Nazarenos deslocados aumenta.<\/p>\n<p>A situa\u00e7\u00e3o em Porto Rico est\u00e1 crescendo mais preocupante pelo dia. A maioria das \u00e1reas est\u00e1 sem poder, criando situa\u00e7\u00f5es de amea\u00e7a de vida para indiv\u00edduos que dependem de poder para tratamentos m\u00e9dicos, bem como residentes de casas de enfermagem que s\u00e3o vulner\u00e1veis a calor excessivo. H\u00e1 tamb\u00e9m uma escassez de comida e \u00e1gua pot\u00e1vel segura.<\/p>\n<p>H\u00e1 muito trabalho para fazer, mas temos Nazarenos impressionantes que est\u00e3o animados para sair de suas casas e fazer algo para sua ilha&#8221;, escreveu Nestor. Gra\u00e7as a NCM e ao apoio da igreja global, eles agora est\u00e3o sendo com recursos para faz\u00ea-lo.<\/p>\n<p>Embora suprimentos estejam no caminho, mais ajuda \u00e9 muito necess\u00e1ria. Aqueles que querem apoiar esfor\u00e7os de resposta a desastres em Porto Rico s\u00e3o incentivados a visitar <a href=\"http:\/\/www.ncm.org\/maria.html\">ncm.org\/Maria<\/a>.<\/p>\n<p><strong>Como ajudar<\/strong><\/p>\n<p><strong>Ore<\/strong><\/p>\n<p>Por favor, ore para aqueles que s\u00e3o mais vulner\u00e1veis \u00e0 perda de poder e escassez de comida e \u00e1gua segura. Ore para fam\u00edlias e indiv\u00edduos que s\u00e3o deixados para reconstruir suas vidas, esses recursos viriam. Ore para aqueles que lamentam a perda de entes queridos. Ore para aqueles que est\u00e3o com medo, que eles experimentariam o amor e paz de Cristo. Ore por seguran\u00e7a para l\u00edderes de igrejas locais e volunt\u00e1rios como eles viajam para distribuir ajuda para aqueles em necessidade. Para enviar uma ora\u00e7\u00e3o ou nota de encorajamento, v\u00e1 para <a href=\"http:\/\/www.ncm.org\/pray.html\">ncm.org\/pray<\/a>.<\/p>\n<p><strong>volunt\u00e1rio<\/strong><\/p>\n<p>Viagens ainda \u00e9 limitadas, e igrejas ainda n\u00e3o s\u00e3o capazes de receber volunt\u00e1rios. Qualquer pessoa interessada em voluntariado uma vez que possibilidades se abram pode preencher um formul\u00e1rio de informa\u00e7\u00f5es de volunt\u00e1rio em <a href=\"http:\/\/www.ncm.org\/maria.html\">ncm.org\/Maria<\/a>.<\/p>\n<p><strong>DOA\u00c7\u00c3O<\/strong><\/p>\n<p>Churches e indiv\u00edduos em todo o mundo podem fornecer apoio &nbsp;atrav\u00e9s do Fundo de Al\u00edvio de <a href=\"https:\/\/give.nazarene.org\/donate\/f\/128313\">Emerg\u00eancia: Furac\u00e3o Maria<\/a>. Doa\u00e7\u00f5es ser\u00e3o usadas para suprimentos de emerg\u00eancia, bem como esfor\u00e7os de recupera\u00e7\u00e3o e reconstru\u00e7\u00e3o de longo prazo.<\/p>\n<p>Para enviar doa\u00e7\u00f5es por correio:<\/p>\n<p>&nbsp;Nos <strong>EUA<\/strong>, fa\u00e7a cheques pag\u00e1veis para &#8220;Tesoureiro Geral&#8221; e envi\u00e1-los para:&nbsp;<\/p>\n<p>Servi\u00e7os de tesouraria global<br \/>\nIgreja do Nazareno<br \/>\nP.O. Box 843116<br \/>\nKansas City, MO 64184-3116<\/p>\n<p>Certifique-se de colocar <strong>128313<\/strong> na \u00e1rea de Memo.<\/p>\n<p>&nbsp;Em Canad\u00e1, fa\u00e7a cheques pag\u00e1veis para &#8220;Igreja do Nazareno Canad\u00e1&#8221; e en<strong>vi<\/strong>\u00e1-los para:<\/p>\n<p>Igreja do Nazareno Canad\u00e1<br \/>\n20 Regan Road, Unidade 9<br \/>\nBrampton, Ont\u00e1rio L7A 1C3<\/p>\n<p>Certifique-se de colocar <strong>128313<\/strong> na \u00e1rea de Memo.<\/p>\n<p><strong>Para qualquer outro pa\u00eds<\/strong>, dar atrav\u00e9s de sua igreja ou distrito local, &nbsp;designando seu presente para Fundo de Al\u00edvio de <strong>Emerg\u00eancia: Furac\u00e3o Maria.<\/strong><\/p>\n<p><a href=\"http:\/\/www.ncm.org\/\" target=\"_blank\">Minist\u00e9rios Nazarenos Compassivos<\/a><\/p>\n","protected":false},"excerpt":{"rendered":"<p><img decoding=\"async\" alt=\"\" height=\"400\" src=\"\/sites\/default\/files\/migrated_images\/NCN%20News\/Mesoamerica\/Puerto%20Ri&lt;\/div&gt;\"><\/p>\n","protected":false},"author":1,"featured_media":0,"menu_order":0,"template":"","news-categories":[],"news-region-taxonomy":[],"news-tag":[1389,796,2071],"class_list":["post-53271","news","type-news","status-publish","hentry","news-tag-mesoamerica-pt-br","news-tag-ncm-pt-br","news-tag-porto-rico"],"yoast_head":"<!-- This site is optimized with the Yoast SEO Premium plugin v27.1 (Yoast SEO v27.1.1) - https:\/\/yoast.com\/product\/yoast-seo-premium-wordpress\/ -->\n<title>Churches se mobilizam em Porto Rico ap\u00f3s o Furac\u00e3o Maria - Church of the Nazarene<\/title>\n<meta name=\"robots\" content=\"index, follow, max-snippet:-1, max-image-preview:large, max-video-preview:-1\" \/>\n<link rel=\"canonical\" href=\"https:\/\/nazarene.org\/pt-br\/news\/churches-se-mobilizam-em-porto-rico-apos-o-furacao-maria\/\" \/>\n<meta property=\"og:locale\" content=\"pt_BR\" \/>\n<meta property=\"og:type\" content=\"article\" \/>\n<meta property=\"og:title\" content=\"Churches se mobilizam em Porto Rico ap\u00f3s o Furac\u00e3o Maria\" \/>\n<meta property=\"og:url\" content=\"https:\/\/nazarene.org\/pt-br\/news\/churches-se-mobilizam-em-porto-rico-apos-o-furacao-maria\/\" \/>\n<meta property=\"og:site_name\" content=\"Church of the Nazarene\" \/>\n<meta property=\"article:publisher\" content=\"https:\/\/www.facebook.com\/NazareneOfficial\/\" \/>\n<meta property=\"og:image\" content=\"https:\/\/nazarene.org\/wp-content\/uploads\/migrated_images\/NCN%20News\/Mesoamerica\/Puerto%20Rico\/UnloadinginArecibo.jpg\" \/>\n<meta name=\"twitter:card\" content=\"summary_large_image\" \/>\n<meta name=\"twitter:site\" content=\"@Nazarene\" \/>\n<script type=\"application\/ld+json\" class=\"yoast-schema-graph\">{\"@context\":\"https:\/\/schema.org\",\"@graph\":[{\"@type\":\"WebPage\",\"@id\":\"https:\/\/nazarene.org\/pt-br\/news\/churches-se-mobilizam-em-porto-rico-apos-o-furacao-maria\/\",\"url\":\"https:\/\/nazarene.org\/pt-br\/news\/churches-se-mobilizam-em-porto-rico-apos-o-furacao-maria\/\",\"name\":\"Churches se mobilizam em Porto Rico ap\u00f3s o Furac\u00e3o Maria - Church of the Nazarene\",\"isPartOf\":{\"@id\":\"https:\/\/nazarene.org\/pt-br\/#website\"},\"primaryImageOfPage\":{\"@id\":\"https:\/\/nazarene.org\/pt-br\/news\/churches-se-mobilizam-em-porto-rico-apos-o-furacao-maria\/#primaryimage\"},\"image\":{\"@id\":\"https:\/\/nazarene.org\/pt-br\/news\/churches-se-mobilizam-em-porto-rico-apos-o-furacao-maria\/#primaryimage\"},\"thumbnailUrl\":\"https:\/\/nazarene.org\/wp-content\/uploads\/migrated_images\/NCN%20News\/Mesoamerica\/Puerto%20Rico\/UnloadinginArecibo.jpg\",\"datePublished\":\"2019-07-10T05:00:00+00:00\",\"breadcrumb\":{\"@id\":\"https:\/\/nazarene.org\/pt-br\/news\/churches-se-mobilizam-em-porto-rico-apos-o-furacao-maria\/#breadcrumb\"},\"inLanguage\":\"pt-BR\",\"potentialAction\":[{\"@type\":\"ReadAction\",\"target\":[\"https:\/\/nazarene.org\/pt-br\/news\/churches-se-mobilizam-em-porto-rico-apos-o-furacao-maria\/\"]}]},{\"@type\":\"ImageObject\",\"inLanguage\":\"pt-BR\",\"@id\":\"https:\/\/nazarene.org\/pt-br\/news\/churches-se-mobilizam-em-porto-rico-apos-o-furacao-maria\/#primaryimage\",\"url\":\"https:\/\/nazarene.org\/wp-content\/uploads\/migrated_images\/NCN%20News\/Mesoamerica\/Puerto%20Rico\/UnloadinginArecibo.jpg\",\"contentUrl\":\"https:\/\/nazarene.org\/wp-content\/uploads\/migrated_images\/NCN%20News\/Mesoamerica\/Puerto%20Rico\/UnloadinginArecibo.jpg\"},{\"@type\":\"BreadcrumbList\",\"@id\":\"https:\/\/nazarene.org\/pt-br\/news\/churches-se-mobilizam-em-porto-rico-apos-o-furacao-maria\/#breadcrumb\",\"itemListElement\":[{\"@type\":\"ListItem\",\"position\":1,\"name\":\"Home\",\"item\":\"https:\/\/nazarene.org\/pt-br\/\"},{\"@type\":\"ListItem\",\"position\":2,\"name\":\"News\",\"item\":\"https:\/\/nazarene.org\/pt-br\/news\/\"},{\"@type\":\"ListItem\",\"position\":3,\"name\":\"Churches se mobilizam em Porto Rico ap\u00f3s o Furac\u00e3o Maria\"}]},{\"@type\":\"WebSite\",\"@id\":\"https:\/\/nazarene.org\/pt-br\/#website\",\"url\":\"https:\/\/nazarene.org\/pt-br\/\",\"name\":\"Church of the Nazarene\",\"description\":\"Making Christlike Disciples in the Nations\",\"publisher\":{\"@id\":\"https:\/\/nazarene.org\/pt-br\/#organization\"},\"potentialAction\":[{\"@type\":\"SearchAction\",\"target\":{\"@type\":\"EntryPoint\",\"urlTemplate\":\"https:\/\/nazarene.org\/pt-br\/?s={search_term_string}\"},\"query-input\":{\"@type\":\"PropertyValueSpecification\",\"valueRequired\":true,\"valueName\":\"search_term_string\"}}],\"inLanguage\":\"pt-BR\"},{\"@type\":\"Organization\",\"@id\":\"https:\/\/nazarene.org\/pt-br\/#organization\",\"name\":\"Church of the Nazarene\",\"url\":\"https:\/\/nazarene.org\/pt-br\/\",\"logo\":{\"@type\":\"ImageObject\",\"inLanguage\":\"pt-BR\",\"@id\":\"https:\/\/nazarene.org\/pt-br\/#\/schema\/logo\/image\/\",\"url\":\"https:\/\/nazarene.org\/wp-content\/uploads\/2024\/06\/Naz_Desktop_Black_Logo-1.svg\",\"contentUrl\":\"https:\/\/nazarene.org\/wp-content\/uploads\/2024\/06\/Naz_Desktop_Black_Logo-1.svg\",\"width\":258,\"height\":36,\"caption\":\"Church of the Nazarene\"},\"image\":{\"@id\":\"https:\/\/nazarene.org\/pt-br\/#\/schema\/logo\/image\/\"},\"sameAs\":[\"https:\/\/www.facebook.com\/NazareneOfficial\/\",\"https:\/\/x.com\/Nazarene\",\"https:\/\/www.instagram.com\/nazareneofficial\/\"]}]}<\/script>\n<!-- \/ Yoast SEO Premium plugin. -->","yoast_head_json":{"title":"Churches se mobilizam em Porto Rico ap\u00f3s o Furac\u00e3o Maria - Church of the Nazarene","robots":{"index":"index","follow":"follow","max-snippet":"max-snippet:-1","max-image-preview":"max-image-preview:large","max-video-preview":"max-video-preview:-1"},"canonical":"https:\/\/nazarene.org\/pt-br\/news\/churches-se-mobilizam-em-porto-rico-apos-o-furacao-maria\/","og_locale":"pt_BR","og_type":"article","og_title":"Churches se mobilizam em Porto Rico ap\u00f3s o Furac\u00e3o Maria","og_url":"https:\/\/nazarene.org\/pt-br\/news\/churches-se-mobilizam-em-porto-rico-apos-o-furacao-maria\/","og_site_name":"Church of the Nazarene","article_publisher":"https:\/\/www.facebook.com\/NazareneOfficial\/","og_image":[{"url":"https:\/\/nazarene.org\/wp-content\/uploads\/migrated_images\/NCN%20News\/Mesoamerica\/Puerto%20Rico\/UnloadinginArecibo.jpg","type":"","width":"","height":""}],"twitter_card":"summary_large_image","twitter_site":"@Nazarene","schema":{"@context":"https:\/\/schema.org","@graph":[{"@type":"WebPage","@id":"https:\/\/nazarene.org\/pt-br\/news\/churches-se-mobilizam-em-porto-rico-apos-o-furacao-maria\/","url":"https:\/\/nazarene.org\/pt-br\/news\/churches-se-mobilizam-em-porto-rico-apos-o-furacao-maria\/","name":"Churches se mobilizam em Porto Rico ap\u00f3s o Furac\u00e3o Maria - Church of the Nazarene","isPartOf":{"@id":"https:\/\/nazarene.org\/pt-br\/#website"},"primaryImageOfPage":{"@id":"https:\/\/nazarene.org\/pt-br\/news\/churches-se-mobilizam-em-porto-rico-apos-o-furacao-maria\/#primaryimage"},"image":{"@id":"https:\/\/nazarene.org\/pt-br\/news\/churches-se-mobilizam-em-porto-rico-apos-o-furacao-maria\/#primaryimage"},"thumbnailUrl":"https:\/\/nazarene.org\/wp-content\/uploads\/migrated_images\/NCN%20News\/Mesoamerica\/Puerto%20Rico\/UnloadinginArecibo.jpg","datePublished":"2019-07-10T05:00:00+00:00","breadcrumb":{"@id":"https:\/\/nazarene.org\/pt-br\/news\/churches-se-mobilizam-em-porto-rico-apos-o-furacao-maria\/#breadcrumb"},"inLanguage":"pt-BR","potentialAction":[{"@type":"ReadAction","target":["https:\/\/nazarene.org\/pt-br\/news\/churches-se-mobilizam-em-porto-rico-apos-o-furacao-maria\/"]}]},{"@type":"ImageObject","inLanguage":"pt-BR","@id":"https:\/\/nazarene.org\/pt-br\/news\/churches-se-mobilizam-em-porto-rico-apos-o-furacao-maria\/#primaryimage","url":"https:\/\/nazarene.org\/wp-content\/uploads\/migrated_images\/NCN%20News\/Mesoamerica\/Puerto%20Rico\/UnloadinginArecibo.jpg","contentUrl":"https:\/\/nazarene.org\/wp-content\/uploads\/migrated_images\/NCN%20News\/Mesoamerica\/Puerto%20Rico\/UnloadinginArecibo.jpg"},{"@type":"BreadcrumbList","@id":"https:\/\/nazarene.org\/pt-br\/news\/churches-se-mobilizam-em-porto-rico-apos-o-furacao-maria\/#breadcrumb","itemListElement":[{"@type":"ListItem","position":1,"name":"Home","item":"https:\/\/nazarene.org\/pt-br\/"},{"@type":"ListItem","position":2,"name":"News","item":"https:\/\/nazarene.org\/pt-br\/news\/"},{"@type":"ListItem","position":3,"name":"Churches se mobilizam em Porto Rico ap\u00f3s o Furac\u00e3o Maria"}]},{"@type":"WebSite","@id":"https:\/\/nazarene.org\/pt-br\/#website","url":"https:\/\/nazarene.org\/pt-br\/","name":"Church of the Nazarene","description":"Making Christlike Disciples in the Nations","publisher":{"@id":"https:\/\/nazarene.org\/pt-br\/#organization"},"potentialAction":[{"@type":"SearchAction","target":{"@type":"EntryPoint","urlTemplate":"https:\/\/nazarene.org\/pt-br\/?s={search_term_string}"},"query-input":{"@type":"PropertyValueSpecification","valueRequired":true,"valueName":"search_term_string"}}],"inLanguage":"pt-BR"},{"@type":"Organization","@id":"https:\/\/nazarene.org\/pt-br\/#organization","name":"Church of the Nazarene","url":"https:\/\/nazarene.org\/pt-br\/","logo":{"@type":"ImageObject","inLanguage":"pt-BR","@id":"https:\/\/nazarene.org\/pt-br\/#\/schema\/logo\/image\/","url":"https:\/\/nazarene.org\/wp-content\/uploads\/2024\/06\/Naz_Desktop_Black_Logo-1.svg","contentUrl":"https:\/\/nazarene.org\/wp-content\/uploads\/2024\/06\/Naz_Desktop_Black_Logo-1.svg","width":258,"height":36,"caption":"Church of the Nazarene"},"image":{"@id":"https:\/\/nazarene.org\/pt-br\/#\/schema\/logo\/image\/"},"sameAs":["https:\/\/www.facebook.com\/NazareneOfficial\/","https:\/\/x.com\/Nazarene","https:\/\/www.instagram.com\/nazareneofficial\/"]}]}},"_links":{"self":[{"href":"https:\/\/nazarene.org\/pt-br\/wp-json\/wp\/v2\/news\/53271","targetHints":{"allow":["GET"]}}],"collection":[{"href":"https:\/\/nazarene.org\/pt-br\/wp-json\/wp\/v2\/news"}],"about":[{"href":"https:\/\/nazarene.org\/pt-br\/wp-json\/wp\/v2\/types\/news"}],"author":[{"embeddable":true,"href":"https:\/\/nazarene.org\/pt-br\/wp-json\/wp\/v2\/users\/1"}],"version-history":[{"count":0,"href":"https:\/\/nazarene.org\/pt-br\/wp-json\/wp\/v2\/news\/53271\/revisions"}],"wp:attachment":[{"href":"https:\/\/nazarene.org\/pt-br\/wp-json\/wp\/v2\/media?parent=53271"}],"wp:term":[{"taxonomy":"news-categories","embeddable":true,"href":"https:\/\/nazarene.org\/pt-br\/wp-json\/wp\/v2\/news-categories?post=53271"},{"taxonomy":"news-region-taxonomy","embeddable":true,"href":"https:\/\/nazarene.org\/pt-br\/wp-json\/wp\/v2\/news-region-taxonomy?post=53271"},{"taxonomy":"news-tag","embeddable":true,"href":"https:\/\/nazarene.org\/pt-br\/wp-json\/wp\/v2\/news-tag?post=53271"}],"curies":[{"name":"wp","href":"https:\/\/api.w.org\/{rel}","templated":true}]}}