{"id":52404,"date":"2019-07-10T00:00:00","date_gmt":"2019-07-10T05:00:00","guid":{"rendered":"https:\/\/nazarene.org\/news\/lideres-leigos-junho-de-2017\/"},"modified":"2019-07-10T00:00:00","modified_gmt":"2019-07-10T05:00:00","slug":"lideres-leigos-junho-de-2017","status":"publish","type":"news","link":"https:\/\/nazarene.org\/pt-br\/news\/lideres-leigos-junho-de-2017\/","title":{"rendered":"L\u00edderes leigos: junho de 2017"},"content":{"rendered":"<p><img fetchpriority=\"high\" decoding=\"async\" alt=\"\" height=\"400\" src=\"https:\/\/nazarene.org\/wp-content\/uploads\/migrated_images\/DiscipleshipPlace.png\" width=\"750\"><\/p>\n<p>Escola Dominical e Minist\u00e9rio de Discipleship Internacional&nbsp;<a href=\"http:\/\/www.discipleshipplace.org\/\">DiscipleshipPlace.org<\/a> gostaria de parabenizar os seguintes indiv\u00edduos por serem aprovados por seu pastor e conselho de igreja local para receber o certificado de minist\u00e9rio leigo no m\u00eas de junho. Ap\u00f3s a aprova\u00e7\u00e3o eles completar\u00e3o os <a href=\"http:\/\/thediscipleshipplace.org\/index.php?option=com_content&amp;view=article&amp;id=115&amp;Itemid=126\">cursos de minist\u00e9rio<\/a> leigo.<\/p>\n<ul>\n<li>Trisha Bruce, Igreja &nbsp;Orange Park do Nazareno, Distrito da &nbsp;Fl\u00f3rida<\/li>\n<li>Theresa M. Guensch, Cabe\u00e7a &nbsp;indiana do Nazareno, Distrito Meio-&nbsp;Atl\u00e2ntico<\/li>\n<li>Robert &nbsp;Hofstetter, Igreja de Genebra do Nazareno, Distrito &nbsp;Nordeste de Indiana<\/li>\n<li>Terry Dwayne Isbell, &nbsp;Warren Chapel do Nazareno, Distrito &nbsp;Leste de Tennessee<\/li>\n<li>William A. Lawer, &nbsp;Safe Harbor do Nazareno, Distrito de &nbsp;Washington Pac\u00edfico<\/li>\n<li>Edward Sanders, Igreja &nbsp;Las Vegas do Nazareno, Distrito de Arizona<\/li>\n<\/ul>\n<p>Tamb\u00e9m gostar\u00edamos de parabenizar as seguintes pessoas que completaram os seguintes cursos no m\u00eas de junho. *<\/p>\n<ul>\n<li>Janet Achieng, &nbsp;Kabete do Nazareno, Distrito Central do Qu\u00eania\n<ul>\n<li>Minist\u00e9rio das Crian\u00e7as<\/li>\n<\/ul>\n<\/li>\n<li>Marsha Edwards, &nbsp;Safe Harbor do Nazareno, Distrito de Washington Pac\u00edfico&nbsp;\n<ul>\n<li>Como Estudar a B\u00edblia<\/li>\n<\/ul>\n<\/li>\n<li>Marenya &nbsp;Ian, Igreja Universit\u00e1ria do Nazareno, Distrito Central do &nbsp;Qu\u00eania\n<ul>\n<li>Minist\u00e9rio das Crian\u00e7as<\/li>\n<\/ul>\n<\/li>\n<li>Katherine Khalifa, Igreja Safe Harbor do Nazareno, Distrito de Washington Pac\u00edfico&nbsp;\n<ul>\n<li>Como Estudar a B\u00edblia<\/li>\n<\/ul>\n<\/li>\n<li>Donald Lawer, &nbsp;Safe Harbor do Nazareno, Distrito de Washington Pac\u00edfico\n<ul>\n\t<\/ul>\n<ul>\n<li>Comunicar o Evangelho em um Mundo Pluralista, Como Estudar a B\u00edblia, Contar a Hist\u00f3ria do Novo Testamento de Deus<\/li>\n<\/ul>\n<\/li>\n<li>Mary Lawer, &nbsp;Safe Harbor do Nazareno\n<ul>\n<li>Comunicar o Evangelho em um Mundo Pluralista, Como Estudar a B\u00edblia e Contar a Hist\u00f3ria do Novo Testamento de Deus.<\/li>\n<\/ul>\n<\/li>\n<li>William A. Lawer, &nbsp;Safe Harbor do Nazareno, Distrito de Washington Pac\u00edfico&nbsp;\n<ul>\n<li>Academia do Minist\u00e9rio da Juventude<\/li>\n<\/ul>\n<\/li>\n<li>Paul Maki, &nbsp;Safe Harbor do Nazareno, Distrito de Washington Pac\u00edfico\n<ul>\n<li>Como Estudar a B\u00edblia<\/li>\n<\/ul>\n<\/li>\n<li>Signe Maki, &nbsp;Safe Harbor do Nazareno, Distrito de Washington Pac\u00edfico\n<ul>\n<li>Como Estudar a B\u00edblia<\/li>\n<\/ul>\n<\/li>\n<li>Ray Rolla McCall, Esq., &nbsp;Clare do Nazareno, Distrito de Michigan&nbsp;\n<ul>\n<li>Minist\u00e9rio Infantil e Como Estudar a B\u00edblia<\/li>\n<\/ul>\n<\/li>\n<li>Jimmy McCarver, &nbsp;Senatobia N.O. Nabors Memorial, Igreja do Nazareno, Distrito MidSouth&nbsp;\n<ul>\n<li>Trabalhador Adulto<\/li>\n<\/ul>\n<\/li>\n<li>Steve Marcum, &nbsp;LaPorte Primeira Igreja do Nazareno, Distrito Noroeste de Indiana&nbsp;\n<ul>\n\t<\/ul>\n<ul>\n<li>Como Estudar a B\u00edblia<\/li>\n<\/ul>\n<\/li>\n<li>Angela Martinez, &nbsp;Layton Rosewood Lane do Nazareno, Distrito Intermontanha\n<ul>\n<li>Explorando a Teologia de John Wesley<\/li>\n<\/ul>\n<\/li>\n<li>Anne Near, &nbsp;Allentown do Nazareno, Distrito de &nbsp;Filad\u00e9lfia\n<ul>\n<li>Minist\u00e9rio das Mulheres<\/li>\n<\/ul>\n<\/li>\n<li>Dyan Palm, Igreja da Fam\u00edlia &nbsp;Oakdale do Nazareno, Distrito &nbsp;Central da Calif\u00f3rnia\n<ul>\n<li>Como Estudar a B\u00edblia e Minist\u00e9rio Infantil<\/li>\n<\/ul>\n<\/li>\n<li>Stuart Parvin, &nbsp;Safe Harbor do Nazareno, Distrito de Washington Pac\u00edfico\n<ul>\n<li>Livro de Romanos<\/li>\n<\/ul>\n<\/li>\n<li>Mary Lou Todd Strunk, &nbsp;Salem Grace do Nazareno, Distrito de &nbsp;Illinois\n<ul>\n<li>Como Estudar a B\u00edblia<\/li>\n<\/ul>\n<\/li>\n<li>LaShell Travis, &nbsp;Nova Igreja Irmandade Crist\u00e3 do Nazareno, Distrito Sul do Texas&nbsp;\n<ul>\n<li>Como Estudar a B\u00edblia<\/li>\n<\/ul>\n<\/li>\n<\/ul>\n<p>*<em>Observe que os indiv\u00edduos acima est\u00e3o sendo reconhecidos porque eles nos contataram para solicitar um certificado de conclus\u00e3o. Muitos indiv\u00edduos completam cursos, mas n\u00e3o nos contatam para nos deixar saber, ent\u00e3o n\u00e3o somos capazes de reconhec\u00ea-los.<\/em><\/p>\n<p>Compilado &nbsp;por <em>Disc<\/em><a href=\"http:\/\/www.discipleshipplace.org\/\" target=\"_blank\">ipleshipPlace.org<\/a>&nbsp;&nbsp; de <a href=\"https:\/\/nazarene.org\/ministries\/ssm\/display.html\" target=\"_blank\">Escola Dominical e Minist\u00e9rios Discipleship Inter<\/a>nacionais<\/p>\n<div>\n<div><!-- LeftSearchColumn --><\/div>\n<\/div>\n","protected":false},"excerpt":{"rendered":"<p><img decoding=\"async\" alt=\"\" height=\"400\" src=\"\/sites\/default\/files\/migrated_images\/DiscipleshipPlace.png\" width=\"&lt;\/div&gt;\"><\/p>\n","protected":false},"author":1,"featured_media":0,"menu_order":0,"template":"","news-categories":[],"news-region-taxonomy":[],"news-tag":[1495],"class_list":["post-52404","news","type-news","status-publish","hentry","news-tag-recursos"],"yoast_head":"<!-- This site is optimized with the Yoast SEO Premium plugin v27.1 (Yoast SEO v27.1.1) - https:\/\/yoast.com\/product\/yoast-seo-premium-wordpress\/ -->\n<title>L\u00edderes leigos: junho de 2017 - Church of the Nazarene<\/title>\n<meta name=\"robots\" content=\"index, follow, max-snippet:-1, max-image-preview:large, max-video-preview:-1\" \/>\n<link rel=\"canonical\" href=\"https:\/\/nazarene.org\/pt-br\/news\/lideres-leigos-junho-de-2017\/\" \/>\n<meta property=\"og:locale\" content=\"pt_BR\" \/>\n<meta property=\"og:type\" content=\"article\" \/>\n<meta property=\"og:title\" content=\"L\u00edderes leigos: junho de 2017\" \/>\n<meta property=\"og:url\" content=\"https:\/\/nazarene.org\/pt-br\/news\/lideres-leigos-junho-de-2017\/\" \/>\n<meta property=\"og:site_name\" content=\"Church of the Nazarene\" \/>\n<meta property=\"article:publisher\" content=\"https:\/\/www.facebook.com\/NazareneOfficial\/\" \/>\n<meta property=\"og:image\" content=\"https:\/\/nazarene.org\/wp-content\/uploads\/migrated_images\/DiscipleshipPlace.png\" \/>\n<meta name=\"twitter:card\" content=\"summary_large_image\" \/>\n<meta name=\"twitter:site\" content=\"@Nazarene\" \/>\n<script type=\"application\/ld+json\" class=\"yoast-schema-graph\">{\"@context\":\"https:\/\/schema.org\",\"@graph\":[{\"@type\":\"WebPage\",\"@id\":\"https:\/\/nazarene.org\/pt-br\/news\/lideres-leigos-junho-de-2017\/\",\"url\":\"https:\/\/nazarene.org\/pt-br\/news\/lideres-leigos-junho-de-2017\/\",\"name\":\"L\u00edderes leigos: junho de 2017 - Church of the Nazarene\",\"isPartOf\":{\"@id\":\"https:\/\/nazarene.org\/pt-br\/#website\"},\"primaryImageOfPage\":{\"@id\":\"https:\/\/nazarene.org\/pt-br\/news\/lideres-leigos-junho-de-2017\/#primaryimage\"},\"image\":{\"@id\":\"https:\/\/nazarene.org\/pt-br\/news\/lideres-leigos-junho-de-2017\/#primaryimage\"},\"thumbnailUrl\":\"https:\/\/nazarene.org\/wp-content\/uploads\/migrated_images\/DiscipleshipPlace.png\",\"datePublished\":\"2019-07-10T05:00:00+00:00\",\"breadcrumb\":{\"@id\":\"https:\/\/nazarene.org\/pt-br\/news\/lideres-leigos-junho-de-2017\/#breadcrumb\"},\"inLanguage\":\"pt-BR\",\"potentialAction\":[{\"@type\":\"ReadAction\",\"target\":[\"https:\/\/nazarene.org\/pt-br\/news\/lideres-leigos-junho-de-2017\/\"]}]},{\"@type\":\"ImageObject\",\"inLanguage\":\"pt-BR\",\"@id\":\"https:\/\/nazarene.org\/pt-br\/news\/lideres-leigos-junho-de-2017\/#primaryimage\",\"url\":\"https:\/\/nazarene.org\/wp-content\/uploads\/migrated_images\/DiscipleshipPlace.png\",\"contentUrl\":\"https:\/\/nazarene.org\/wp-content\/uploads\/migrated_images\/DiscipleshipPlace.png\"},{\"@type\":\"BreadcrumbList\",\"@id\":\"https:\/\/nazarene.org\/pt-br\/news\/lideres-leigos-junho-de-2017\/#breadcrumb\",\"itemListElement\":[{\"@type\":\"ListItem\",\"position\":1,\"name\":\"Home\",\"item\":\"https:\/\/nazarene.org\/pt-br\/\"},{\"@type\":\"ListItem\",\"position\":2,\"name\":\"News\",\"item\":\"https:\/\/nazarene.org\/pt-br\/news\/\"},{\"@type\":\"ListItem\",\"position\":3,\"name\":\"L\u00edderes leigos: junho de 2017\"}]},{\"@type\":\"WebSite\",\"@id\":\"https:\/\/nazarene.org\/pt-br\/#website\",\"url\":\"https:\/\/nazarene.org\/pt-br\/\",\"name\":\"Church of the Nazarene\",\"description\":\"Making Christlike Disciples in the Nations\",\"publisher\":{\"@id\":\"https:\/\/nazarene.org\/pt-br\/#organization\"},\"potentialAction\":[{\"@type\":\"SearchAction\",\"target\":{\"@type\":\"EntryPoint\",\"urlTemplate\":\"https:\/\/nazarene.org\/pt-br\/?s={search_term_string}\"},\"query-input\":{\"@type\":\"PropertyValueSpecification\",\"valueRequired\":true,\"valueName\":\"search_term_string\"}}],\"inLanguage\":\"pt-BR\"},{\"@type\":\"Organization\",\"@id\":\"https:\/\/nazarene.org\/pt-br\/#organization\",\"name\":\"Church of the Nazarene\",\"url\":\"https:\/\/nazarene.org\/pt-br\/\",\"logo\":{\"@type\":\"ImageObject\",\"inLanguage\":\"pt-BR\",\"@id\":\"https:\/\/nazarene.org\/pt-br\/#\/schema\/logo\/image\/\",\"url\":\"https:\/\/nazarene.org\/wp-content\/uploads\/2024\/06\/Naz_Desktop_Black_Logo-1.svg\",\"contentUrl\":\"https:\/\/nazarene.org\/wp-content\/uploads\/2024\/06\/Naz_Desktop_Black_Logo-1.svg\",\"width\":258,\"height\":36,\"caption\":\"Church of the Nazarene\"},\"image\":{\"@id\":\"https:\/\/nazarene.org\/pt-br\/#\/schema\/logo\/image\/\"},\"sameAs\":[\"https:\/\/www.facebook.com\/NazareneOfficial\/\",\"https:\/\/x.com\/Nazarene\",\"https:\/\/www.instagram.com\/nazareneofficial\/\"]}]}<\/script>\n<!-- \/ Yoast SEO Premium plugin. -->","yoast_head_json":{"title":"L\u00edderes leigos: junho de 2017 - Church of the Nazarene","robots":{"index":"index","follow":"follow","max-snippet":"max-snippet:-1","max-image-preview":"max-image-preview:large","max-video-preview":"max-video-preview:-1"},"canonical":"https:\/\/nazarene.org\/pt-br\/news\/lideres-leigos-junho-de-2017\/","og_locale":"pt_BR","og_type":"article","og_title":"L\u00edderes leigos: junho de 2017","og_url":"https:\/\/nazarene.org\/pt-br\/news\/lideres-leigos-junho-de-2017\/","og_site_name":"Church of the Nazarene","article_publisher":"https:\/\/www.facebook.com\/NazareneOfficial\/","og_image":[{"url":"https:\/\/nazarene.org\/wp-content\/uploads\/migrated_images\/DiscipleshipPlace.png","type":"","width":"","height":""}],"twitter_card":"summary_large_image","twitter_site":"@Nazarene","schema":{"@context":"https:\/\/schema.org","@graph":[{"@type":"WebPage","@id":"https:\/\/nazarene.org\/pt-br\/news\/lideres-leigos-junho-de-2017\/","url":"https:\/\/nazarene.org\/pt-br\/news\/lideres-leigos-junho-de-2017\/","name":"L\u00edderes leigos: junho de 2017 - Church of the Nazarene","isPartOf":{"@id":"https:\/\/nazarene.org\/pt-br\/#website"},"primaryImageOfPage":{"@id":"https:\/\/nazarene.org\/pt-br\/news\/lideres-leigos-junho-de-2017\/#primaryimage"},"image":{"@id":"https:\/\/nazarene.org\/pt-br\/news\/lideres-leigos-junho-de-2017\/#primaryimage"},"thumbnailUrl":"https:\/\/nazarene.org\/wp-content\/uploads\/migrated_images\/DiscipleshipPlace.png","datePublished":"2019-07-10T05:00:00+00:00","breadcrumb":{"@id":"https:\/\/nazarene.org\/pt-br\/news\/lideres-leigos-junho-de-2017\/#breadcrumb"},"inLanguage":"pt-BR","potentialAction":[{"@type":"ReadAction","target":["https:\/\/nazarene.org\/pt-br\/news\/lideres-leigos-junho-de-2017\/"]}]},{"@type":"ImageObject","inLanguage":"pt-BR","@id":"https:\/\/nazarene.org\/pt-br\/news\/lideres-leigos-junho-de-2017\/#primaryimage","url":"https:\/\/nazarene.org\/wp-content\/uploads\/migrated_images\/DiscipleshipPlace.png","contentUrl":"https:\/\/nazarene.org\/wp-content\/uploads\/migrated_images\/DiscipleshipPlace.png"},{"@type":"BreadcrumbList","@id":"https:\/\/nazarene.org\/pt-br\/news\/lideres-leigos-junho-de-2017\/#breadcrumb","itemListElement":[{"@type":"ListItem","position":1,"name":"Home","item":"https:\/\/nazarene.org\/pt-br\/"},{"@type":"ListItem","position":2,"name":"News","item":"https:\/\/nazarene.org\/pt-br\/news\/"},{"@type":"ListItem","position":3,"name":"L\u00edderes leigos: junho de 2017"}]},{"@type":"WebSite","@id":"https:\/\/nazarene.org\/pt-br\/#website","url":"https:\/\/nazarene.org\/pt-br\/","name":"Church of the Nazarene","description":"Making Christlike Disciples in the Nations","publisher":{"@id":"https:\/\/nazarene.org\/pt-br\/#organization"},"potentialAction":[{"@type":"SearchAction","target":{"@type":"EntryPoint","urlTemplate":"https:\/\/nazarene.org\/pt-br\/?s={search_term_string}"},"query-input":{"@type":"PropertyValueSpecification","valueRequired":true,"valueName":"search_term_string"}}],"inLanguage":"pt-BR"},{"@type":"Organization","@id":"https:\/\/nazarene.org\/pt-br\/#organization","name":"Church of the Nazarene","url":"https:\/\/nazarene.org\/pt-br\/","logo":{"@type":"ImageObject","inLanguage":"pt-BR","@id":"https:\/\/nazarene.org\/pt-br\/#\/schema\/logo\/image\/","url":"https:\/\/nazarene.org\/wp-content\/uploads\/2024\/06\/Naz_Desktop_Black_Logo-1.svg","contentUrl":"https:\/\/nazarene.org\/wp-content\/uploads\/2024\/06\/Naz_Desktop_Black_Logo-1.svg","width":258,"height":36,"caption":"Church of the Nazarene"},"image":{"@id":"https:\/\/nazarene.org\/pt-br\/#\/schema\/logo\/image\/"},"sameAs":["https:\/\/www.facebook.com\/NazareneOfficial\/","https:\/\/x.com\/Nazarene","https:\/\/www.instagram.com\/nazareneofficial\/"]}]}},"_links":{"self":[{"href":"https:\/\/nazarene.org\/pt-br\/wp-json\/wp\/v2\/news\/52404","targetHints":{"allow":["GET"]}}],"collection":[{"href":"https:\/\/nazarene.org\/pt-br\/wp-json\/wp\/v2\/news"}],"about":[{"href":"https:\/\/nazarene.org\/pt-br\/wp-json\/wp\/v2\/types\/news"}],"author":[{"embeddable":true,"href":"https:\/\/nazarene.org\/pt-br\/wp-json\/wp\/v2\/users\/1"}],"version-history":[{"count":0,"href":"https:\/\/nazarene.org\/pt-br\/wp-json\/wp\/v2\/news\/52404\/revisions"}],"wp:attachment":[{"href":"https:\/\/nazarene.org\/pt-br\/wp-json\/wp\/v2\/media?parent=52404"}],"wp:term":[{"taxonomy":"news-categories","embeddable":true,"href":"https:\/\/nazarene.org\/pt-br\/wp-json\/wp\/v2\/news-categories?post=52404"},{"taxonomy":"news-region-taxonomy","embeddable":true,"href":"https:\/\/nazarene.org\/pt-br\/wp-json\/wp\/v2\/news-region-taxonomy?post=52404"},{"taxonomy":"news-tag","embeddable":true,"href":"https:\/\/nazarene.org\/pt-br\/wp-json\/wp\/v2\/news-tag?post=52404"}],"curies":[{"name":"wp","href":"https:\/\/api.w.org\/{rel}","templated":true}]}}