{"id":51587,"date":"2019-12-13T00:00:00","date_gmt":"2019-12-13T06:00:00","guid":{"rendered":"https:\/\/nazarene.org\/news\/porto-rico-celebra-75o-aniversario\/"},"modified":"2019-12-13T00:00:00","modified_gmt":"2019-12-13T06:00:00","slug":"porto-rico-celebra-75o-aniversario","status":"publish","type":"news","link":"https:\/\/nazarene.org\/pt-br\/news\/porto-rico-celebra-75o-aniversario\/","title":{"rendered":"Porto Rico celebra 75\u00ba anivers\u00e1rio"},"content":{"rendered":"<p><span style=\"font-size:12pt\"><span style=\"font-family:Calibri,sans-serif\">A Igreja do Nazareno em Porto Rico celebrou seu &nbsp;75\u00ba anivers\u00e1rio no final de outubro. Mais de 500 pessoas participaram do evento de celebra\u00e7\u00e3o realizado na cidade de Arecibo. <\/span><\/span><\/p>\n<p><span style=\"font-size:12pt\"><span style=\"font-family:Calibri,sans-serif\">Durante o servi\u00e7o de celebra\u00e7\u00e3o, eles mostraram quatro v\u00eddeos que explicaram a hist\u00f3ria da igreja em Porto Rico, como come\u00e7ou, e o que se tornou. Outro v\u00eddeo tinha um tributo a cada um dos superintendentes de distrito que haviam servido em Porto Rico. Cada distrito deu dois especiais, via m\u00fasica ou dan\u00e7a. <\/span><\/span><\/p>\n<p><span style=\"font-size:12pt\"><span style=\"font-family:Calibri,sans-serif\">Andr\u00e9s Hern\u00e1ndez, superintendente do Distrito Leste, e Marta Gonz\u00e1lez, superintendente do Distrito Oeste, deram uma mensagem de vis\u00e3o para o futuro da Igreja em Porto Rico. <\/span><\/span><\/p>\n<p><span style=\"font-size:12pt\"><span style=\"font-family:Calibri,sans-serif\">A vis\u00e3o de nossos fundadores deve continuar a guiar nosso trabalho nos anos para vir&#8221;, eles disseram. Que possamos ser uma igreja que busca alcan\u00e7ar todos os grupos em nossa sociedade sem fazer qualquer distin\u00e7\u00e3o, com as portas abertas para todos os que desejam entrar atrav\u00e9s deles para encontrar algo que transformar\u00e1 suas vidas para sempre.<\/span><\/span><\/p>\n<p><span style=\"font-size:12pt\"><span style=\"font-family:Calibri,sans-serif\">Superintendente Geral Carla Sunberg pregou uma mensagem que desafiou a igreja em Porto Rico a &#8220;escrever uma nova m\u00fasica&#8221; (Salmos 98:1-3) e participar do que Deus far\u00e1 nos pr\u00f3ximos anos na Igreja do Nazareno em Porto Rico.<\/span><\/span><\/p>\n<p><span style=\"font-size:12pt\"><span style=\"font-family:Calibri,sans-serif\">A Igreja do Nazareno come\u00e7ou em 1944 em Porto Rico quando Jos\u00e9 Lebr\u00f3n foi nomeado como superintendente de distrito. Ele come\u00e7ou a estabelecer Igrejas na ilha em 1941, come\u00e7ando com a Primeira Igreja do Nazareno em San Juan. Ele estabeleceu igrejas em San Juan, Ponce, Carolina, Barceloneta e Santurce. As cinco igrejas se tornaram oficialmente organizadas na primeira assembleia de distrito em 1949.<\/span><\/span><\/p>\n<p><span style=\"font-size:12pt\"><span style=\"font-family:Calibri,sans-serif\">Como mission\u00e1rios vieram para a ilha, eles posteriormente assumiram como superintendentes. Harold Hampton, mission\u00e1rio para Porto Rico de 1952 a 1954, era o superintendente que seguiu Lebr\u00f3n. William e Juanita Porter serviram na ilha como mission\u00e1rios de 1954 a 1976. Em 1971, a lideran\u00e7a da Igreja do Nazareno passou para um porto-riquenho nativo com a elei\u00e7\u00e3o de Benjam\u00edn Rom\u00e1n. Em 1980, Porto Rico se tornou um distrito regular de fase 3, e com o crescimento, a igreja criou um segundo distrito em&nbsp;<\/span><\/span><span style=\"font-size:12pt\"><span style=\"font-family:Calibri,sans-serif\">1993. Atualmente, h\u00e1 24 igrejas no Distrito Leste e 27 no Distrito Oeste.<\/span><\/span><\/p>\n<p><em>Igreja da Regi\u00e3o Nazarena Mesoam\u00e9rica<\/em><\/p>\n","protected":false},"excerpt":{"rendered":"<p>A Igreja do Nazareno em Porto Rico celebrou seu &nbsp;75\u00ba anivers\u00e1rio no final de outubro. Mais de 500 pessoas participaram do evento de celebra\u00e7\u00e3o realizado na cidade de Arecibo. Durante o servi\u00e7o de celebra\u00e7\u00e3o, eles mostraram quatro v\u00eddeos que explicaram a hist\u00f3ria da igreja em Porto Rico, como come\u00e7ou, e o que se tornou. Outro [&hellip;]<\/p>\n","protected":false},"author":1,"featured_media":24789,"menu_order":0,"template":"","news-categories":[],"news-region-taxonomy":[],"news-tag":[2071,849],"class_list":["post-51587","news","type-news","status-publish","has-post-thumbnail","hentry","news-tag-porto-rico","news-tag-regiao-mesoamerica"],"yoast_head":"<!-- This site is optimized with the Yoast SEO Premium plugin v27.1 (Yoast SEO v27.1.1) - https:\/\/yoast.com\/product\/yoast-seo-premium-wordpress\/ -->\n<title>Porto Rico celebra 75\u00ba anivers\u00e1rio - Church of the Nazarene<\/title>\n<meta name=\"robots\" content=\"index, follow, max-snippet:-1, max-image-preview:large, max-video-preview:-1\" \/>\n<link rel=\"canonical\" href=\"https:\/\/nazarene.org\/pt-br\/news\/porto-rico-celebra-75o-aniversario\/\" \/>\n<meta property=\"og:locale\" content=\"pt_BR\" \/>\n<meta property=\"og:type\" content=\"article\" \/>\n<meta property=\"og:title\" content=\"Porto Rico celebra 75\u00ba anivers\u00e1rio\" \/>\n<meta property=\"og:description\" content=\"A Igreja do Nazareno em Porto Rico celebrou seu &nbsp;75\u00ba anivers\u00e1rio no final de outubro. Mais de 500 pessoas participaram do evento de celebra\u00e7\u00e3o realizado na cidade de Arecibo. Durante o servi\u00e7o de celebra\u00e7\u00e3o, eles mostraram quatro v\u00eddeos que explicaram a hist\u00f3ria da igreja em Porto Rico, como come\u00e7ou, e o que se tornou. Outro [&hellip;]\" \/>\n<meta property=\"og:url\" content=\"https:\/\/nazarene.org\/pt-br\/news\/porto-rico-celebra-75o-aniversario\/\" \/>\n<meta property=\"og:site_name\" content=\"Church of the Nazarene\" \/>\n<meta property=\"article:publisher\" content=\"https:\/\/www.facebook.com\/NazareneOfficial\/\" \/>\n<meta name=\"twitter:card\" content=\"summary_large_image\" \/>\n<meta name=\"twitter:site\" content=\"@Nazarene\" \/>\n<script type=\"application\/ld+json\" class=\"yoast-schema-graph\">{\"@context\":\"https:\/\/schema.org\",\"@graph\":[{\"@type\":\"WebPage\",\"@id\":\"https:\/\/nazarene.org\/pt-br\/news\/porto-rico-celebra-75o-aniversario\/\",\"url\":\"https:\/\/nazarene.org\/pt-br\/news\/porto-rico-celebra-75o-aniversario\/\",\"name\":\"Porto Rico celebra 75\u00ba anivers\u00e1rio - Church of the Nazarene\",\"isPartOf\":{\"@id\":\"https:\/\/nazarene.org\/pt-br\/#website\"},\"primaryImageOfPage\":{\"@id\":\"https:\/\/nazarene.org\/pt-br\/news\/porto-rico-celebra-75o-aniversario\/#primaryimage\"},\"image\":{\"@id\":\"https:\/\/nazarene.org\/pt-br\/news\/porto-rico-celebra-75o-aniversario\/#primaryimage\"},\"thumbnailUrl\":\"https:\/\/nazarene.org\/wp-content\/uploads\/2025\/02\/PR-Feature.jpg\",\"datePublished\":\"2019-12-13T06:00:00+00:00\",\"breadcrumb\":{\"@id\":\"https:\/\/nazarene.org\/pt-br\/news\/porto-rico-celebra-75o-aniversario\/#breadcrumb\"},\"inLanguage\":\"pt-BR\",\"potentialAction\":[{\"@type\":\"ReadAction\",\"target\":[\"https:\/\/nazarene.org\/pt-br\/news\/porto-rico-celebra-75o-aniversario\/\"]}]},{\"@type\":\"ImageObject\",\"inLanguage\":\"pt-BR\",\"@id\":\"https:\/\/nazarene.org\/pt-br\/news\/porto-rico-celebra-75o-aniversario\/#primaryimage\",\"url\":\"https:\/\/nazarene.org\/wp-content\/uploads\/2025\/02\/PR-Feature.jpg\",\"contentUrl\":\"https:\/\/nazarene.org\/wp-content\/uploads\/2025\/02\/PR-Feature.jpg\",\"width\":750,\"height\":400},{\"@type\":\"BreadcrumbList\",\"@id\":\"https:\/\/nazarene.org\/pt-br\/news\/porto-rico-celebra-75o-aniversario\/#breadcrumb\",\"itemListElement\":[{\"@type\":\"ListItem\",\"position\":1,\"name\":\"Home\",\"item\":\"https:\/\/nazarene.org\/pt-br\/\"},{\"@type\":\"ListItem\",\"position\":2,\"name\":\"News\",\"item\":\"https:\/\/nazarene.org\/pt-br\/news\/\"},{\"@type\":\"ListItem\",\"position\":3,\"name\":\"Porto Rico celebra 75\u00ba anivers\u00e1rio\"}]},{\"@type\":\"WebSite\",\"@id\":\"https:\/\/nazarene.org\/pt-br\/#website\",\"url\":\"https:\/\/nazarene.org\/pt-br\/\",\"name\":\"Church of the Nazarene\",\"description\":\"Making Christlike Disciples in the Nations\",\"publisher\":{\"@id\":\"https:\/\/nazarene.org\/pt-br\/#organization\"},\"potentialAction\":[{\"@type\":\"SearchAction\",\"target\":{\"@type\":\"EntryPoint\",\"urlTemplate\":\"https:\/\/nazarene.org\/pt-br\/?s={search_term_string}\"},\"query-input\":{\"@type\":\"PropertyValueSpecification\",\"valueRequired\":true,\"valueName\":\"search_term_string\"}}],\"inLanguage\":\"pt-BR\"},{\"@type\":\"Organization\",\"@id\":\"https:\/\/nazarene.org\/pt-br\/#organization\",\"name\":\"Church of the Nazarene\",\"url\":\"https:\/\/nazarene.org\/pt-br\/\",\"logo\":{\"@type\":\"ImageObject\",\"inLanguage\":\"pt-BR\",\"@id\":\"https:\/\/nazarene.org\/pt-br\/#\/schema\/logo\/image\/\",\"url\":\"https:\/\/nazarene.org\/wp-content\/uploads\/2024\/06\/Naz_Desktop_Black_Logo-1.svg\",\"contentUrl\":\"https:\/\/nazarene.org\/wp-content\/uploads\/2024\/06\/Naz_Desktop_Black_Logo-1.svg\",\"width\":258,\"height\":36,\"caption\":\"Church of the Nazarene\"},\"image\":{\"@id\":\"https:\/\/nazarene.org\/pt-br\/#\/schema\/logo\/image\/\"},\"sameAs\":[\"https:\/\/www.facebook.com\/NazareneOfficial\/\",\"https:\/\/x.com\/Nazarene\",\"https:\/\/www.instagram.com\/nazareneofficial\/\"]}]}<\/script>\n<!-- \/ Yoast SEO Premium plugin. -->","yoast_head_json":{"title":"Porto Rico celebra 75\u00ba anivers\u00e1rio - Church of the Nazarene","robots":{"index":"index","follow":"follow","max-snippet":"max-snippet:-1","max-image-preview":"max-image-preview:large","max-video-preview":"max-video-preview:-1"},"canonical":"https:\/\/nazarene.org\/pt-br\/news\/porto-rico-celebra-75o-aniversario\/","og_locale":"pt_BR","og_type":"article","og_title":"Porto Rico celebra 75\u00ba anivers\u00e1rio","og_description":"A Igreja do Nazareno em Porto Rico celebrou seu &nbsp;75\u00ba anivers\u00e1rio no final de outubro. Mais de 500 pessoas participaram do evento de celebra\u00e7\u00e3o realizado na cidade de Arecibo. Durante o servi\u00e7o de celebra\u00e7\u00e3o, eles mostraram quatro v\u00eddeos que explicaram a hist\u00f3ria da igreja em Porto Rico, como come\u00e7ou, e o que se tornou. Outro [&hellip;]","og_url":"https:\/\/nazarene.org\/pt-br\/news\/porto-rico-celebra-75o-aniversario\/","og_site_name":"Church of the Nazarene","article_publisher":"https:\/\/www.facebook.com\/NazareneOfficial\/","twitter_card":"summary_large_image","twitter_site":"@Nazarene","schema":{"@context":"https:\/\/schema.org","@graph":[{"@type":"WebPage","@id":"https:\/\/nazarene.org\/pt-br\/news\/porto-rico-celebra-75o-aniversario\/","url":"https:\/\/nazarene.org\/pt-br\/news\/porto-rico-celebra-75o-aniversario\/","name":"Porto Rico celebra 75\u00ba anivers\u00e1rio - Church of the Nazarene","isPartOf":{"@id":"https:\/\/nazarene.org\/pt-br\/#website"},"primaryImageOfPage":{"@id":"https:\/\/nazarene.org\/pt-br\/news\/porto-rico-celebra-75o-aniversario\/#primaryimage"},"image":{"@id":"https:\/\/nazarene.org\/pt-br\/news\/porto-rico-celebra-75o-aniversario\/#primaryimage"},"thumbnailUrl":"https:\/\/nazarene.org\/wp-content\/uploads\/2025\/02\/PR-Feature.jpg","datePublished":"2019-12-13T06:00:00+00:00","breadcrumb":{"@id":"https:\/\/nazarene.org\/pt-br\/news\/porto-rico-celebra-75o-aniversario\/#breadcrumb"},"inLanguage":"pt-BR","potentialAction":[{"@type":"ReadAction","target":["https:\/\/nazarene.org\/pt-br\/news\/porto-rico-celebra-75o-aniversario\/"]}]},{"@type":"ImageObject","inLanguage":"pt-BR","@id":"https:\/\/nazarene.org\/pt-br\/news\/porto-rico-celebra-75o-aniversario\/#primaryimage","url":"https:\/\/nazarene.org\/wp-content\/uploads\/2025\/02\/PR-Feature.jpg","contentUrl":"https:\/\/nazarene.org\/wp-content\/uploads\/2025\/02\/PR-Feature.jpg","width":750,"height":400},{"@type":"BreadcrumbList","@id":"https:\/\/nazarene.org\/pt-br\/news\/porto-rico-celebra-75o-aniversario\/#breadcrumb","itemListElement":[{"@type":"ListItem","position":1,"name":"Home","item":"https:\/\/nazarene.org\/pt-br\/"},{"@type":"ListItem","position":2,"name":"News","item":"https:\/\/nazarene.org\/pt-br\/news\/"},{"@type":"ListItem","position":3,"name":"Porto Rico celebra 75\u00ba anivers\u00e1rio"}]},{"@type":"WebSite","@id":"https:\/\/nazarene.org\/pt-br\/#website","url":"https:\/\/nazarene.org\/pt-br\/","name":"Church of the Nazarene","description":"Making Christlike Disciples in the Nations","publisher":{"@id":"https:\/\/nazarene.org\/pt-br\/#organization"},"potentialAction":[{"@type":"SearchAction","target":{"@type":"EntryPoint","urlTemplate":"https:\/\/nazarene.org\/pt-br\/?s={search_term_string}"},"query-input":{"@type":"PropertyValueSpecification","valueRequired":true,"valueName":"search_term_string"}}],"inLanguage":"pt-BR"},{"@type":"Organization","@id":"https:\/\/nazarene.org\/pt-br\/#organization","name":"Church of the Nazarene","url":"https:\/\/nazarene.org\/pt-br\/","logo":{"@type":"ImageObject","inLanguage":"pt-BR","@id":"https:\/\/nazarene.org\/pt-br\/#\/schema\/logo\/image\/","url":"https:\/\/nazarene.org\/wp-content\/uploads\/2024\/06\/Naz_Desktop_Black_Logo-1.svg","contentUrl":"https:\/\/nazarene.org\/wp-content\/uploads\/2024\/06\/Naz_Desktop_Black_Logo-1.svg","width":258,"height":36,"caption":"Church of the Nazarene"},"image":{"@id":"https:\/\/nazarene.org\/pt-br\/#\/schema\/logo\/image\/"},"sameAs":["https:\/\/www.facebook.com\/NazareneOfficial\/","https:\/\/x.com\/Nazarene","https:\/\/www.instagram.com\/nazareneofficial\/"]}]}},"_links":{"self":[{"href":"https:\/\/nazarene.org\/pt-br\/wp-json\/wp\/v2\/news\/51587","targetHints":{"allow":["GET"]}}],"collection":[{"href":"https:\/\/nazarene.org\/pt-br\/wp-json\/wp\/v2\/news"}],"about":[{"href":"https:\/\/nazarene.org\/pt-br\/wp-json\/wp\/v2\/types\/news"}],"author":[{"embeddable":true,"href":"https:\/\/nazarene.org\/pt-br\/wp-json\/wp\/v2\/users\/1"}],"version-history":[{"count":0,"href":"https:\/\/nazarene.org\/pt-br\/wp-json\/wp\/v2\/news\/51587\/revisions"}],"wp:featuredmedia":[{"embeddable":true,"href":"https:\/\/nazarene.org\/pt-br\/wp-json\/wp\/v2\/media\/24789"}],"wp:attachment":[{"href":"https:\/\/nazarene.org\/pt-br\/wp-json\/wp\/v2\/media?parent=51587"}],"wp:term":[{"taxonomy":"news-categories","embeddable":true,"href":"https:\/\/nazarene.org\/pt-br\/wp-json\/wp\/v2\/news-categories?post=51587"},{"taxonomy":"news-region-taxonomy","embeddable":true,"href":"https:\/\/nazarene.org\/pt-br\/wp-json\/wp\/v2\/news-region-taxonomy?post=51587"},{"taxonomy":"news-tag","embeddable":true,"href":"https:\/\/nazarene.org\/pt-br\/wp-json\/wp\/v2\/news-tag?post=51587"}],"curies":[{"name":"wp","href":"https:\/\/api.w.org\/{rel}","templated":true}]}}