{"id":50981,"date":"2020-01-20T00:00:00","date_gmt":"2020-01-20T06:00:00","guid":{"rendered":"https:\/\/nazarene.org\/news\/forca-tarefa-busca-contribuicao-de-lideres-de-igreja-em-todo-o-mundo\/"},"modified":"2020-01-20T00:00:00","modified_gmt":"2020-01-20T06:00:00","slug":"forca-tarefa-busca-contribuicao-de-lideres-de-igreja-em-todo-o-mundo","status":"publish","type":"news","link":"https:\/\/nazarene.org\/pt-br\/news\/forca-tarefa-busca-contribuicao-de-lideres-de-igreja-em-todo-o-mundo\/","title":{"rendered":"For\u00e7a-tarefa busca contribui\u00e7\u00e3o de l\u00edderes de igreja em todo o mundo"},"content":{"rendered":"<p>Uma for\u00e7a-tarefa nomeada do Conselho Geral busca entrada de lideran\u00e7a da igreja em todo o mundo como avalia os pap\u00e9is futuros de v\u00e1rios minist\u00e9rios no Centro de Minist\u00e9rio Global.<\/p>\n<p>Qualquer pessoa que trabalhe com ou esteja interessada nos minist\u00e9rios de Miss\u00f5es Nazarenas Internacionais (NMI), Juventude Nazarena Internacional (NYI), ou Escola Dominical e Minist\u00e9rios de Discipleship Internacionais (SDMI) \u00e9 convidado a participar de uma pesquisa on-line.<\/p>\n<p>A for\u00e7a-tarefa \u00e9 parte de um plano operacional maior para ajudar o Conselho Geral a encontrar maneiras de ajudar o Centro de Minist\u00e9rio Global a ser mais eficaz.<\/p>\n<p>A pesquisa b\u00e1sica n\u00e3o deve levar mais de 10 minutos.<\/p>\n<p>Para aqueles que podem poupar mais tempo, a pesquisa permite respostas de grava\u00e7\u00e3o adicionais. O comit\u00ea espera esses insights escritos tamb\u00e9m, disse Dwight Gunter, pastor de Nashville Trevecca do Nazareno e presidente da for\u00e7a-tarefa.<br \/>\n&nbsp;<br \/>\nPara participar da pesquisa,&nbsp;<a href=\"http:\/\/secure2.nazarene.org\/survey5\/rws5.pl?FORM=GMCTaskForce\" target=\"_blank\">clique aqui<\/a>.<\/p>\n<p>A for\u00e7a-tarefa \u00e9 carregada de relatar de volta para o GMC este outono, ent\u00e3o tabula\u00e7\u00f5es come\u00e7ar\u00e3o em meados de junho. Respostas mais tarde ainda ser\u00e3o revisadas, mas apenas aquelas recebidas por 17 de junho ser\u00e3o inclu\u00eddas nos relat\u00f3rios oficiais.<\/p>\n<p>Tamb\u00e9m durante as reuni\u00f5es do Conselho Geral de 2011 em Louisville, Kentucky, o Conselho de Superintendentes Gerais abordou a situa\u00e7\u00e3o financeira no GMC e os escrit\u00f3rios regionais de Miss\u00e3o Global e prop\u00f4s um plano de trabalho de tr\u00eas fases para o Conselho Geral.<\/p>\n<p>O plano, que tomou efeito imediatamente, recebeu aprova\u00e7\u00e3o un\u00e2nime em uma sess\u00e3o executiva.<\/p>\n<p>Fase um do plano lida diretamente com o d\u00e9ficit WEF antecipado para o ano fiscal de 2011. O objetivo de lidar com sucesso com esta situa\u00e7\u00e3o no GMC foi atendido com o d\u00e9ficit sendo coberto atrav\u00e9s de fontes financeiras internas e a oferta WEF PLUS. Fase dois \u00e9 uma redu\u00e7\u00e3o de US $ 3,0 milh\u00f5es na base de or\u00e7amento operacional WEF para o ano fiscal de 2012, que come\u00e7a 1 de outubro de 2011. Fase tr\u00eas \u00e9 uma pe\u00e7a mais estrat\u00e9gica, que envolve repensar o GMC e escrit\u00f3rios regionais. A for\u00e7a-tarefa \u00e9 parte desta fase.<\/p>\n<p>Os membros desta for\u00e7a-tarefa, representando v\u00e1rios segmentos da igreja global, s\u00e3o:<\/p>\n<ul>\n<li>Rebeca Alvarado-Ortiz (Regi\u00e3o Mesoam\u00e9rica)<\/li>\n<li>David A. Busic (Regi\u00e3o Central Sul \/ EUA)<\/li>\n<li>D. Ian Fitzpatrick (Regi\u00e3o do Canad\u00e1)<\/li>\n<li>Shionel Blas Azura Gesite (Regi\u00e3o \u00c1sia-Pac\u00edfico)<\/li>\n<li>Dwight M. Gunter II, Presidente (Regi\u00e3o Sudeste \/ EUA)<\/li>\n<li>Daniel J. Martin (Regi\u00e3o Central Leste \/ EUA)<\/li>\n<li>Daniel Spaite (Regi\u00e3o Sudoeste \/ EUA)<\/li>\n<li>Paul D. Tarrant (Regi\u00e3o Eur\u00e1sia)<\/li>\n<li>J. K. Warrick, Presidente do Conselho de Superintendentes Gerais<\/li>\n<li>Kerry W. Willis (Regi\u00e3o Leste \/ EUA)<\/li>\n<\/ul>\n<p>&nbsp;<\/p>\n","protected":false},"excerpt":{"rendered":"<p>Uma for\u00e7a-tarefa nomeada do Conselho Geral busca entrada de lideran\u00e7a da igreja em todo o mundo como avalia os pap\u00e9is futuros de v\u00e1rios minist\u00e9rios no Centro de Minist\u00e9rio Global. Qualquer pessoa que trabalhe com ou esteja interessada nos minist\u00e9rios de Miss\u00f5es Nazarenas Internacionais (NMI), Juventude Nazarena Internacional (NYI), ou Escola Dominical e Minist\u00e9rios de Discipleship [&hellip;]<\/p>\n","protected":false},"author":1,"featured_media":25357,"menu_order":0,"template":"","news-categories":[],"news-region-taxonomy":[],"news-tag":[762,2283],"class_list":["post-50981","news","type-news","status-publish","has-post-thumbnail","hentry","news-tag-eua-canada","news-tag-gmc-pt-br"],"yoast_head":"<!-- This site is optimized with the Yoast SEO Premium plugin v27.1 (Yoast SEO v27.1.1) - https:\/\/yoast.com\/product\/yoast-seo-premium-wordpress\/ -->\n<title>For\u00e7a-tarefa busca contribui\u00e7\u00e3o de l\u00edderes de igreja em todo o mundo - Church of the Nazarene<\/title>\n<meta name=\"robots\" content=\"index, follow, max-snippet:-1, max-image-preview:large, max-video-preview:-1\" \/>\n<link rel=\"canonical\" href=\"https:\/\/nazarene.org\/pt-br\/news\/forca-tarefa-busca-contribuicao-de-lideres-de-igreja-em-todo-o-mundo\/\" \/>\n<meta property=\"og:locale\" content=\"pt_BR\" \/>\n<meta property=\"og:type\" content=\"article\" \/>\n<meta property=\"og:title\" content=\"For\u00e7a-tarefa busca contribui\u00e7\u00e3o de l\u00edderes de igreja em todo o mundo\" \/>\n<meta property=\"og:description\" content=\"Uma for\u00e7a-tarefa nomeada do Conselho Geral busca entrada de lideran\u00e7a da igreja em todo o mundo como avalia os pap\u00e9is futuros de v\u00e1rios minist\u00e9rios no Centro de Minist\u00e9rio Global. Qualquer pessoa que trabalhe com ou esteja interessada nos minist\u00e9rios de Miss\u00f5es Nazarenas Internacionais (NMI), Juventude Nazarena Internacional (NYI), ou Escola Dominical e Minist\u00e9rios de Discipleship [&hellip;]\" \/>\n<meta property=\"og:url\" content=\"https:\/\/nazarene.org\/pt-br\/news\/forca-tarefa-busca-contribuicao-de-lideres-de-igreja-em-todo-o-mundo\/\" \/>\n<meta property=\"og:site_name\" content=\"Church of the Nazarene\" \/>\n<meta property=\"article:publisher\" content=\"https:\/\/www.facebook.com\/NazareneOfficial\/\" \/>\n<meta name=\"twitter:card\" content=\"summary_large_image\" \/>\n<meta name=\"twitter:site\" content=\"@Nazarene\" \/>\n<script type=\"application\/ld+json\" class=\"yoast-schema-graph\">{\"@context\":\"https:\/\/schema.org\",\"@graph\":[{\"@type\":\"WebPage\",\"@id\":\"https:\/\/nazarene.org\/pt-br\/news\/forca-tarefa-busca-contribuicao-de-lideres-de-igreja-em-todo-o-mundo\/\",\"url\":\"https:\/\/nazarene.org\/pt-br\/news\/forca-tarefa-busca-contribuicao-de-lideres-de-igreja-em-todo-o-mundo\/\",\"name\":\"For\u00e7a-tarefa busca contribui\u00e7\u00e3o de l\u00edderes de igreja em todo o mundo - Church of the Nazarene\",\"isPartOf\":{\"@id\":\"https:\/\/nazarene.org\/pt-br\/#website\"},\"primaryImageOfPage\":{\"@id\":\"https:\/\/nazarene.org\/pt-br\/news\/forca-tarefa-busca-contribuicao-de-lideres-de-igreja-em-todo-o-mundo\/#primaryimage\"},\"image\":{\"@id\":\"https:\/\/nazarene.org\/pt-br\/news\/forca-tarefa-busca-contribuicao-de-lideres-de-igreja-em-todo-o-mundo\/#primaryimage\"},\"thumbnailUrl\":\"https:\/\/nazarene.org\/wp-content\/uploads\/2025\/02\/gmcfront-1.jpg\",\"datePublished\":\"2020-01-20T06:00:00+00:00\",\"breadcrumb\":{\"@id\":\"https:\/\/nazarene.org\/pt-br\/news\/forca-tarefa-busca-contribuicao-de-lideres-de-igreja-em-todo-o-mundo\/#breadcrumb\"},\"inLanguage\":\"pt-BR\",\"potentialAction\":[{\"@type\":\"ReadAction\",\"target\":[\"https:\/\/nazarene.org\/pt-br\/news\/forca-tarefa-busca-contribuicao-de-lideres-de-igreja-em-todo-o-mundo\/\"]}]},{\"@type\":\"ImageObject\",\"inLanguage\":\"pt-BR\",\"@id\":\"https:\/\/nazarene.org\/pt-br\/news\/forca-tarefa-busca-contribuicao-de-lideres-de-igreja-em-todo-o-mundo\/#primaryimage\",\"url\":\"https:\/\/nazarene.org\/wp-content\/uploads\/2025\/02\/gmcfront-1.jpg\",\"contentUrl\":\"https:\/\/nazarene.org\/wp-content\/uploads\/2025\/02\/gmcfront-1.jpg\",\"width\":480,\"height\":360},{\"@type\":\"BreadcrumbList\",\"@id\":\"https:\/\/nazarene.org\/pt-br\/news\/forca-tarefa-busca-contribuicao-de-lideres-de-igreja-em-todo-o-mundo\/#breadcrumb\",\"itemListElement\":[{\"@type\":\"ListItem\",\"position\":1,\"name\":\"Home\",\"item\":\"https:\/\/nazarene.org\/pt-br\/casa\/\"},{\"@type\":\"ListItem\",\"position\":2,\"name\":\"News\",\"item\":\"https:\/\/nazarene.org\/pt-br\/news\/\"},{\"@type\":\"ListItem\",\"position\":3,\"name\":\"For\u00e7a-tarefa busca contribui\u00e7\u00e3o de l\u00edderes de igreja em todo o mundo\"}]},{\"@type\":\"WebSite\",\"@id\":\"https:\/\/nazarene.org\/pt-br\/#website\",\"url\":\"https:\/\/nazarene.org\/pt-br\/\",\"name\":\"Church of the Nazarene\",\"description\":\"Making Christlike Disciples in the Nations\",\"publisher\":{\"@id\":\"https:\/\/nazarene.org\/pt-br\/#organization\"},\"potentialAction\":[{\"@type\":\"SearchAction\",\"target\":{\"@type\":\"EntryPoint\",\"urlTemplate\":\"https:\/\/nazarene.org\/pt-br\/?s={search_term_string}\"},\"query-input\":{\"@type\":\"PropertyValueSpecification\",\"valueRequired\":true,\"valueName\":\"search_term_string\"}}],\"inLanguage\":\"pt-BR\"},{\"@type\":\"Organization\",\"@id\":\"https:\/\/nazarene.org\/pt-br\/#organization\",\"name\":\"Church of the Nazarene\",\"url\":\"https:\/\/nazarene.org\/pt-br\/\",\"logo\":{\"@type\":\"ImageObject\",\"inLanguage\":\"pt-BR\",\"@id\":\"https:\/\/nazarene.org\/pt-br\/#\/schema\/logo\/image\/\",\"url\":\"https:\/\/nazarene.org\/wp-content\/uploads\/2024\/06\/Naz_Desktop_Black_Logo-1.svg\",\"contentUrl\":\"https:\/\/nazarene.org\/wp-content\/uploads\/2024\/06\/Naz_Desktop_Black_Logo-1.svg\",\"width\":258,\"height\":36,\"caption\":\"Church of the Nazarene\"},\"image\":{\"@id\":\"https:\/\/nazarene.org\/pt-br\/#\/schema\/logo\/image\/\"},\"sameAs\":[\"https:\/\/www.facebook.com\/NazareneOfficial\/\",\"https:\/\/x.com\/Nazarene\",\"https:\/\/www.instagram.com\/nazareneofficial\/\"]}]}<\/script>\n<!-- \/ Yoast SEO Premium plugin. -->","yoast_head_json":{"title":"For\u00e7a-tarefa busca contribui\u00e7\u00e3o de l\u00edderes de igreja em todo o mundo - Church of the Nazarene","robots":{"index":"index","follow":"follow","max-snippet":"max-snippet:-1","max-image-preview":"max-image-preview:large","max-video-preview":"max-video-preview:-1"},"canonical":"https:\/\/nazarene.org\/pt-br\/news\/forca-tarefa-busca-contribuicao-de-lideres-de-igreja-em-todo-o-mundo\/","og_locale":"pt_BR","og_type":"article","og_title":"For\u00e7a-tarefa busca contribui\u00e7\u00e3o de l\u00edderes de igreja em todo o mundo","og_description":"Uma for\u00e7a-tarefa nomeada do Conselho Geral busca entrada de lideran\u00e7a da igreja em todo o mundo como avalia os pap\u00e9is futuros de v\u00e1rios minist\u00e9rios no Centro de Minist\u00e9rio Global. Qualquer pessoa que trabalhe com ou esteja interessada nos minist\u00e9rios de Miss\u00f5es Nazarenas Internacionais (NMI), Juventude Nazarena Internacional (NYI), ou Escola Dominical e Minist\u00e9rios de Discipleship [&hellip;]","og_url":"https:\/\/nazarene.org\/pt-br\/news\/forca-tarefa-busca-contribuicao-de-lideres-de-igreja-em-todo-o-mundo\/","og_site_name":"Church of the Nazarene","article_publisher":"https:\/\/www.facebook.com\/NazareneOfficial\/","twitter_card":"summary_large_image","twitter_site":"@Nazarene","schema":{"@context":"https:\/\/schema.org","@graph":[{"@type":"WebPage","@id":"https:\/\/nazarene.org\/pt-br\/news\/forca-tarefa-busca-contribuicao-de-lideres-de-igreja-em-todo-o-mundo\/","url":"https:\/\/nazarene.org\/pt-br\/news\/forca-tarefa-busca-contribuicao-de-lideres-de-igreja-em-todo-o-mundo\/","name":"For\u00e7a-tarefa busca contribui\u00e7\u00e3o de l\u00edderes de igreja em todo o mundo - Church of the Nazarene","isPartOf":{"@id":"https:\/\/nazarene.org\/pt-br\/#website"},"primaryImageOfPage":{"@id":"https:\/\/nazarene.org\/pt-br\/news\/forca-tarefa-busca-contribuicao-de-lideres-de-igreja-em-todo-o-mundo\/#primaryimage"},"image":{"@id":"https:\/\/nazarene.org\/pt-br\/news\/forca-tarefa-busca-contribuicao-de-lideres-de-igreja-em-todo-o-mundo\/#primaryimage"},"thumbnailUrl":"https:\/\/nazarene.org\/wp-content\/uploads\/2025\/02\/gmcfront-1.jpg","datePublished":"2020-01-20T06:00:00+00:00","breadcrumb":{"@id":"https:\/\/nazarene.org\/pt-br\/news\/forca-tarefa-busca-contribuicao-de-lideres-de-igreja-em-todo-o-mundo\/#breadcrumb"},"inLanguage":"pt-BR","potentialAction":[{"@type":"ReadAction","target":["https:\/\/nazarene.org\/pt-br\/news\/forca-tarefa-busca-contribuicao-de-lideres-de-igreja-em-todo-o-mundo\/"]}]},{"@type":"ImageObject","inLanguage":"pt-BR","@id":"https:\/\/nazarene.org\/pt-br\/news\/forca-tarefa-busca-contribuicao-de-lideres-de-igreja-em-todo-o-mundo\/#primaryimage","url":"https:\/\/nazarene.org\/wp-content\/uploads\/2025\/02\/gmcfront-1.jpg","contentUrl":"https:\/\/nazarene.org\/wp-content\/uploads\/2025\/02\/gmcfront-1.jpg","width":480,"height":360},{"@type":"BreadcrumbList","@id":"https:\/\/nazarene.org\/pt-br\/news\/forca-tarefa-busca-contribuicao-de-lideres-de-igreja-em-todo-o-mundo\/#breadcrumb","itemListElement":[{"@type":"ListItem","position":1,"name":"Home","item":"https:\/\/nazarene.org\/pt-br\/casa\/"},{"@type":"ListItem","position":2,"name":"News","item":"https:\/\/nazarene.org\/pt-br\/news\/"},{"@type":"ListItem","position":3,"name":"For\u00e7a-tarefa busca contribui\u00e7\u00e3o de l\u00edderes de igreja em todo o mundo"}]},{"@type":"WebSite","@id":"https:\/\/nazarene.org\/pt-br\/#website","url":"https:\/\/nazarene.org\/pt-br\/","name":"Church of the Nazarene","description":"Making Christlike Disciples in the Nations","publisher":{"@id":"https:\/\/nazarene.org\/pt-br\/#organization"},"potentialAction":[{"@type":"SearchAction","target":{"@type":"EntryPoint","urlTemplate":"https:\/\/nazarene.org\/pt-br\/?s={search_term_string}"},"query-input":{"@type":"PropertyValueSpecification","valueRequired":true,"valueName":"search_term_string"}}],"inLanguage":"pt-BR"},{"@type":"Organization","@id":"https:\/\/nazarene.org\/pt-br\/#organization","name":"Church of the Nazarene","url":"https:\/\/nazarene.org\/pt-br\/","logo":{"@type":"ImageObject","inLanguage":"pt-BR","@id":"https:\/\/nazarene.org\/pt-br\/#\/schema\/logo\/image\/","url":"https:\/\/nazarene.org\/wp-content\/uploads\/2024\/06\/Naz_Desktop_Black_Logo-1.svg","contentUrl":"https:\/\/nazarene.org\/wp-content\/uploads\/2024\/06\/Naz_Desktop_Black_Logo-1.svg","width":258,"height":36,"caption":"Church of the Nazarene"},"image":{"@id":"https:\/\/nazarene.org\/pt-br\/#\/schema\/logo\/image\/"},"sameAs":["https:\/\/www.facebook.com\/NazareneOfficial\/","https:\/\/x.com\/Nazarene","https:\/\/www.instagram.com\/nazareneofficial\/"]}]}},"_links":{"self":[{"href":"https:\/\/nazarene.org\/pt-br\/wp-json\/wp\/v2\/news\/50981","targetHints":{"allow":["GET"]}}],"collection":[{"href":"https:\/\/nazarene.org\/pt-br\/wp-json\/wp\/v2\/news"}],"about":[{"href":"https:\/\/nazarene.org\/pt-br\/wp-json\/wp\/v2\/types\/news"}],"author":[{"embeddable":true,"href":"https:\/\/nazarene.org\/pt-br\/wp-json\/wp\/v2\/users\/1"}],"version-history":[{"count":0,"href":"https:\/\/nazarene.org\/pt-br\/wp-json\/wp\/v2\/news\/50981\/revisions"}],"wp:featuredmedia":[{"embeddable":true,"href":"https:\/\/nazarene.org\/pt-br\/wp-json\/wp\/v2\/media\/25357"}],"wp:attachment":[{"href":"https:\/\/nazarene.org\/pt-br\/wp-json\/wp\/v2\/media?parent=50981"}],"wp:term":[{"taxonomy":"news-categories","embeddable":true,"href":"https:\/\/nazarene.org\/pt-br\/wp-json\/wp\/v2\/news-categories?post=50981"},{"taxonomy":"news-region-taxonomy","embeddable":true,"href":"https:\/\/nazarene.org\/pt-br\/wp-json\/wp\/v2\/news-region-taxonomy?post=50981"},{"taxonomy":"news-tag","embeddable":true,"href":"https:\/\/nazarene.org\/pt-br\/wp-json\/wp\/v2\/news-tag?post=50981"}],"curies":[{"name":"wp","href":"https:\/\/api.w.org\/{rel}","templated":true}]}}