{"id":50856,"date":"2020-02-20T00:00:00","date_gmt":"2020-02-20T06:00:00","guid":{"rendered":"https:\/\/nazarene.org\/news\/acampamento-de-missoes-em-porto-rico-desafios-participantes\/"},"modified":"2020-02-20T00:00:00","modified_gmt":"2020-02-20T06:00:00","slug":"acampamento-de-missoes-em-porto-rico-desafios-participantes","status":"publish","type":"news","link":"https:\/\/nazarene.org\/pt-br\/news\/acampamento-de-missoes-em-porto-rico-desafios-participantes\/","title":{"rendered":"Acampamento de miss\u00f5es em Porto Rico desafios participantes"},"content":{"rendered":"<p>A Igreja do Nazareno em Porto Rico sediou recentemente um acampamento de orienta\u00e7\u00e3o de miss\u00f5es para 22 participantes entre as idades de 17 e 65, representando oito igrejas nos dois distritos do pa\u00eds.&nbsp;<\/p>\n<p>O evento foi realizado de 10 a 12 de janeiro e foi organizado por l\u00edderes de Porto Rico, Rep\u00fablica Dominicana, Guatemala e os Estados Unidos.<\/p>\n<p>A f\u00e9 dos organizadores e os participantes foi colocada no teste&#8221;, disse Javier Otero, um membro de miss\u00f5es globais Leste de Porto Rico. Tr\u00eas dias antes do evento, Porto Rico foi atingido por um terremoto de magnitude 6,4, deixando milhares de desabrigados.<\/p>\n<p>Otero tamb\u00e9m disse que a ilha estava sem eletricidade e servi\u00e7o de \u00e1gua. Mesmo assim, o evento ocorreu sem nenhum problema.<\/p>\n<p>Era um tempo de aprendizagem atrav\u00e9s de oficinas e a Palavra de Deus. Participante Frances Medero disse, &#8220;Eu poderia abrir meus olhos para muitas possibilidades e oportunidades que Deus tem para mim&#8221;.<\/p>\n<p>Tr\u00eas pastores s\u00eaniores testemunharam sobre a import\u00e2ncia do envolvimento do corpo pastoral em miss\u00f5es. Quinze pessoas tinham uma entrevista e tempo de orienta\u00e7\u00e3o para o desenvolvimento de oportunidades de miss\u00f5es existentes.<\/p>\n<p>O ethos de Miss\u00f5es Nazarenas influenciou a programa\u00e7\u00e3o deste evento&#8221;, disse Pastor Jorge Ortiz, outro participante do evento. Eles continuaram me surpreendendo. Como um pastor, eu me senti extremamente honrado por pertencer a este movimento. Todo Nazareno deve viver a experi\u00eancia de orienta\u00e7\u00e3o mission\u00e1ria.&nbsp;<\/p>\n<p>&nbsp;<\/p>\n","protected":false},"excerpt":{"rendered":"<p>A Igreja do Nazareno em Porto Rico sediou recentemente um acampamento de orienta\u00e7\u00e3o de miss\u00f5es para 22 participantes entre as idades de 17 e 65, representando oito igrejas nos dois distritos do pa\u00eds.&nbsp; O evento foi realizado de 10 a 12 de janeiro e foi organizado por l\u00edderes de Porto Rico, Rep\u00fablica Dominicana, Guatemala e [&hellip;]<\/p>\n","protected":false},"author":1,"featured_media":25513,"menu_order":0,"template":"","news-categories":[],"news-region-taxonomy":[],"news-tag":[837,2071,849],"class_list":["post-50856","news","type-news","status-publish","has-post-thumbnail","hentry","news-tag-missoes","news-tag-porto-rico","news-tag-regiao-mesoamerica"],"yoast_head":"<!-- This site is optimized with the Yoast SEO Premium plugin v27.1 (Yoast SEO v27.1.1) - https:\/\/yoast.com\/product\/yoast-seo-premium-wordpress\/ -->\n<title>Acampamento de miss\u00f5es em Porto Rico desafios participantes - Church of the Nazarene<\/title>\n<meta name=\"robots\" content=\"index, follow, max-snippet:-1, max-image-preview:large, max-video-preview:-1\" \/>\n<link rel=\"canonical\" href=\"https:\/\/nazarene.org\/pt-br\/news\/acampamento-de-missoes-em-porto-rico-desafios-participantes\/\" \/>\n<meta property=\"og:locale\" content=\"pt_BR\" \/>\n<meta property=\"og:type\" content=\"article\" \/>\n<meta property=\"og:title\" content=\"Acampamento de miss\u00f5es em Porto Rico desafios participantes\" \/>\n<meta property=\"og:description\" content=\"A Igreja do Nazareno em Porto Rico sediou recentemente um acampamento de orienta\u00e7\u00e3o de miss\u00f5es para 22 participantes entre as idades de 17 e 65, representando oito igrejas nos dois distritos do pa\u00eds.&nbsp; O evento foi realizado de 10 a 12 de janeiro e foi organizado por l\u00edderes de Porto Rico, Rep\u00fablica Dominicana, Guatemala e [&hellip;]\" \/>\n<meta property=\"og:url\" content=\"https:\/\/nazarene.org\/pt-br\/news\/acampamento-de-missoes-em-porto-rico-desafios-participantes\/\" \/>\n<meta property=\"og:site_name\" content=\"Church of the Nazarene\" \/>\n<meta property=\"article:publisher\" content=\"https:\/\/www.facebook.com\/NazareneOfficial\/\" \/>\n<meta name=\"twitter:card\" content=\"summary_large_image\" \/>\n<meta name=\"twitter:site\" content=\"@Nazarene\" \/>\n<script type=\"application\/ld+json\" class=\"yoast-schema-graph\">{\"@context\":\"https:\/\/schema.org\",\"@graph\":[{\"@type\":\"WebPage\",\"@id\":\"https:\/\/nazarene.org\/pt-br\/news\/acampamento-de-missoes-em-porto-rico-desafios-participantes\/\",\"url\":\"https:\/\/nazarene.org\/pt-br\/news\/acampamento-de-missoes-em-porto-rico-desafios-participantes\/\",\"name\":\"Acampamento de miss\u00f5es em Porto Rico desafios participantes - Church of the Nazarene\",\"isPartOf\":{\"@id\":\"https:\/\/nazarene.org\/pt-br\/#website\"},\"primaryImageOfPage\":{\"@id\":\"https:\/\/nazarene.org\/pt-br\/news\/acampamento-de-missoes-em-porto-rico-desafios-participantes\/#primaryimage\"},\"image\":{\"@id\":\"https:\/\/nazarene.org\/pt-br\/news\/acampamento-de-missoes-em-porto-rico-desafios-participantes\/#primaryimage\"},\"thumbnailUrl\":\"https:\/\/nazarene.org\/wp-content\/uploads\/2025\/02\/Puerto-Rico-.jpg\",\"datePublished\":\"2020-02-20T06:00:00+00:00\",\"breadcrumb\":{\"@id\":\"https:\/\/nazarene.org\/pt-br\/news\/acampamento-de-missoes-em-porto-rico-desafios-participantes\/#breadcrumb\"},\"inLanguage\":\"pt-BR\",\"potentialAction\":[{\"@type\":\"ReadAction\",\"target\":[\"https:\/\/nazarene.org\/pt-br\/news\/acampamento-de-missoes-em-porto-rico-desafios-participantes\/\"]}]},{\"@type\":\"ImageObject\",\"inLanguage\":\"pt-BR\",\"@id\":\"https:\/\/nazarene.org\/pt-br\/news\/acampamento-de-missoes-em-porto-rico-desafios-participantes\/#primaryimage\",\"url\":\"https:\/\/nazarene.org\/wp-content\/uploads\/2025\/02\/Puerto-Rico-.jpg\",\"contentUrl\":\"https:\/\/nazarene.org\/wp-content\/uploads\/2025\/02\/Puerto-Rico-.jpg\",\"width\":750,\"height\":400},{\"@type\":\"BreadcrumbList\",\"@id\":\"https:\/\/nazarene.org\/pt-br\/news\/acampamento-de-missoes-em-porto-rico-desafios-participantes\/#breadcrumb\",\"itemListElement\":[{\"@type\":\"ListItem\",\"position\":1,\"name\":\"Home\",\"item\":\"https:\/\/nazarene.org\/pt-br\/\"},{\"@type\":\"ListItem\",\"position\":2,\"name\":\"News\",\"item\":\"https:\/\/nazarene.org\/pt-br\/news\/\"},{\"@type\":\"ListItem\",\"position\":3,\"name\":\"Acampamento de miss\u00f5es em Porto Rico desafios participantes\"}]},{\"@type\":\"WebSite\",\"@id\":\"https:\/\/nazarene.org\/pt-br\/#website\",\"url\":\"https:\/\/nazarene.org\/pt-br\/\",\"name\":\"Church of the Nazarene\",\"description\":\"Making Christlike Disciples in the Nations\",\"publisher\":{\"@id\":\"https:\/\/nazarene.org\/pt-br\/#organization\"},\"potentialAction\":[{\"@type\":\"SearchAction\",\"target\":{\"@type\":\"EntryPoint\",\"urlTemplate\":\"https:\/\/nazarene.org\/pt-br\/?s={search_term_string}\"},\"query-input\":{\"@type\":\"PropertyValueSpecification\",\"valueRequired\":true,\"valueName\":\"search_term_string\"}}],\"inLanguage\":\"pt-BR\"},{\"@type\":\"Organization\",\"@id\":\"https:\/\/nazarene.org\/pt-br\/#organization\",\"name\":\"Church of the Nazarene\",\"url\":\"https:\/\/nazarene.org\/pt-br\/\",\"logo\":{\"@type\":\"ImageObject\",\"inLanguage\":\"pt-BR\",\"@id\":\"https:\/\/nazarene.org\/pt-br\/#\/schema\/logo\/image\/\",\"url\":\"https:\/\/nazarene.org\/wp-content\/uploads\/2024\/06\/Naz_Desktop_Black_Logo-1.svg\",\"contentUrl\":\"https:\/\/nazarene.org\/wp-content\/uploads\/2024\/06\/Naz_Desktop_Black_Logo-1.svg\",\"width\":258,\"height\":36,\"caption\":\"Church of the Nazarene\"},\"image\":{\"@id\":\"https:\/\/nazarene.org\/pt-br\/#\/schema\/logo\/image\/\"},\"sameAs\":[\"https:\/\/www.facebook.com\/NazareneOfficial\/\",\"https:\/\/x.com\/Nazarene\",\"https:\/\/www.instagram.com\/nazareneofficial\/\"]}]}<\/script>\n<!-- \/ Yoast SEO Premium plugin. -->","yoast_head_json":{"title":"Acampamento de miss\u00f5es em Porto Rico desafios participantes - Church of the Nazarene","robots":{"index":"index","follow":"follow","max-snippet":"max-snippet:-1","max-image-preview":"max-image-preview:large","max-video-preview":"max-video-preview:-1"},"canonical":"https:\/\/nazarene.org\/pt-br\/news\/acampamento-de-missoes-em-porto-rico-desafios-participantes\/","og_locale":"pt_BR","og_type":"article","og_title":"Acampamento de miss\u00f5es em Porto Rico desafios participantes","og_description":"A Igreja do Nazareno em Porto Rico sediou recentemente um acampamento de orienta\u00e7\u00e3o de miss\u00f5es para 22 participantes entre as idades de 17 e 65, representando oito igrejas nos dois distritos do pa\u00eds.&nbsp; O evento foi realizado de 10 a 12 de janeiro e foi organizado por l\u00edderes de Porto Rico, Rep\u00fablica Dominicana, Guatemala e [&hellip;]","og_url":"https:\/\/nazarene.org\/pt-br\/news\/acampamento-de-missoes-em-porto-rico-desafios-participantes\/","og_site_name":"Church of the Nazarene","article_publisher":"https:\/\/www.facebook.com\/NazareneOfficial\/","twitter_card":"summary_large_image","twitter_site":"@Nazarene","schema":{"@context":"https:\/\/schema.org","@graph":[{"@type":"WebPage","@id":"https:\/\/nazarene.org\/pt-br\/news\/acampamento-de-missoes-em-porto-rico-desafios-participantes\/","url":"https:\/\/nazarene.org\/pt-br\/news\/acampamento-de-missoes-em-porto-rico-desafios-participantes\/","name":"Acampamento de miss\u00f5es em Porto Rico desafios participantes - Church of the Nazarene","isPartOf":{"@id":"https:\/\/nazarene.org\/pt-br\/#website"},"primaryImageOfPage":{"@id":"https:\/\/nazarene.org\/pt-br\/news\/acampamento-de-missoes-em-porto-rico-desafios-participantes\/#primaryimage"},"image":{"@id":"https:\/\/nazarene.org\/pt-br\/news\/acampamento-de-missoes-em-porto-rico-desafios-participantes\/#primaryimage"},"thumbnailUrl":"https:\/\/nazarene.org\/wp-content\/uploads\/2025\/02\/Puerto-Rico-.jpg","datePublished":"2020-02-20T06:00:00+00:00","breadcrumb":{"@id":"https:\/\/nazarene.org\/pt-br\/news\/acampamento-de-missoes-em-porto-rico-desafios-participantes\/#breadcrumb"},"inLanguage":"pt-BR","potentialAction":[{"@type":"ReadAction","target":["https:\/\/nazarene.org\/pt-br\/news\/acampamento-de-missoes-em-porto-rico-desafios-participantes\/"]}]},{"@type":"ImageObject","inLanguage":"pt-BR","@id":"https:\/\/nazarene.org\/pt-br\/news\/acampamento-de-missoes-em-porto-rico-desafios-participantes\/#primaryimage","url":"https:\/\/nazarene.org\/wp-content\/uploads\/2025\/02\/Puerto-Rico-.jpg","contentUrl":"https:\/\/nazarene.org\/wp-content\/uploads\/2025\/02\/Puerto-Rico-.jpg","width":750,"height":400},{"@type":"BreadcrumbList","@id":"https:\/\/nazarene.org\/pt-br\/news\/acampamento-de-missoes-em-porto-rico-desafios-participantes\/#breadcrumb","itemListElement":[{"@type":"ListItem","position":1,"name":"Home","item":"https:\/\/nazarene.org\/pt-br\/"},{"@type":"ListItem","position":2,"name":"News","item":"https:\/\/nazarene.org\/pt-br\/news\/"},{"@type":"ListItem","position":3,"name":"Acampamento de miss\u00f5es em Porto Rico desafios participantes"}]},{"@type":"WebSite","@id":"https:\/\/nazarene.org\/pt-br\/#website","url":"https:\/\/nazarene.org\/pt-br\/","name":"Church of the Nazarene","description":"Making Christlike Disciples in the Nations","publisher":{"@id":"https:\/\/nazarene.org\/pt-br\/#organization"},"potentialAction":[{"@type":"SearchAction","target":{"@type":"EntryPoint","urlTemplate":"https:\/\/nazarene.org\/pt-br\/?s={search_term_string}"},"query-input":{"@type":"PropertyValueSpecification","valueRequired":true,"valueName":"search_term_string"}}],"inLanguage":"pt-BR"},{"@type":"Organization","@id":"https:\/\/nazarene.org\/pt-br\/#organization","name":"Church of the Nazarene","url":"https:\/\/nazarene.org\/pt-br\/","logo":{"@type":"ImageObject","inLanguage":"pt-BR","@id":"https:\/\/nazarene.org\/pt-br\/#\/schema\/logo\/image\/","url":"https:\/\/nazarene.org\/wp-content\/uploads\/2024\/06\/Naz_Desktop_Black_Logo-1.svg","contentUrl":"https:\/\/nazarene.org\/wp-content\/uploads\/2024\/06\/Naz_Desktop_Black_Logo-1.svg","width":258,"height":36,"caption":"Church of the Nazarene"},"image":{"@id":"https:\/\/nazarene.org\/pt-br\/#\/schema\/logo\/image\/"},"sameAs":["https:\/\/www.facebook.com\/NazareneOfficial\/","https:\/\/x.com\/Nazarene","https:\/\/www.instagram.com\/nazareneofficial\/"]}]}},"_links":{"self":[{"href":"https:\/\/nazarene.org\/pt-br\/wp-json\/wp\/v2\/news\/50856","targetHints":{"allow":["GET"]}}],"collection":[{"href":"https:\/\/nazarene.org\/pt-br\/wp-json\/wp\/v2\/news"}],"about":[{"href":"https:\/\/nazarene.org\/pt-br\/wp-json\/wp\/v2\/types\/news"}],"author":[{"embeddable":true,"href":"https:\/\/nazarene.org\/pt-br\/wp-json\/wp\/v2\/users\/1"}],"version-history":[{"count":0,"href":"https:\/\/nazarene.org\/pt-br\/wp-json\/wp\/v2\/news\/50856\/revisions"}],"wp:featuredmedia":[{"embeddable":true,"href":"https:\/\/nazarene.org\/pt-br\/wp-json\/wp\/v2\/media\/25513"}],"wp:attachment":[{"href":"https:\/\/nazarene.org\/pt-br\/wp-json\/wp\/v2\/media?parent=50856"}],"wp:term":[{"taxonomy":"news-categories","embeddable":true,"href":"https:\/\/nazarene.org\/pt-br\/wp-json\/wp\/v2\/news-categories?post=50856"},{"taxonomy":"news-region-taxonomy","embeddable":true,"href":"https:\/\/nazarene.org\/pt-br\/wp-json\/wp\/v2\/news-region-taxonomy?post=50856"},{"taxonomy":"news-tag","embeddable":true,"href":"https:\/\/nazarene.org\/pt-br\/wp-json\/wp\/v2\/news-tag?post=50856"}],"curies":[{"name":"wp","href":"https:\/\/api.w.org\/{rel}","templated":true}]}}