{"id":50431,"date":"2020-04-30T00:00:00","date_gmt":"2020-04-30T05:00:00","guid":{"rendered":"https:\/\/nazarene.org\/news\/igrejas-mexico-unem-forcas-para-ajudar-os-mais-vulneraveis-da-comunidade\/"},"modified":"2020-04-30T00:00:00","modified_gmt":"2020-04-30T05:00:00","slug":"igrejas-mexico-unem-forcas-para-ajudar-os-mais-vulneraveis-da-comunidade","status":"publish","type":"news","link":"https:\/\/nazarene.org\/pt-br\/news\/igrejas-mexico-unem-forcas-para-ajudar-os-mais-vulneraveis-da-comunidade\/","title":{"rendered":"Igrejas M\u00e9xico unem for\u00e7as para ajudar os mais vulner\u00e1veis da comunidade"},"content":{"rendered":"<p>Churches no Distrito Olmec do M\u00e9xico est\u00e3o se unindo atrav\u00e9s do projeto &#8220;Mesa Evangel\u00edstica&#8221; para fornecer \u00e0 comunidade com produtos essenciais, aconselhamento e ora\u00e7\u00e3o.<\/p>\n<p>O projeto come\u00e7ou em 5 de abril e consiste em definir uma tabela fora dos templos ou casas dos membros com itens essenciais para compartilhar com aqueles que mais em necessidade. Cada tabela funciona como uma esta\u00e7\u00e3o que tamb\u00e9m conecta pessoas a aconselhamento e ora\u00e7\u00e3o. A tabela tem uma caixa onde as pessoas podem colocar suas necessidades de ora\u00e7\u00e3o tamb\u00e9m.<\/p>\n<p>Est\u00e1vamos em ora\u00e7\u00e3o e isso nos trouxe ao cora\u00e7\u00e3o para fazer algo para compartilhar, algo que as pessoas sabiam que as igrejas estavam presentes, que Jesus ainda est\u00e1 olhando sobre eles! &#8220;, disse Ana Candy Castro, coordenador de distrito NCM. O edif\u00edcio \u00e9 certamente fechado, mas a Igreja deve mostrar o amor de Jesus.&nbsp;<\/p>\n<p>As igrejas de distrito est\u00e3o participando de v\u00e1rias maneiras, incluindo coletar e desinfetar os produtos, doar itens ou enviar uma contribui\u00e7\u00e3o financeira para sua compra, e fornecer locais para configurar as tabelas. Pastores, equipes de ora\u00e7\u00e3o e psic\u00f3logos tamb\u00e9m foram convidados a dar apoio \u00e0queles que o solicitam.<\/p>\n<p>A lideran\u00e7a da equipe disse que \u00e9 importante que seus volunt\u00e1rios n\u00e3o est\u00e3o experimentando os sintomas de COVID-19 e est\u00e3o seguindo as <a href=\"https:\/\/resources.nazarene.org\/index.php\/s\/a8MN7JGcKsw4BEX#pdfviewer\" target=\"_blank\">diretrizes de NCM<\/a> para distribui\u00e7\u00e3o de al\u00edvio segura.<\/p>\n<p>At\u00e9 agora, eles alcan\u00e7aram mais de 50 pessoas, incluindo uma menina de 16 anos que \u00e9 respons\u00e1vel por seus irm\u00e3os mais jovens e \u00e9 desempregado. Volunt\u00e1rios tamb\u00e9m entregaram doa\u00e7\u00f5es para uma m\u00e3e \u00fanica que n\u00e3o tinha comida em seu arm\u00e1rio e para um adulto mais velho que estava vendendo seus pertences para comprar comida. Ele &nbsp;expressou interesse &nbsp;em participar da igreja uma vez que o edif\u00edcio reabre.<\/p>\n<p>Para data, quase um quarto das igrejas do distrito se juntaram ao projeto. Uma equipe de ora\u00e7\u00e3o foi formada no WhatsApp, envolvendo pastores, membros de igreja e l\u00edderes, incluindo o Superintendente de Distrito Aner Castro, que ora para as peti\u00e7\u00f5es coletadas.&nbsp;<\/p>\n<p>Outro grupo de seis pastores volunt\u00e1rios est\u00e3o dando aconselhamento por telefone, e 10 volunt\u00e1rios est\u00e3o comprando em nome de pessoas vulner\u00e1veis.&nbsp;<\/p>\n<p>Temos este projeto acontecendo na cidade de Coatzacoalcos, e estamos orando que Deus criar\u00e1 links em outras cidades desde que nesta terceira fase do lockdown, adultos mais velhos que vivem sozinhos n\u00e3o ser\u00e3o mais capazes de ir de fora&#8221;, disse Castro. Agrade\u00e7o a cada um daqueles que se juntaram, especialmente a irm\u00e3 Julissa Contreras Dom\u00ednguez, presidente do distrito NMI, com quem estamos trabalhando juntos.<\/p>\n<p><a href=\"https:\/\/mesoamericaregion.org\" target=\"_blank\">Igreja do Nazareno Mesoam\u00e9rica<\/a><\/p>\n","protected":false},"excerpt":{"rendered":"<p>Churches no Distrito Olmec do M\u00e9xico est\u00e3o se unindo atrav\u00e9s do projeto &#8220;Mesa Evangel\u00edstica&#8221; para fornecer \u00e0 comunidade com produtos essenciais, aconselhamento e ora\u00e7\u00e3o.<\/p>\n","protected":false},"author":1,"featured_media":25845,"menu_order":0,"template":"","news-categories":[],"news-region-taxonomy":[],"news-tag":[2342,1473,849],"class_list":["post-50431","news","type-news","status-publish","has-post-thumbnail","hentry","news-tag-coronavirus-pt-br","news-tag-mexico-pt-br","news-tag-regiao-mesoamerica"],"yoast_head":"<!-- This site is optimized with the Yoast SEO Premium plugin v27.1 (Yoast SEO v27.1.1) - https:\/\/yoast.com\/product\/yoast-seo-premium-wordpress\/ -->\n<title>Igrejas M\u00e9xico unem for\u00e7as para ajudar os mais vulner\u00e1veis da comunidade - Church of the Nazarene<\/title>\n<meta name=\"robots\" content=\"index, follow, max-snippet:-1, max-image-preview:large, max-video-preview:-1\" \/>\n<link rel=\"canonical\" href=\"https:\/\/nazarene.org\/pt-br\/news\/igrejas-mexico-unem-forcas-para-ajudar-os-mais-vulneraveis-da-comunidade\/\" \/>\n<meta property=\"og:locale\" content=\"pt_BR\" \/>\n<meta property=\"og:type\" content=\"article\" \/>\n<meta property=\"og:title\" content=\"Igrejas M\u00e9xico unem for\u00e7as para ajudar os mais vulner\u00e1veis da comunidade\" \/>\n<meta property=\"og:description\" content=\"Churches no Distrito Olmec do M\u00e9xico est\u00e3o se unindo atrav\u00e9s do projeto &quot;Mesa Evangel\u00edstica&quot; para fornecer \u00e0 comunidade com produtos essenciais, aconselhamento e ora\u00e7\u00e3o.\" \/>\n<meta property=\"og:url\" content=\"https:\/\/nazarene.org\/pt-br\/news\/igrejas-mexico-unem-forcas-para-ajudar-os-mais-vulneraveis-da-comunidade\/\" \/>\n<meta property=\"og:site_name\" content=\"Church of the Nazarene\" \/>\n<meta property=\"article:publisher\" content=\"https:\/\/www.facebook.com\/NazareneOfficial\/\" \/>\n<meta name=\"twitter:card\" content=\"summary_large_image\" \/>\n<meta name=\"twitter:site\" content=\"@Nazarene\" \/>\n<script type=\"application\/ld+json\" class=\"yoast-schema-graph\">{\"@context\":\"https:\/\/schema.org\",\"@graph\":[{\"@type\":\"WebPage\",\"@id\":\"https:\/\/nazarene.org\/pt-br\/news\/igrejas-mexico-unem-forcas-para-ajudar-os-mais-vulneraveis-da-comunidade\/\",\"url\":\"https:\/\/nazarene.org\/pt-br\/news\/igrejas-mexico-unem-forcas-para-ajudar-os-mais-vulneraveis-da-comunidade\/\",\"name\":\"Igrejas M\u00e9xico unem for\u00e7as para ajudar os mais vulner\u00e1veis da comunidade - Church of the Nazarene\",\"isPartOf\":{\"@id\":\"https:\/\/nazarene.org\/pt-br\/#website\"},\"primaryImageOfPage\":{\"@id\":\"https:\/\/nazarene.org\/pt-br\/news\/igrejas-mexico-unem-forcas-para-ajudar-os-mais-vulneraveis-da-comunidade\/#primaryimage\"},\"image\":{\"@id\":\"https:\/\/nazarene.org\/pt-br\/news\/igrejas-mexico-unem-forcas-para-ajudar-os-mais-vulneraveis-da-comunidade\/#primaryimage\"},\"thumbnailUrl\":\"https:\/\/nazarene.org\/wp-content\/uploads\/2025\/02\/Mexico-Table.jpg\",\"datePublished\":\"2020-04-30T05:00:00+00:00\",\"breadcrumb\":{\"@id\":\"https:\/\/nazarene.org\/pt-br\/news\/igrejas-mexico-unem-forcas-para-ajudar-os-mais-vulneraveis-da-comunidade\/#breadcrumb\"},\"inLanguage\":\"pt-BR\",\"potentialAction\":[{\"@type\":\"ReadAction\",\"target\":[\"https:\/\/nazarene.org\/pt-br\/news\/igrejas-mexico-unem-forcas-para-ajudar-os-mais-vulneraveis-da-comunidade\/\"]}]},{\"@type\":\"ImageObject\",\"inLanguage\":\"pt-BR\",\"@id\":\"https:\/\/nazarene.org\/pt-br\/news\/igrejas-mexico-unem-forcas-para-ajudar-os-mais-vulneraveis-da-comunidade\/#primaryimage\",\"url\":\"https:\/\/nazarene.org\/wp-content\/uploads\/2025\/02\/Mexico-Table.jpg\",\"contentUrl\":\"https:\/\/nazarene.org\/wp-content\/uploads\/2025\/02\/Mexico-Table.jpg\",\"width\":750,\"height\":400},{\"@type\":\"BreadcrumbList\",\"@id\":\"https:\/\/nazarene.org\/pt-br\/news\/igrejas-mexico-unem-forcas-para-ajudar-os-mais-vulneraveis-da-comunidade\/#breadcrumb\",\"itemListElement\":[{\"@type\":\"ListItem\",\"position\":1,\"name\":\"Home\",\"item\":\"https:\/\/nazarene.org\/pt-br\/\"},{\"@type\":\"ListItem\",\"position\":2,\"name\":\"News\",\"item\":\"https:\/\/nazarene.org\/pt-br\/news\/\"},{\"@type\":\"ListItem\",\"position\":3,\"name\":\"Igrejas M\u00e9xico unem for\u00e7as para ajudar os mais vulner\u00e1veis da comunidade\"}]},{\"@type\":\"WebSite\",\"@id\":\"https:\/\/nazarene.org\/pt-br\/#website\",\"url\":\"https:\/\/nazarene.org\/pt-br\/\",\"name\":\"Church of the Nazarene\",\"description\":\"Making Christlike Disciples in the Nations\",\"publisher\":{\"@id\":\"https:\/\/nazarene.org\/pt-br\/#organization\"},\"potentialAction\":[{\"@type\":\"SearchAction\",\"target\":{\"@type\":\"EntryPoint\",\"urlTemplate\":\"https:\/\/nazarene.org\/pt-br\/?s={search_term_string}\"},\"query-input\":{\"@type\":\"PropertyValueSpecification\",\"valueRequired\":true,\"valueName\":\"search_term_string\"}}],\"inLanguage\":\"pt-BR\"},{\"@type\":\"Organization\",\"@id\":\"https:\/\/nazarene.org\/pt-br\/#organization\",\"name\":\"Church of the Nazarene\",\"url\":\"https:\/\/nazarene.org\/pt-br\/\",\"logo\":{\"@type\":\"ImageObject\",\"inLanguage\":\"pt-BR\",\"@id\":\"https:\/\/nazarene.org\/pt-br\/#\/schema\/logo\/image\/\",\"url\":\"https:\/\/nazarene.org\/wp-content\/uploads\/2024\/06\/Naz_Desktop_Black_Logo-1.svg\",\"contentUrl\":\"https:\/\/nazarene.org\/wp-content\/uploads\/2024\/06\/Naz_Desktop_Black_Logo-1.svg\",\"width\":258,\"height\":36,\"caption\":\"Church of the Nazarene\"},\"image\":{\"@id\":\"https:\/\/nazarene.org\/pt-br\/#\/schema\/logo\/image\/\"},\"sameAs\":[\"https:\/\/www.facebook.com\/NazareneOfficial\/\",\"https:\/\/x.com\/Nazarene\",\"https:\/\/www.instagram.com\/nazareneofficial\/\"]}]}<\/script>\n<!-- \/ Yoast SEO Premium plugin. -->","yoast_head_json":{"title":"Igrejas M\u00e9xico unem for\u00e7as para ajudar os mais vulner\u00e1veis da comunidade - Church of the Nazarene","robots":{"index":"index","follow":"follow","max-snippet":"max-snippet:-1","max-image-preview":"max-image-preview:large","max-video-preview":"max-video-preview:-1"},"canonical":"https:\/\/nazarene.org\/pt-br\/news\/igrejas-mexico-unem-forcas-para-ajudar-os-mais-vulneraveis-da-comunidade\/","og_locale":"pt_BR","og_type":"article","og_title":"Igrejas M\u00e9xico unem for\u00e7as para ajudar os mais vulner\u00e1veis da comunidade","og_description":"Churches no Distrito Olmec do M\u00e9xico est\u00e3o se unindo atrav\u00e9s do projeto \"Mesa Evangel\u00edstica\" para fornecer \u00e0 comunidade com produtos essenciais, aconselhamento e ora\u00e7\u00e3o.","og_url":"https:\/\/nazarene.org\/pt-br\/news\/igrejas-mexico-unem-forcas-para-ajudar-os-mais-vulneraveis-da-comunidade\/","og_site_name":"Church of the Nazarene","article_publisher":"https:\/\/www.facebook.com\/NazareneOfficial\/","twitter_card":"summary_large_image","twitter_site":"@Nazarene","schema":{"@context":"https:\/\/schema.org","@graph":[{"@type":"WebPage","@id":"https:\/\/nazarene.org\/pt-br\/news\/igrejas-mexico-unem-forcas-para-ajudar-os-mais-vulneraveis-da-comunidade\/","url":"https:\/\/nazarene.org\/pt-br\/news\/igrejas-mexico-unem-forcas-para-ajudar-os-mais-vulneraveis-da-comunidade\/","name":"Igrejas M\u00e9xico unem for\u00e7as para ajudar os mais vulner\u00e1veis da comunidade - Church of the Nazarene","isPartOf":{"@id":"https:\/\/nazarene.org\/pt-br\/#website"},"primaryImageOfPage":{"@id":"https:\/\/nazarene.org\/pt-br\/news\/igrejas-mexico-unem-forcas-para-ajudar-os-mais-vulneraveis-da-comunidade\/#primaryimage"},"image":{"@id":"https:\/\/nazarene.org\/pt-br\/news\/igrejas-mexico-unem-forcas-para-ajudar-os-mais-vulneraveis-da-comunidade\/#primaryimage"},"thumbnailUrl":"https:\/\/nazarene.org\/wp-content\/uploads\/2025\/02\/Mexico-Table.jpg","datePublished":"2020-04-30T05:00:00+00:00","breadcrumb":{"@id":"https:\/\/nazarene.org\/pt-br\/news\/igrejas-mexico-unem-forcas-para-ajudar-os-mais-vulneraveis-da-comunidade\/#breadcrumb"},"inLanguage":"pt-BR","potentialAction":[{"@type":"ReadAction","target":["https:\/\/nazarene.org\/pt-br\/news\/igrejas-mexico-unem-forcas-para-ajudar-os-mais-vulneraveis-da-comunidade\/"]}]},{"@type":"ImageObject","inLanguage":"pt-BR","@id":"https:\/\/nazarene.org\/pt-br\/news\/igrejas-mexico-unem-forcas-para-ajudar-os-mais-vulneraveis-da-comunidade\/#primaryimage","url":"https:\/\/nazarene.org\/wp-content\/uploads\/2025\/02\/Mexico-Table.jpg","contentUrl":"https:\/\/nazarene.org\/wp-content\/uploads\/2025\/02\/Mexico-Table.jpg","width":750,"height":400},{"@type":"BreadcrumbList","@id":"https:\/\/nazarene.org\/pt-br\/news\/igrejas-mexico-unem-forcas-para-ajudar-os-mais-vulneraveis-da-comunidade\/#breadcrumb","itemListElement":[{"@type":"ListItem","position":1,"name":"Home","item":"https:\/\/nazarene.org\/pt-br\/"},{"@type":"ListItem","position":2,"name":"News","item":"https:\/\/nazarene.org\/pt-br\/news\/"},{"@type":"ListItem","position":3,"name":"Igrejas M\u00e9xico unem for\u00e7as para ajudar os mais vulner\u00e1veis da comunidade"}]},{"@type":"WebSite","@id":"https:\/\/nazarene.org\/pt-br\/#website","url":"https:\/\/nazarene.org\/pt-br\/","name":"Church of the Nazarene","description":"Making Christlike Disciples in the Nations","publisher":{"@id":"https:\/\/nazarene.org\/pt-br\/#organization"},"potentialAction":[{"@type":"SearchAction","target":{"@type":"EntryPoint","urlTemplate":"https:\/\/nazarene.org\/pt-br\/?s={search_term_string}"},"query-input":{"@type":"PropertyValueSpecification","valueRequired":true,"valueName":"search_term_string"}}],"inLanguage":"pt-BR"},{"@type":"Organization","@id":"https:\/\/nazarene.org\/pt-br\/#organization","name":"Church of the Nazarene","url":"https:\/\/nazarene.org\/pt-br\/","logo":{"@type":"ImageObject","inLanguage":"pt-BR","@id":"https:\/\/nazarene.org\/pt-br\/#\/schema\/logo\/image\/","url":"https:\/\/nazarene.org\/wp-content\/uploads\/2024\/06\/Naz_Desktop_Black_Logo-1.svg","contentUrl":"https:\/\/nazarene.org\/wp-content\/uploads\/2024\/06\/Naz_Desktop_Black_Logo-1.svg","width":258,"height":36,"caption":"Church of the Nazarene"},"image":{"@id":"https:\/\/nazarene.org\/pt-br\/#\/schema\/logo\/image\/"},"sameAs":["https:\/\/www.facebook.com\/NazareneOfficial\/","https:\/\/x.com\/Nazarene","https:\/\/www.instagram.com\/nazareneofficial\/"]}]}},"_links":{"self":[{"href":"https:\/\/nazarene.org\/pt-br\/wp-json\/wp\/v2\/news\/50431","targetHints":{"allow":["GET"]}}],"collection":[{"href":"https:\/\/nazarene.org\/pt-br\/wp-json\/wp\/v2\/news"}],"about":[{"href":"https:\/\/nazarene.org\/pt-br\/wp-json\/wp\/v2\/types\/news"}],"author":[{"embeddable":true,"href":"https:\/\/nazarene.org\/pt-br\/wp-json\/wp\/v2\/users\/1"}],"version-history":[{"count":0,"href":"https:\/\/nazarene.org\/pt-br\/wp-json\/wp\/v2\/news\/50431\/revisions"}],"wp:featuredmedia":[{"embeddable":true,"href":"https:\/\/nazarene.org\/pt-br\/wp-json\/wp\/v2\/media\/25845"}],"wp:attachment":[{"href":"https:\/\/nazarene.org\/pt-br\/wp-json\/wp\/v2\/media?parent=50431"}],"wp:term":[{"taxonomy":"news-categories","embeddable":true,"href":"https:\/\/nazarene.org\/pt-br\/wp-json\/wp\/v2\/news-categories?post=50431"},{"taxonomy":"news-region-taxonomy","embeddable":true,"href":"https:\/\/nazarene.org\/pt-br\/wp-json\/wp\/v2\/news-region-taxonomy?post=50431"},{"taxonomy":"news-tag","embeddable":true,"href":"https:\/\/nazarene.org\/pt-br\/wp-json\/wp\/v2\/news-tag?post=50431"}],"curies":[{"name":"wp","href":"https:\/\/api.w.org\/{rel}","templated":true}]}}