{"id":49490,"date":"2020-11-11T00:00:00","date_gmt":"2020-11-11T06:00:00","guid":{"rendered":"https:\/\/nazarene.org\/news\/furacao-eta-wreaks-caos-na-america-central\/"},"modified":"2020-11-11T00:00:00","modified_gmt":"2020-11-11T06:00:00","slug":"furacao-eta-wreaks-caos-na-america-central","status":"publish","type":"news","link":"https:\/\/nazarene.org\/pt-br\/news\/furacao-eta-wreaks-caos-na-america-central\/","title":{"rendered":"Furac\u00e3o Eta wreaks caos na Am\u00e9rica Central"},"content":{"rendered":"<p>Centenas de pessoas foram mortas na Am\u00e9rica Central onde <a href=\"https:\/\/www.bbc.com\/news\/world-latin-america-54864963\">o Furac\u00e3o Eta fez terra<\/a> na Nicar\u00e1gua como uma tempestade de Categoria 4 em 3 de novembro. As chuvas pesadas de Eta e movimento lento <a href=\"https:\/\/apnews.com\/article\/hurricane-eta-central-america-damages-c2f5e47390b6cdba2b4c78407b23e46e\">empurraram rios al\u00e9m de seus limites<\/a> e causaram inunda\u00e7\u00f5es e deslizamentos de terra em toda a Nicar\u00e1gua, Guatemala, Costa Rica, El Salvador, Honduras, Panam\u00e1 e M\u00e9xico. Os deslizamentos de lama reivindicaram centenas de casas; na Guatemala, um deslizamento de lama <a href=\"https:\/\/in.reuters.com\/article\/storm-eta-idUSKBN27M246\">matou uma estimada de 100 pessoas.<\/a> Mesmo depois que a tempestade passou, <a href=\"https:\/\/in.reuters.com\/article\/storm-eta-idUSKBN27M246\">inunda\u00e7\u00f5es catastr\u00f3ficas continuaram.<\/a>&nbsp;<\/p>\n<p>Pontes lavadas e estradas impenetr\u00e1veis isolaram muitas comunidades, tornando quase imposs\u00edvel se comunicar ou entregar ajuda. A Igreja do Nazareno est\u00e1 respondendo em compaix\u00e3o em toda a regi\u00e3o.&nbsp;<\/p>\n<p>Na Nicar\u00e1gua, Panam\u00e1 e M\u00e9xico, muitas igrejas est\u00e3o coletando comida, sapatos e roupas para distribui\u00e7\u00e3o para fam\u00edlias com as maiores necessidades.&nbsp;<\/p>\n<p>Em Honduras, 12 igrejas Nazarenas abriram como abrigos para aqueles que foram deslocados por inunda\u00e7\u00f5es ou danos. Membros da Igreja, muitos dos quais foram resgatados, est\u00e3o fornecendo refei\u00e7\u00f5es, sapatos e roupas para aqueles nos abrigos.&nbsp;<\/p>\n<p>Vinte igrejas na Guatemala est\u00e3o hospedando fam\u00edlias deslocadas, e edif\u00edcios no Instituto B\u00edblico Nazareno, um centro de desenvolvimento infantil, o semin\u00e1rio e um centro de distrito abriram como espa\u00e7os de abrigo.&nbsp;<\/p>\n<p>Como aqueles em Honduras, membros da igreja da Guatemala est\u00e3o fornecendo refei\u00e7\u00f5es para aqueles que vivem nos abrigos pop-up, bem como aqueles em abrigos administrados pelo governo. Embora deslizamentos de terra e inunda\u00e7\u00f5es ainda estejam dificultando viagens, uma equipe de volunt\u00e1rios, que inclui &nbsp;um m\u00e9dico, est\u00e1 fazendo seu caminho para uma \u00e1rea particularmente atingida na Guatemala com kits de cuidado de crise, roupas, medicina e sapatos.&nbsp;<\/p>\n<p>Pastor Santos, do Distrito Noroeste na Guatemala, compartilha a resposta de sua congrega\u00e7\u00e3o para sua comunidade.&nbsp;<\/p>\n<p>Estamos ok! A igreja se juntou para aliment\u00e1-los e dar-lhes roupas&#8221;, ele diz. Deixe-nos ajud\u00e1-los com o que Deus nos deu.<\/p>\n<p>Em uma regi\u00e3o onde muitos s\u00e3o considerados de baixa renda, o impacto desta tempestade continuar\u00e1 a ser sentido por anos.&nbsp;<\/p>\n<p>&nbsp;<\/p>\n<p><b>Como voc\u00ea pode ajudar<\/b><\/p>\n<p><b>Ore<\/b><\/p>\n<p>Ore para aqueles que perderam entes queridos, e ore para aqueles que enfrentam a perda de casas, meios de subsist\u00eancia, fontes de alimento e comunidade. Ore para os meses de recupera\u00e7\u00e3o \u00e0 frente, quando desenvolver resili\u00eancia ser\u00e1 chave. Ore para aqueles que s\u00e3o mais vulner\u00e1veis durante e depois da tempestade, especialmente adultos s\u00eaniores, indiv\u00edduos com defici\u00eancias e pessoas que vivem na pobreza. Ore para l\u00edderes de igrejas e igrejas respondendo \u00e0s necessidades ao seu redor. Para enviar uma ora\u00e7\u00e3o ou nota de encorajamento, v\u00e1 para <a href=\"http:\/\/www.ncm.org\/pray.html\">ncm.org\/pray<\/a>.<\/p>\n<p><b>DOA\u00c7\u00c3O<\/b><\/p>\n<p>Churches e indiv\u00edduos em todo o mundo podem fornecer apoio &nbsp;atrav\u00e9s da Resposta <a href=\"https:\/\/give.nazarene.org\/donate\/f\/135413\"><b>Storm 2020.<\/b><\/a><b><\/b> <b><\/b>Doa\u00e7\u00f5es ser\u00e3o usadas para necessidades imediatas, como \u00e1gua e comida, bem como esfor\u00e7os de recupera\u00e7\u00e3o e reconstru\u00e7\u00e3o de longo prazo.<\/p>\n<p>&nbsp;<\/p>\n<p>Para enviar doa\u00e7\u00f5es por correio:<\/p>\n<p>&nbsp;Nos <b>EUA<\/b>, fa\u00e7a cheques pag\u00e1veis para &#8220;Tesoureiro Geral&#8221; e envi\u00e1-los para:&nbsp;<\/p>\n<p>Servi\u00e7os de tesouraria global<br \/>\nIgreja do Nazareno<br \/>\nP.O. Box 843116<br \/>\nKansas City, MO 64184-3116<\/p>\n<p>Certifique-se de colocar <b>135413 <\/b>na \u00e1rea de Memo.<\/p>\n<p>&nbsp;<\/p>\n<p>&nbsp;Em Canad\u00e1, fa\u00e7a cheques pag\u00e1veis para &#8220;Igreja do Nazareno Canad\u00e1&#8221; e en<b>vi<\/b>\u00e1-los para:<\/p>\n<p>Igreja do Nazareno Canad\u00e1<br \/>\n3657 Ponytrail Drive, Mississauga, ON | L4X 1W5<\/p>\n<p>Certifique-se de colocar <b>135413 <\/b>na \u00e1rea de Memo.<\/p>\n<p>&nbsp;<\/p>\n<p><b>Para qualquer outro pa\u00eds<\/b>, dar atrav\u00e9s de sua igreja local ou distrito, &nbsp;designando seu presente para <b>2020 Storm Response.<\/b><\/p>\n","protected":false},"excerpt":{"rendered":"<p>Centenas de pessoas foram mortas na Am\u00e9rica Central onde o Furac\u00e3o Eta fez terra como uma tempestade de Categoria 4 em 3 de novembro. As chuvas pesadas e movimento lento causaram deslizamentos de terra e inunda\u00e7\u00f5es em toda a Am\u00e9rica Central.<\/p>\n","protected":false},"author":1,"featured_media":26705,"menu_order":0,"template":"","news-categories":[],"news-region-taxonomy":[],"news-tag":[1809,1877,1505,1742,1473,849],"class_list":["post-49490","news","type-news","status-publish","has-post-thumbnail","hentry","news-tag-costa-rica-pt-br","news-tag-el-salvador-pt-br","news-tag-guatemala-pt-br","news-tag-honduras-pt-br","news-tag-mexico-pt-br","news-tag-regiao-mesoamerica"],"yoast_head":"<!-- This site is optimized with the Yoast SEO Premium plugin v27.1 (Yoast SEO v27.1.1) - https:\/\/yoast.com\/product\/yoast-seo-premium-wordpress\/ -->\n<title>Furac\u00e3o Eta wreaks caos na Am\u00e9rica Central - Church of the Nazarene<\/title>\n<meta name=\"robots\" content=\"index, follow, max-snippet:-1, max-image-preview:large, max-video-preview:-1\" \/>\n<link rel=\"canonical\" href=\"https:\/\/nazarene.org\/pt-br\/news\/furacao-eta-wreaks-caos-na-america-central\/\" \/>\n<meta property=\"og:locale\" content=\"pt_BR\" \/>\n<meta property=\"og:type\" content=\"article\" \/>\n<meta property=\"og:title\" content=\"Furac\u00e3o Eta wreaks caos na Am\u00e9rica Central\" \/>\n<meta property=\"og:description\" content=\"Centenas de pessoas foram mortas na Am\u00e9rica Central onde o Furac\u00e3o Eta fez terra como uma tempestade de Categoria 4 em 3 de novembro. As chuvas pesadas e movimento lento causaram deslizamentos de terra e inunda\u00e7\u00f5es em toda a Am\u00e9rica Central.\" \/>\n<meta property=\"og:url\" content=\"https:\/\/nazarene.org\/pt-br\/news\/furacao-eta-wreaks-caos-na-america-central\/\" \/>\n<meta property=\"og:site_name\" content=\"Church of the Nazarene\" \/>\n<meta property=\"article:publisher\" content=\"https:\/\/www.facebook.com\/NazareneOfficial\/\" \/>\n<meta name=\"twitter:card\" content=\"summary_large_image\" \/>\n<meta name=\"twitter:site\" content=\"@Nazarene\" \/>\n<script type=\"application\/ld+json\" class=\"yoast-schema-graph\">{\"@context\":\"https:\/\/schema.org\",\"@graph\":[{\"@type\":\"WebPage\",\"@id\":\"https:\/\/nazarene.org\/pt-br\/news\/furacao-eta-wreaks-caos-na-america-central\/\",\"url\":\"https:\/\/nazarene.org\/pt-br\/news\/furacao-eta-wreaks-caos-na-america-central\/\",\"name\":\"Furac\u00e3o Eta wreaks caos na Am\u00e9rica Central - Church of the Nazarene\",\"isPartOf\":{\"@id\":\"https:\/\/nazarene.org\/pt-br\/#website\"},\"primaryImageOfPage\":{\"@id\":\"https:\/\/nazarene.org\/pt-br\/news\/furacao-eta-wreaks-caos-na-america-central\/#primaryimage\"},\"image\":{\"@id\":\"https:\/\/nazarene.org\/pt-br\/news\/furacao-eta-wreaks-caos-na-america-central\/#primaryimage\"},\"thumbnailUrl\":\"https:\/\/nazarene.org\/wp-content\/uploads\/2025\/02\/Naz-Church-Guatemala-copy.jpg\",\"datePublished\":\"2020-11-11T06:00:00+00:00\",\"breadcrumb\":{\"@id\":\"https:\/\/nazarene.org\/pt-br\/news\/furacao-eta-wreaks-caos-na-america-central\/#breadcrumb\"},\"inLanguage\":\"pt-BR\",\"potentialAction\":[{\"@type\":\"ReadAction\",\"target\":[\"https:\/\/nazarene.org\/pt-br\/news\/furacao-eta-wreaks-caos-na-america-central\/\"]}]},{\"@type\":\"ImageObject\",\"inLanguage\":\"pt-BR\",\"@id\":\"https:\/\/nazarene.org\/pt-br\/news\/furacao-eta-wreaks-caos-na-america-central\/#primaryimage\",\"url\":\"https:\/\/nazarene.org\/wp-content\/uploads\/2025\/02\/Naz-Church-Guatemala-copy.jpg\",\"contentUrl\":\"https:\/\/nazarene.org\/wp-content\/uploads\/2025\/02\/Naz-Church-Guatemala-copy.jpg\",\"width\":750,\"height\":400},{\"@type\":\"BreadcrumbList\",\"@id\":\"https:\/\/nazarene.org\/pt-br\/news\/furacao-eta-wreaks-caos-na-america-central\/#breadcrumb\",\"itemListElement\":[{\"@type\":\"ListItem\",\"position\":1,\"name\":\"Home\",\"item\":\"https:\/\/nazarene.org\/pt-br\/\"},{\"@type\":\"ListItem\",\"position\":2,\"name\":\"News\",\"item\":\"https:\/\/nazarene.org\/pt-br\/news\/\"},{\"@type\":\"ListItem\",\"position\":3,\"name\":\"Furac\u00e3o Eta wreaks caos na Am\u00e9rica Central\"}]},{\"@type\":\"WebSite\",\"@id\":\"https:\/\/nazarene.org\/pt-br\/#website\",\"url\":\"https:\/\/nazarene.org\/pt-br\/\",\"name\":\"Church of the Nazarene\",\"description\":\"Making Christlike Disciples in the Nations\",\"publisher\":{\"@id\":\"https:\/\/nazarene.org\/pt-br\/#organization\"},\"potentialAction\":[{\"@type\":\"SearchAction\",\"target\":{\"@type\":\"EntryPoint\",\"urlTemplate\":\"https:\/\/nazarene.org\/pt-br\/?s={search_term_string}\"},\"query-input\":{\"@type\":\"PropertyValueSpecification\",\"valueRequired\":true,\"valueName\":\"search_term_string\"}}],\"inLanguage\":\"pt-BR\"},{\"@type\":\"Organization\",\"@id\":\"https:\/\/nazarene.org\/pt-br\/#organization\",\"name\":\"Church of the Nazarene\",\"url\":\"https:\/\/nazarene.org\/pt-br\/\",\"logo\":{\"@type\":\"ImageObject\",\"inLanguage\":\"pt-BR\",\"@id\":\"https:\/\/nazarene.org\/pt-br\/#\/schema\/logo\/image\/\",\"url\":\"https:\/\/nazarene.org\/wp-content\/uploads\/2024\/06\/Naz_Desktop_Black_Logo-1.svg\",\"contentUrl\":\"https:\/\/nazarene.org\/wp-content\/uploads\/2024\/06\/Naz_Desktop_Black_Logo-1.svg\",\"width\":258,\"height\":36,\"caption\":\"Church of the Nazarene\"},\"image\":{\"@id\":\"https:\/\/nazarene.org\/pt-br\/#\/schema\/logo\/image\/\"},\"sameAs\":[\"https:\/\/www.facebook.com\/NazareneOfficial\/\",\"https:\/\/x.com\/Nazarene\",\"https:\/\/www.instagram.com\/nazareneofficial\/\"]}]}<\/script>\n<!-- \/ Yoast SEO Premium plugin. -->","yoast_head_json":{"title":"Furac\u00e3o Eta wreaks caos na Am\u00e9rica Central - Church of the Nazarene","robots":{"index":"index","follow":"follow","max-snippet":"max-snippet:-1","max-image-preview":"max-image-preview:large","max-video-preview":"max-video-preview:-1"},"canonical":"https:\/\/nazarene.org\/pt-br\/news\/furacao-eta-wreaks-caos-na-america-central\/","og_locale":"pt_BR","og_type":"article","og_title":"Furac\u00e3o Eta wreaks caos na Am\u00e9rica Central","og_description":"Centenas de pessoas foram mortas na Am\u00e9rica Central onde o Furac\u00e3o Eta fez terra como uma tempestade de Categoria 4 em 3 de novembro. As chuvas pesadas e movimento lento causaram deslizamentos de terra e inunda\u00e7\u00f5es em toda a Am\u00e9rica Central.","og_url":"https:\/\/nazarene.org\/pt-br\/news\/furacao-eta-wreaks-caos-na-america-central\/","og_site_name":"Church of the Nazarene","article_publisher":"https:\/\/www.facebook.com\/NazareneOfficial\/","twitter_card":"summary_large_image","twitter_site":"@Nazarene","schema":{"@context":"https:\/\/schema.org","@graph":[{"@type":"WebPage","@id":"https:\/\/nazarene.org\/pt-br\/news\/furacao-eta-wreaks-caos-na-america-central\/","url":"https:\/\/nazarene.org\/pt-br\/news\/furacao-eta-wreaks-caos-na-america-central\/","name":"Furac\u00e3o Eta wreaks caos na Am\u00e9rica Central - Church of the Nazarene","isPartOf":{"@id":"https:\/\/nazarene.org\/pt-br\/#website"},"primaryImageOfPage":{"@id":"https:\/\/nazarene.org\/pt-br\/news\/furacao-eta-wreaks-caos-na-america-central\/#primaryimage"},"image":{"@id":"https:\/\/nazarene.org\/pt-br\/news\/furacao-eta-wreaks-caos-na-america-central\/#primaryimage"},"thumbnailUrl":"https:\/\/nazarene.org\/wp-content\/uploads\/2025\/02\/Naz-Church-Guatemala-copy.jpg","datePublished":"2020-11-11T06:00:00+00:00","breadcrumb":{"@id":"https:\/\/nazarene.org\/pt-br\/news\/furacao-eta-wreaks-caos-na-america-central\/#breadcrumb"},"inLanguage":"pt-BR","potentialAction":[{"@type":"ReadAction","target":["https:\/\/nazarene.org\/pt-br\/news\/furacao-eta-wreaks-caos-na-america-central\/"]}]},{"@type":"ImageObject","inLanguage":"pt-BR","@id":"https:\/\/nazarene.org\/pt-br\/news\/furacao-eta-wreaks-caos-na-america-central\/#primaryimage","url":"https:\/\/nazarene.org\/wp-content\/uploads\/2025\/02\/Naz-Church-Guatemala-copy.jpg","contentUrl":"https:\/\/nazarene.org\/wp-content\/uploads\/2025\/02\/Naz-Church-Guatemala-copy.jpg","width":750,"height":400},{"@type":"BreadcrumbList","@id":"https:\/\/nazarene.org\/pt-br\/news\/furacao-eta-wreaks-caos-na-america-central\/#breadcrumb","itemListElement":[{"@type":"ListItem","position":1,"name":"Home","item":"https:\/\/nazarene.org\/pt-br\/"},{"@type":"ListItem","position":2,"name":"News","item":"https:\/\/nazarene.org\/pt-br\/news\/"},{"@type":"ListItem","position":3,"name":"Furac\u00e3o Eta wreaks caos na Am\u00e9rica Central"}]},{"@type":"WebSite","@id":"https:\/\/nazarene.org\/pt-br\/#website","url":"https:\/\/nazarene.org\/pt-br\/","name":"Church of the Nazarene","description":"Making Christlike Disciples in the Nations","publisher":{"@id":"https:\/\/nazarene.org\/pt-br\/#organization"},"potentialAction":[{"@type":"SearchAction","target":{"@type":"EntryPoint","urlTemplate":"https:\/\/nazarene.org\/pt-br\/?s={search_term_string}"},"query-input":{"@type":"PropertyValueSpecification","valueRequired":true,"valueName":"search_term_string"}}],"inLanguage":"pt-BR"},{"@type":"Organization","@id":"https:\/\/nazarene.org\/pt-br\/#organization","name":"Church of the Nazarene","url":"https:\/\/nazarene.org\/pt-br\/","logo":{"@type":"ImageObject","inLanguage":"pt-BR","@id":"https:\/\/nazarene.org\/pt-br\/#\/schema\/logo\/image\/","url":"https:\/\/nazarene.org\/wp-content\/uploads\/2024\/06\/Naz_Desktop_Black_Logo-1.svg","contentUrl":"https:\/\/nazarene.org\/wp-content\/uploads\/2024\/06\/Naz_Desktop_Black_Logo-1.svg","width":258,"height":36,"caption":"Church of the Nazarene"},"image":{"@id":"https:\/\/nazarene.org\/pt-br\/#\/schema\/logo\/image\/"},"sameAs":["https:\/\/www.facebook.com\/NazareneOfficial\/","https:\/\/x.com\/Nazarene","https:\/\/www.instagram.com\/nazareneofficial\/"]}]}},"_links":{"self":[{"href":"https:\/\/nazarene.org\/pt-br\/wp-json\/wp\/v2\/news\/49490","targetHints":{"allow":["GET"]}}],"collection":[{"href":"https:\/\/nazarene.org\/pt-br\/wp-json\/wp\/v2\/news"}],"about":[{"href":"https:\/\/nazarene.org\/pt-br\/wp-json\/wp\/v2\/types\/news"}],"author":[{"embeddable":true,"href":"https:\/\/nazarene.org\/pt-br\/wp-json\/wp\/v2\/users\/1"}],"version-history":[{"count":0,"href":"https:\/\/nazarene.org\/pt-br\/wp-json\/wp\/v2\/news\/49490\/revisions"}],"wp:featuredmedia":[{"embeddable":true,"href":"https:\/\/nazarene.org\/pt-br\/wp-json\/wp\/v2\/media\/26705"}],"wp:attachment":[{"href":"https:\/\/nazarene.org\/pt-br\/wp-json\/wp\/v2\/media?parent=49490"}],"wp:term":[{"taxonomy":"news-categories","embeddable":true,"href":"https:\/\/nazarene.org\/pt-br\/wp-json\/wp\/v2\/news-categories?post=49490"},{"taxonomy":"news-region-taxonomy","embeddable":true,"href":"https:\/\/nazarene.org\/pt-br\/wp-json\/wp\/v2\/news-region-taxonomy?post=49490"},{"taxonomy":"news-tag","embeddable":true,"href":"https:\/\/nazarene.org\/pt-br\/wp-json\/wp\/v2\/news-tag?post=49490"}],"curies":[{"name":"wp","href":"https:\/\/api.w.org\/{rel}","templated":true}]}}