{"id":49341,"date":"2021-01-05T00:00:00","date_gmt":"2021-01-05T06:00:00","guid":{"rendered":"https:\/\/nazarene.org\/news\/lideres-lay-dezembro-de-2020\/"},"modified":"2021-01-05T00:00:00","modified_gmt":"2021-01-05T06:00:00","slug":"lideres-lay-dezembro-de-2020","status":"publish","type":"news","link":"https:\/\/nazarene.org\/pt-br\/news\/lideres-lay-dezembro-de-2020\/","title":{"rendered":"L\u00edderes Lay: dezembro de 2020"},"content":{"rendered":"<p><a href=\"http:\/\/www.discipleshipplace.org\/\">DiscipleshipPlace.org<\/a> gostaria de parabenizar os seguintes indiv\u00edduos por serem aprovados por seu pastor e conselho de igreja local para receber o certificado de minist\u00e9rio leigo. Ap\u00f3s aprova\u00e7\u00e3o, eles completar\u00e3o os <a href=\"http:\/\/thediscipleshipplace.org\/index.php?option=com_content&amp;view=article&amp;id=115&amp;Itemid=126\">cursos de minist\u00e9rio leigo<\/a>.<\/p>\n<ul>\n<li><strong>John Baxter<\/strong> de Comunidade Croydon Park do Nazareno, Distrito Sul da Austr\u00e1lia<\/li>\n<li><strong>Timothy May<\/strong> de Cottondale do Nazareno, Distrito Central da Costa do Golfo<\/li>\n<li><strong>Brian Thompson<\/strong> de Bennettsville Primeira Igreja do Nazareno, Distrito de Carolina do Sul<\/li>\n<\/ul>\n<p>&nbsp;<\/p>\n<p>Tamb\u00e9m gostar\u00edamos de parabenizar as seguintes pessoas que completaram os seguintes cursos. *<\/p>\n<ul>\n<li><strong>Suzanne Francis<\/strong>, de Igreja Alian\u00e7a do Nazareno, Distrito Leste de Ohio\n<ul>\n<li>Comunicar o Evangelho em um Mundo Pluralista<\/li>\n<li>Explorando Teologia de John Wesley<\/li>\n<li>Explorando Hist\u00f3ria Nazarena e Polidade<\/li>\n<li>Praticando Forma\u00e7\u00e3o Espiritual Wesleyan-Santidade<\/li>\n<li>Contar a Hist\u00f3ria do Novo Testamento de Deus<\/li>\n<li>Contar a Hist\u00f3ria do Antigo Testamento de Deus\n<ul>\n\t\t<\/ul>\n<\/li>\n<\/ul>\n<\/li>\n<li><strong>Leonard Hilton<\/strong>, de Great Falls Primeira Igreja do Nazareno, Distrito de Montanha Rochosa\n<ul>\n<li>Praticando Forma\u00e7\u00e3o Espiritual Wesleyan-Santidade<\/li>\n<\/ul>\n<\/li>\n<li><strong>Toni Hughes<\/strong>, de Nova Igreja do L\u00edbano do Nazareno, Distrito Sudoeste de Ohio\n<ul>\n<li>Para uma Teologia de Vergonha e Amor<\/li>\n<\/ul>\n<\/li>\n<li><strong>Marenya Ian<\/strong>, da Igreja Universit\u00e1ria do Nazareno, Distrito Central do Qu\u00eania\n<ul>\n<li>Comunicar o Evangelho em um Mundo Pluralista<\/li>\n<li>Contar a Hist\u00f3ria do Antigo Testamento de Deus<\/li>\n<li>Para uma Teologia de Vergonha e Amor<\/li>\n<\/ul>\n<\/li>\n<li><strong>Steve N Ling<\/strong>, de St. Johnstons do Nazareno, Distrito de Leeward Ilhas Virgens\n<ul>\n<li>A B\u00edblia Fala para Mim sobre Meu Testemunho<\/li>\n<li>Minist\u00e9rio da Juventude<\/li>\n<li>10 Perguntas para Professores de Escola Dominical Nazarena\n<ul>\n\t\t<\/ul>\n<\/li>\n<\/ul>\n<\/li>\n<li><strong>Vanessa Santiago<\/strong>, de Elizabeth Espanhola do Nazareno, Distrito de Metro de Nova York\n<ul>\n<li>Comunicar o Evangelho em um Mundo Pluralista<\/li>\n<\/ul>\n<\/li>\n<li><strong>John Swan<\/strong>, de Great Falls Primeira Igreja do Nazareno, Distrito de Montanha Rochosa\n<ul>\n<li>Praticando Forma\u00e7\u00e3o Espiritual Wesleyan-Santidade<\/li>\n<\/ul>\n<\/li>\n<li><strong>Andres Espinal Zapata,&nbsp;<\/strong> de Elizabeth Igreja Espanhola do Nazareno, Distrito de Metro de Nova York\n<ul>\n<li>Comunicar o Evangelho em um Mundo Pluarlistico<\/li>\n<li>Explorando Teologia de John Wesley<\/li>\n<li>Explorando Hist\u00f3ria Nazarena e Polidade<\/li>\n<li>Praticando Forma\u00e7\u00e3o Espiritual Wesleyan-Santidade<\/li>\n<li>Contar a Hist\u00f3ria do Novo Testamento de Deus<\/li>\n<li>Contar a Hist\u00f3ria do Antigo Testamento de Deus\n<ul>\n\t\t<\/ul>\n<\/li>\n<\/ul>\n<\/li>\n<\/ul>\n<p>&nbsp;*<i>Observe que os indiv\u00edduos acima est\u00e3o sendo reconhecidos porque eles nos contataram para solicitar um certificado de conclus\u00e3o. Muitos indiv\u00edduos completam cursos, mas n\u00e3o nos contatam para nos deixar saber, ent\u00e3o n\u00e3o somos capazes de reconhec\u00ea-los.<\/i><\/p>\n","protected":false},"excerpt":{"rendered":"<p>O Discipleship Place gostaria de parabenizar esses indiv\u00edduos por completar certificados e cursos de minist\u00e9rio leigo no m\u00eas de dezembro.<\/p>\n","protected":false},"author":1,"featured_media":25641,"menu_order":0,"template":"","news-categories":[],"news-region-taxonomy":[],"news-tag":[2214,1495],"class_list":["post-49341","news","type-news","status-publish","has-post-thumbnail","hentry","news-tag-lideres-lay","news-tag-recursos"],"yoast_head":"<!-- This site is optimized with the Yoast SEO Premium plugin v27.1 (Yoast SEO v27.1.1) - https:\/\/yoast.com\/product\/yoast-seo-premium-wordpress\/ -->\n<title>L\u00edderes Lay: dezembro de 2020 - Church of the Nazarene<\/title>\n<meta name=\"robots\" content=\"index, follow, max-snippet:-1, max-image-preview:large, max-video-preview:-1\" \/>\n<link rel=\"canonical\" href=\"https:\/\/nazarene.org\/pt-br\/news\/lideres-lay-dezembro-de-2020\/\" \/>\n<meta property=\"og:locale\" content=\"pt_BR\" \/>\n<meta property=\"og:type\" content=\"article\" \/>\n<meta property=\"og:title\" content=\"L\u00edderes Lay: dezembro de 2020\" \/>\n<meta property=\"og:description\" content=\"O Discipleship Place gostaria de parabenizar esses indiv\u00edduos por completar certificados e cursos de minist\u00e9rio leigo no m\u00eas de dezembro.\" \/>\n<meta property=\"og:url\" content=\"https:\/\/nazarene.org\/pt-br\/news\/lideres-lay-dezembro-de-2020\/\" \/>\n<meta property=\"og:site_name\" content=\"Church of the Nazarene\" \/>\n<meta property=\"article:publisher\" content=\"https:\/\/www.facebook.com\/NazareneOfficial\/\" \/>\n<meta name=\"twitter:card\" content=\"summary_large_image\" \/>\n<meta name=\"twitter:site\" content=\"@Nazarene\" \/>\n<script type=\"application\/ld+json\" class=\"yoast-schema-graph\">{\"@context\":\"https:\/\/schema.org\",\"@graph\":[{\"@type\":\"WebPage\",\"@id\":\"https:\/\/nazarene.org\/pt-br\/news\/lideres-lay-dezembro-de-2020\/\",\"url\":\"https:\/\/nazarene.org\/pt-br\/news\/lideres-lay-dezembro-de-2020\/\",\"name\":\"L\u00edderes Lay: dezembro de 2020 - Church of the Nazarene\",\"isPartOf\":{\"@id\":\"https:\/\/nazarene.org\/pt-br\/#website\"},\"primaryImageOfPage\":{\"@id\":\"https:\/\/nazarene.org\/pt-br\/news\/lideres-lay-dezembro-de-2020\/#primaryimage\"},\"image\":{\"@id\":\"https:\/\/nazarene.org\/pt-br\/news\/lideres-lay-dezembro-de-2020\/#primaryimage\"},\"thumbnailUrl\":\"https:\/\/nazarene.org\/wp-content\/uploads\/2025\/02\/The-Discipleship-place.jpg\",\"datePublished\":\"2021-01-05T06:00:00+00:00\",\"breadcrumb\":{\"@id\":\"https:\/\/nazarene.org\/pt-br\/news\/lideres-lay-dezembro-de-2020\/#breadcrumb\"},\"inLanguage\":\"pt-BR\",\"potentialAction\":[{\"@type\":\"ReadAction\",\"target\":[\"https:\/\/nazarene.org\/pt-br\/news\/lideres-lay-dezembro-de-2020\/\"]}]},{\"@type\":\"ImageObject\",\"inLanguage\":\"pt-BR\",\"@id\":\"https:\/\/nazarene.org\/pt-br\/news\/lideres-lay-dezembro-de-2020\/#primaryimage\",\"url\":\"https:\/\/nazarene.org\/wp-content\/uploads\/2025\/02\/The-Discipleship-place.jpg\",\"contentUrl\":\"https:\/\/nazarene.org\/wp-content\/uploads\/2025\/02\/The-Discipleship-place.jpg\",\"width\":750,\"height\":400},{\"@type\":\"BreadcrumbList\",\"@id\":\"https:\/\/nazarene.org\/pt-br\/news\/lideres-lay-dezembro-de-2020\/#breadcrumb\",\"itemListElement\":[{\"@type\":\"ListItem\",\"position\":1,\"name\":\"Home\",\"item\":\"https:\/\/nazarene.org\/pt-br\/\"},{\"@type\":\"ListItem\",\"position\":2,\"name\":\"News\",\"item\":\"https:\/\/nazarene.org\/pt-br\/news\/\"},{\"@type\":\"ListItem\",\"position\":3,\"name\":\"L\u00edderes Lay: dezembro de 2020\"}]},{\"@type\":\"WebSite\",\"@id\":\"https:\/\/nazarene.org\/pt-br\/#website\",\"url\":\"https:\/\/nazarene.org\/pt-br\/\",\"name\":\"Church of the Nazarene\",\"description\":\"Making Christlike Disciples in the Nations\",\"publisher\":{\"@id\":\"https:\/\/nazarene.org\/pt-br\/#organization\"},\"potentialAction\":[{\"@type\":\"SearchAction\",\"target\":{\"@type\":\"EntryPoint\",\"urlTemplate\":\"https:\/\/nazarene.org\/pt-br\/?s={search_term_string}\"},\"query-input\":{\"@type\":\"PropertyValueSpecification\",\"valueRequired\":true,\"valueName\":\"search_term_string\"}}],\"inLanguage\":\"pt-BR\"},{\"@type\":\"Organization\",\"@id\":\"https:\/\/nazarene.org\/pt-br\/#organization\",\"name\":\"Church of the Nazarene\",\"url\":\"https:\/\/nazarene.org\/pt-br\/\",\"logo\":{\"@type\":\"ImageObject\",\"inLanguage\":\"pt-BR\",\"@id\":\"https:\/\/nazarene.org\/pt-br\/#\/schema\/logo\/image\/\",\"url\":\"https:\/\/nazarene.org\/wp-content\/uploads\/2024\/06\/Naz_Desktop_Black_Logo-1.svg\",\"contentUrl\":\"https:\/\/nazarene.org\/wp-content\/uploads\/2024\/06\/Naz_Desktop_Black_Logo-1.svg\",\"width\":258,\"height\":36,\"caption\":\"Church of the Nazarene\"},\"image\":{\"@id\":\"https:\/\/nazarene.org\/pt-br\/#\/schema\/logo\/image\/\"},\"sameAs\":[\"https:\/\/www.facebook.com\/NazareneOfficial\/\",\"https:\/\/x.com\/Nazarene\",\"https:\/\/www.instagram.com\/nazareneofficial\/\"]}]}<\/script>\n<!-- \/ Yoast SEO Premium plugin. -->","yoast_head_json":{"title":"L\u00edderes Lay: dezembro de 2020 - Church of the Nazarene","robots":{"index":"index","follow":"follow","max-snippet":"max-snippet:-1","max-image-preview":"max-image-preview:large","max-video-preview":"max-video-preview:-1"},"canonical":"https:\/\/nazarene.org\/pt-br\/news\/lideres-lay-dezembro-de-2020\/","og_locale":"pt_BR","og_type":"article","og_title":"L\u00edderes Lay: dezembro de 2020","og_description":"O Discipleship Place gostaria de parabenizar esses indiv\u00edduos por completar certificados e cursos de minist\u00e9rio leigo no m\u00eas de dezembro.","og_url":"https:\/\/nazarene.org\/pt-br\/news\/lideres-lay-dezembro-de-2020\/","og_site_name":"Church of the Nazarene","article_publisher":"https:\/\/www.facebook.com\/NazareneOfficial\/","twitter_card":"summary_large_image","twitter_site":"@Nazarene","schema":{"@context":"https:\/\/schema.org","@graph":[{"@type":"WebPage","@id":"https:\/\/nazarene.org\/pt-br\/news\/lideres-lay-dezembro-de-2020\/","url":"https:\/\/nazarene.org\/pt-br\/news\/lideres-lay-dezembro-de-2020\/","name":"L\u00edderes Lay: dezembro de 2020 - Church of the Nazarene","isPartOf":{"@id":"https:\/\/nazarene.org\/pt-br\/#website"},"primaryImageOfPage":{"@id":"https:\/\/nazarene.org\/pt-br\/news\/lideres-lay-dezembro-de-2020\/#primaryimage"},"image":{"@id":"https:\/\/nazarene.org\/pt-br\/news\/lideres-lay-dezembro-de-2020\/#primaryimage"},"thumbnailUrl":"https:\/\/nazarene.org\/wp-content\/uploads\/2025\/02\/The-Discipleship-place.jpg","datePublished":"2021-01-05T06:00:00+00:00","breadcrumb":{"@id":"https:\/\/nazarene.org\/pt-br\/news\/lideres-lay-dezembro-de-2020\/#breadcrumb"},"inLanguage":"pt-BR","potentialAction":[{"@type":"ReadAction","target":["https:\/\/nazarene.org\/pt-br\/news\/lideres-lay-dezembro-de-2020\/"]}]},{"@type":"ImageObject","inLanguage":"pt-BR","@id":"https:\/\/nazarene.org\/pt-br\/news\/lideres-lay-dezembro-de-2020\/#primaryimage","url":"https:\/\/nazarene.org\/wp-content\/uploads\/2025\/02\/The-Discipleship-place.jpg","contentUrl":"https:\/\/nazarene.org\/wp-content\/uploads\/2025\/02\/The-Discipleship-place.jpg","width":750,"height":400},{"@type":"BreadcrumbList","@id":"https:\/\/nazarene.org\/pt-br\/news\/lideres-lay-dezembro-de-2020\/#breadcrumb","itemListElement":[{"@type":"ListItem","position":1,"name":"Home","item":"https:\/\/nazarene.org\/pt-br\/"},{"@type":"ListItem","position":2,"name":"News","item":"https:\/\/nazarene.org\/pt-br\/news\/"},{"@type":"ListItem","position":3,"name":"L\u00edderes Lay: dezembro de 2020"}]},{"@type":"WebSite","@id":"https:\/\/nazarene.org\/pt-br\/#website","url":"https:\/\/nazarene.org\/pt-br\/","name":"Church of the Nazarene","description":"Making Christlike Disciples in the Nations","publisher":{"@id":"https:\/\/nazarene.org\/pt-br\/#organization"},"potentialAction":[{"@type":"SearchAction","target":{"@type":"EntryPoint","urlTemplate":"https:\/\/nazarene.org\/pt-br\/?s={search_term_string}"},"query-input":{"@type":"PropertyValueSpecification","valueRequired":true,"valueName":"search_term_string"}}],"inLanguage":"pt-BR"},{"@type":"Organization","@id":"https:\/\/nazarene.org\/pt-br\/#organization","name":"Church of the Nazarene","url":"https:\/\/nazarene.org\/pt-br\/","logo":{"@type":"ImageObject","inLanguage":"pt-BR","@id":"https:\/\/nazarene.org\/pt-br\/#\/schema\/logo\/image\/","url":"https:\/\/nazarene.org\/wp-content\/uploads\/2024\/06\/Naz_Desktop_Black_Logo-1.svg","contentUrl":"https:\/\/nazarene.org\/wp-content\/uploads\/2024\/06\/Naz_Desktop_Black_Logo-1.svg","width":258,"height":36,"caption":"Church of the Nazarene"},"image":{"@id":"https:\/\/nazarene.org\/pt-br\/#\/schema\/logo\/image\/"},"sameAs":["https:\/\/www.facebook.com\/NazareneOfficial\/","https:\/\/x.com\/Nazarene","https:\/\/www.instagram.com\/nazareneofficial\/"]}]}},"_links":{"self":[{"href":"https:\/\/nazarene.org\/pt-br\/wp-json\/wp\/v2\/news\/49341","targetHints":{"allow":["GET"]}}],"collection":[{"href":"https:\/\/nazarene.org\/pt-br\/wp-json\/wp\/v2\/news"}],"about":[{"href":"https:\/\/nazarene.org\/pt-br\/wp-json\/wp\/v2\/types\/news"}],"author":[{"embeddable":true,"href":"https:\/\/nazarene.org\/pt-br\/wp-json\/wp\/v2\/users\/1"}],"version-history":[{"count":0,"href":"https:\/\/nazarene.org\/pt-br\/wp-json\/wp\/v2\/news\/49341\/revisions"}],"wp:featuredmedia":[{"embeddable":true,"href":"https:\/\/nazarene.org\/pt-br\/wp-json\/wp\/v2\/media\/25641"}],"wp:attachment":[{"href":"https:\/\/nazarene.org\/pt-br\/wp-json\/wp\/v2\/media?parent=49341"}],"wp:term":[{"taxonomy":"news-categories","embeddable":true,"href":"https:\/\/nazarene.org\/pt-br\/wp-json\/wp\/v2\/news-categories?post=49341"},{"taxonomy":"news-region-taxonomy","embeddable":true,"href":"https:\/\/nazarene.org\/pt-br\/wp-json\/wp\/v2\/news-region-taxonomy?post=49341"},{"taxonomy":"news-tag","embeddable":true,"href":"https:\/\/nazarene.org\/pt-br\/wp-json\/wp\/v2\/news-tag?post=49341"}],"curies":[{"name":"wp","href":"https:\/\/api.w.org\/{rel}","templated":true}]}}