{"id":48965,"date":"2021-04-09T00:00:00","date_gmt":"2021-04-09T05:00:00","guid":{"rendered":"https:\/\/nazarene.org\/news\/treinamento-ncm-equipa-lideres-para-liderar-por-exemplo-em-saude-publica\/"},"modified":"2021-04-09T00:00:00","modified_gmt":"2021-04-09T05:00:00","slug":"treinamento-ncm-equipa-lideres-para-liderar-por-exemplo-em-saude-publica","status":"publish","type":"news","link":"https:\/\/nazarene.org\/pt-br\/news\/treinamento-ncm-equipa-lideres-para-liderar-por-exemplo-em-saude-publica\/","title":{"rendered":"Treinamento NCM equipa l\u00edderes para liderar por exemplo em sa\u00fade p\u00fablica"},"content":{"rendered":"<p>Pastores, superintendentes de distrito e coordenadores de Minist\u00e9rios Nazarenos Compassivos do Campo Central Norte de Mesoam\u00e9rica receberam uma s\u00e9rie de treinamentos sobre a import\u00e2ncia de se importar com a sa\u00fade de membros e suas comunidades.<\/p>\n<p>Os treinamentos foram realizados virtualmente todas as quintas-feiras em mar\u00e7o. Participantes foram incentivados a se envolver no bem-estar e sa\u00fade de seus membros e comunidades. Os profissionais de sa\u00fade participantes foram incentivados a participar ativamente de educar suas congrega\u00e7\u00f5es sobre quest\u00f5es de sa\u00fade importantes.<\/p>\n<p>Os treinamentos foram desenvolvidos pelo Dr. Ren\u00e9 Rivas, coordenador NCM do Distrito Central da Guatemala, junto com outros m\u00e9dicos na \u00e1rea como Dr. Georgina Rivas de El Salvador, Dr. Vladimir Mayes de Honduras, e convidados especiais do M\u00e9xico.<\/p>\n<p>Agrade\u00e7o a Deus porque Ele me permite usar minha profiss\u00e3o para desenvolver um minist\u00e9rio de servi\u00e7o para pessoas com necessidades diferentes, mas especialmente com problemas de sa\u00fade&#8221;, disse Dr. Rivas.&nbsp;<\/p>\n<p>Ele tamb\u00e9m expressou sua gratid\u00e3o para a chance de compartilhar seu conhecimento com os coordenadores NCM para que eles possam servir melhor suas comunidades.<\/p>\n<p>Os t\u00f3picos do treinamento foram: A igreja e cuidado de sa\u00fade, Como organizar brigadas m\u00e9dicas, log\u00edstica de Brigada e resposta em tempos de pandemia, Malnutri\u00e7\u00e3o e problemas de sa\u00fade, e Por que o cuidado e cuidado de animais dom\u00e9sticos e adotivos \u00e9 importante?&nbsp;<\/p>\n<p>Damaris Kellogg, o coordenador de campo NCM, disse que discutir cuidado animal intrigou os participantes desde que n\u00e3o \u00e9 um t\u00f3pico muito comum.&nbsp;<\/p>\n<p>Muitos de nossos membros t\u00eam animais de reprodu\u00e7\u00e3o para vender, dos quais eles obt\u00eam recursos para viver&#8221;, disse Kellogg. Tomar bom cuidado desses animais lhes dar\u00e1 um retorno melhor em seu investimento.<\/p>\n<p>Os participantes estavam animados sobre as informa\u00e7\u00f5es com as quais eles estavam equipados e esperam compartilhar e implementar o que eles aprenderam.<\/p>\n<p>Fomos treinados para que possamos continuar a compartilhar a mensagem de esperan\u00e7a de uma maneira integral&#8221;, disse Rexcenbrik Aguilar, um pastor e coordenador de NCM em Honduras. [Eles] nos forneceram recursos valiosos cheios de experi\u00eancia e ideias, bem como conselhos e testemunho poderosos. Nos sentimos desafiados a compartilhar essas estrat\u00e9gias para nossa igreja para que eles tamb\u00e9m possam ser parte deste trabalho de compaix\u00e3o e trazer esperan\u00e7a em meio ao desespero em uma sociedade onde todos os dias h\u00e1 menos oportunidades para desfrutar e receber cuidado m\u00e9dico.<br \/>\n<a href=\"mesoamericaregion.org\" target=\"_blank\">Igreja do Nazareno Mesoam\u00e9rica<\/a><\/p>\n","protected":false},"excerpt":{"rendered":"<p>Pastores, superintendentes de distrito e coordenadores de Minist\u00e9rios Nazarenos Compassivos do Campo Central Norte de Mesoam\u00e9rica receberam uma s\u00e9rie de treinamentos sobre a import\u00e2ncia de se importar com a sa\u00fade de membros e suas comunidades.<\/p>\n","protected":false},"author":1,"featured_media":27201,"menu_order":0,"template":"","news-categories":[],"news-region-taxonomy":[],"news-tag":[1389],"class_list":["post-48965","news","type-news","status-publish","has-post-thumbnail","hentry","news-tag-mesoamerica-pt-br"],"yoast_head":"<!-- This site is optimized with the Yoast SEO Premium plugin v27.1 (Yoast SEO v27.1.1) - https:\/\/yoast.com\/product\/yoast-seo-premium-wordpress\/ -->\n<title>Treinamento NCM equipa l\u00edderes para liderar por exemplo em sa\u00fade p\u00fablica - Church of the Nazarene<\/title>\n<meta name=\"robots\" content=\"index, follow, max-snippet:-1, max-image-preview:large, max-video-preview:-1\" \/>\n<link rel=\"canonical\" href=\"https:\/\/nazarene.org\/pt-br\/news\/treinamento-ncm-equipa-lideres-para-liderar-por-exemplo-em-saude-publica\/\" \/>\n<meta property=\"og:locale\" content=\"pt_BR\" \/>\n<meta property=\"og:type\" content=\"article\" \/>\n<meta property=\"og:title\" content=\"Treinamento NCM equipa l\u00edderes para liderar por exemplo em sa\u00fade p\u00fablica\" \/>\n<meta property=\"og:description\" content=\"Pastores, superintendentes de distrito e coordenadores de Minist\u00e9rios Nazarenos Compassivos do Campo Central Norte de Mesoam\u00e9rica receberam uma s\u00e9rie de treinamentos sobre a import\u00e2ncia de se importar com a sa\u00fade de membros e suas comunidades.\" \/>\n<meta property=\"og:url\" content=\"https:\/\/nazarene.org\/pt-br\/news\/treinamento-ncm-equipa-lideres-para-liderar-por-exemplo-em-saude-publica\/\" \/>\n<meta property=\"og:site_name\" content=\"Church of the Nazarene\" \/>\n<meta property=\"article:publisher\" content=\"https:\/\/www.facebook.com\/NazareneOfficial\/\" \/>\n<meta name=\"twitter:card\" content=\"summary_large_image\" \/>\n<meta name=\"twitter:site\" content=\"@Nazarene\" \/>\n<script type=\"application\/ld+json\" class=\"yoast-schema-graph\">{\"@context\":\"https:\/\/schema.org\",\"@graph\":[{\"@type\":\"WebPage\",\"@id\":\"https:\/\/nazarene.org\/pt-br\/news\/treinamento-ncm-equipa-lideres-para-liderar-por-exemplo-em-saude-publica\/\",\"url\":\"https:\/\/nazarene.org\/pt-br\/news\/treinamento-ncm-equipa-lideres-para-liderar-por-exemplo-em-saude-publica\/\",\"name\":\"Treinamento NCM equipa l\u00edderes para liderar por exemplo em sa\u00fade p\u00fablica - Church of the Nazarene\",\"isPartOf\":{\"@id\":\"https:\/\/nazarene.org\/pt-br\/#website\"},\"primaryImageOfPage\":{\"@id\":\"https:\/\/nazarene.org\/pt-br\/news\/treinamento-ncm-equipa-lideres-para-liderar-por-exemplo-em-saude-publica\/#primaryimage\"},\"image\":{\"@id\":\"https:\/\/nazarene.org\/pt-br\/news\/treinamento-ncm-equipa-lideres-para-liderar-por-exemplo-em-saude-publica\/#primaryimage\"},\"thumbnailUrl\":\"https:\/\/nazarene.org\/wp-content\/uploads\/2025\/02\/Meso-NCM-training.png\",\"datePublished\":\"2021-04-09T05:00:00+00:00\",\"breadcrumb\":{\"@id\":\"https:\/\/nazarene.org\/pt-br\/news\/treinamento-ncm-equipa-lideres-para-liderar-por-exemplo-em-saude-publica\/#breadcrumb\"},\"inLanguage\":\"pt-BR\",\"potentialAction\":[{\"@type\":\"ReadAction\",\"target\":[\"https:\/\/nazarene.org\/pt-br\/news\/treinamento-ncm-equipa-lideres-para-liderar-por-exemplo-em-saude-publica\/\"]}]},{\"@type\":\"ImageObject\",\"inLanguage\":\"pt-BR\",\"@id\":\"https:\/\/nazarene.org\/pt-br\/news\/treinamento-ncm-equipa-lideres-para-liderar-por-exemplo-em-saude-publica\/#primaryimage\",\"url\":\"https:\/\/nazarene.org\/wp-content\/uploads\/2025\/02\/Meso-NCM-training.png\",\"contentUrl\":\"https:\/\/nazarene.org\/wp-content\/uploads\/2025\/02\/Meso-NCM-training.png\",\"width\":750,\"height\":400},{\"@type\":\"BreadcrumbList\",\"@id\":\"https:\/\/nazarene.org\/pt-br\/news\/treinamento-ncm-equipa-lideres-para-liderar-por-exemplo-em-saude-publica\/#breadcrumb\",\"itemListElement\":[{\"@type\":\"ListItem\",\"position\":1,\"name\":\"Home\",\"item\":\"https:\/\/nazarene.org\/pt-br\/\"},{\"@type\":\"ListItem\",\"position\":2,\"name\":\"News\",\"item\":\"https:\/\/nazarene.org\/pt-br\/news\/\"},{\"@type\":\"ListItem\",\"position\":3,\"name\":\"Treinamento NCM equipa l\u00edderes para liderar por exemplo em sa\u00fade p\u00fablica\"}]},{\"@type\":\"WebSite\",\"@id\":\"https:\/\/nazarene.org\/pt-br\/#website\",\"url\":\"https:\/\/nazarene.org\/pt-br\/\",\"name\":\"Church of the Nazarene\",\"description\":\"Making Christlike Disciples in the Nations\",\"publisher\":{\"@id\":\"https:\/\/nazarene.org\/pt-br\/#organization\"},\"potentialAction\":[{\"@type\":\"SearchAction\",\"target\":{\"@type\":\"EntryPoint\",\"urlTemplate\":\"https:\/\/nazarene.org\/pt-br\/?s={search_term_string}\"},\"query-input\":{\"@type\":\"PropertyValueSpecification\",\"valueRequired\":true,\"valueName\":\"search_term_string\"}}],\"inLanguage\":\"pt-BR\"},{\"@type\":\"Organization\",\"@id\":\"https:\/\/nazarene.org\/pt-br\/#organization\",\"name\":\"Church of the Nazarene\",\"url\":\"https:\/\/nazarene.org\/pt-br\/\",\"logo\":{\"@type\":\"ImageObject\",\"inLanguage\":\"pt-BR\",\"@id\":\"https:\/\/nazarene.org\/pt-br\/#\/schema\/logo\/image\/\",\"url\":\"https:\/\/nazarene.org\/wp-content\/uploads\/2024\/06\/Naz_Desktop_Black_Logo-1.svg\",\"contentUrl\":\"https:\/\/nazarene.org\/wp-content\/uploads\/2024\/06\/Naz_Desktop_Black_Logo-1.svg\",\"width\":258,\"height\":36,\"caption\":\"Church of the Nazarene\"},\"image\":{\"@id\":\"https:\/\/nazarene.org\/pt-br\/#\/schema\/logo\/image\/\"},\"sameAs\":[\"https:\/\/www.facebook.com\/NazareneOfficial\/\",\"https:\/\/x.com\/Nazarene\",\"https:\/\/www.instagram.com\/nazareneofficial\/\"]}]}<\/script>\n<!-- \/ Yoast SEO Premium plugin. -->","yoast_head_json":{"title":"Treinamento NCM equipa l\u00edderes para liderar por exemplo em sa\u00fade p\u00fablica - Church of the Nazarene","robots":{"index":"index","follow":"follow","max-snippet":"max-snippet:-1","max-image-preview":"max-image-preview:large","max-video-preview":"max-video-preview:-1"},"canonical":"https:\/\/nazarene.org\/pt-br\/news\/treinamento-ncm-equipa-lideres-para-liderar-por-exemplo-em-saude-publica\/","og_locale":"pt_BR","og_type":"article","og_title":"Treinamento NCM equipa l\u00edderes para liderar por exemplo em sa\u00fade p\u00fablica","og_description":"Pastores, superintendentes de distrito e coordenadores de Minist\u00e9rios Nazarenos Compassivos do Campo Central Norte de Mesoam\u00e9rica receberam uma s\u00e9rie de treinamentos sobre a import\u00e2ncia de se importar com a sa\u00fade de membros e suas comunidades.","og_url":"https:\/\/nazarene.org\/pt-br\/news\/treinamento-ncm-equipa-lideres-para-liderar-por-exemplo-em-saude-publica\/","og_site_name":"Church of the Nazarene","article_publisher":"https:\/\/www.facebook.com\/NazareneOfficial\/","twitter_card":"summary_large_image","twitter_site":"@Nazarene","schema":{"@context":"https:\/\/schema.org","@graph":[{"@type":"WebPage","@id":"https:\/\/nazarene.org\/pt-br\/news\/treinamento-ncm-equipa-lideres-para-liderar-por-exemplo-em-saude-publica\/","url":"https:\/\/nazarene.org\/pt-br\/news\/treinamento-ncm-equipa-lideres-para-liderar-por-exemplo-em-saude-publica\/","name":"Treinamento NCM equipa l\u00edderes para liderar por exemplo em sa\u00fade p\u00fablica - Church of the Nazarene","isPartOf":{"@id":"https:\/\/nazarene.org\/pt-br\/#website"},"primaryImageOfPage":{"@id":"https:\/\/nazarene.org\/pt-br\/news\/treinamento-ncm-equipa-lideres-para-liderar-por-exemplo-em-saude-publica\/#primaryimage"},"image":{"@id":"https:\/\/nazarene.org\/pt-br\/news\/treinamento-ncm-equipa-lideres-para-liderar-por-exemplo-em-saude-publica\/#primaryimage"},"thumbnailUrl":"https:\/\/nazarene.org\/wp-content\/uploads\/2025\/02\/Meso-NCM-training.png","datePublished":"2021-04-09T05:00:00+00:00","breadcrumb":{"@id":"https:\/\/nazarene.org\/pt-br\/news\/treinamento-ncm-equipa-lideres-para-liderar-por-exemplo-em-saude-publica\/#breadcrumb"},"inLanguage":"pt-BR","potentialAction":[{"@type":"ReadAction","target":["https:\/\/nazarene.org\/pt-br\/news\/treinamento-ncm-equipa-lideres-para-liderar-por-exemplo-em-saude-publica\/"]}]},{"@type":"ImageObject","inLanguage":"pt-BR","@id":"https:\/\/nazarene.org\/pt-br\/news\/treinamento-ncm-equipa-lideres-para-liderar-por-exemplo-em-saude-publica\/#primaryimage","url":"https:\/\/nazarene.org\/wp-content\/uploads\/2025\/02\/Meso-NCM-training.png","contentUrl":"https:\/\/nazarene.org\/wp-content\/uploads\/2025\/02\/Meso-NCM-training.png","width":750,"height":400},{"@type":"BreadcrumbList","@id":"https:\/\/nazarene.org\/pt-br\/news\/treinamento-ncm-equipa-lideres-para-liderar-por-exemplo-em-saude-publica\/#breadcrumb","itemListElement":[{"@type":"ListItem","position":1,"name":"Home","item":"https:\/\/nazarene.org\/pt-br\/"},{"@type":"ListItem","position":2,"name":"News","item":"https:\/\/nazarene.org\/pt-br\/news\/"},{"@type":"ListItem","position":3,"name":"Treinamento NCM equipa l\u00edderes para liderar por exemplo em sa\u00fade p\u00fablica"}]},{"@type":"WebSite","@id":"https:\/\/nazarene.org\/pt-br\/#website","url":"https:\/\/nazarene.org\/pt-br\/","name":"Church of the Nazarene","description":"Making Christlike Disciples in the Nations","publisher":{"@id":"https:\/\/nazarene.org\/pt-br\/#organization"},"potentialAction":[{"@type":"SearchAction","target":{"@type":"EntryPoint","urlTemplate":"https:\/\/nazarene.org\/pt-br\/?s={search_term_string}"},"query-input":{"@type":"PropertyValueSpecification","valueRequired":true,"valueName":"search_term_string"}}],"inLanguage":"pt-BR"},{"@type":"Organization","@id":"https:\/\/nazarene.org\/pt-br\/#organization","name":"Church of the Nazarene","url":"https:\/\/nazarene.org\/pt-br\/","logo":{"@type":"ImageObject","inLanguage":"pt-BR","@id":"https:\/\/nazarene.org\/pt-br\/#\/schema\/logo\/image\/","url":"https:\/\/nazarene.org\/wp-content\/uploads\/2024\/06\/Naz_Desktop_Black_Logo-1.svg","contentUrl":"https:\/\/nazarene.org\/wp-content\/uploads\/2024\/06\/Naz_Desktop_Black_Logo-1.svg","width":258,"height":36,"caption":"Church of the Nazarene"},"image":{"@id":"https:\/\/nazarene.org\/pt-br\/#\/schema\/logo\/image\/"},"sameAs":["https:\/\/www.facebook.com\/NazareneOfficial\/","https:\/\/x.com\/Nazarene","https:\/\/www.instagram.com\/nazareneofficial\/"]}]}},"_links":{"self":[{"href":"https:\/\/nazarene.org\/pt-br\/wp-json\/wp\/v2\/news\/48965","targetHints":{"allow":["GET"]}}],"collection":[{"href":"https:\/\/nazarene.org\/pt-br\/wp-json\/wp\/v2\/news"}],"about":[{"href":"https:\/\/nazarene.org\/pt-br\/wp-json\/wp\/v2\/types\/news"}],"author":[{"embeddable":true,"href":"https:\/\/nazarene.org\/pt-br\/wp-json\/wp\/v2\/users\/1"}],"version-history":[{"count":0,"href":"https:\/\/nazarene.org\/pt-br\/wp-json\/wp\/v2\/news\/48965\/revisions"}],"wp:featuredmedia":[{"embeddable":true,"href":"https:\/\/nazarene.org\/pt-br\/wp-json\/wp\/v2\/media\/27201"}],"wp:attachment":[{"href":"https:\/\/nazarene.org\/pt-br\/wp-json\/wp\/v2\/media?parent=48965"}],"wp:term":[{"taxonomy":"news-categories","embeddable":true,"href":"https:\/\/nazarene.org\/pt-br\/wp-json\/wp\/v2\/news-categories?post=48965"},{"taxonomy":"news-region-taxonomy","embeddable":true,"href":"https:\/\/nazarene.org\/pt-br\/wp-json\/wp\/v2\/news-region-taxonomy?post=48965"},{"taxonomy":"news-tag","embeddable":true,"href":"https:\/\/nazarene.org\/pt-br\/wp-json\/wp\/v2\/news-tag?post=48965"}],"curies":[{"name":"wp","href":"https:\/\/api.w.org\/{rel}","templated":true}]}}