{"id":48904,"date":"2021-04-29T00:00:00","date_gmt":"2021-04-29T05:00:00","guid":{"rendered":"https:\/\/nazarene.org\/news\/nazarenos-respondem-a-crise-migratoria-em-honduras\/"},"modified":"2021-04-29T00:00:00","modified_gmt":"2021-04-29T05:00:00","slug":"nazarenos-respondem-a-crise-migratoria-em-honduras","status":"publish","type":"news","link":"https:\/\/nazarene.org\/pt-br\/news\/nazarenos-respondem-a-crise-migratoria-em-honduras\/","title":{"rendered":"Nazarenos respondem \u00e0 crise migrat\u00f3ria em Honduras"},"content":{"rendered":"<p>Caravanas migrat\u00f3rias maci\u00e7as s\u00e3o frequentes no Campo Central Mesoam\u00e9rica Norte, que inclui Guatemala, El Salvador, Nicar\u00e1gua e Honduras. D\u00e1maris Kellogg, coordenador de campo NCM, diz que nos \u00faltimos quatro anos, aproximadamente 20.000 pessoas passaram por esta \u00e1rea.&nbsp;<\/p>\n<p>A Igreja do Nazareno tem sido como um farol para muitas dessas pessoas&#8221;, disse Kellogg.<\/p>\n<p>Igrejas &nbsp;locais est\u00e3o fornecendo comida, roupas, sapatos, medicina ou um lugar para passar a noite. Al\u00e9m disso, a igreja tamb\u00e9m ofereceu palavras de esperan\u00e7a com a mensagem de salva\u00e7\u00e3o.<\/p>\n<p>A equipe NCM Honduras e seu coordenador de distrito, Rexcenbrik Aguilar, se mobilizaram para responder \u00e0queles que est\u00e3o em tr\u00e2nsito. Eles prepararam e entregaram 250 kits de emerg\u00eancia com itens de higiene e sa\u00fade e seguran\u00e7a, e 500 mais est\u00e3o prontos para ser entregues nos pr\u00f3ximos dias.<\/p>\n<p>A Igreja do Nazareno abriu edif\u00edcios em Trojes e El Para\u00edso, fornecendo comida e um lugar para dormir. Em Trojes, eles abrigaram 115 fam\u00edlias e 12 fam\u00edlias em El Para\u00edso.<\/p>\n<p>Que b\u00ean\u00e7\u00e3o tem sido ver as imagens de pessoas de nossa igreja compartilhando um prato de comida com pessoas estrangeiras&#8221;, disse Kellogg.<\/p>\n<p>Um grupo de cerca de 800 pessoas do Haiti chegou recentemente no sul de Honduras. Pastor Mercedes Carranza da Igreja do Nazareno em Trojes, junto com pastores de 12 outras igrejas crist\u00e3s, organizados para hospedar v\u00e1rias pessoas em seus edif\u00edcios.<\/p>\n<p>Sa\u00fal, um dos haitianos, disse que eles encontraram &#8220;boas pessoas&#8221; em Trojes que os mostraram amor e que os ajudaram com suas necessidades. Ele explicou que a maioria no grupo veio do Chile e tinha uma jornada muito dif\u00edcil preenchida com experi\u00eancias dolorosas que s\u00e3o dif\u00edceis de compartilhar.<\/p>\n<p>L\u00edderes NCM Regionais e Honduras se reuniram para realizar um plano de resposta abrangente para os migrantes. A reuni\u00e3o incluiu superintendentes de Honduras e Guatemala, pastores e l\u00edderes NCM locais, um agente do Minist\u00e9rio de Migra\u00e7\u00e3o Hondurenho, e o coordenador regional NCM, Dhariana Balbuena.&nbsp;<\/p>\n<p>Vemos seu sofrimento, e tamb\u00e9m vemos como outras pessoas se aproveitam deles e os ferem&#8221;, disse Kellogg. O testemunho de Sa\u00fal nos ajudou a entender melhor suas necessidades f\u00edsicas, morais e espirituais. Aprendemos que, al\u00e9m de suas necessidades f\u00edsicas, \u00e9 muito importante fornecer-lhes as informa\u00e7\u00f5es legais que eles precisam para uma transi\u00e7\u00e3o segura.<\/p>\n<p>Os superintendentes de dois distritos na \u00e1rea de fronteira entre Guatemala e Honduras tamb\u00e9m est\u00e3o ajudando muitos dos migrantes com comida ou acomoda\u00e7\u00e3o.<\/p>\n<p>L\u00edderes regionais NCM planejaram conduzir uma s\u00e9rie de treinamentos para l\u00edderes de igreja para que eles possam apoiar aqueles em necessidade que passam por suas ruas e comunidades.<\/p>\n<p>Deixe-nos orar por essas pessoas, para sua seguran\u00e7a na jornada e sabedoria para eles&#8221;, disse Kellogg. Deixe-nos orar para as igrejas que fornecem apoio e para os recursos que s\u00e3o necess\u00e1rios para atender \u00e0s necessidades.<\/p>\n<p><a href=\"mesoamericaregion.org\" target=\"_blank\">Igreja do Nazareno Mesoam\u00e9rica<\/a><\/p>\n","protected":false},"excerpt":{"rendered":"<p>Caravanas migrat\u00f3rias maci\u00e7as s\u00e3o frequentes no Campo Central Mesoam\u00e9rica Norte. Igrejas locais est\u00e3o fornecendo comida, roupas, sapatos, medicina ou um lugar para passar a noite, al\u00e9m de encorajamento e uma mensagem de salva\u00e7\u00e3o.<\/p>\n","protected":false},"author":1,"featured_media":27269,"menu_order":0,"template":"","news-categories":[],"news-region-taxonomy":[],"news-tag":[1742,796,849],"class_list":["post-48904","news","type-news","status-publish","has-post-thumbnail","hentry","news-tag-honduras-pt-br","news-tag-ncm-pt-br","news-tag-regiao-mesoamerica"],"yoast_head":"<!-- This site is optimized with the Yoast SEO Premium plugin v27.1 (Yoast SEO v27.1.1) - https:\/\/yoast.com\/product\/yoast-seo-premium-wordpress\/ -->\n<title>Nazarenos respondem \u00e0 crise migrat\u00f3ria em Honduras - Church of the Nazarene<\/title>\n<meta name=\"robots\" content=\"index, follow, max-snippet:-1, max-image-preview:large, max-video-preview:-1\" \/>\n<link rel=\"canonical\" href=\"https:\/\/nazarene.org\/pt-br\/news\/nazarenos-respondem-a-crise-migratoria-em-honduras\/\" \/>\n<meta property=\"og:locale\" content=\"pt_BR\" \/>\n<meta property=\"og:type\" content=\"article\" \/>\n<meta property=\"og:title\" content=\"Nazarenos respondem \u00e0 crise migrat\u00f3ria em Honduras\" \/>\n<meta property=\"og:description\" content=\"Caravanas migrat\u00f3rias maci\u00e7as s\u00e3o frequentes no Campo Central Mesoam\u00e9rica Norte. Igrejas locais est\u00e3o fornecendo comida, roupas, sapatos, medicina ou um lugar para passar a noite, al\u00e9m de encorajamento e uma mensagem de salva\u00e7\u00e3o.\" \/>\n<meta property=\"og:url\" content=\"https:\/\/nazarene.org\/pt-br\/news\/nazarenos-respondem-a-crise-migratoria-em-honduras\/\" \/>\n<meta property=\"og:site_name\" content=\"Church of the Nazarene\" \/>\n<meta property=\"article:publisher\" content=\"https:\/\/www.facebook.com\/NazareneOfficial\/\" \/>\n<meta name=\"twitter:card\" content=\"summary_large_image\" \/>\n<meta name=\"twitter:site\" content=\"@Nazarene\" \/>\n<script type=\"application\/ld+json\" class=\"yoast-schema-graph\">{\"@context\":\"https:\/\/schema.org\",\"@graph\":[{\"@type\":\"WebPage\",\"@id\":\"https:\/\/nazarene.org\/pt-br\/news\/nazarenos-respondem-a-crise-migratoria-em-honduras\/\",\"url\":\"https:\/\/nazarene.org\/pt-br\/news\/nazarenos-respondem-a-crise-migratoria-em-honduras\/\",\"name\":\"Nazarenos respondem \u00e0 crise migrat\u00f3ria em Honduras - Church of the Nazarene\",\"isPartOf\":{\"@id\":\"https:\/\/nazarene.org\/pt-br\/#website\"},\"primaryImageOfPage\":{\"@id\":\"https:\/\/nazarene.org\/pt-br\/news\/nazarenos-respondem-a-crise-migratoria-em-honduras\/#primaryimage\"},\"image\":{\"@id\":\"https:\/\/nazarene.org\/pt-br\/news\/nazarenos-respondem-a-crise-migratoria-em-honduras\/#primaryimage\"},\"thumbnailUrl\":\"https:\/\/nazarene.org\/wp-content\/uploads\/2025\/02\/Honduras-Migrant-Crisis.png\",\"datePublished\":\"2021-04-29T05:00:00+00:00\",\"breadcrumb\":{\"@id\":\"https:\/\/nazarene.org\/pt-br\/news\/nazarenos-respondem-a-crise-migratoria-em-honduras\/#breadcrumb\"},\"inLanguage\":\"pt-BR\",\"potentialAction\":[{\"@type\":\"ReadAction\",\"target\":[\"https:\/\/nazarene.org\/pt-br\/news\/nazarenos-respondem-a-crise-migratoria-em-honduras\/\"]}]},{\"@type\":\"ImageObject\",\"inLanguage\":\"pt-BR\",\"@id\":\"https:\/\/nazarene.org\/pt-br\/news\/nazarenos-respondem-a-crise-migratoria-em-honduras\/#primaryimage\",\"url\":\"https:\/\/nazarene.org\/wp-content\/uploads\/2025\/02\/Honduras-Migrant-Crisis.png\",\"contentUrl\":\"https:\/\/nazarene.org\/wp-content\/uploads\/2025\/02\/Honduras-Migrant-Crisis.png\",\"width\":750,\"height\":400},{\"@type\":\"BreadcrumbList\",\"@id\":\"https:\/\/nazarene.org\/pt-br\/news\/nazarenos-respondem-a-crise-migratoria-em-honduras\/#breadcrumb\",\"itemListElement\":[{\"@type\":\"ListItem\",\"position\":1,\"name\":\"Home\",\"item\":\"https:\/\/nazarene.org\/pt-br\/\"},{\"@type\":\"ListItem\",\"position\":2,\"name\":\"News\",\"item\":\"https:\/\/nazarene.org\/pt-br\/news\/\"},{\"@type\":\"ListItem\",\"position\":3,\"name\":\"Nazarenos respondem \u00e0 crise migrat\u00f3ria em Honduras\"}]},{\"@type\":\"WebSite\",\"@id\":\"https:\/\/nazarene.org\/pt-br\/#website\",\"url\":\"https:\/\/nazarene.org\/pt-br\/\",\"name\":\"Church of the Nazarene\",\"description\":\"Making Christlike Disciples in the Nations\",\"publisher\":{\"@id\":\"https:\/\/nazarene.org\/pt-br\/#organization\"},\"potentialAction\":[{\"@type\":\"SearchAction\",\"target\":{\"@type\":\"EntryPoint\",\"urlTemplate\":\"https:\/\/nazarene.org\/pt-br\/?s={search_term_string}\"},\"query-input\":{\"@type\":\"PropertyValueSpecification\",\"valueRequired\":true,\"valueName\":\"search_term_string\"}}],\"inLanguage\":\"pt-BR\"},{\"@type\":\"Organization\",\"@id\":\"https:\/\/nazarene.org\/pt-br\/#organization\",\"name\":\"Church of the Nazarene\",\"url\":\"https:\/\/nazarene.org\/pt-br\/\",\"logo\":{\"@type\":\"ImageObject\",\"inLanguage\":\"pt-BR\",\"@id\":\"https:\/\/nazarene.org\/pt-br\/#\/schema\/logo\/image\/\",\"url\":\"https:\/\/nazarene.org\/wp-content\/uploads\/2024\/06\/Naz_Desktop_Black_Logo-1.svg\",\"contentUrl\":\"https:\/\/nazarene.org\/wp-content\/uploads\/2024\/06\/Naz_Desktop_Black_Logo-1.svg\",\"width\":258,\"height\":36,\"caption\":\"Church of the Nazarene\"},\"image\":{\"@id\":\"https:\/\/nazarene.org\/pt-br\/#\/schema\/logo\/image\/\"},\"sameAs\":[\"https:\/\/www.facebook.com\/NazareneOfficial\/\",\"https:\/\/x.com\/Nazarene\",\"https:\/\/www.instagram.com\/nazareneofficial\/\"]}]}<\/script>\n<!-- \/ Yoast SEO Premium plugin. -->","yoast_head_json":{"title":"Nazarenos respondem \u00e0 crise migrat\u00f3ria em Honduras - Church of the Nazarene","robots":{"index":"index","follow":"follow","max-snippet":"max-snippet:-1","max-image-preview":"max-image-preview:large","max-video-preview":"max-video-preview:-1"},"canonical":"https:\/\/nazarene.org\/pt-br\/news\/nazarenos-respondem-a-crise-migratoria-em-honduras\/","og_locale":"pt_BR","og_type":"article","og_title":"Nazarenos respondem \u00e0 crise migrat\u00f3ria em Honduras","og_description":"Caravanas migrat\u00f3rias maci\u00e7as s\u00e3o frequentes no Campo Central Mesoam\u00e9rica Norte. Igrejas locais est\u00e3o fornecendo comida, roupas, sapatos, medicina ou um lugar para passar a noite, al\u00e9m de encorajamento e uma mensagem de salva\u00e7\u00e3o.","og_url":"https:\/\/nazarene.org\/pt-br\/news\/nazarenos-respondem-a-crise-migratoria-em-honduras\/","og_site_name":"Church of the Nazarene","article_publisher":"https:\/\/www.facebook.com\/NazareneOfficial\/","twitter_card":"summary_large_image","twitter_site":"@Nazarene","schema":{"@context":"https:\/\/schema.org","@graph":[{"@type":"WebPage","@id":"https:\/\/nazarene.org\/pt-br\/news\/nazarenos-respondem-a-crise-migratoria-em-honduras\/","url":"https:\/\/nazarene.org\/pt-br\/news\/nazarenos-respondem-a-crise-migratoria-em-honduras\/","name":"Nazarenos respondem \u00e0 crise migrat\u00f3ria em Honduras - Church of the Nazarene","isPartOf":{"@id":"https:\/\/nazarene.org\/pt-br\/#website"},"primaryImageOfPage":{"@id":"https:\/\/nazarene.org\/pt-br\/news\/nazarenos-respondem-a-crise-migratoria-em-honduras\/#primaryimage"},"image":{"@id":"https:\/\/nazarene.org\/pt-br\/news\/nazarenos-respondem-a-crise-migratoria-em-honduras\/#primaryimage"},"thumbnailUrl":"https:\/\/nazarene.org\/wp-content\/uploads\/2025\/02\/Honduras-Migrant-Crisis.png","datePublished":"2021-04-29T05:00:00+00:00","breadcrumb":{"@id":"https:\/\/nazarene.org\/pt-br\/news\/nazarenos-respondem-a-crise-migratoria-em-honduras\/#breadcrumb"},"inLanguage":"pt-BR","potentialAction":[{"@type":"ReadAction","target":["https:\/\/nazarene.org\/pt-br\/news\/nazarenos-respondem-a-crise-migratoria-em-honduras\/"]}]},{"@type":"ImageObject","inLanguage":"pt-BR","@id":"https:\/\/nazarene.org\/pt-br\/news\/nazarenos-respondem-a-crise-migratoria-em-honduras\/#primaryimage","url":"https:\/\/nazarene.org\/wp-content\/uploads\/2025\/02\/Honduras-Migrant-Crisis.png","contentUrl":"https:\/\/nazarene.org\/wp-content\/uploads\/2025\/02\/Honduras-Migrant-Crisis.png","width":750,"height":400},{"@type":"BreadcrumbList","@id":"https:\/\/nazarene.org\/pt-br\/news\/nazarenos-respondem-a-crise-migratoria-em-honduras\/#breadcrumb","itemListElement":[{"@type":"ListItem","position":1,"name":"Home","item":"https:\/\/nazarene.org\/pt-br\/"},{"@type":"ListItem","position":2,"name":"News","item":"https:\/\/nazarene.org\/pt-br\/news\/"},{"@type":"ListItem","position":3,"name":"Nazarenos respondem \u00e0 crise migrat\u00f3ria em Honduras"}]},{"@type":"WebSite","@id":"https:\/\/nazarene.org\/pt-br\/#website","url":"https:\/\/nazarene.org\/pt-br\/","name":"Church of the Nazarene","description":"Making Christlike Disciples in the Nations","publisher":{"@id":"https:\/\/nazarene.org\/pt-br\/#organization"},"potentialAction":[{"@type":"SearchAction","target":{"@type":"EntryPoint","urlTemplate":"https:\/\/nazarene.org\/pt-br\/?s={search_term_string}"},"query-input":{"@type":"PropertyValueSpecification","valueRequired":true,"valueName":"search_term_string"}}],"inLanguage":"pt-BR"},{"@type":"Organization","@id":"https:\/\/nazarene.org\/pt-br\/#organization","name":"Church of the Nazarene","url":"https:\/\/nazarene.org\/pt-br\/","logo":{"@type":"ImageObject","inLanguage":"pt-BR","@id":"https:\/\/nazarene.org\/pt-br\/#\/schema\/logo\/image\/","url":"https:\/\/nazarene.org\/wp-content\/uploads\/2024\/06\/Naz_Desktop_Black_Logo-1.svg","contentUrl":"https:\/\/nazarene.org\/wp-content\/uploads\/2024\/06\/Naz_Desktop_Black_Logo-1.svg","width":258,"height":36,"caption":"Church of the Nazarene"},"image":{"@id":"https:\/\/nazarene.org\/pt-br\/#\/schema\/logo\/image\/"},"sameAs":["https:\/\/www.facebook.com\/NazareneOfficial\/","https:\/\/x.com\/Nazarene","https:\/\/www.instagram.com\/nazareneofficial\/"]}]}},"_links":{"self":[{"href":"https:\/\/nazarene.org\/pt-br\/wp-json\/wp\/v2\/news\/48904","targetHints":{"allow":["GET"]}}],"collection":[{"href":"https:\/\/nazarene.org\/pt-br\/wp-json\/wp\/v2\/news"}],"about":[{"href":"https:\/\/nazarene.org\/pt-br\/wp-json\/wp\/v2\/types\/news"}],"author":[{"embeddable":true,"href":"https:\/\/nazarene.org\/pt-br\/wp-json\/wp\/v2\/users\/1"}],"version-history":[{"count":0,"href":"https:\/\/nazarene.org\/pt-br\/wp-json\/wp\/v2\/news\/48904\/revisions"}],"wp:featuredmedia":[{"embeddable":true,"href":"https:\/\/nazarene.org\/pt-br\/wp-json\/wp\/v2\/media\/27269"}],"wp:attachment":[{"href":"https:\/\/nazarene.org\/pt-br\/wp-json\/wp\/v2\/media?parent=48904"}],"wp:term":[{"taxonomy":"news-categories","embeddable":true,"href":"https:\/\/nazarene.org\/pt-br\/wp-json\/wp\/v2\/news-categories?post=48904"},{"taxonomy":"news-region-taxonomy","embeddable":true,"href":"https:\/\/nazarene.org\/pt-br\/wp-json\/wp\/v2\/news-region-taxonomy?post=48904"},{"taxonomy":"news-tag","embeddable":true,"href":"https:\/\/nazarene.org\/pt-br\/wp-json\/wp\/v2\/news-tag?post=48904"}],"curies":[{"name":"wp","href":"https:\/\/api.w.org\/{rel}","templated":true}]}}