{"id":48206,"date":"2019-07-10T00:00:00","date_gmt":"2019-07-10T05:00:00","guid":{"rendered":"https:\/\/nazarene.org\/news\/escolas-nazarenas-de-luto-perda-de-ed-robinson\/"},"modified":"2019-07-10T00:00:00","modified_gmt":"2019-07-10T05:00:00","slug":"escolas-nazarenas-de-luto-perda-de-ed-robinson","status":"publish","type":"news","link":"https:\/\/nazarene.org\/pt-br\/news\/escolas-nazarenas-de-luto-perda-de-ed-robinson\/","title":{"rendered":"Escolas Nazarenas de luto perda de Ed Robinson"},"content":{"rendered":"<p><img fetchpriority=\"high\" decoding=\"async\" alt=\"\" height=\"400\" src=\"https:\/\/nazarene.org\/wp-content\/uploads\/migrated_images\/NCN%20News\/People\/RobinsonwGraduate.jpg\" width=\"750\"><\/p>\n<p>Edwin H. &#8220;Ed&#8221; Robinson, um renomado ministro Nazareno, educador e mentor, faleceu s\u00e1bado \u00e0 noite. Ele era 65.<\/p>\n<p>Robinson se aposentou nesta primavera como vice-presidente para Assuntos Acad\u00eamicos na Universidade Nazarena Noroeste, uma posi\u00e7\u00e3o que ele ocupou desde 2016. Ele serviu anteriormente como presidente da Universidade MidAmerica Nazarena e ocupou posi\u00e7\u00f5es de lideran\u00e7a no Semin\u00e1rio Teol\u00f3gico Nazareno.<\/p>\n<p>Mentor. Professor. Te\u00f3logo. Educador. Churchman. Encourager. Ex-f\u00e9 . Seguidor de Cristo. Meu amigo. Ed Robinson&#8221;, Superintendente Geral David A. Busic twittou domingo ao aprender as not\u00edcias.<\/p>\n<p>&nbsp;Robinson veio para NNU em 2011 como o diretor do Escrit\u00f3rio de Estudos de Lideran\u00e7a e Lideran\u00e7a Servant. Em 2016, ele aceitou a posi\u00e7\u00e3o de vice-presidente para Assuntos Acad\u00eamicos e serviu nesse papel at\u00e9 sua aposentadoria no final do ano acad\u00eamico 2016-2017. Al\u00e9m disso, ele serviu como professor de teologia pr\u00e1tica na Escola de Teologia e Minist\u00e9rios Crist\u00e3os.<\/p>\n<p>Durante seu mandato como presidente MNU &nbsp;de 2005 a 2011, Robinson liderou o lan\u00e7amento de v\u00e1rios novos programas &nbsp;e a constru\u00e7\u00e3o e dedica\u00e7\u00e3o de Spindle Residence Hall e Centro de Eventos Culturais Bell. Ele era uma presen\u00e7a ativa em todo o campus, desfrutando de eventos atl\u00e9ticos, performances de coro e banda, e frequentemente comendo no Centro de Campus com estudantes.<\/p>\n<p>Dr. Robinson serviu fielmente seu Senhor e, como presidente da Universidade MidAmerica Nazarene, liderou com uma paix\u00e3o para servir outros, coragem feroz e um prop\u00f3sito profundamente comprometido&#8221;, disse David Spittal, atual presidente MNU. Fui honrado em conhec\u00ea-lo como um colega e amigo e seu legado continuar\u00e1 a ser lembrado por anos para vir.<\/p>\n<p>Robinson serviu anteriormente como professor de educa\u00e7\u00e3o religiosa, ministro da capela e diretor do programa de Mestrado em Artes no programa de Educa\u00e7\u00e3o Crist\u00e3 no Semin\u00e1rio Teol\u00f3gico Nazareno em Kansas City, Missouri. Durante suas quase duas d\u00e9cadas no NTS, ele tamb\u00e9m era decano da faculdade e diretor do programa de Doutor em Minist\u00e9rio do semin\u00e1rio.<\/p>\n<p>Entre 1976 e 1984, Robinson serviu igrejas em San Diego e Long Beach, Calif\u00f3rnia, como um ministro de juventude e educa\u00e7\u00e3o crist\u00e3. Mais tarde, ele e sua esposa, Nancy, trabalharam com o grupo de idade de faculdade na Igreja Shawnee do Nazareno em Kansas.<\/p>\n<p>Ele recebeu seu grau de gradua\u00e7\u00e3o em educa\u00e7\u00e3o religiosa de NNU, um Mestrado em Educa\u00e7\u00e3o Religiosa de NTS, e um Doutor em Filosofia &nbsp;em estudos educacionais da Escola Trinity Evang\u00e9lica Divinidade.<\/p>\n<p>Robinson publicou numerosos artigos em revistas de igreja e educa\u00e7\u00e3o crist\u00e3 e foi autor de tr\u00eas livros:&nbsp;<em>N\u00e3o Ashamed<\/em>,&nbsp;<em>Walking Worthy<\/em>, e&nbsp;<em>Minist\u00e9rio Preteen: Entre um Rock e um Lugar<\/em> Duro. Ele tamb\u00e9m contribuiu para cap\u00edtulos de v\u00e1rios outros livros. &nbsp;Robinson ensinou e palestrou em in\u00fameras universidades e confer\u00eancias em todos os EUA e em todo o mundo. Ele tamb\u00e9m serviu como consultor para Minist\u00e9rios Internacionais da Juventude Nazarena, Casa Editora Nazarena, Miss\u00f5es Nazarenas Internacionais, Youthnet de Grande Kansas City, e o Departamento de Cuidado Pastoral para os Centros M\u00e9dicos de Kansas City Metro da Corpora\u00e7\u00e3o de Hospital da Am\u00e9rica.<\/p>\n<p>Um servi\u00e7o memorial ser\u00e1 realizado s\u00e1bado, 10 de junho, em 10:30 a.m. na Igreja Col\u00e9gio do Nazareno em Nampa, Idaho. Um segundo memorial ser\u00e1 realizado em 3 p.m. 9 de julho no Olathe, Kansas, Igreja College do Nazareno.<\/p>\n<p>Ora\u00e7\u00e3o \u00e9 solicitada para a esposa de Ed, Nancy (Ratzloff), e suas duas filhas, Kimberly Lovitt e Kelly Robinson.<\/p>\n<p>Para seu obitu\u00e1rio completo e informa\u00e7\u00f5es de doa\u00e7\u00e3o de fundo universit\u00e1rio, <a href=\"http:\/\/www.legacy.com\/obituaries\/idahostatesman\/obituary.aspx?page=lifestory&amp;pid=185689557\" target=\"_blank\">clique aqui<\/a>.&nbsp;<\/p>\n","protected":false},"excerpt":{"rendered":"<p><img decoding=\"async\" alt=\"\" height=\"400\" src=\"\/sites\/default\/files\/migrated_images\/NCN%20News\/People\/RobinsonwGradu&lt;\/div&gt;\"><\/p>\n","protected":false},"author":1,"featured_media":0,"menu_order":0,"template":"","news-categories":[],"news-region-taxonomy":[],"news-tag":[873,1716,1537,1778],"class_list":["post-48206","news","type-news","status-publish","hentry","news-tag-colegiado","news-tag-mnu-pt-br","news-tag-nnu-pt-br","news-tag-nts-pt-br"],"yoast_head":"<!-- This site is optimized with the Yoast SEO Premium plugin v27.1 (Yoast SEO v27.1.1) - https:\/\/yoast.com\/product\/yoast-seo-premium-wordpress\/ -->\n<title>Escolas Nazarenas de luto perda de Ed Robinson - Church of the Nazarene<\/title>\n<meta name=\"robots\" content=\"index, follow, max-snippet:-1, max-image-preview:large, max-video-preview:-1\" \/>\n<link rel=\"canonical\" href=\"https:\/\/nazarene.org\/pt-br\/news\/escolas-nazarenas-de-luto-perda-de-ed-robinson\/\" \/>\n<meta property=\"og:locale\" content=\"pt_BR\" \/>\n<meta property=\"og:type\" content=\"article\" \/>\n<meta property=\"og:title\" content=\"Escolas Nazarenas de luto perda de Ed Robinson\" \/>\n<meta property=\"og:url\" content=\"https:\/\/nazarene.org\/pt-br\/news\/escolas-nazarenas-de-luto-perda-de-ed-robinson\/\" \/>\n<meta property=\"og:site_name\" content=\"Church of the Nazarene\" \/>\n<meta property=\"article:publisher\" content=\"https:\/\/www.facebook.com\/NazareneOfficial\/\" \/>\n<meta property=\"og:image\" content=\"https:\/\/nazarene.org\/wp-content\/uploads\/migrated_images\/NCN%20News\/People\/RobinsonwGraduate.jpg\" \/>\n<meta name=\"twitter:card\" content=\"summary_large_image\" \/>\n<meta name=\"twitter:site\" content=\"@Nazarene\" \/>\n<script type=\"application\/ld+json\" class=\"yoast-schema-graph\">{\"@context\":\"https:\/\/schema.org\",\"@graph\":[{\"@type\":\"WebPage\",\"@id\":\"https:\/\/nazarene.org\/pt-br\/news\/escolas-nazarenas-de-luto-perda-de-ed-robinson\/\",\"url\":\"https:\/\/nazarene.org\/pt-br\/news\/escolas-nazarenas-de-luto-perda-de-ed-robinson\/\",\"name\":\"Escolas Nazarenas de luto perda de Ed Robinson - Church of the Nazarene\",\"isPartOf\":{\"@id\":\"https:\/\/nazarene.org\/pt-br\/#website\"},\"primaryImageOfPage\":{\"@id\":\"https:\/\/nazarene.org\/pt-br\/news\/escolas-nazarenas-de-luto-perda-de-ed-robinson\/#primaryimage\"},\"image\":{\"@id\":\"https:\/\/nazarene.org\/pt-br\/news\/escolas-nazarenas-de-luto-perda-de-ed-robinson\/#primaryimage\"},\"thumbnailUrl\":\"https:\/\/nazarene.org\/wp-content\/uploads\/migrated_images\/NCN%20News\/People\/RobinsonwGraduate.jpg\",\"datePublished\":\"2019-07-10T05:00:00+00:00\",\"breadcrumb\":{\"@id\":\"https:\/\/nazarene.org\/pt-br\/news\/escolas-nazarenas-de-luto-perda-de-ed-robinson\/#breadcrumb\"},\"inLanguage\":\"pt-BR\",\"potentialAction\":[{\"@type\":\"ReadAction\",\"target\":[\"https:\/\/nazarene.org\/pt-br\/news\/escolas-nazarenas-de-luto-perda-de-ed-robinson\/\"]}]},{\"@type\":\"ImageObject\",\"inLanguage\":\"pt-BR\",\"@id\":\"https:\/\/nazarene.org\/pt-br\/news\/escolas-nazarenas-de-luto-perda-de-ed-robinson\/#primaryimage\",\"url\":\"https:\/\/nazarene.org\/wp-content\/uploads\/migrated_images\/NCN%20News\/People\/RobinsonwGraduate.jpg\",\"contentUrl\":\"https:\/\/nazarene.org\/wp-content\/uploads\/migrated_images\/NCN%20News\/People\/RobinsonwGraduate.jpg\"},{\"@type\":\"BreadcrumbList\",\"@id\":\"https:\/\/nazarene.org\/pt-br\/news\/escolas-nazarenas-de-luto-perda-de-ed-robinson\/#breadcrumb\",\"itemListElement\":[{\"@type\":\"ListItem\",\"position\":1,\"name\":\"Home\",\"item\":\"https:\/\/nazarene.org\/pt-br\/\"},{\"@type\":\"ListItem\",\"position\":2,\"name\":\"News\",\"item\":\"https:\/\/nazarene.org\/pt-br\/news\/\"},{\"@type\":\"ListItem\",\"position\":3,\"name\":\"Escolas Nazarenas de luto perda de Ed Robinson\"}]},{\"@type\":\"WebSite\",\"@id\":\"https:\/\/nazarene.org\/pt-br\/#website\",\"url\":\"https:\/\/nazarene.org\/pt-br\/\",\"name\":\"Church of the Nazarene\",\"description\":\"Making Christlike Disciples in the Nations\",\"publisher\":{\"@id\":\"https:\/\/nazarene.org\/pt-br\/#organization\"},\"potentialAction\":[{\"@type\":\"SearchAction\",\"target\":{\"@type\":\"EntryPoint\",\"urlTemplate\":\"https:\/\/nazarene.org\/pt-br\/?s={search_term_string}\"},\"query-input\":{\"@type\":\"PropertyValueSpecification\",\"valueRequired\":true,\"valueName\":\"search_term_string\"}}],\"inLanguage\":\"pt-BR\"},{\"@type\":\"Organization\",\"@id\":\"https:\/\/nazarene.org\/pt-br\/#organization\",\"name\":\"Church of the Nazarene\",\"url\":\"https:\/\/nazarene.org\/pt-br\/\",\"logo\":{\"@type\":\"ImageObject\",\"inLanguage\":\"pt-BR\",\"@id\":\"https:\/\/nazarene.org\/pt-br\/#\/schema\/logo\/image\/\",\"url\":\"https:\/\/nazarene.org\/wp-content\/uploads\/2024\/06\/Naz_Desktop_Black_Logo-1.svg\",\"contentUrl\":\"https:\/\/nazarene.org\/wp-content\/uploads\/2024\/06\/Naz_Desktop_Black_Logo-1.svg\",\"width\":258,\"height\":36,\"caption\":\"Church of the Nazarene\"},\"image\":{\"@id\":\"https:\/\/nazarene.org\/pt-br\/#\/schema\/logo\/image\/\"},\"sameAs\":[\"https:\/\/www.facebook.com\/NazareneOfficial\/\",\"https:\/\/x.com\/Nazarene\",\"https:\/\/www.instagram.com\/nazareneofficial\/\"]}]}<\/script>\n<!-- \/ Yoast SEO Premium plugin. -->","yoast_head_json":{"title":"Escolas Nazarenas de luto perda de Ed Robinson - Church of the Nazarene","robots":{"index":"index","follow":"follow","max-snippet":"max-snippet:-1","max-image-preview":"max-image-preview:large","max-video-preview":"max-video-preview:-1"},"canonical":"https:\/\/nazarene.org\/pt-br\/news\/escolas-nazarenas-de-luto-perda-de-ed-robinson\/","og_locale":"pt_BR","og_type":"article","og_title":"Escolas Nazarenas de luto perda de Ed Robinson","og_url":"https:\/\/nazarene.org\/pt-br\/news\/escolas-nazarenas-de-luto-perda-de-ed-robinson\/","og_site_name":"Church of the Nazarene","article_publisher":"https:\/\/www.facebook.com\/NazareneOfficial\/","og_image":[{"url":"https:\/\/nazarene.org\/wp-content\/uploads\/migrated_images\/NCN%20News\/People\/RobinsonwGraduate.jpg","type":"","width":"","height":""}],"twitter_card":"summary_large_image","twitter_site":"@Nazarene","schema":{"@context":"https:\/\/schema.org","@graph":[{"@type":"WebPage","@id":"https:\/\/nazarene.org\/pt-br\/news\/escolas-nazarenas-de-luto-perda-de-ed-robinson\/","url":"https:\/\/nazarene.org\/pt-br\/news\/escolas-nazarenas-de-luto-perda-de-ed-robinson\/","name":"Escolas Nazarenas de luto perda de Ed Robinson - Church of the Nazarene","isPartOf":{"@id":"https:\/\/nazarene.org\/pt-br\/#website"},"primaryImageOfPage":{"@id":"https:\/\/nazarene.org\/pt-br\/news\/escolas-nazarenas-de-luto-perda-de-ed-robinson\/#primaryimage"},"image":{"@id":"https:\/\/nazarene.org\/pt-br\/news\/escolas-nazarenas-de-luto-perda-de-ed-robinson\/#primaryimage"},"thumbnailUrl":"https:\/\/nazarene.org\/wp-content\/uploads\/migrated_images\/NCN%20News\/People\/RobinsonwGraduate.jpg","datePublished":"2019-07-10T05:00:00+00:00","breadcrumb":{"@id":"https:\/\/nazarene.org\/pt-br\/news\/escolas-nazarenas-de-luto-perda-de-ed-robinson\/#breadcrumb"},"inLanguage":"pt-BR","potentialAction":[{"@type":"ReadAction","target":["https:\/\/nazarene.org\/pt-br\/news\/escolas-nazarenas-de-luto-perda-de-ed-robinson\/"]}]},{"@type":"ImageObject","inLanguage":"pt-BR","@id":"https:\/\/nazarene.org\/pt-br\/news\/escolas-nazarenas-de-luto-perda-de-ed-robinson\/#primaryimage","url":"https:\/\/nazarene.org\/wp-content\/uploads\/migrated_images\/NCN%20News\/People\/RobinsonwGraduate.jpg","contentUrl":"https:\/\/nazarene.org\/wp-content\/uploads\/migrated_images\/NCN%20News\/People\/RobinsonwGraduate.jpg"},{"@type":"BreadcrumbList","@id":"https:\/\/nazarene.org\/pt-br\/news\/escolas-nazarenas-de-luto-perda-de-ed-robinson\/#breadcrumb","itemListElement":[{"@type":"ListItem","position":1,"name":"Home","item":"https:\/\/nazarene.org\/pt-br\/"},{"@type":"ListItem","position":2,"name":"News","item":"https:\/\/nazarene.org\/pt-br\/news\/"},{"@type":"ListItem","position":3,"name":"Escolas Nazarenas de luto perda de Ed Robinson"}]},{"@type":"WebSite","@id":"https:\/\/nazarene.org\/pt-br\/#website","url":"https:\/\/nazarene.org\/pt-br\/","name":"Church of the Nazarene","description":"Making Christlike Disciples in the Nations","publisher":{"@id":"https:\/\/nazarene.org\/pt-br\/#organization"},"potentialAction":[{"@type":"SearchAction","target":{"@type":"EntryPoint","urlTemplate":"https:\/\/nazarene.org\/pt-br\/?s={search_term_string}"},"query-input":{"@type":"PropertyValueSpecification","valueRequired":true,"valueName":"search_term_string"}}],"inLanguage":"pt-BR"},{"@type":"Organization","@id":"https:\/\/nazarene.org\/pt-br\/#organization","name":"Church of the Nazarene","url":"https:\/\/nazarene.org\/pt-br\/","logo":{"@type":"ImageObject","inLanguage":"pt-BR","@id":"https:\/\/nazarene.org\/pt-br\/#\/schema\/logo\/image\/","url":"https:\/\/nazarene.org\/wp-content\/uploads\/2024\/06\/Naz_Desktop_Black_Logo-1.svg","contentUrl":"https:\/\/nazarene.org\/wp-content\/uploads\/2024\/06\/Naz_Desktop_Black_Logo-1.svg","width":258,"height":36,"caption":"Church of the Nazarene"},"image":{"@id":"https:\/\/nazarene.org\/pt-br\/#\/schema\/logo\/image\/"},"sameAs":["https:\/\/www.facebook.com\/NazareneOfficial\/","https:\/\/x.com\/Nazarene","https:\/\/www.instagram.com\/nazareneofficial\/"]}]}},"_links":{"self":[{"href":"https:\/\/nazarene.org\/pt-br\/wp-json\/wp\/v2\/news\/48206","targetHints":{"allow":["GET"]}}],"collection":[{"href":"https:\/\/nazarene.org\/pt-br\/wp-json\/wp\/v2\/news"}],"about":[{"href":"https:\/\/nazarene.org\/pt-br\/wp-json\/wp\/v2\/types\/news"}],"author":[{"embeddable":true,"href":"https:\/\/nazarene.org\/pt-br\/wp-json\/wp\/v2\/users\/1"}],"version-history":[{"count":0,"href":"https:\/\/nazarene.org\/pt-br\/wp-json\/wp\/v2\/news\/48206\/revisions"}],"wp:attachment":[{"href":"https:\/\/nazarene.org\/pt-br\/wp-json\/wp\/v2\/media?parent=48206"}],"wp:term":[{"taxonomy":"news-categories","embeddable":true,"href":"https:\/\/nazarene.org\/pt-br\/wp-json\/wp\/v2\/news-categories?post=48206"},{"taxonomy":"news-region-taxonomy","embeddable":true,"href":"https:\/\/nazarene.org\/pt-br\/wp-json\/wp\/v2\/news-region-taxonomy?post=48206"},{"taxonomy":"news-tag","embeddable":true,"href":"https:\/\/nazarene.org\/pt-br\/wp-json\/wp\/v2\/news-tag?post=48206"}],"curies":[{"name":"wp","href":"https:\/\/api.w.org\/{rel}","templated":true}]}}