{"id":46698,"date":"2022-01-07T00:00:00","date_gmt":"2022-01-07T06:00:00","guid":{"rendered":"https:\/\/nazarene.org\/news\/igreja-da-fundacao-nazarena-elege-novo-presidente\/"},"modified":"2022-01-07T00:00:00","modified_gmt":"2022-01-07T06:00:00","slug":"igreja-da-fundacao-nazarena-elege-novo-presidente","status":"publish","type":"news","link":"https:\/\/nazarene.org\/pt-br\/news\/igreja-da-fundacao-nazarena-elege-novo-presidente\/","title":{"rendered":"Igreja da Funda\u00e7\u00e3o Nazarena elege novo presidente"},"content":{"rendered":"<p>O Conselho de Diretores da Funda\u00e7\u00e3o Nazarena elegeu por unanimidade Mark E. Lail como seu pr\u00f3ximo presidente.&nbsp;Lail tomar\u00e1 o cargo em 2 de mar\u00e7o de 2022. Ele sucede ao presidente interino Kenneth Roney.<\/p>\n<p>A elei\u00e7\u00e3o vem depois de uma pesquisa nacional pelo Conselho da Funda\u00e7\u00e3o Nazarena, que come\u00e7ou em abril do ano passado.<\/p>\n<p>Presidente do Comit\u00ea de Busca Juiz Charles A. Davis Jr. observou que Lail tem extenso conhecimento de presentes de legado complexos e se conecta bem com uma variedade de doadores.<\/p>\n<p>Ele traz para a presid\u00eancia da Funda\u00e7\u00e3o 22 anos como pastor l\u00edder; servi\u00e7o como tesoureiro de distrito; 10 anos como diretor de Minist\u00e9rios de Stewardship; e nove anos em sua posi\u00e7\u00e3o atual como vice-presidente executivo da Funda\u00e7\u00e3o. Nosso novo presidente tamb\u00e9m demonstrou um compromisso com a miss\u00e3o e valores da Igreja do Nazareno.<\/p>\n<p>Lail compartilhou alguns de seus planos para o futuro do minist\u00e9rio.<\/p>\n<p>Sou honrado a Igreja do Nazareno expressou confian\u00e7a em mim para liderar a Funda\u00e7\u00e3o&#8221;, disse Lail. Em sua curta hist\u00f3ria de 18 anos, a Funda\u00e7\u00e3o Nazarena distribuiu mais de US $ 100 milh\u00f5es para minist\u00e9rios. Espero construir no sucesso de meus predecessores fazendo relacionamentos de doador uma prioridade principal. O futuro da Funda\u00e7\u00e3o inclui maior colabora\u00e7\u00e3o com igrejas locais, distritos e minist\u00e9rios no Centro de Minist\u00e9rio Global.<\/p>\n<p>Lail possui um Bacharel em Artes da Universidade Mount Vernon Nazarene, um Mestrado em Divindade do Semin\u00e1rio Teol\u00f3gico Nazareno, e um Doutor de Minist\u00e9rio do Semin\u00e1rio Teol\u00f3gico Fuller.<\/p>\n<p>O Conselho de Superintendentes Gerais afirma a sele\u00e7\u00e3o do Dr. Mark Lail como o novo presidente da Funda\u00e7\u00e3o Nazarena&#8221;, disse Carla Sunberg, presidente do Conselho de Superintendentes Gerais. Dr. Lail \u00e9 um grande homem de igreja e tem um registro de servi\u00e7o fiel atrav\u00e9s de minist\u00e9rio financeiro em e atrav\u00e9s da igreja. Os minist\u00e9rios globais da igreja continuam a se beneficiar do trabalho da Funda\u00e7\u00e3o e seu apoio em fazer disc\u00edpulos semelhantes a Cristo nas na\u00e7\u00f5es.<\/p>\n<p>A Igreja da Funda\u00e7\u00e3o Nazarena, com sede no Centro de Minist\u00e9rio Global em Lenexa, Kansas, existe para conectar a paix\u00e3o dos disc\u00edpulos de Deus com a vis\u00e3o de igrejas Nazarenas, distritos e minist\u00e9rios. Qualquer pessoa pode deixar um legado de generosidade. Aprenda mais sobre a Funda\u00e7\u00e3o em <a href=\"https:\/\/legacy.nazarenefoundation.org\/\" target=\"_blank\">nazarenefoundation.org<\/a>, e-mail info@nazarenefoundation.org, ou ligue 913-577-2983.<\/p>\n<p><a href=\"https:\/\/legacy.nazarenefoundation.org\/\" target=\"_blank\">Igreja da Funda\u00e7\u00e3o Nazarena<\/a><\/p>\n","protected":false},"excerpt":{"rendered":"<p>O Conselho de Diretores da Funda\u00e7\u00e3o Nazarena elegeu por unanimidade Mark E. Lail como seu pr\u00f3ximo presidente. O voto era un\u00e2nime. Lail tomar\u00e1 o escrit\u00f3rio em 2 de mar\u00e7o de 2022.<\/p>\n","protected":false},"author":1,"featured_media":28033,"menu_order":0,"template":"","news-categories":[],"news-region-taxonomy":[],"news-tag":[755,2194],"class_list":["post-46698","news","type-news","status-publish","has-post-thumbnail","hentry","news-tag-anuncios-da-gmc","news-tag-fundacao-nazarena"],"yoast_head":"<!-- This site is optimized with the Yoast SEO Premium plugin v27.1 (Yoast SEO v27.1.1) - https:\/\/yoast.com\/product\/yoast-seo-premium-wordpress\/ -->\n<title>Igreja da Funda\u00e7\u00e3o Nazarena elege novo presidente - Church of the Nazarene<\/title>\n<meta name=\"robots\" content=\"index, follow, max-snippet:-1, max-image-preview:large, max-video-preview:-1\" \/>\n<link rel=\"canonical\" href=\"https:\/\/nazarene.org\/pt-br\/news\/igreja-da-fundacao-nazarena-elege-novo-presidente\/\" \/>\n<meta property=\"og:locale\" content=\"pt_BR\" \/>\n<meta property=\"og:type\" content=\"article\" \/>\n<meta property=\"og:title\" content=\"Igreja da Funda\u00e7\u00e3o Nazarena elege novo presidente\" \/>\n<meta property=\"og:description\" content=\"O Conselho de Diretores da Funda\u00e7\u00e3o Nazarena elegeu por unanimidade Mark E. Lail como seu pr\u00f3ximo presidente. O voto era un\u00e2nime. Lail tomar\u00e1 o escrit\u00f3rio em 2 de mar\u00e7o de 2022.\" \/>\n<meta property=\"og:url\" content=\"https:\/\/nazarene.org\/pt-br\/news\/igreja-da-fundacao-nazarena-elege-novo-presidente\/\" \/>\n<meta property=\"og:site_name\" content=\"Church of the Nazarene\" \/>\n<meta property=\"article:publisher\" content=\"https:\/\/www.facebook.com\/NazareneOfficial\/\" \/>\n<meta name=\"twitter:card\" content=\"summary_large_image\" \/>\n<meta name=\"twitter:site\" content=\"@Nazarene\" \/>\n<script type=\"application\/ld+json\" class=\"yoast-schema-graph\">{\"@context\":\"https:\/\/schema.org\",\"@graph\":[{\"@type\":\"WebPage\",\"@id\":\"https:\/\/nazarene.org\/pt-br\/news\/igreja-da-fundacao-nazarena-elege-novo-presidente\/\",\"url\":\"https:\/\/nazarene.org\/pt-br\/news\/igreja-da-fundacao-nazarena-elege-novo-presidente\/\",\"name\":\"Igreja da Funda\u00e7\u00e3o Nazarena elege novo presidente - Church of the Nazarene\",\"isPartOf\":{\"@id\":\"https:\/\/nazarene.org\/pt-br\/#website\"},\"primaryImageOfPage\":{\"@id\":\"https:\/\/nazarene.org\/pt-br\/news\/igreja-da-fundacao-nazarena-elege-novo-presidente\/#primaryimage\"},\"image\":{\"@id\":\"https:\/\/nazarene.org\/pt-br\/news\/igreja-da-fundacao-nazarena-elege-novo-presidente\/#primaryimage\"},\"thumbnailUrl\":\"https:\/\/nazarene.org\/wp-content\/uploads\/2025\/02\/LailFoundation-scaled.jpg\",\"datePublished\":\"2022-01-07T06:00:00+00:00\",\"breadcrumb\":{\"@id\":\"https:\/\/nazarene.org\/pt-br\/news\/igreja-da-fundacao-nazarena-elege-novo-presidente\/#breadcrumb\"},\"inLanguage\":\"pt-BR\",\"potentialAction\":[{\"@type\":\"ReadAction\",\"target\":[\"https:\/\/nazarene.org\/pt-br\/news\/igreja-da-fundacao-nazarena-elege-novo-presidente\/\"]}]},{\"@type\":\"ImageObject\",\"inLanguage\":\"pt-BR\",\"@id\":\"https:\/\/nazarene.org\/pt-br\/news\/igreja-da-fundacao-nazarena-elege-novo-presidente\/#primaryimage\",\"url\":\"https:\/\/nazarene.org\/wp-content\/uploads\/2025\/02\/LailFoundation-scaled.jpg\",\"contentUrl\":\"https:\/\/nazarene.org\/wp-content\/uploads\/2025\/02\/LailFoundation-scaled.jpg\",\"width\":2560,\"height\":1366},{\"@type\":\"BreadcrumbList\",\"@id\":\"https:\/\/nazarene.org\/pt-br\/news\/igreja-da-fundacao-nazarena-elege-novo-presidente\/#breadcrumb\",\"itemListElement\":[{\"@type\":\"ListItem\",\"position\":1,\"name\":\"Home\",\"item\":\"https:\/\/nazarene.org\/pt-br\/\"},{\"@type\":\"ListItem\",\"position\":2,\"name\":\"News\",\"item\":\"https:\/\/nazarene.org\/pt-br\/news\/\"},{\"@type\":\"ListItem\",\"position\":3,\"name\":\"Igreja da Funda\u00e7\u00e3o Nazarena elege novo presidente\"}]},{\"@type\":\"WebSite\",\"@id\":\"https:\/\/nazarene.org\/pt-br\/#website\",\"url\":\"https:\/\/nazarene.org\/pt-br\/\",\"name\":\"Church of the Nazarene\",\"description\":\"Making Christlike Disciples in the Nations\",\"publisher\":{\"@id\":\"https:\/\/nazarene.org\/pt-br\/#organization\"},\"potentialAction\":[{\"@type\":\"SearchAction\",\"target\":{\"@type\":\"EntryPoint\",\"urlTemplate\":\"https:\/\/nazarene.org\/pt-br\/?s={search_term_string}\"},\"query-input\":{\"@type\":\"PropertyValueSpecification\",\"valueRequired\":true,\"valueName\":\"search_term_string\"}}],\"inLanguage\":\"pt-BR\"},{\"@type\":\"Organization\",\"@id\":\"https:\/\/nazarene.org\/pt-br\/#organization\",\"name\":\"Church of the Nazarene\",\"url\":\"https:\/\/nazarene.org\/pt-br\/\",\"logo\":{\"@type\":\"ImageObject\",\"inLanguage\":\"pt-BR\",\"@id\":\"https:\/\/nazarene.org\/pt-br\/#\/schema\/logo\/image\/\",\"url\":\"https:\/\/nazarene.org\/wp-content\/uploads\/2024\/06\/Naz_Desktop_Black_Logo-1.svg\",\"contentUrl\":\"https:\/\/nazarene.org\/wp-content\/uploads\/2024\/06\/Naz_Desktop_Black_Logo-1.svg\",\"width\":258,\"height\":36,\"caption\":\"Church of the Nazarene\"},\"image\":{\"@id\":\"https:\/\/nazarene.org\/pt-br\/#\/schema\/logo\/image\/\"},\"sameAs\":[\"https:\/\/www.facebook.com\/NazareneOfficial\/\",\"https:\/\/x.com\/Nazarene\",\"https:\/\/www.instagram.com\/nazareneofficial\/\"]}]}<\/script>\n<!-- \/ Yoast SEO Premium plugin. -->","yoast_head_json":{"title":"Igreja da Funda\u00e7\u00e3o Nazarena elege novo presidente - Church of the Nazarene","robots":{"index":"index","follow":"follow","max-snippet":"max-snippet:-1","max-image-preview":"max-image-preview:large","max-video-preview":"max-video-preview:-1"},"canonical":"https:\/\/nazarene.org\/pt-br\/news\/igreja-da-fundacao-nazarena-elege-novo-presidente\/","og_locale":"pt_BR","og_type":"article","og_title":"Igreja da Funda\u00e7\u00e3o Nazarena elege novo presidente","og_description":"O Conselho de Diretores da Funda\u00e7\u00e3o Nazarena elegeu por unanimidade Mark E. Lail como seu pr\u00f3ximo presidente. O voto era un\u00e2nime. Lail tomar\u00e1 o escrit\u00f3rio em 2 de mar\u00e7o de 2022.","og_url":"https:\/\/nazarene.org\/pt-br\/news\/igreja-da-fundacao-nazarena-elege-novo-presidente\/","og_site_name":"Church of the Nazarene","article_publisher":"https:\/\/www.facebook.com\/NazareneOfficial\/","twitter_card":"summary_large_image","twitter_site":"@Nazarene","schema":{"@context":"https:\/\/schema.org","@graph":[{"@type":"WebPage","@id":"https:\/\/nazarene.org\/pt-br\/news\/igreja-da-fundacao-nazarena-elege-novo-presidente\/","url":"https:\/\/nazarene.org\/pt-br\/news\/igreja-da-fundacao-nazarena-elege-novo-presidente\/","name":"Igreja da Funda\u00e7\u00e3o Nazarena elege novo presidente - Church of the Nazarene","isPartOf":{"@id":"https:\/\/nazarene.org\/pt-br\/#website"},"primaryImageOfPage":{"@id":"https:\/\/nazarene.org\/pt-br\/news\/igreja-da-fundacao-nazarena-elege-novo-presidente\/#primaryimage"},"image":{"@id":"https:\/\/nazarene.org\/pt-br\/news\/igreja-da-fundacao-nazarena-elege-novo-presidente\/#primaryimage"},"thumbnailUrl":"https:\/\/nazarene.org\/wp-content\/uploads\/2025\/02\/LailFoundation-scaled.jpg","datePublished":"2022-01-07T06:00:00+00:00","breadcrumb":{"@id":"https:\/\/nazarene.org\/pt-br\/news\/igreja-da-fundacao-nazarena-elege-novo-presidente\/#breadcrumb"},"inLanguage":"pt-BR","potentialAction":[{"@type":"ReadAction","target":["https:\/\/nazarene.org\/pt-br\/news\/igreja-da-fundacao-nazarena-elege-novo-presidente\/"]}]},{"@type":"ImageObject","inLanguage":"pt-BR","@id":"https:\/\/nazarene.org\/pt-br\/news\/igreja-da-fundacao-nazarena-elege-novo-presidente\/#primaryimage","url":"https:\/\/nazarene.org\/wp-content\/uploads\/2025\/02\/LailFoundation-scaled.jpg","contentUrl":"https:\/\/nazarene.org\/wp-content\/uploads\/2025\/02\/LailFoundation-scaled.jpg","width":2560,"height":1366},{"@type":"BreadcrumbList","@id":"https:\/\/nazarene.org\/pt-br\/news\/igreja-da-fundacao-nazarena-elege-novo-presidente\/#breadcrumb","itemListElement":[{"@type":"ListItem","position":1,"name":"Home","item":"https:\/\/nazarene.org\/pt-br\/"},{"@type":"ListItem","position":2,"name":"News","item":"https:\/\/nazarene.org\/pt-br\/news\/"},{"@type":"ListItem","position":3,"name":"Igreja da Funda\u00e7\u00e3o Nazarena elege novo presidente"}]},{"@type":"WebSite","@id":"https:\/\/nazarene.org\/pt-br\/#website","url":"https:\/\/nazarene.org\/pt-br\/","name":"Church of the Nazarene","description":"Making Christlike Disciples in the Nations","publisher":{"@id":"https:\/\/nazarene.org\/pt-br\/#organization"},"potentialAction":[{"@type":"SearchAction","target":{"@type":"EntryPoint","urlTemplate":"https:\/\/nazarene.org\/pt-br\/?s={search_term_string}"},"query-input":{"@type":"PropertyValueSpecification","valueRequired":true,"valueName":"search_term_string"}}],"inLanguage":"pt-BR"},{"@type":"Organization","@id":"https:\/\/nazarene.org\/pt-br\/#organization","name":"Church of the Nazarene","url":"https:\/\/nazarene.org\/pt-br\/","logo":{"@type":"ImageObject","inLanguage":"pt-BR","@id":"https:\/\/nazarene.org\/pt-br\/#\/schema\/logo\/image\/","url":"https:\/\/nazarene.org\/wp-content\/uploads\/2024\/06\/Naz_Desktop_Black_Logo-1.svg","contentUrl":"https:\/\/nazarene.org\/wp-content\/uploads\/2024\/06\/Naz_Desktop_Black_Logo-1.svg","width":258,"height":36,"caption":"Church of the Nazarene"},"image":{"@id":"https:\/\/nazarene.org\/pt-br\/#\/schema\/logo\/image\/"},"sameAs":["https:\/\/www.facebook.com\/NazareneOfficial\/","https:\/\/x.com\/Nazarene","https:\/\/www.instagram.com\/nazareneofficial\/"]}]}},"_links":{"self":[{"href":"https:\/\/nazarene.org\/pt-br\/wp-json\/wp\/v2\/news\/46698","targetHints":{"allow":["GET"]}}],"collection":[{"href":"https:\/\/nazarene.org\/pt-br\/wp-json\/wp\/v2\/news"}],"about":[{"href":"https:\/\/nazarene.org\/pt-br\/wp-json\/wp\/v2\/types\/news"}],"author":[{"embeddable":true,"href":"https:\/\/nazarene.org\/pt-br\/wp-json\/wp\/v2\/users\/1"}],"version-history":[{"count":0,"href":"https:\/\/nazarene.org\/pt-br\/wp-json\/wp\/v2\/news\/46698\/revisions"}],"wp:featuredmedia":[{"embeddable":true,"href":"https:\/\/nazarene.org\/pt-br\/wp-json\/wp\/v2\/media\/28033"}],"wp:attachment":[{"href":"https:\/\/nazarene.org\/pt-br\/wp-json\/wp\/v2\/media?parent=46698"}],"wp:term":[{"taxonomy":"news-categories","embeddable":true,"href":"https:\/\/nazarene.org\/pt-br\/wp-json\/wp\/v2\/news-categories?post=46698"},{"taxonomy":"news-region-taxonomy","embeddable":true,"href":"https:\/\/nazarene.org\/pt-br\/wp-json\/wp\/v2\/news-region-taxonomy?post=46698"},{"taxonomy":"news-tag","embeddable":true,"href":"https:\/\/nazarene.org\/pt-br\/wp-json\/wp\/v2\/news-tag?post=46698"}],"curies":[{"name":"wp","href":"https:\/\/api.w.org\/{rel}","templated":true}]}}