{"id":46428,"date":"2022-02-17T00:00:00","date_gmt":"2022-02-17T06:00:00","guid":{"rendered":"https:\/\/nazarene.org\/news\/planta-de-igreja-mexico-ve-fruto-em-batismos-depois-de-lutas-pandemicas\/"},"modified":"2022-02-17T00:00:00","modified_gmt":"2022-02-17T06:00:00","slug":"planta-de-igreja-mexico-ve-fruto-em-batismos-depois-de-lutas-pandemicas","status":"publish","type":"news","link":"https:\/\/nazarene.org\/pt-br\/news\/planta-de-igreja-mexico-ve-fruto-em-batismos-depois-de-lutas-pandemicas\/","title":{"rendered":"Planta de igreja M\u00e9xico v\u00ea fruto em batismos depois de lutas pand\u00eamicas"},"content":{"rendered":"<p>A Igreja Crist\u00e3 C\u00f3rdoba do Nazareno em Veracruz, M\u00e9xico, realizou seus primeiros batismos em dezembro como resultado do trabalho realizado durante a pandemia. Cinco pessoas fizeram sua f\u00e9 p\u00fablica atrav\u00e9s de batismo durante um tempo de alegria e louvor a Deus pelo que Ele tem feito atrav\u00e9s de Seu povo.<\/p>\n<p>Passei por um tempo dif\u00edcil em minha vida, e n\u00e3o imaginei a grande b\u00ean\u00e7\u00e3o que Deus estava se preparando para mim atrav\u00e9s desse julgamento&#8221;, disse Caril\u00fa Pimentel, uma mulher que foi batizada. Para mim, tendo tomado essa decis\u00e3o marcou um novo come\u00e7o em minha vida. Comecei a viver em depend\u00eancia total de Deus. Comecei a entender que tudo \u00e9 de Ele e para Ele.&nbsp;<\/p>\n<p>A igreja crist\u00e3 C\u00f3rdoba \u00e9 uma nova congrega\u00e7\u00e3o que foi formada pouco antes do in\u00edcio da pandemia. A pandemia chegou logo depois que eles encontraram um lugar para se reunir, ent\u00e3o as instala\u00e7\u00f5es foram fechadas por seu inquilino.&nbsp;<\/p>\n<p>No entanto, os servi\u00e7os continuaram a ser realizados a partir da casa dos pastores Roberto Carlos e Dalia Mart\u00ednez atrav\u00e9s de transmiss\u00f5es ao vivo hospedadas nas redes sociais da igreja. No final de 2021, a congrega\u00e7\u00e3o criou pequenos grupos atrav\u00e9s de diferentes plataformas digitais para ajudar a desenvolver &nbsp;&nbsp;l\u00edderes e come\u00e7ar o processo de discipulado.&nbsp;<\/p>\n<p>A Igreja Crist\u00e3 de C\u00f3rdoba agradece a Deus, que tem sido fiel em todos os tempos, mesmo em meio a incerteza pand\u00e9mica&#8221;, disse Carlos.<\/p>\n<p><a href=\"http:\/\/www.mesoamericaregion.org\/\" target=\"_blank\">Igreja do Nazareno Mesoam\u00e9rica<\/a><\/p>\n<p class=\"MsoNormal\"><o_p><\/o_p><\/p>\n","protected":false},"excerpt":{"rendered":"<p>A Igreja Crist\u00e3 C\u00f3rdoba do Nazareno em Veracruz, M\u00e9xico, batizou cinco pessoas em dezembro como resultado do trabalho realizado durante a pandemia.<\/p>\n","protected":false},"author":1,"featured_media":28153,"menu_order":0,"template":"","news-categories":[],"news-region-taxonomy":[],"news-tag":[1473,849],"class_list":["post-46428","news","type-news","status-publish","has-post-thumbnail","hentry","news-tag-mexico-pt-br","news-tag-regiao-mesoamerica"],"yoast_head":"<!-- This site is optimized with the Yoast SEO Premium plugin v27.1 (Yoast SEO v27.1.1) - https:\/\/yoast.com\/product\/yoast-seo-premium-wordpress\/ -->\n<title>Planta de igreja M\u00e9xico v\u00ea fruto em batismos depois de lutas pand\u00eamicas - Church of the Nazarene<\/title>\n<meta name=\"robots\" content=\"index, follow, max-snippet:-1, max-image-preview:large, max-video-preview:-1\" \/>\n<link rel=\"canonical\" href=\"https:\/\/nazarene.org\/pt-br\/news\/planta-de-igreja-mexico-ve-fruto-em-batismos-depois-de-lutas-pandemicas\/\" \/>\n<meta property=\"og:locale\" content=\"pt_BR\" \/>\n<meta property=\"og:type\" content=\"article\" \/>\n<meta property=\"og:title\" content=\"Planta de igreja M\u00e9xico v\u00ea fruto em batismos depois de lutas pand\u00eamicas\" \/>\n<meta property=\"og:description\" content=\"A Igreja Crist\u00e3 C\u00f3rdoba do Nazareno em Veracruz, M\u00e9xico, batizou cinco pessoas em dezembro como resultado do trabalho realizado durante a pandemia.\" \/>\n<meta property=\"og:url\" content=\"https:\/\/nazarene.org\/pt-br\/news\/planta-de-igreja-mexico-ve-fruto-em-batismos-depois-de-lutas-pandemicas\/\" \/>\n<meta property=\"og:site_name\" content=\"Church of the Nazarene\" \/>\n<meta property=\"article:publisher\" content=\"https:\/\/www.facebook.com\/NazareneOfficial\/\" \/>\n<meta name=\"twitter:card\" content=\"summary_large_image\" \/>\n<meta name=\"twitter:site\" content=\"@Nazarene\" \/>\n<script type=\"application\/ld+json\" class=\"yoast-schema-graph\">{\"@context\":\"https:\/\/schema.org\",\"@graph\":[{\"@type\":\"WebPage\",\"@id\":\"https:\/\/nazarene.org\/pt-br\/news\/planta-de-igreja-mexico-ve-fruto-em-batismos-depois-de-lutas-pandemicas\/\",\"url\":\"https:\/\/nazarene.org\/pt-br\/news\/planta-de-igreja-mexico-ve-fruto-em-batismos-depois-de-lutas-pandemicas\/\",\"name\":\"Planta de igreja M\u00e9xico v\u00ea fruto em batismos depois de lutas pand\u00eamicas - Church of the Nazarene\",\"isPartOf\":{\"@id\":\"https:\/\/nazarene.org\/pt-br\/#website\"},\"primaryImageOfPage\":{\"@id\":\"https:\/\/nazarene.org\/pt-br\/news\/planta-de-igreja-mexico-ve-fruto-em-batismos-depois-de-lutas-pandemicas\/#primaryimage\"},\"image\":{\"@id\":\"https:\/\/nazarene.org\/pt-br\/news\/planta-de-igreja-mexico-ve-fruto-em-batismos-depois-de-lutas-pandemicas\/#primaryimage\"},\"thumbnailUrl\":\"https:\/\/nazarene.org\/wp-content\/uploads\/2025\/02\/Oaxaca-Plant-Mexico-baptisms.png\",\"datePublished\":\"2022-02-17T06:00:00+00:00\",\"breadcrumb\":{\"@id\":\"https:\/\/nazarene.org\/pt-br\/news\/planta-de-igreja-mexico-ve-fruto-em-batismos-depois-de-lutas-pandemicas\/#breadcrumb\"},\"inLanguage\":\"pt-BR\",\"potentialAction\":[{\"@type\":\"ReadAction\",\"target\":[\"https:\/\/nazarene.org\/pt-br\/news\/planta-de-igreja-mexico-ve-fruto-em-batismos-depois-de-lutas-pandemicas\/\"]}]},{\"@type\":\"ImageObject\",\"inLanguage\":\"pt-BR\",\"@id\":\"https:\/\/nazarene.org\/pt-br\/news\/planta-de-igreja-mexico-ve-fruto-em-batismos-depois-de-lutas-pandemicas\/#primaryimage\",\"url\":\"https:\/\/nazarene.org\/wp-content\/uploads\/2025\/02\/Oaxaca-Plant-Mexico-baptisms.png\",\"contentUrl\":\"https:\/\/nazarene.org\/wp-content\/uploads\/2025\/02\/Oaxaca-Plant-Mexico-baptisms.png\",\"width\":750,\"height\":400},{\"@type\":\"BreadcrumbList\",\"@id\":\"https:\/\/nazarene.org\/pt-br\/news\/planta-de-igreja-mexico-ve-fruto-em-batismos-depois-de-lutas-pandemicas\/#breadcrumb\",\"itemListElement\":[{\"@type\":\"ListItem\",\"position\":1,\"name\":\"Home\",\"item\":\"https:\/\/nazarene.org\/pt-br\/\"},{\"@type\":\"ListItem\",\"position\":2,\"name\":\"News\",\"item\":\"https:\/\/nazarene.org\/pt-br\/news\/\"},{\"@type\":\"ListItem\",\"position\":3,\"name\":\"Planta de igreja M\u00e9xico v\u00ea fruto em batismos depois de lutas pand\u00eamicas\"}]},{\"@type\":\"WebSite\",\"@id\":\"https:\/\/nazarene.org\/pt-br\/#website\",\"url\":\"https:\/\/nazarene.org\/pt-br\/\",\"name\":\"Church of the Nazarene\",\"description\":\"Making Christlike Disciples in the Nations\",\"publisher\":{\"@id\":\"https:\/\/nazarene.org\/pt-br\/#organization\"},\"potentialAction\":[{\"@type\":\"SearchAction\",\"target\":{\"@type\":\"EntryPoint\",\"urlTemplate\":\"https:\/\/nazarene.org\/pt-br\/?s={search_term_string}\"},\"query-input\":{\"@type\":\"PropertyValueSpecification\",\"valueRequired\":true,\"valueName\":\"search_term_string\"}}],\"inLanguage\":\"pt-BR\"},{\"@type\":\"Organization\",\"@id\":\"https:\/\/nazarene.org\/pt-br\/#organization\",\"name\":\"Church of the Nazarene\",\"url\":\"https:\/\/nazarene.org\/pt-br\/\",\"logo\":{\"@type\":\"ImageObject\",\"inLanguage\":\"pt-BR\",\"@id\":\"https:\/\/nazarene.org\/pt-br\/#\/schema\/logo\/image\/\",\"url\":\"https:\/\/nazarene.org\/wp-content\/uploads\/2024\/06\/Naz_Desktop_Black_Logo-1.svg\",\"contentUrl\":\"https:\/\/nazarene.org\/wp-content\/uploads\/2024\/06\/Naz_Desktop_Black_Logo-1.svg\",\"width\":258,\"height\":36,\"caption\":\"Church of the Nazarene\"},\"image\":{\"@id\":\"https:\/\/nazarene.org\/pt-br\/#\/schema\/logo\/image\/\"},\"sameAs\":[\"https:\/\/www.facebook.com\/NazareneOfficial\/\",\"https:\/\/x.com\/Nazarene\",\"https:\/\/www.instagram.com\/nazareneofficial\/\"]}]}<\/script>\n<!-- \/ Yoast SEO Premium plugin. -->","yoast_head_json":{"title":"Planta de igreja M\u00e9xico v\u00ea fruto em batismos depois de lutas pand\u00eamicas - Church of the Nazarene","robots":{"index":"index","follow":"follow","max-snippet":"max-snippet:-1","max-image-preview":"max-image-preview:large","max-video-preview":"max-video-preview:-1"},"canonical":"https:\/\/nazarene.org\/pt-br\/news\/planta-de-igreja-mexico-ve-fruto-em-batismos-depois-de-lutas-pandemicas\/","og_locale":"pt_BR","og_type":"article","og_title":"Planta de igreja M\u00e9xico v\u00ea fruto em batismos depois de lutas pand\u00eamicas","og_description":"A Igreja Crist\u00e3 C\u00f3rdoba do Nazareno em Veracruz, M\u00e9xico, batizou cinco pessoas em dezembro como resultado do trabalho realizado durante a pandemia.","og_url":"https:\/\/nazarene.org\/pt-br\/news\/planta-de-igreja-mexico-ve-fruto-em-batismos-depois-de-lutas-pandemicas\/","og_site_name":"Church of the Nazarene","article_publisher":"https:\/\/www.facebook.com\/NazareneOfficial\/","twitter_card":"summary_large_image","twitter_site":"@Nazarene","schema":{"@context":"https:\/\/schema.org","@graph":[{"@type":"WebPage","@id":"https:\/\/nazarene.org\/pt-br\/news\/planta-de-igreja-mexico-ve-fruto-em-batismos-depois-de-lutas-pandemicas\/","url":"https:\/\/nazarene.org\/pt-br\/news\/planta-de-igreja-mexico-ve-fruto-em-batismos-depois-de-lutas-pandemicas\/","name":"Planta de igreja M\u00e9xico v\u00ea fruto em batismos depois de lutas pand\u00eamicas - Church of the Nazarene","isPartOf":{"@id":"https:\/\/nazarene.org\/pt-br\/#website"},"primaryImageOfPage":{"@id":"https:\/\/nazarene.org\/pt-br\/news\/planta-de-igreja-mexico-ve-fruto-em-batismos-depois-de-lutas-pandemicas\/#primaryimage"},"image":{"@id":"https:\/\/nazarene.org\/pt-br\/news\/planta-de-igreja-mexico-ve-fruto-em-batismos-depois-de-lutas-pandemicas\/#primaryimage"},"thumbnailUrl":"https:\/\/nazarene.org\/wp-content\/uploads\/2025\/02\/Oaxaca-Plant-Mexico-baptisms.png","datePublished":"2022-02-17T06:00:00+00:00","breadcrumb":{"@id":"https:\/\/nazarene.org\/pt-br\/news\/planta-de-igreja-mexico-ve-fruto-em-batismos-depois-de-lutas-pandemicas\/#breadcrumb"},"inLanguage":"pt-BR","potentialAction":[{"@type":"ReadAction","target":["https:\/\/nazarene.org\/pt-br\/news\/planta-de-igreja-mexico-ve-fruto-em-batismos-depois-de-lutas-pandemicas\/"]}]},{"@type":"ImageObject","inLanguage":"pt-BR","@id":"https:\/\/nazarene.org\/pt-br\/news\/planta-de-igreja-mexico-ve-fruto-em-batismos-depois-de-lutas-pandemicas\/#primaryimage","url":"https:\/\/nazarene.org\/wp-content\/uploads\/2025\/02\/Oaxaca-Plant-Mexico-baptisms.png","contentUrl":"https:\/\/nazarene.org\/wp-content\/uploads\/2025\/02\/Oaxaca-Plant-Mexico-baptisms.png","width":750,"height":400},{"@type":"BreadcrumbList","@id":"https:\/\/nazarene.org\/pt-br\/news\/planta-de-igreja-mexico-ve-fruto-em-batismos-depois-de-lutas-pandemicas\/#breadcrumb","itemListElement":[{"@type":"ListItem","position":1,"name":"Home","item":"https:\/\/nazarene.org\/pt-br\/"},{"@type":"ListItem","position":2,"name":"News","item":"https:\/\/nazarene.org\/pt-br\/news\/"},{"@type":"ListItem","position":3,"name":"Planta de igreja M\u00e9xico v\u00ea fruto em batismos depois de lutas pand\u00eamicas"}]},{"@type":"WebSite","@id":"https:\/\/nazarene.org\/pt-br\/#website","url":"https:\/\/nazarene.org\/pt-br\/","name":"Church of the Nazarene","description":"Making Christlike Disciples in the Nations","publisher":{"@id":"https:\/\/nazarene.org\/pt-br\/#organization"},"potentialAction":[{"@type":"SearchAction","target":{"@type":"EntryPoint","urlTemplate":"https:\/\/nazarene.org\/pt-br\/?s={search_term_string}"},"query-input":{"@type":"PropertyValueSpecification","valueRequired":true,"valueName":"search_term_string"}}],"inLanguage":"pt-BR"},{"@type":"Organization","@id":"https:\/\/nazarene.org\/pt-br\/#organization","name":"Church of the Nazarene","url":"https:\/\/nazarene.org\/pt-br\/","logo":{"@type":"ImageObject","inLanguage":"pt-BR","@id":"https:\/\/nazarene.org\/pt-br\/#\/schema\/logo\/image\/","url":"https:\/\/nazarene.org\/wp-content\/uploads\/2024\/06\/Naz_Desktop_Black_Logo-1.svg","contentUrl":"https:\/\/nazarene.org\/wp-content\/uploads\/2024\/06\/Naz_Desktop_Black_Logo-1.svg","width":258,"height":36,"caption":"Church of the Nazarene"},"image":{"@id":"https:\/\/nazarene.org\/pt-br\/#\/schema\/logo\/image\/"},"sameAs":["https:\/\/www.facebook.com\/NazareneOfficial\/","https:\/\/x.com\/Nazarene","https:\/\/www.instagram.com\/nazareneofficial\/"]}]}},"_links":{"self":[{"href":"https:\/\/nazarene.org\/pt-br\/wp-json\/wp\/v2\/news\/46428","targetHints":{"allow":["GET"]}}],"collection":[{"href":"https:\/\/nazarene.org\/pt-br\/wp-json\/wp\/v2\/news"}],"about":[{"href":"https:\/\/nazarene.org\/pt-br\/wp-json\/wp\/v2\/types\/news"}],"author":[{"embeddable":true,"href":"https:\/\/nazarene.org\/pt-br\/wp-json\/wp\/v2\/users\/1"}],"version-history":[{"count":0,"href":"https:\/\/nazarene.org\/pt-br\/wp-json\/wp\/v2\/news\/46428\/revisions"}],"wp:featuredmedia":[{"embeddable":true,"href":"https:\/\/nazarene.org\/pt-br\/wp-json\/wp\/v2\/media\/28153"}],"wp:attachment":[{"href":"https:\/\/nazarene.org\/pt-br\/wp-json\/wp\/v2\/media?parent=46428"}],"wp:term":[{"taxonomy":"news-categories","embeddable":true,"href":"https:\/\/nazarene.org\/pt-br\/wp-json\/wp\/v2\/news-categories?post=46428"},{"taxonomy":"news-region-taxonomy","embeddable":true,"href":"https:\/\/nazarene.org\/pt-br\/wp-json\/wp\/v2\/news-region-taxonomy?post=46428"},{"taxonomy":"news-tag","embeddable":true,"href":"https:\/\/nazarene.org\/pt-br\/wp-json\/wp\/v2\/news-tag?post=46428"}],"curies":[{"name":"wp","href":"https:\/\/api.w.org\/{rel}","templated":true}]}}