{"id":46276,"date":"2022-05-05T00:00:00","date_gmt":"2022-05-05T05:00:00","guid":{"rendered":"https:\/\/nazarene.org\/news\/regiao-da-america-do-sul-ordena-mais-de-250-pastores-diaconos\/"},"modified":"2022-05-05T00:00:00","modified_gmt":"2022-05-05T05:00:00","slug":"regiao-da-america-do-sul-ordena-mais-de-250-pastores-diaconos","status":"publish","type":"news","link":"https:\/\/nazarene.org\/pt-br\/news\/regiao-da-america-do-sul-ordena-mais-de-250-pastores-diaconos\/","title":{"rendered":"Regi\u00e3o da Am\u00e9rica do Sul ordena mais de 250 pastores, di\u00e1conos"},"content":{"rendered":"<p>A Regi\u00e3o da Am\u00e9rica do Sul do Nazareno realizou servi\u00e7os de ordena\u00e7\u00e3o desde outubro de 2021 em diferentes pa\u00edses da regi\u00e3o, ordenando 253 homens e mulheres como pastores e di\u00e1conos.<\/p>\n<p>Por mais de um ano, n\u00e3o era poss\u00edvel conduzir ordena\u00e7\u00f5es por causa de restri\u00e7\u00f5es devido \u00e0 pandemia COVID-19. De outubro de 2021 a data, pessoas de 7 dos 10 pa\u00edses na regi\u00e3o foram ordenadas, com 6 mulheres sendo ordenadas como di\u00e1conos e 247 homens e mulheres como pastores.<\/p>\n<p>As ordena\u00e7\u00f5es pastorais totais de cada pa\u00eds s\u00e3o como os seguintes:<\/p>\n<ul>\n<li>Argentina: 35<\/li>\n<li>Brasil: 178<\/li>\n<li>Bol\u00edvia: 11<\/li>\n<li>Equador: 1<\/li>\n<li>Paraguai: 2<\/li>\n<li>Peru: 18<\/li>\n<li>Venezuela: 2<\/li>\n<\/ul>\n<p>Para ver a lista daqueles que foram ordenados, <a href=\"https:\/\/cloud.samnaz.org\/s\/izkdjk8WbbtBYbb\">clique aqui<\/a>.<\/p>\n<p>Christian Sarmiento, diretor regional para a Am\u00e9rica do Sul, agradeceu \u00e0s igrejas locais que receberam pessoas chamadas para minist\u00e9rio, as discipulou e abriu portas para minist\u00e9rio. Ele tamb\u00e9m agradeceu aos distritos que, em parceria com sistemas educacionais inovadores de institui\u00e7\u00f5es de educa\u00e7\u00e3o teol\u00f3gica, guiaram e supervisionaram o desenvolvimento ministerial e acad\u00eamico do chamado.&nbsp;<\/p>\n<p>Gl\u00f3ria a Deus para esses novos homens e mulheres em quem a Igreja do Nazareno confiou a responsabilidade do minist\u00e9rio que est\u00e1 \u00e0 frente&#8221;, disse Sarmiento.<\/p>\n<p><a href=\"https:\/\/v2.samnaz.org\/\" target=\"_blank\">Igreja da Am\u00e9rica do Sul Nazareno<\/a><\/p>\n","protected":false},"excerpt":{"rendered":"<p>A Regi\u00e3o da Am\u00e9rica do Sul do Nazareno realizou servi\u00e7os de ordena\u00e7\u00e3o desde outubro de 2021 em diferentes pa\u00edses da regi\u00e3o, ordenando 253 homens e mulheres como pastores e di\u00e1conos.<\/p>\n","protected":false},"author":1,"featured_media":28377,"menu_order":0,"template":"","news-categories":[],"news-region-taxonomy":[],"news-tag":[804,838,1611,805,827,839,1731,956],"class_list":["post-46276","news","type-news","status-publish","has-post-thumbnail","hentry","news-tag-america-do-sul","news-tag-argentina-pt-br","news-tag-bolivia-pt-br","news-tag-brasil-pt-br","news-tag-equador","news-tag-paraguai","news-tag-peru-pt-br","news-tag-venezuela-pt-br"],"yoast_head":"<!-- This site is optimized with the Yoast SEO Premium plugin v27.1 (Yoast SEO v27.1.1) - https:\/\/yoast.com\/product\/yoast-seo-premium-wordpress\/ -->\n<title>Regi\u00e3o da Am\u00e9rica do Sul ordena mais de 250 pastores, di\u00e1conos - Church of the Nazarene<\/title>\n<meta name=\"robots\" content=\"index, follow, max-snippet:-1, max-image-preview:large, max-video-preview:-1\" \/>\n<link rel=\"canonical\" href=\"https:\/\/nazarene.org\/pt-br\/news\/regiao-da-america-do-sul-ordena-mais-de-250-pastores-diaconos\/\" \/>\n<meta property=\"og:locale\" content=\"pt_BR\" \/>\n<meta property=\"og:type\" content=\"article\" \/>\n<meta property=\"og:title\" content=\"Regi\u00e3o da Am\u00e9rica do Sul ordena mais de 250 pastores, di\u00e1conos\" \/>\n<meta property=\"og:description\" content=\"A Regi\u00e3o da Am\u00e9rica do Sul do Nazareno realizou servi\u00e7os de ordena\u00e7\u00e3o desde outubro de 2021 em diferentes pa\u00edses da regi\u00e3o, ordenando 253 homens e mulheres como pastores e di\u00e1conos.\" \/>\n<meta property=\"og:url\" content=\"https:\/\/nazarene.org\/pt-br\/news\/regiao-da-america-do-sul-ordena-mais-de-250-pastores-diaconos\/\" \/>\n<meta property=\"og:site_name\" content=\"Church of the Nazarene\" \/>\n<meta property=\"article:publisher\" content=\"https:\/\/www.facebook.com\/NazareneOfficial\/\" \/>\n<meta name=\"twitter:card\" content=\"summary_large_image\" \/>\n<meta name=\"twitter:site\" content=\"@Nazarene\" \/>\n<script type=\"application\/ld+json\" class=\"yoast-schema-graph\">{\"@context\":\"https:\/\/schema.org\",\"@graph\":[{\"@type\":\"WebPage\",\"@id\":\"https:\/\/nazarene.org\/pt-br\/news\/regiao-da-america-do-sul-ordena-mais-de-250-pastores-diaconos\/\",\"url\":\"https:\/\/nazarene.org\/pt-br\/news\/regiao-da-america-do-sul-ordena-mais-de-250-pastores-diaconos\/\",\"name\":\"Regi\u00e3o da Am\u00e9rica do Sul ordena mais de 250 pastores, di\u00e1conos - Church of the Nazarene\",\"isPartOf\":{\"@id\":\"https:\/\/nazarene.org\/pt-br\/#website\"},\"primaryImageOfPage\":{\"@id\":\"https:\/\/nazarene.org\/pt-br\/news\/regiao-da-america-do-sul-ordena-mais-de-250-pastores-diaconos\/#primaryimage\"},\"image\":{\"@id\":\"https:\/\/nazarene.org\/pt-br\/news\/regiao-da-america-do-sul-ordena-mais-de-250-pastores-diaconos\/#primaryimage\"},\"thumbnailUrl\":\"https:\/\/nazarene.org\/wp-content\/uploads\/2025\/02\/Ordenaciones-en-Brasil-copy.jpg\",\"datePublished\":\"2022-05-05T05:00:00+00:00\",\"breadcrumb\":{\"@id\":\"https:\/\/nazarene.org\/pt-br\/news\/regiao-da-america-do-sul-ordena-mais-de-250-pastores-diaconos\/#breadcrumb\"},\"inLanguage\":\"pt-BR\",\"potentialAction\":[{\"@type\":\"ReadAction\",\"target\":[\"https:\/\/nazarene.org\/pt-br\/news\/regiao-da-america-do-sul-ordena-mais-de-250-pastores-diaconos\/\"]}]},{\"@type\":\"ImageObject\",\"inLanguage\":\"pt-BR\",\"@id\":\"https:\/\/nazarene.org\/pt-br\/news\/regiao-da-america-do-sul-ordena-mais-de-250-pastores-diaconos\/#primaryimage\",\"url\":\"https:\/\/nazarene.org\/wp-content\/uploads\/2025\/02\/Ordenaciones-en-Brasil-copy.jpg\",\"contentUrl\":\"https:\/\/nazarene.org\/wp-content\/uploads\/2025\/02\/Ordenaciones-en-Brasil-copy.jpg\",\"width\":750,\"height\":400},{\"@type\":\"BreadcrumbList\",\"@id\":\"https:\/\/nazarene.org\/pt-br\/news\/regiao-da-america-do-sul-ordena-mais-de-250-pastores-diaconos\/#breadcrumb\",\"itemListElement\":[{\"@type\":\"ListItem\",\"position\":1,\"name\":\"Home\",\"item\":\"https:\/\/nazarene.org\/pt-br\/casa\/\"},{\"@type\":\"ListItem\",\"position\":2,\"name\":\"News\",\"item\":\"https:\/\/nazarene.org\/pt-br\/news\/\"},{\"@type\":\"ListItem\",\"position\":3,\"name\":\"Regi\u00e3o da Am\u00e9rica do Sul ordena mais de 250 pastores, di\u00e1conos\"}]},{\"@type\":\"WebSite\",\"@id\":\"https:\/\/nazarene.org\/pt-br\/#website\",\"url\":\"https:\/\/nazarene.org\/pt-br\/\",\"name\":\"Church of the Nazarene\",\"description\":\"Making Christlike Disciples in the Nations\",\"publisher\":{\"@id\":\"https:\/\/nazarene.org\/pt-br\/#organization\"},\"potentialAction\":[{\"@type\":\"SearchAction\",\"target\":{\"@type\":\"EntryPoint\",\"urlTemplate\":\"https:\/\/nazarene.org\/pt-br\/?s={search_term_string}\"},\"query-input\":{\"@type\":\"PropertyValueSpecification\",\"valueRequired\":true,\"valueName\":\"search_term_string\"}}],\"inLanguage\":\"pt-BR\"},{\"@type\":\"Organization\",\"@id\":\"https:\/\/nazarene.org\/pt-br\/#organization\",\"name\":\"Church of the Nazarene\",\"url\":\"https:\/\/nazarene.org\/pt-br\/\",\"logo\":{\"@type\":\"ImageObject\",\"inLanguage\":\"pt-BR\",\"@id\":\"https:\/\/nazarene.org\/pt-br\/#\/schema\/logo\/image\/\",\"url\":\"https:\/\/nazarene.org\/wp-content\/uploads\/2024\/06\/Naz_Desktop_Black_Logo-1.svg\",\"contentUrl\":\"https:\/\/nazarene.org\/wp-content\/uploads\/2024\/06\/Naz_Desktop_Black_Logo-1.svg\",\"width\":258,\"height\":36,\"caption\":\"Church of the Nazarene\"},\"image\":{\"@id\":\"https:\/\/nazarene.org\/pt-br\/#\/schema\/logo\/image\/\"},\"sameAs\":[\"https:\/\/www.facebook.com\/NazareneOfficial\/\",\"https:\/\/x.com\/Nazarene\",\"https:\/\/www.instagram.com\/nazareneofficial\/\"]}]}<\/script>\n<!-- \/ Yoast SEO Premium plugin. -->","yoast_head_json":{"title":"Regi\u00e3o da Am\u00e9rica do Sul ordena mais de 250 pastores, di\u00e1conos - Church of the Nazarene","robots":{"index":"index","follow":"follow","max-snippet":"max-snippet:-1","max-image-preview":"max-image-preview:large","max-video-preview":"max-video-preview:-1"},"canonical":"https:\/\/nazarene.org\/pt-br\/news\/regiao-da-america-do-sul-ordena-mais-de-250-pastores-diaconos\/","og_locale":"pt_BR","og_type":"article","og_title":"Regi\u00e3o da Am\u00e9rica do Sul ordena mais de 250 pastores, di\u00e1conos","og_description":"A Regi\u00e3o da Am\u00e9rica do Sul do Nazareno realizou servi\u00e7os de ordena\u00e7\u00e3o desde outubro de 2021 em diferentes pa\u00edses da regi\u00e3o, ordenando 253 homens e mulheres como pastores e di\u00e1conos.","og_url":"https:\/\/nazarene.org\/pt-br\/news\/regiao-da-america-do-sul-ordena-mais-de-250-pastores-diaconos\/","og_site_name":"Church of the Nazarene","article_publisher":"https:\/\/www.facebook.com\/NazareneOfficial\/","twitter_card":"summary_large_image","twitter_site":"@Nazarene","schema":{"@context":"https:\/\/schema.org","@graph":[{"@type":"WebPage","@id":"https:\/\/nazarene.org\/pt-br\/news\/regiao-da-america-do-sul-ordena-mais-de-250-pastores-diaconos\/","url":"https:\/\/nazarene.org\/pt-br\/news\/regiao-da-america-do-sul-ordena-mais-de-250-pastores-diaconos\/","name":"Regi\u00e3o da Am\u00e9rica do Sul ordena mais de 250 pastores, di\u00e1conos - Church of the Nazarene","isPartOf":{"@id":"https:\/\/nazarene.org\/pt-br\/#website"},"primaryImageOfPage":{"@id":"https:\/\/nazarene.org\/pt-br\/news\/regiao-da-america-do-sul-ordena-mais-de-250-pastores-diaconos\/#primaryimage"},"image":{"@id":"https:\/\/nazarene.org\/pt-br\/news\/regiao-da-america-do-sul-ordena-mais-de-250-pastores-diaconos\/#primaryimage"},"thumbnailUrl":"https:\/\/nazarene.org\/wp-content\/uploads\/2025\/02\/Ordenaciones-en-Brasil-copy.jpg","datePublished":"2022-05-05T05:00:00+00:00","breadcrumb":{"@id":"https:\/\/nazarene.org\/pt-br\/news\/regiao-da-america-do-sul-ordena-mais-de-250-pastores-diaconos\/#breadcrumb"},"inLanguage":"pt-BR","potentialAction":[{"@type":"ReadAction","target":["https:\/\/nazarene.org\/pt-br\/news\/regiao-da-america-do-sul-ordena-mais-de-250-pastores-diaconos\/"]}]},{"@type":"ImageObject","inLanguage":"pt-BR","@id":"https:\/\/nazarene.org\/pt-br\/news\/regiao-da-america-do-sul-ordena-mais-de-250-pastores-diaconos\/#primaryimage","url":"https:\/\/nazarene.org\/wp-content\/uploads\/2025\/02\/Ordenaciones-en-Brasil-copy.jpg","contentUrl":"https:\/\/nazarene.org\/wp-content\/uploads\/2025\/02\/Ordenaciones-en-Brasil-copy.jpg","width":750,"height":400},{"@type":"BreadcrumbList","@id":"https:\/\/nazarene.org\/pt-br\/news\/regiao-da-america-do-sul-ordena-mais-de-250-pastores-diaconos\/#breadcrumb","itemListElement":[{"@type":"ListItem","position":1,"name":"Home","item":"https:\/\/nazarene.org\/pt-br\/casa\/"},{"@type":"ListItem","position":2,"name":"News","item":"https:\/\/nazarene.org\/pt-br\/news\/"},{"@type":"ListItem","position":3,"name":"Regi\u00e3o da Am\u00e9rica do Sul ordena mais de 250 pastores, di\u00e1conos"}]},{"@type":"WebSite","@id":"https:\/\/nazarene.org\/pt-br\/#website","url":"https:\/\/nazarene.org\/pt-br\/","name":"Church of the Nazarene","description":"Making Christlike Disciples in the Nations","publisher":{"@id":"https:\/\/nazarene.org\/pt-br\/#organization"},"potentialAction":[{"@type":"SearchAction","target":{"@type":"EntryPoint","urlTemplate":"https:\/\/nazarene.org\/pt-br\/?s={search_term_string}"},"query-input":{"@type":"PropertyValueSpecification","valueRequired":true,"valueName":"search_term_string"}}],"inLanguage":"pt-BR"},{"@type":"Organization","@id":"https:\/\/nazarene.org\/pt-br\/#organization","name":"Church of the Nazarene","url":"https:\/\/nazarene.org\/pt-br\/","logo":{"@type":"ImageObject","inLanguage":"pt-BR","@id":"https:\/\/nazarene.org\/pt-br\/#\/schema\/logo\/image\/","url":"https:\/\/nazarene.org\/wp-content\/uploads\/2024\/06\/Naz_Desktop_Black_Logo-1.svg","contentUrl":"https:\/\/nazarene.org\/wp-content\/uploads\/2024\/06\/Naz_Desktop_Black_Logo-1.svg","width":258,"height":36,"caption":"Church of the Nazarene"},"image":{"@id":"https:\/\/nazarene.org\/pt-br\/#\/schema\/logo\/image\/"},"sameAs":["https:\/\/www.facebook.com\/NazareneOfficial\/","https:\/\/x.com\/Nazarene","https:\/\/www.instagram.com\/nazareneofficial\/"]}]}},"_links":{"self":[{"href":"https:\/\/nazarene.org\/pt-br\/wp-json\/wp\/v2\/news\/46276","targetHints":{"allow":["GET"]}}],"collection":[{"href":"https:\/\/nazarene.org\/pt-br\/wp-json\/wp\/v2\/news"}],"about":[{"href":"https:\/\/nazarene.org\/pt-br\/wp-json\/wp\/v2\/types\/news"}],"author":[{"embeddable":true,"href":"https:\/\/nazarene.org\/pt-br\/wp-json\/wp\/v2\/users\/1"}],"version-history":[{"count":0,"href":"https:\/\/nazarene.org\/pt-br\/wp-json\/wp\/v2\/news\/46276\/revisions"}],"wp:featuredmedia":[{"embeddable":true,"href":"https:\/\/nazarene.org\/pt-br\/wp-json\/wp\/v2\/media\/28377"}],"wp:attachment":[{"href":"https:\/\/nazarene.org\/pt-br\/wp-json\/wp\/v2\/media?parent=46276"}],"wp:term":[{"taxonomy":"news-categories","embeddable":true,"href":"https:\/\/nazarene.org\/pt-br\/wp-json\/wp\/v2\/news-categories?post=46276"},{"taxonomy":"news-region-taxonomy","embeddable":true,"href":"https:\/\/nazarene.org\/pt-br\/wp-json\/wp\/v2\/news-region-taxonomy?post=46276"},{"taxonomy":"news-tag","embeddable":true,"href":"https:\/\/nazarene.org\/pt-br\/wp-json\/wp\/v2\/news-tag?post=46276"}],"curies":[{"name":"wp","href":"https:\/\/api.w.org\/{rel}","templated":true}]}}