{"id":46241,"date":"2022-04-22T00:00:00","date_gmt":"2022-04-22T05:00:00","guid":{"rendered":"https:\/\/nazarene.org\/news\/igreja-porto-rico-abre-centro-de-ministerio-compassivo\/"},"modified":"2022-04-22T00:00:00","modified_gmt":"2022-04-22T05:00:00","slug":"igreja-porto-rico-abre-centro-de-ministerio-compassivo","status":"publish","type":"news","link":"https:\/\/nazarene.org\/pt-br\/news\/igreja-porto-rico-abre-centro-de-ministerio-compassivo\/","title":{"rendered":"Igreja Porto Rico abre centro de minist\u00e9rio compassivo"},"content":{"rendered":"<p>A Igreja Jayuya Pueblo do Nazareno em Porto Rico realizou uma grande abertura para um centro para Minist\u00e9rios Nazarenos Compassivos em 26 de mar\u00e7o de 2022.&nbsp;<\/p>\n<p>A igreja espera que isso melhore o funcionamento do minist\u00e9rio e a disponibilidade de recursos para &nbsp;servir a comunidade.<\/p>\n<p>Equipamentos como cadeiras de rodas, esteiras e guarda-roupas, bem como comida e necessidades b\u00e1sicas, entre outras doa\u00e7\u00f5es que a igreja recebeu, ser\u00e3o armazenados na premissa. O centro, que anteriormente funcionava como um estacionamento, mas foi remodelado e adaptado, est\u00e1 localizado na propriedade da igreja.<\/p>\n<p>Desde o in\u00edcio da pandemia, o n\u00famero de fam\u00edlias que buscam ajuda para diferentes necessidades tem aumentado&#8221;, disse o pastor principal Noel Roman. Ent&nbsp;\u00e3o apresentei o projeto para o conselho da igreja local, esperando preparar a premissa para realizar o projeto.<\/p>\n<p>O centro foi nomeado em mem\u00f3ria de Norma Rodr\u00edguez Rivera, esposa de Pastor Rom\u00e1n, que faleceu h\u00e1 oito meses. Pastor Norma tinha uma grande paix\u00e3o por ajudar fam\u00edlias em necessidade, tanto na igreja e na comunidade.<\/p>\n<p>Minist\u00e9rio compassivo tem sido uma parte essencial da comunidade de f\u00e9 em Jayuya por muitos anos, onde a igreja serviu as necessidades que surgiram &nbsp;na comunidade. Eles compartilharam comida, doaram para fornecer necessidades b\u00e1sicas como \u00e1gua e eletricidade para diferentes casas, e deram contribui\u00e7\u00f5es para comprar medicamentos, entre muitas outras express\u00f5es de amor para seus vizinhos.<\/p>\n<p>Al\u00e9m disso, a igreja oferece orienta\u00e7\u00e3o para fam\u00edlias sobre outros servi\u00e7os de assist\u00eancia a cidad\u00e3o fornecidos pelo governo e ag\u00eancias sem fins lucrativos, servindo como um link e apoio para a comunidade.&nbsp;<\/p>\n<p><a href=\"http:\/\/www.mesoamericaregion.org\/\" target=\"_blank\">Igreja da Regi\u00e3o Nazarena Mesoam\u00e9rica<\/a><\/p>\n","protected":false},"excerpt":{"rendered":"<p>A Igreja Jayuya Pueblo do Nazareno em Porto Rico realizou uma grande abertura para um centro para Minist\u00e9rios Nazarenos Compassivos em 26 de mar\u00e7o de 2022. <\/p>\n","protected":false},"author":1,"featured_media":28333,"menu_order":0,"template":"","news-categories":[],"news-region-taxonomy":[],"news-tag":[2071,849],"class_list":["post-46241","news","type-news","status-publish","has-post-thumbnail","hentry","news-tag-porto-rico","news-tag-regiao-mesoamerica"],"yoast_head":"<!-- This site is optimized with the Yoast SEO Premium plugin v27.1 (Yoast SEO v27.1.1) - https:\/\/yoast.com\/product\/yoast-seo-premium-wordpress\/ -->\n<title>Igreja Porto Rico abre centro de minist\u00e9rio compassivo - Church of the Nazarene<\/title>\n<meta name=\"robots\" content=\"index, follow, max-snippet:-1, max-image-preview:large, max-video-preview:-1\" \/>\n<link rel=\"canonical\" href=\"https:\/\/nazarene.org\/pt-br\/news\/igreja-porto-rico-abre-centro-de-ministerio-compassivo\/\" \/>\n<meta property=\"og:locale\" content=\"pt_BR\" \/>\n<meta property=\"og:type\" content=\"article\" \/>\n<meta property=\"og:title\" content=\"Igreja Porto Rico abre centro de minist\u00e9rio compassivo\" \/>\n<meta property=\"og:description\" content=\"A Igreja Jayuya Pueblo do Nazareno em Porto Rico realizou uma grande abertura para um centro para Minist\u00e9rios Nazarenos Compassivos em 26 de mar\u00e7o de 2022.\" \/>\n<meta property=\"og:url\" content=\"https:\/\/nazarene.org\/pt-br\/news\/igreja-porto-rico-abre-centro-de-ministerio-compassivo\/\" \/>\n<meta property=\"og:site_name\" content=\"Church of the Nazarene\" \/>\n<meta property=\"article:publisher\" content=\"https:\/\/www.facebook.com\/NazareneOfficial\/\" \/>\n<meta name=\"twitter:card\" content=\"summary_large_image\" \/>\n<meta name=\"twitter:site\" content=\"@Nazarene\" \/>\n<script type=\"application\/ld+json\" class=\"yoast-schema-graph\">{\"@context\":\"https:\/\/schema.org\",\"@graph\":[{\"@type\":\"WebPage\",\"@id\":\"https:\/\/nazarene.org\/pt-br\/news\/igreja-porto-rico-abre-centro-de-ministerio-compassivo\/\",\"url\":\"https:\/\/nazarene.org\/pt-br\/news\/igreja-porto-rico-abre-centro-de-ministerio-compassivo\/\",\"name\":\"Igreja Porto Rico abre centro de minist\u00e9rio compassivo - Church of the Nazarene\",\"isPartOf\":{\"@id\":\"https:\/\/nazarene.org\/pt-br\/#website\"},\"primaryImageOfPage\":{\"@id\":\"https:\/\/nazarene.org\/pt-br\/news\/igreja-porto-rico-abre-centro-de-ministerio-compassivo\/#primaryimage\"},\"image\":{\"@id\":\"https:\/\/nazarene.org\/pt-br\/news\/igreja-porto-rico-abre-centro-de-ministerio-compassivo\/#primaryimage\"},\"thumbnailUrl\":\"https:\/\/nazarene.org\/wp-content\/uploads\/2025\/02\/Jajuya.jpg\",\"datePublished\":\"2022-04-22T05:00:00+00:00\",\"breadcrumb\":{\"@id\":\"https:\/\/nazarene.org\/pt-br\/news\/igreja-porto-rico-abre-centro-de-ministerio-compassivo\/#breadcrumb\"},\"inLanguage\":\"pt-BR\",\"potentialAction\":[{\"@type\":\"ReadAction\",\"target\":[\"https:\/\/nazarene.org\/pt-br\/news\/igreja-porto-rico-abre-centro-de-ministerio-compassivo\/\"]}]},{\"@type\":\"ImageObject\",\"inLanguage\":\"pt-BR\",\"@id\":\"https:\/\/nazarene.org\/pt-br\/news\/igreja-porto-rico-abre-centro-de-ministerio-compassivo\/#primaryimage\",\"url\":\"https:\/\/nazarene.org\/wp-content\/uploads\/2025\/02\/Jajuya.jpg\",\"contentUrl\":\"https:\/\/nazarene.org\/wp-content\/uploads\/2025\/02\/Jajuya.jpg\",\"width\":750,\"height\":400},{\"@type\":\"BreadcrumbList\",\"@id\":\"https:\/\/nazarene.org\/pt-br\/news\/igreja-porto-rico-abre-centro-de-ministerio-compassivo\/#breadcrumb\",\"itemListElement\":[{\"@type\":\"ListItem\",\"position\":1,\"name\":\"Home\",\"item\":\"https:\/\/nazarene.org\/pt-br\/\"},{\"@type\":\"ListItem\",\"position\":2,\"name\":\"News\",\"item\":\"https:\/\/nazarene.org\/pt-br\/news\/\"},{\"@type\":\"ListItem\",\"position\":3,\"name\":\"Igreja Porto Rico abre centro de minist\u00e9rio compassivo\"}]},{\"@type\":\"WebSite\",\"@id\":\"https:\/\/nazarene.org\/pt-br\/#website\",\"url\":\"https:\/\/nazarene.org\/pt-br\/\",\"name\":\"Church of the Nazarene\",\"description\":\"Making Christlike Disciples in the Nations\",\"publisher\":{\"@id\":\"https:\/\/nazarene.org\/pt-br\/#organization\"},\"potentialAction\":[{\"@type\":\"SearchAction\",\"target\":{\"@type\":\"EntryPoint\",\"urlTemplate\":\"https:\/\/nazarene.org\/pt-br\/?s={search_term_string}\"},\"query-input\":{\"@type\":\"PropertyValueSpecification\",\"valueRequired\":true,\"valueName\":\"search_term_string\"}}],\"inLanguage\":\"pt-BR\"},{\"@type\":\"Organization\",\"@id\":\"https:\/\/nazarene.org\/pt-br\/#organization\",\"name\":\"Church of the Nazarene\",\"url\":\"https:\/\/nazarene.org\/pt-br\/\",\"logo\":{\"@type\":\"ImageObject\",\"inLanguage\":\"pt-BR\",\"@id\":\"https:\/\/nazarene.org\/pt-br\/#\/schema\/logo\/image\/\",\"url\":\"https:\/\/nazarene.org\/wp-content\/uploads\/2024\/06\/Naz_Desktop_Black_Logo-1.svg\",\"contentUrl\":\"https:\/\/nazarene.org\/wp-content\/uploads\/2024\/06\/Naz_Desktop_Black_Logo-1.svg\",\"width\":258,\"height\":36,\"caption\":\"Church of the Nazarene\"},\"image\":{\"@id\":\"https:\/\/nazarene.org\/pt-br\/#\/schema\/logo\/image\/\"},\"sameAs\":[\"https:\/\/www.facebook.com\/NazareneOfficial\/\",\"https:\/\/x.com\/Nazarene\",\"https:\/\/www.instagram.com\/nazareneofficial\/\"]}]}<\/script>\n<!-- \/ Yoast SEO Premium plugin. -->","yoast_head_json":{"title":"Igreja Porto Rico abre centro de minist\u00e9rio compassivo - Church of the Nazarene","robots":{"index":"index","follow":"follow","max-snippet":"max-snippet:-1","max-image-preview":"max-image-preview:large","max-video-preview":"max-video-preview:-1"},"canonical":"https:\/\/nazarene.org\/pt-br\/news\/igreja-porto-rico-abre-centro-de-ministerio-compassivo\/","og_locale":"pt_BR","og_type":"article","og_title":"Igreja Porto Rico abre centro de minist\u00e9rio compassivo","og_description":"A Igreja Jayuya Pueblo do Nazareno em Porto Rico realizou uma grande abertura para um centro para Minist\u00e9rios Nazarenos Compassivos em 26 de mar\u00e7o de 2022.","og_url":"https:\/\/nazarene.org\/pt-br\/news\/igreja-porto-rico-abre-centro-de-ministerio-compassivo\/","og_site_name":"Church of the Nazarene","article_publisher":"https:\/\/www.facebook.com\/NazareneOfficial\/","twitter_card":"summary_large_image","twitter_site":"@Nazarene","schema":{"@context":"https:\/\/schema.org","@graph":[{"@type":"WebPage","@id":"https:\/\/nazarene.org\/pt-br\/news\/igreja-porto-rico-abre-centro-de-ministerio-compassivo\/","url":"https:\/\/nazarene.org\/pt-br\/news\/igreja-porto-rico-abre-centro-de-ministerio-compassivo\/","name":"Igreja Porto Rico abre centro de minist\u00e9rio compassivo - Church of the Nazarene","isPartOf":{"@id":"https:\/\/nazarene.org\/pt-br\/#website"},"primaryImageOfPage":{"@id":"https:\/\/nazarene.org\/pt-br\/news\/igreja-porto-rico-abre-centro-de-ministerio-compassivo\/#primaryimage"},"image":{"@id":"https:\/\/nazarene.org\/pt-br\/news\/igreja-porto-rico-abre-centro-de-ministerio-compassivo\/#primaryimage"},"thumbnailUrl":"https:\/\/nazarene.org\/wp-content\/uploads\/2025\/02\/Jajuya.jpg","datePublished":"2022-04-22T05:00:00+00:00","breadcrumb":{"@id":"https:\/\/nazarene.org\/pt-br\/news\/igreja-porto-rico-abre-centro-de-ministerio-compassivo\/#breadcrumb"},"inLanguage":"pt-BR","potentialAction":[{"@type":"ReadAction","target":["https:\/\/nazarene.org\/pt-br\/news\/igreja-porto-rico-abre-centro-de-ministerio-compassivo\/"]}]},{"@type":"ImageObject","inLanguage":"pt-BR","@id":"https:\/\/nazarene.org\/pt-br\/news\/igreja-porto-rico-abre-centro-de-ministerio-compassivo\/#primaryimage","url":"https:\/\/nazarene.org\/wp-content\/uploads\/2025\/02\/Jajuya.jpg","contentUrl":"https:\/\/nazarene.org\/wp-content\/uploads\/2025\/02\/Jajuya.jpg","width":750,"height":400},{"@type":"BreadcrumbList","@id":"https:\/\/nazarene.org\/pt-br\/news\/igreja-porto-rico-abre-centro-de-ministerio-compassivo\/#breadcrumb","itemListElement":[{"@type":"ListItem","position":1,"name":"Home","item":"https:\/\/nazarene.org\/pt-br\/"},{"@type":"ListItem","position":2,"name":"News","item":"https:\/\/nazarene.org\/pt-br\/news\/"},{"@type":"ListItem","position":3,"name":"Igreja Porto Rico abre centro de minist\u00e9rio compassivo"}]},{"@type":"WebSite","@id":"https:\/\/nazarene.org\/pt-br\/#website","url":"https:\/\/nazarene.org\/pt-br\/","name":"Church of the Nazarene","description":"Making Christlike Disciples in the Nations","publisher":{"@id":"https:\/\/nazarene.org\/pt-br\/#organization"},"potentialAction":[{"@type":"SearchAction","target":{"@type":"EntryPoint","urlTemplate":"https:\/\/nazarene.org\/pt-br\/?s={search_term_string}"},"query-input":{"@type":"PropertyValueSpecification","valueRequired":true,"valueName":"search_term_string"}}],"inLanguage":"pt-BR"},{"@type":"Organization","@id":"https:\/\/nazarene.org\/pt-br\/#organization","name":"Church of the Nazarene","url":"https:\/\/nazarene.org\/pt-br\/","logo":{"@type":"ImageObject","inLanguage":"pt-BR","@id":"https:\/\/nazarene.org\/pt-br\/#\/schema\/logo\/image\/","url":"https:\/\/nazarene.org\/wp-content\/uploads\/2024\/06\/Naz_Desktop_Black_Logo-1.svg","contentUrl":"https:\/\/nazarene.org\/wp-content\/uploads\/2024\/06\/Naz_Desktop_Black_Logo-1.svg","width":258,"height":36,"caption":"Church of the Nazarene"},"image":{"@id":"https:\/\/nazarene.org\/pt-br\/#\/schema\/logo\/image\/"},"sameAs":["https:\/\/www.facebook.com\/NazareneOfficial\/","https:\/\/x.com\/Nazarene","https:\/\/www.instagram.com\/nazareneofficial\/"]}]}},"_links":{"self":[{"href":"https:\/\/nazarene.org\/pt-br\/wp-json\/wp\/v2\/news\/46241","targetHints":{"allow":["GET"]}}],"collection":[{"href":"https:\/\/nazarene.org\/pt-br\/wp-json\/wp\/v2\/news"}],"about":[{"href":"https:\/\/nazarene.org\/pt-br\/wp-json\/wp\/v2\/types\/news"}],"author":[{"embeddable":true,"href":"https:\/\/nazarene.org\/pt-br\/wp-json\/wp\/v2\/users\/1"}],"version-history":[{"count":0,"href":"https:\/\/nazarene.org\/pt-br\/wp-json\/wp\/v2\/news\/46241\/revisions"}],"wp:featuredmedia":[{"embeddable":true,"href":"https:\/\/nazarene.org\/pt-br\/wp-json\/wp\/v2\/media\/28333"}],"wp:attachment":[{"href":"https:\/\/nazarene.org\/pt-br\/wp-json\/wp\/v2\/media?parent=46241"}],"wp:term":[{"taxonomy":"news-categories","embeddable":true,"href":"https:\/\/nazarene.org\/pt-br\/wp-json\/wp\/v2\/news-categories?post=46241"},{"taxonomy":"news-region-taxonomy","embeddable":true,"href":"https:\/\/nazarene.org\/pt-br\/wp-json\/wp\/v2\/news-region-taxonomy?post=46241"},{"taxonomy":"news-tag","embeddable":true,"href":"https:\/\/nazarene.org\/pt-br\/wp-json\/wp\/v2\/news-tag?post=46241"}],"curies":[{"name":"wp","href":"https:\/\/api.w.org\/{rel}","templated":true}]}}