{"id":45460,"date":"2022-12-15T00:00:00","date_gmt":"2022-12-15T06:00:00","guid":{"rendered":"https:\/\/nazarene.org\/news\/ntc-brisbane-celebra-2022-graduados\/"},"modified":"2022-12-15T00:00:00","modified_gmt":"2022-12-15T06:00:00","slug":"ntc-brisbane-celebra-2022-graduados","status":"publish","type":"news","link":"https:\/\/nazarene.org\/pt-br\/news\/ntc-brisbane-celebra-2022-graduados\/","title":{"rendered":"NTC-Brisbane celebra 2022 graduados"},"content":{"rendered":"<p>Col\u00e9gio Teol\u00f3gico Nazareno &#8211; Brisbane realizou seu 63\u00ba Servi\u00e7o de Celebra\u00e7\u00e3o para seus 2022 graduados em 13 de novembro na Igreja Comunit\u00e1ria Bayside, onde 15 estudantes de seis pa\u00edses (Austr\u00e1lia, Papua Nova Guin\u00e9, Fiji, M\u00e9xico, Nova Zel\u00e2ndia e Jap\u00e3o) ganharam seus graus. \u00c9 o maior n\u00famero de graduados nos \u00faltimos 30 anos.<\/p>\n<ul>\n<li>Quatro estudantes ganharam um Diploma de Estudos Crist\u00e3os<\/li>\n<li>Dois estudantes ganharam um Bacharel de Minist\u00e9rio<\/li>\n<li>Um estudante ganhou um Bacharel em Teologia<\/li>\n<li>Tr\u00eas estudantes ganharam um Certificado de Artes<\/li>\n<li>Um estudante ganhou um Certificado de Gradua\u00e7\u00e3o de Chaplaincy<\/li>\n<li>Dois estudantes ganharam um Diploma de Gradua\u00e7\u00e3o em Artes<\/li>\n<li>Dois estudantes ganharam um Mestrado de Divindade<\/li>\n<li>Dois estudantes ganharam um Mestrado em Teologia<\/li>\n<\/ul>\n<p>\u00c9 um privil\u00e9gio ter caminhado ao lado desses estudantes como eles buscaram cumprir o chamado que Deus colocou em suas vidas&#8221;, disse Rob A. Fringer, diretor NTC-Brisbane. Quando penso de volta nesta coorte particular de formandos, posso me lembrar de muitos altos e baixos como eles se descobriram, fizeram amigos, aprenderam a aprender, cresceram em f\u00e9, superaram desafios e celebraram pequenas vit\u00f3rias. Estou confiante de que Deus \u00e9 e continuar\u00e1 a usar essas pessoas para revelar o Reino para outros, e sei que com eles, a igreja est\u00e1 em boas m\u00e3os.<\/p>\n<p>Megan Meade, um graduado em Diploma de Artes, disse que sentar ao lado de seus pares, pensando sobre como eles poderiam ser futuros l\u00edderes em nossa denomina\u00e7\u00e3o, era um momento profundo.<\/p>\n<p>Saber que fomos dadas as chaves para conhecimento incr\u00edvel e sabemos que temos um chamado distinto em nossas vidas e que fomos celebrados com pessoas que investiram em n\u00f3s era um momento muito especial&#8221;, disse ela.<\/p>\n<p>Corpo docente, estudantes, membros da fam\u00edlia e amigos celebraram a realiza\u00e7\u00e3o acad\u00eamica e um trabalho bem feito. Mas mais do que isso, eles se lembraram e celebraram o privil\u00e9gio de resposta fiel ao chamado de Deus.<\/p>\n<p>Servi\u00e7o de Celebra\u00e7\u00e3o sempre destaca para mim como NTC \u00e9 um esfor\u00e7o profundamente relacional&#8221;, disse Joseph Wood, decano de Estudantes. Nos reunimos para celebrar os estudantes e suas conquistas, mas essas coisas n\u00e3o seriam poss\u00edveis sem o corpo docente que ensinam, os administradores que organizam, os curadores que empoderam, o Sydney Col\u00e9gio de Divindade que aprovam, as igrejas que enviam, a fam\u00edlia e amigos que apoiam, e acima de tudo, o Deus que chama.<\/p>\n<p>Col\u00e9gio Teol\u00f3gico Nazareno-Brisbane<\/p>\n","protected":false},"excerpt":{"rendered":"<p>Col\u00e9gio Teol\u00f3gico Nazareno &#8211; Brisbane realizou seu 63\u00ba Servi\u00e7o de Celebra\u00e7\u00e3o para seus 2022 graduados em 13 de novembro na Igreja Comunit\u00e1ria Bayside, onde 15 estudantes de seis pa\u00edses ganharam seus graus.<\/p>\n","protected":false},"author":1,"featured_media":29001,"menu_order":0,"template":"","news-categories":[],"news-region-taxonomy":[],"news-tag":[754,873,2064],"class_list":["post-45460","news","type-news","status-publish","has-post-thumbnail","hentry","news-tag-asia-pacifico","news-tag-colegiado","news-tag-ntc-brisbane-pt-br"],"yoast_head":"<!-- This site is optimized with the Yoast SEO Premium plugin v27.1 (Yoast SEO v27.1.1) - https:\/\/yoast.com\/product\/yoast-seo-premium-wordpress\/ -->\n<title>NTC-Brisbane celebra 2022 graduados - Church of the Nazarene<\/title>\n<meta name=\"robots\" content=\"index, follow, max-snippet:-1, max-image-preview:large, max-video-preview:-1\" \/>\n<link rel=\"canonical\" href=\"https:\/\/nazarene.org\/pt-br\/news\/ntc-brisbane-celebra-2022-graduados\/\" \/>\n<meta property=\"og:locale\" content=\"pt_BR\" \/>\n<meta property=\"og:type\" content=\"article\" \/>\n<meta property=\"og:title\" content=\"NTC-Brisbane celebra 2022 graduados\" \/>\n<meta property=\"og:description\" content=\"Col\u00e9gio Teol\u00f3gico Nazareno - Brisbane realizou seu 63\u00ba Servi\u00e7o de Celebra\u00e7\u00e3o para seus 2022 graduados em 13 de novembro na Igreja Comunit\u00e1ria Bayside, onde 15 estudantes de seis pa\u00edses ganharam seus graus.\" \/>\n<meta property=\"og:url\" content=\"https:\/\/nazarene.org\/pt-br\/news\/ntc-brisbane-celebra-2022-graduados\/\" \/>\n<meta property=\"og:site_name\" content=\"Church of the Nazarene\" \/>\n<meta property=\"article:publisher\" content=\"https:\/\/www.facebook.com\/NazareneOfficial\/\" \/>\n<meta name=\"twitter:card\" content=\"summary_large_image\" \/>\n<meta name=\"twitter:site\" content=\"@Nazarene\" \/>\n<script type=\"application\/ld+json\" class=\"yoast-schema-graph\">{\"@context\":\"https:\/\/schema.org\",\"@graph\":[{\"@type\":\"WebPage\",\"@id\":\"https:\/\/nazarene.org\/pt-br\/news\/ntc-brisbane-celebra-2022-graduados\/\",\"url\":\"https:\/\/nazarene.org\/pt-br\/news\/ntc-brisbane-celebra-2022-graduados\/\",\"name\":\"NTC-Brisbane celebra 2022 graduados - Church of the Nazarene\",\"isPartOf\":{\"@id\":\"https:\/\/nazarene.org\/pt-br\/#website\"},\"primaryImageOfPage\":{\"@id\":\"https:\/\/nazarene.org\/pt-br\/news\/ntc-brisbane-celebra-2022-graduados\/#primaryimage\"},\"image\":{\"@id\":\"https:\/\/nazarene.org\/pt-br\/news\/ntc-brisbane-celebra-2022-graduados\/#primaryimage\"},\"thumbnailUrl\":\"https:\/\/nazarene.org\/wp-content\/uploads\/2025\/02\/NTC-Bris.jpg\",\"datePublished\":\"2022-12-15T06:00:00+00:00\",\"breadcrumb\":{\"@id\":\"https:\/\/nazarene.org\/pt-br\/news\/ntc-brisbane-celebra-2022-graduados\/#breadcrumb\"},\"inLanguage\":\"pt-BR\",\"potentialAction\":[{\"@type\":\"ReadAction\",\"target\":[\"https:\/\/nazarene.org\/pt-br\/news\/ntc-brisbane-celebra-2022-graduados\/\"]}]},{\"@type\":\"ImageObject\",\"inLanguage\":\"pt-BR\",\"@id\":\"https:\/\/nazarene.org\/pt-br\/news\/ntc-brisbane-celebra-2022-graduados\/#primaryimage\",\"url\":\"https:\/\/nazarene.org\/wp-content\/uploads\/2025\/02\/NTC-Bris.jpg\",\"contentUrl\":\"https:\/\/nazarene.org\/wp-content\/uploads\/2025\/02\/NTC-Bris.jpg\",\"width\":750,\"height\":400},{\"@type\":\"BreadcrumbList\",\"@id\":\"https:\/\/nazarene.org\/pt-br\/news\/ntc-brisbane-celebra-2022-graduados\/#breadcrumb\",\"itemListElement\":[{\"@type\":\"ListItem\",\"position\":1,\"name\":\"Home\",\"item\":\"https:\/\/nazarene.org\/pt-br\/\"},{\"@type\":\"ListItem\",\"position\":2,\"name\":\"News\",\"item\":\"https:\/\/nazarene.org\/pt-br\/news\/\"},{\"@type\":\"ListItem\",\"position\":3,\"name\":\"NTC-Brisbane celebra 2022 graduados\"}]},{\"@type\":\"WebSite\",\"@id\":\"https:\/\/nazarene.org\/pt-br\/#website\",\"url\":\"https:\/\/nazarene.org\/pt-br\/\",\"name\":\"Church of the Nazarene\",\"description\":\"Making Christlike Disciples in the Nations\",\"publisher\":{\"@id\":\"https:\/\/nazarene.org\/pt-br\/#organization\"},\"potentialAction\":[{\"@type\":\"SearchAction\",\"target\":{\"@type\":\"EntryPoint\",\"urlTemplate\":\"https:\/\/nazarene.org\/pt-br\/?s={search_term_string}\"},\"query-input\":{\"@type\":\"PropertyValueSpecification\",\"valueRequired\":true,\"valueName\":\"search_term_string\"}}],\"inLanguage\":\"pt-BR\"},{\"@type\":\"Organization\",\"@id\":\"https:\/\/nazarene.org\/pt-br\/#organization\",\"name\":\"Church of the Nazarene\",\"url\":\"https:\/\/nazarene.org\/pt-br\/\",\"logo\":{\"@type\":\"ImageObject\",\"inLanguage\":\"pt-BR\",\"@id\":\"https:\/\/nazarene.org\/pt-br\/#\/schema\/logo\/image\/\",\"url\":\"https:\/\/nazarene.org\/wp-content\/uploads\/2024\/06\/Naz_Desktop_Black_Logo-1.svg\",\"contentUrl\":\"https:\/\/nazarene.org\/wp-content\/uploads\/2024\/06\/Naz_Desktop_Black_Logo-1.svg\",\"width\":258,\"height\":36,\"caption\":\"Church of the Nazarene\"},\"image\":{\"@id\":\"https:\/\/nazarene.org\/pt-br\/#\/schema\/logo\/image\/\"},\"sameAs\":[\"https:\/\/www.facebook.com\/NazareneOfficial\/\",\"https:\/\/x.com\/Nazarene\",\"https:\/\/www.instagram.com\/nazareneofficial\/\"]}]}<\/script>\n<!-- \/ Yoast SEO Premium plugin. -->","yoast_head_json":{"title":"NTC-Brisbane celebra 2022 graduados - Church of the Nazarene","robots":{"index":"index","follow":"follow","max-snippet":"max-snippet:-1","max-image-preview":"max-image-preview:large","max-video-preview":"max-video-preview:-1"},"canonical":"https:\/\/nazarene.org\/pt-br\/news\/ntc-brisbane-celebra-2022-graduados\/","og_locale":"pt_BR","og_type":"article","og_title":"NTC-Brisbane celebra 2022 graduados","og_description":"Col\u00e9gio Teol\u00f3gico Nazareno - Brisbane realizou seu 63\u00ba Servi\u00e7o de Celebra\u00e7\u00e3o para seus 2022 graduados em 13 de novembro na Igreja Comunit\u00e1ria Bayside, onde 15 estudantes de seis pa\u00edses ganharam seus graus.","og_url":"https:\/\/nazarene.org\/pt-br\/news\/ntc-brisbane-celebra-2022-graduados\/","og_site_name":"Church of the Nazarene","article_publisher":"https:\/\/www.facebook.com\/NazareneOfficial\/","twitter_card":"summary_large_image","twitter_site":"@Nazarene","schema":{"@context":"https:\/\/schema.org","@graph":[{"@type":"WebPage","@id":"https:\/\/nazarene.org\/pt-br\/news\/ntc-brisbane-celebra-2022-graduados\/","url":"https:\/\/nazarene.org\/pt-br\/news\/ntc-brisbane-celebra-2022-graduados\/","name":"NTC-Brisbane celebra 2022 graduados - Church of the Nazarene","isPartOf":{"@id":"https:\/\/nazarene.org\/pt-br\/#website"},"primaryImageOfPage":{"@id":"https:\/\/nazarene.org\/pt-br\/news\/ntc-brisbane-celebra-2022-graduados\/#primaryimage"},"image":{"@id":"https:\/\/nazarene.org\/pt-br\/news\/ntc-brisbane-celebra-2022-graduados\/#primaryimage"},"thumbnailUrl":"https:\/\/nazarene.org\/wp-content\/uploads\/2025\/02\/NTC-Bris.jpg","datePublished":"2022-12-15T06:00:00+00:00","breadcrumb":{"@id":"https:\/\/nazarene.org\/pt-br\/news\/ntc-brisbane-celebra-2022-graduados\/#breadcrumb"},"inLanguage":"pt-BR","potentialAction":[{"@type":"ReadAction","target":["https:\/\/nazarene.org\/pt-br\/news\/ntc-brisbane-celebra-2022-graduados\/"]}]},{"@type":"ImageObject","inLanguage":"pt-BR","@id":"https:\/\/nazarene.org\/pt-br\/news\/ntc-brisbane-celebra-2022-graduados\/#primaryimage","url":"https:\/\/nazarene.org\/wp-content\/uploads\/2025\/02\/NTC-Bris.jpg","contentUrl":"https:\/\/nazarene.org\/wp-content\/uploads\/2025\/02\/NTC-Bris.jpg","width":750,"height":400},{"@type":"BreadcrumbList","@id":"https:\/\/nazarene.org\/pt-br\/news\/ntc-brisbane-celebra-2022-graduados\/#breadcrumb","itemListElement":[{"@type":"ListItem","position":1,"name":"Home","item":"https:\/\/nazarene.org\/pt-br\/"},{"@type":"ListItem","position":2,"name":"News","item":"https:\/\/nazarene.org\/pt-br\/news\/"},{"@type":"ListItem","position":3,"name":"NTC-Brisbane celebra 2022 graduados"}]},{"@type":"WebSite","@id":"https:\/\/nazarene.org\/pt-br\/#website","url":"https:\/\/nazarene.org\/pt-br\/","name":"Church of the Nazarene","description":"Making Christlike Disciples in the Nations","publisher":{"@id":"https:\/\/nazarene.org\/pt-br\/#organization"},"potentialAction":[{"@type":"SearchAction","target":{"@type":"EntryPoint","urlTemplate":"https:\/\/nazarene.org\/pt-br\/?s={search_term_string}"},"query-input":{"@type":"PropertyValueSpecification","valueRequired":true,"valueName":"search_term_string"}}],"inLanguage":"pt-BR"},{"@type":"Organization","@id":"https:\/\/nazarene.org\/pt-br\/#organization","name":"Church of the Nazarene","url":"https:\/\/nazarene.org\/pt-br\/","logo":{"@type":"ImageObject","inLanguage":"pt-BR","@id":"https:\/\/nazarene.org\/pt-br\/#\/schema\/logo\/image\/","url":"https:\/\/nazarene.org\/wp-content\/uploads\/2024\/06\/Naz_Desktop_Black_Logo-1.svg","contentUrl":"https:\/\/nazarene.org\/wp-content\/uploads\/2024\/06\/Naz_Desktop_Black_Logo-1.svg","width":258,"height":36,"caption":"Church of the Nazarene"},"image":{"@id":"https:\/\/nazarene.org\/pt-br\/#\/schema\/logo\/image\/"},"sameAs":["https:\/\/www.facebook.com\/NazareneOfficial\/","https:\/\/x.com\/Nazarene","https:\/\/www.instagram.com\/nazareneofficial\/"]}]}},"_links":{"self":[{"href":"https:\/\/nazarene.org\/pt-br\/wp-json\/wp\/v2\/news\/45460","targetHints":{"allow":["GET"]}}],"collection":[{"href":"https:\/\/nazarene.org\/pt-br\/wp-json\/wp\/v2\/news"}],"about":[{"href":"https:\/\/nazarene.org\/pt-br\/wp-json\/wp\/v2\/types\/news"}],"author":[{"embeddable":true,"href":"https:\/\/nazarene.org\/pt-br\/wp-json\/wp\/v2\/users\/1"}],"version-history":[{"count":0,"href":"https:\/\/nazarene.org\/pt-br\/wp-json\/wp\/v2\/news\/45460\/revisions"}],"wp:featuredmedia":[{"embeddable":true,"href":"https:\/\/nazarene.org\/pt-br\/wp-json\/wp\/v2\/media\/29001"}],"wp:attachment":[{"href":"https:\/\/nazarene.org\/pt-br\/wp-json\/wp\/v2\/media?parent=45460"}],"wp:term":[{"taxonomy":"news-categories","embeddable":true,"href":"https:\/\/nazarene.org\/pt-br\/wp-json\/wp\/v2\/news-categories?post=45460"},{"taxonomy":"news-region-taxonomy","embeddable":true,"href":"https:\/\/nazarene.org\/pt-br\/wp-json\/wp\/v2\/news-region-taxonomy?post=45460"},{"taxonomy":"news-tag","embeddable":true,"href":"https:\/\/nazarene.org\/pt-br\/wp-json\/wp\/v2\/news-tag?post=45460"}],"curies":[{"name":"wp","href":"https:\/\/api.w.org\/{rel}","templated":true}]}}