{"id":45429,"date":"2022-12-08T00:00:00","date_gmt":"2022-12-08T06:00:00","guid":{"rendered":"https:\/\/nazarene.org\/news\/ministerio-de-oracao-de-tribunal-do-equador-encontra-sucesso\/"},"modified":"2022-12-08T00:00:00","modified_gmt":"2022-12-08T06:00:00","slug":"ministerio-de-oracao-de-tribunal-do-equador-encontra-sucesso","status":"publish","type":"news","link":"https:\/\/nazarene.org\/pt-br\/news\/ministerio-de-oracao-de-tribunal-do-equador-encontra-sucesso\/","title":{"rendered":"minist\u00e9rio de ora\u00e7\u00e3o de tribunal do Equador encontra sucesso"},"content":{"rendered":"<p>Pastor Marcelo Fretes e sua equipe de minist\u00e9rio de ora\u00e7\u00e3o est\u00e3o do lado de fora de seu tribunal local semanalmente em Latacunga, Equador. Muitos pararam para solicitar uma ora\u00e7\u00e3o para aliviar seus fardos.<\/p>\n<p>Fretes foi inspirado para come\u00e7ar o minist\u00e9rio depois de testemunhar outro minist\u00e9rio de ora\u00e7\u00e3o enquanto visitava uma congrega\u00e7\u00e3o em Kokomo, Indiana, EUA. Ele viu como um grupo de pessoas de igreja montou uma mesa e ofereceu ora\u00e7\u00e3o para espectadores.<\/p>\n<p>Algumas pessoas aceitariam essas ora\u00e7\u00f5es, e alguns n\u00e3o &#8220;, disse Fretes. Lembro-me de uma senhora gr\u00e1vida parando pela mesa para solicitar ora\u00e7\u00e3o; ela estava prestes a ir para o tribunal. Seu rosto parecia problem\u00e1tico, mas depois do tempo de ora\u00e7\u00e3o, ela parecia esperan\u00e7osa.<\/p>\n<p>Esta experi\u00eancia impactou a vida de Fretes tanto que ele decidiu come\u00e7ar um minist\u00e9rio similar em Latacunga. Ele e sua equipe configuraram um banner que lia, &#8220;Queremos orar para voc\u00ea&#8221;. Todas as semanas, 15-20 pessoas se aproximam da equipe de ora\u00e7\u00e3o des&nbsp;ejando ser orada.<\/p>\n<p>Um dia, uma mulher veio para solicitar ora\u00e7\u00e3o&#8221;, disse Fretes. Depois que a equipe orou por ela, ela puxou dinheiro de sua bolsa. A equipe lhe disse que essa ora\u00e7\u00e3o era gratuita. Quando a mulher ouviu isso, ela come\u00e7ou a chorar porque ela n\u00e3o podia acreditar que a paz que ela sentiu [veio livre de custo].&#8221;<\/p>\n<p>Karla Vallejo e Amparo Bonilla s\u00e3o parte da equipe de ora\u00e7\u00e3o que aparece fielmente no tribunal semanal. Bonilla desenhou sua inspira\u00e7\u00e3o para participar do minist\u00e9rio de ora\u00e7\u00e3o assistindo como os mission\u00e1rios trabalharam em Latacunga.<\/p>\n<p>Minha motiva\u00e7\u00e3o para participar deste minist\u00e9rio \u00e9 ajudar as pessoas&#8221;, disse Bonilla. Vi como mission\u00e1rios [trabalharam] em Latacunga, o que me inspirou a se envolver em miss\u00f5es.<\/p>\n<p>Karla Vallejo \u00e9 um firme crente em ora\u00e7\u00e3o. Quando ela participou de um evento de ora\u00e7\u00e3o na comunidade, ela percebeu os fardos que as pessoas carregam com elas.<\/p>\n<p>Percebo que sempre temos algo para orar&#8221;, disse Vallejo. H\u00e1 sempre uma necessidade, um medo, uma dor ou doen\u00e7a; quando n\u00e3o conhecemos Jesus, somos cativos para esses sentimentos, e apenas a Palavra pode nos libertar.<\/p>\n<p>Fretes testemunhou a apar\u00eancia de medo e desespero de muitos antes ou depois de entrar no tribunal.<\/p>\n<p>Pessoas que chegam l\u00e1 [o tribunal] chegam com um cora\u00e7\u00e3o pesado&#8221;, disse Fretes. Muitos est\u00e3o prestes a receber uma senten\u00e7a naquele dia, e antes de entrar nesse lugar, eles podem encontrar pessoas que podem orar para eles e ajud\u00e1-los a carregar um fardo. Essas pessoas entram com um senso de paz para enfrentar o que quer que eles precisam enfrentar.<\/p>\n<p>Em cidades vizinhas, outros pastores &#8211; tanto Nazareno quanto n\u00e3o Nazareno &#8211; viram o impacto que a igreja Latacunga est\u00e1 fazendo e est\u00e3o procurando replicar o minist\u00e9rio de ora\u00e7\u00e3o em sua cidade.<\/p>\n<p>Fretes se sente compelido a se envolver em qualquer lugar que ele v\u00ea uma necessidade. Uma Escritura que o levou a &nbsp;mergulhar em sua comunidade &nbsp;em Mateus 9:35.<\/p>\n<p>A necessidade est\u00e1 l\u00e1 fora&#8221;, disse Fretes. Jesus iria onde a necessidade estava. Ele se importaria com o cego e o coxo. Este \u00e9 nosso tempo (agora) para ver a gl\u00f3ria de Deus. Voc\u00ea pode se perguntar o que voc\u00ea pode fazer; voc\u00ea pode fazer muito. Os recursos sempre seguir\u00e3o a vis\u00e3o. Ele pode fazer grandes coisas com as pequenas que voc\u00ea pode ter.<\/p>\n","protected":false},"excerpt":{"rendered":"<p>Pastor Marcelo Fretes e sua equipe de minist\u00e9rio de ora\u00e7\u00e3o est\u00e3o do lado de fora de seu tribunal local semanalmente em Latacunga, Equador. Muitos pararam para solicitar uma ora\u00e7\u00e3o para aliviar seu fardo.<\/p>\n","protected":false},"author":1,"featured_media":28985,"menu_order":0,"template":"","news-categories":[],"news-region-taxonomy":[],"news-tag":[804,827],"class_list":["post-45429","news","type-news","status-publish","has-post-thumbnail","hentry","news-tag-america-do-sul","news-tag-equador"],"yoast_head":"<!-- This site is optimized with the Yoast SEO Premium plugin v27.1 (Yoast SEO v27.1.1) - https:\/\/yoast.com\/product\/yoast-seo-premium-wordpress\/ -->\n<title>minist\u00e9rio de ora\u00e7\u00e3o de tribunal do Equador encontra sucesso - Church of the Nazarene<\/title>\n<meta name=\"robots\" content=\"index, follow, max-snippet:-1, max-image-preview:large, max-video-preview:-1\" \/>\n<link rel=\"canonical\" href=\"https:\/\/nazarene.org\/pt-br\/news\/ministerio-de-oracao-de-tribunal-do-equador-encontra-sucesso\/\" \/>\n<meta property=\"og:locale\" content=\"pt_BR\" \/>\n<meta property=\"og:type\" content=\"article\" \/>\n<meta property=\"og:title\" content=\"minist\u00e9rio de ora\u00e7\u00e3o de tribunal do Equador encontra sucesso\" \/>\n<meta property=\"og:description\" content=\"Pastor Marcelo Fretes e sua equipe de minist\u00e9rio de ora\u00e7\u00e3o est\u00e3o do lado de fora de seu tribunal local semanalmente em Latacunga, Equador. Muitos pararam para solicitar uma ora\u00e7\u00e3o para aliviar seu fardo.\" \/>\n<meta property=\"og:url\" content=\"https:\/\/nazarene.org\/pt-br\/news\/ministerio-de-oracao-de-tribunal-do-equador-encontra-sucesso\/\" \/>\n<meta property=\"og:site_name\" content=\"Church of the Nazarene\" \/>\n<meta property=\"article:publisher\" content=\"https:\/\/www.facebook.com\/NazareneOfficial\/\" \/>\n<meta name=\"twitter:card\" content=\"summary_large_image\" \/>\n<meta name=\"twitter:site\" content=\"@Nazarene\" \/>\n<script type=\"application\/ld+json\" class=\"yoast-schema-graph\">{\"@context\":\"https:\/\/schema.org\",\"@graph\":[{\"@type\":\"WebPage\",\"@id\":\"https:\/\/nazarene.org\/pt-br\/news\/ministerio-de-oracao-de-tribunal-do-equador-encontra-sucesso\/\",\"url\":\"https:\/\/nazarene.org\/pt-br\/news\/ministerio-de-oracao-de-tribunal-do-equador-encontra-sucesso\/\",\"name\":\"minist\u00e9rio de ora\u00e7\u00e3o de tribunal do Equador encontra sucesso - Church of the Nazarene\",\"isPartOf\":{\"@id\":\"https:\/\/nazarene.org\/pt-br\/#website\"},\"primaryImageOfPage\":{\"@id\":\"https:\/\/nazarene.org\/pt-br\/news\/ministerio-de-oracao-de-tribunal-do-equador-encontra-sucesso\/#primaryimage\"},\"image\":{\"@id\":\"https:\/\/nazarene.org\/pt-br\/news\/ministerio-de-oracao-de-tribunal-do-equador-encontra-sucesso\/#primaryimage\"},\"thumbnailUrl\":\"https:\/\/nazarene.org\/wp-content\/uploads\/2025\/02\/Latacunga.jpg\",\"datePublished\":\"2022-12-08T06:00:00+00:00\",\"breadcrumb\":{\"@id\":\"https:\/\/nazarene.org\/pt-br\/news\/ministerio-de-oracao-de-tribunal-do-equador-encontra-sucesso\/#breadcrumb\"},\"inLanguage\":\"pt-BR\",\"potentialAction\":[{\"@type\":\"ReadAction\",\"target\":[\"https:\/\/nazarene.org\/pt-br\/news\/ministerio-de-oracao-de-tribunal-do-equador-encontra-sucesso\/\"]}]},{\"@type\":\"ImageObject\",\"inLanguage\":\"pt-BR\",\"@id\":\"https:\/\/nazarene.org\/pt-br\/news\/ministerio-de-oracao-de-tribunal-do-equador-encontra-sucesso\/#primaryimage\",\"url\":\"https:\/\/nazarene.org\/wp-content\/uploads\/2025\/02\/Latacunga.jpg\",\"contentUrl\":\"https:\/\/nazarene.org\/wp-content\/uploads\/2025\/02\/Latacunga.jpg\",\"width\":750,\"height\":400},{\"@type\":\"BreadcrumbList\",\"@id\":\"https:\/\/nazarene.org\/pt-br\/news\/ministerio-de-oracao-de-tribunal-do-equador-encontra-sucesso\/#breadcrumb\",\"itemListElement\":[{\"@type\":\"ListItem\",\"position\":1,\"name\":\"Home\",\"item\":\"https:\/\/nazarene.org\/pt-br\/casa\/\"},{\"@type\":\"ListItem\",\"position\":2,\"name\":\"News\",\"item\":\"https:\/\/nazarene.org\/pt-br\/news\/\"},{\"@type\":\"ListItem\",\"position\":3,\"name\":\"minist\u00e9rio de ora\u00e7\u00e3o de tribunal do Equador encontra sucesso\"}]},{\"@type\":\"WebSite\",\"@id\":\"https:\/\/nazarene.org\/pt-br\/#website\",\"url\":\"https:\/\/nazarene.org\/pt-br\/\",\"name\":\"Church of the Nazarene\",\"description\":\"Making Christlike Disciples in the Nations\",\"publisher\":{\"@id\":\"https:\/\/nazarene.org\/pt-br\/#organization\"},\"potentialAction\":[{\"@type\":\"SearchAction\",\"target\":{\"@type\":\"EntryPoint\",\"urlTemplate\":\"https:\/\/nazarene.org\/pt-br\/?s={search_term_string}\"},\"query-input\":{\"@type\":\"PropertyValueSpecification\",\"valueRequired\":true,\"valueName\":\"search_term_string\"}}],\"inLanguage\":\"pt-BR\"},{\"@type\":\"Organization\",\"@id\":\"https:\/\/nazarene.org\/pt-br\/#organization\",\"name\":\"Church of the Nazarene\",\"url\":\"https:\/\/nazarene.org\/pt-br\/\",\"logo\":{\"@type\":\"ImageObject\",\"inLanguage\":\"pt-BR\",\"@id\":\"https:\/\/nazarene.org\/pt-br\/#\/schema\/logo\/image\/\",\"url\":\"https:\/\/nazarene.org\/wp-content\/uploads\/2024\/06\/Naz_Desktop_Black_Logo-1.svg\",\"contentUrl\":\"https:\/\/nazarene.org\/wp-content\/uploads\/2024\/06\/Naz_Desktop_Black_Logo-1.svg\",\"width\":258,\"height\":36,\"caption\":\"Church of the Nazarene\"},\"image\":{\"@id\":\"https:\/\/nazarene.org\/pt-br\/#\/schema\/logo\/image\/\"},\"sameAs\":[\"https:\/\/www.facebook.com\/NazareneOfficial\/\",\"https:\/\/x.com\/Nazarene\",\"https:\/\/www.instagram.com\/nazareneofficial\/\"]}]}<\/script>\n<!-- \/ Yoast SEO Premium plugin. -->","yoast_head_json":{"title":"minist\u00e9rio de ora\u00e7\u00e3o de tribunal do Equador encontra sucesso - Church of the Nazarene","robots":{"index":"index","follow":"follow","max-snippet":"max-snippet:-1","max-image-preview":"max-image-preview:large","max-video-preview":"max-video-preview:-1"},"canonical":"https:\/\/nazarene.org\/pt-br\/news\/ministerio-de-oracao-de-tribunal-do-equador-encontra-sucesso\/","og_locale":"pt_BR","og_type":"article","og_title":"minist\u00e9rio de ora\u00e7\u00e3o de tribunal do Equador encontra sucesso","og_description":"Pastor Marcelo Fretes e sua equipe de minist\u00e9rio de ora\u00e7\u00e3o est\u00e3o do lado de fora de seu tribunal local semanalmente em Latacunga, Equador. Muitos pararam para solicitar uma ora\u00e7\u00e3o para aliviar seu fardo.","og_url":"https:\/\/nazarene.org\/pt-br\/news\/ministerio-de-oracao-de-tribunal-do-equador-encontra-sucesso\/","og_site_name":"Church of the Nazarene","article_publisher":"https:\/\/www.facebook.com\/NazareneOfficial\/","twitter_card":"summary_large_image","twitter_site":"@Nazarene","schema":{"@context":"https:\/\/schema.org","@graph":[{"@type":"WebPage","@id":"https:\/\/nazarene.org\/pt-br\/news\/ministerio-de-oracao-de-tribunal-do-equador-encontra-sucesso\/","url":"https:\/\/nazarene.org\/pt-br\/news\/ministerio-de-oracao-de-tribunal-do-equador-encontra-sucesso\/","name":"minist\u00e9rio de ora\u00e7\u00e3o de tribunal do Equador encontra sucesso - Church of the Nazarene","isPartOf":{"@id":"https:\/\/nazarene.org\/pt-br\/#website"},"primaryImageOfPage":{"@id":"https:\/\/nazarene.org\/pt-br\/news\/ministerio-de-oracao-de-tribunal-do-equador-encontra-sucesso\/#primaryimage"},"image":{"@id":"https:\/\/nazarene.org\/pt-br\/news\/ministerio-de-oracao-de-tribunal-do-equador-encontra-sucesso\/#primaryimage"},"thumbnailUrl":"https:\/\/nazarene.org\/wp-content\/uploads\/2025\/02\/Latacunga.jpg","datePublished":"2022-12-08T06:00:00+00:00","breadcrumb":{"@id":"https:\/\/nazarene.org\/pt-br\/news\/ministerio-de-oracao-de-tribunal-do-equador-encontra-sucesso\/#breadcrumb"},"inLanguage":"pt-BR","potentialAction":[{"@type":"ReadAction","target":["https:\/\/nazarene.org\/pt-br\/news\/ministerio-de-oracao-de-tribunal-do-equador-encontra-sucesso\/"]}]},{"@type":"ImageObject","inLanguage":"pt-BR","@id":"https:\/\/nazarene.org\/pt-br\/news\/ministerio-de-oracao-de-tribunal-do-equador-encontra-sucesso\/#primaryimage","url":"https:\/\/nazarene.org\/wp-content\/uploads\/2025\/02\/Latacunga.jpg","contentUrl":"https:\/\/nazarene.org\/wp-content\/uploads\/2025\/02\/Latacunga.jpg","width":750,"height":400},{"@type":"BreadcrumbList","@id":"https:\/\/nazarene.org\/pt-br\/news\/ministerio-de-oracao-de-tribunal-do-equador-encontra-sucesso\/#breadcrumb","itemListElement":[{"@type":"ListItem","position":1,"name":"Home","item":"https:\/\/nazarene.org\/pt-br\/casa\/"},{"@type":"ListItem","position":2,"name":"News","item":"https:\/\/nazarene.org\/pt-br\/news\/"},{"@type":"ListItem","position":3,"name":"minist\u00e9rio de ora\u00e7\u00e3o de tribunal do Equador encontra sucesso"}]},{"@type":"WebSite","@id":"https:\/\/nazarene.org\/pt-br\/#website","url":"https:\/\/nazarene.org\/pt-br\/","name":"Church of the Nazarene","description":"Making Christlike Disciples in the Nations","publisher":{"@id":"https:\/\/nazarene.org\/pt-br\/#organization"},"potentialAction":[{"@type":"SearchAction","target":{"@type":"EntryPoint","urlTemplate":"https:\/\/nazarene.org\/pt-br\/?s={search_term_string}"},"query-input":{"@type":"PropertyValueSpecification","valueRequired":true,"valueName":"search_term_string"}}],"inLanguage":"pt-BR"},{"@type":"Organization","@id":"https:\/\/nazarene.org\/pt-br\/#organization","name":"Church of the Nazarene","url":"https:\/\/nazarene.org\/pt-br\/","logo":{"@type":"ImageObject","inLanguage":"pt-BR","@id":"https:\/\/nazarene.org\/pt-br\/#\/schema\/logo\/image\/","url":"https:\/\/nazarene.org\/wp-content\/uploads\/2024\/06\/Naz_Desktop_Black_Logo-1.svg","contentUrl":"https:\/\/nazarene.org\/wp-content\/uploads\/2024\/06\/Naz_Desktop_Black_Logo-1.svg","width":258,"height":36,"caption":"Church of the Nazarene"},"image":{"@id":"https:\/\/nazarene.org\/pt-br\/#\/schema\/logo\/image\/"},"sameAs":["https:\/\/www.facebook.com\/NazareneOfficial\/","https:\/\/x.com\/Nazarene","https:\/\/www.instagram.com\/nazareneofficial\/"]}]}},"_links":{"self":[{"href":"https:\/\/nazarene.org\/pt-br\/wp-json\/wp\/v2\/news\/45429","targetHints":{"allow":["GET"]}}],"collection":[{"href":"https:\/\/nazarene.org\/pt-br\/wp-json\/wp\/v2\/news"}],"about":[{"href":"https:\/\/nazarene.org\/pt-br\/wp-json\/wp\/v2\/types\/news"}],"author":[{"embeddable":true,"href":"https:\/\/nazarene.org\/pt-br\/wp-json\/wp\/v2\/users\/1"}],"version-history":[{"count":0,"href":"https:\/\/nazarene.org\/pt-br\/wp-json\/wp\/v2\/news\/45429\/revisions"}],"wp:featuredmedia":[{"embeddable":true,"href":"https:\/\/nazarene.org\/pt-br\/wp-json\/wp\/v2\/media\/28985"}],"wp:attachment":[{"href":"https:\/\/nazarene.org\/pt-br\/wp-json\/wp\/v2\/media?parent=45429"}],"wp:term":[{"taxonomy":"news-categories","embeddable":true,"href":"https:\/\/nazarene.org\/pt-br\/wp-json\/wp\/v2\/news-categories?post=45429"},{"taxonomy":"news-region-taxonomy","embeddable":true,"href":"https:\/\/nazarene.org\/pt-br\/wp-json\/wp\/v2\/news-region-taxonomy?post=45429"},{"taxonomy":"news-tag","embeddable":true,"href":"https:\/\/nazarene.org\/pt-br\/wp-json\/wp\/v2\/news-tag?post=45429"}],"curies":[{"name":"wp","href":"https:\/\/api.w.org\/{rel}","templated":true}]}}