{"id":44997,"date":"2023-04-20T00:00:00","date_gmt":"2023-04-20T05:00:00","guid":{"rendered":"https:\/\/nazarene.org\/news\/igreja-brasil-continua-a-crescer-espaco-como-alcanca-sua-comunidade\/"},"modified":"2025-06-20T00:25:32","modified_gmt":"2025-06-20T05:25:32","slug":"igreja-brasil-continua-a-crescer-espaco-como-alcanca-sua-comunidade","status":"publish","type":"news","link":"https:\/\/nazarene.org\/pt-br\/news\/igreja-brasil-continua-a-crescer-espaco-como-alcanca-sua-comunidade\/","title":{"rendered":"Igreja Brasil continua a crescer espa\u00e7o como alcan\u00e7a sua comunidade"},"content":{"rendered":"<p>A Comunidade da Boa Igreja do Nazareno de Sumar\u00e9, S\u00e3o Paulo, celebrou outro ano em minist\u00e9rio com um novo espa\u00e7o e muitos novos irm\u00e3os e irm\u00e3s.<\/p>\n<p>Pastor F\u00e1bio Carvalho come\u00e7ou o trabalho h\u00e1 14 anos como um servi\u00e7o evangel\u00edstico em sua garagem junto com tr\u00eas outros casais. Em um curto tempo, mais de 15 pessoas estavam se reunindo regularmente.<br \/>\nEm uma dessas reuni\u00f5es, Carvalho se lembrou que uma nova pessoa apareceu para um de seus servi\u00e7os. No final do servi\u00e7o, o estranho disse ao grupo que ele fez um voto para o Senhor e estava l\u00e1 para cumpri-lo.<\/p>\n<p>Ele acabou de construir tr\u00eas pequenos sal\u00f5es comerciais e queria dedicar um ao Senhor para usar para o trabalho de Deus. O cunhado do homem lhe disse para procurar um grupo de adora\u00e7\u00e3o dom\u00e9stica no bairro perto dos sal\u00f5es e oferecer o espa\u00e7o sem custo para a pessoa encarregada. Ent\u00e3o, ele o fez.<\/p>\n<p>No primeiro, Carvalho n\u00e3o estava interessado na oportunidade porque ele gostava da falta de estrutura que a igreja dom\u00e9stica tinha e n\u00e3o se sentia chamado para o pastorado ainda.<\/p>\n<p>Meu pastor na \u00e9poca, Get\u00falio Lemes, logo me incentivou a conduzir o trabalho no sal\u00e3o, vendo a m\u00e3o de Deus nele&#8221;, disse Carvalho.<\/p>\n<p>Em janeiro de 2019, a igreja come\u00e7ou a se reunir no espa\u00e7o que o homem ofereceu. Depois de alguns meses, esse sal\u00e3o se tornou pequeno demais para eles, ent\u00e3o as paredes que separam os tr\u00eas sal\u00f5es foram removidas. Os outros dois sal\u00f5es se tornaram parte do espa\u00e7o da igreja como cresceu para 95 pessoas.<\/p>\n<p>Apenas depois de oito anos eu senti, de fato, o chamado para minist\u00e9rio pastoral&#8221;, disse Carvalho. Meu cora\u00e7\u00e3o mudou, e me tornei alinhado com o prop\u00f3sito de Deus para nossa comunidade. A igreja cresceu, e dois anos depois, nos mudamos para um novo sal\u00e3o com 170 pessoas. Ficamos l\u00e1 por quatro anos (incluindo dois anos de pandemia) e crescemos para o ponto de ter dois servi\u00e7os de domingo lotados.<\/p>\n<p>No in\u00edcio de 2022, havia 170 membros, e a igreja terminou o ano com 269. H\u00e1 atualmente 75 pessoas na nova classe de membro e cerca de 485 pessoas participam regularmente de adora\u00e7\u00e3o.<\/p>\n<p>Devido ao crescimento exponencial que a igreja experimentou, em mar\u00e7o, a igreja se mudou para um novo espa\u00e7o que cont\u00e9m 700 pessoas por servi\u00e7o, e j\u00e1, no primeiro servi\u00e7o, 605 adultos estavam presentes.<\/p>\n<p>A igreja de garagem era originalmente chamada de Portal Bordon do Nazareno, referindo-se ao bairro no qual estava localizado, antes de mudar seu nome para Comunidade de Bom.<\/p>\n<p>Carvalho disse que a mudan\u00e7a de nome era devido \u00e0 compreens\u00e3o da congrega\u00e7\u00e3o que eles n\u00e3o eram mais apenas uma igreja de bairro. Eles serviram a comunidade em geral e queriam alinhar o nome com a miss\u00e3o de sua igreja.<\/p>\n<p>Os esfor\u00e7os de nossa igreja s\u00e3o para todas as pessoas desfrutarem de tudo que Deus \u00e9 e tudo que Deus deu&#8221;, disse Carvalho. Para desfrutar de tudo que Deus \u00e9, eles precisam se converter. Para desfrutar de tudo que Deus deu, eles precisam se colocar no caminho j\u00e1 determinado por Deus.<\/p>\n<p>Carvalho apontou para as tr\u00eas palavras de amor, servir e desc\u00edcipe como o guia da congrega\u00e7\u00e3o para como eles querem servir a comunidade.<br \/>\nEstamos comprometidos com a continuidade da implanta\u00e7\u00e3o do reino de Deus na terra&#8221;, disse Carvalho. Acreditamos no evangelho para a salva\u00e7\u00e3o do homem inteiro, e por causa disso, trabalharemos nas frentes de evangeliza\u00e7\u00e3o e trabalho social.<\/p>\n<p>Igreja da Am\u00e9rica do Sul Nazareno<\/p>\n","protected":false},"excerpt":{"rendered":"<p>Comunidade de Boa Igreja do Nazareno come\u00e7ou como uma igreja de casa em Sumar\u00e9, Brasil. Mais de 10 anos depois, a igreja de quase 500 pessoas fez um grande impacto em sua cidade.<\/p>\n","protected":false},"author":1,"featured_media":29305,"menu_order":0,"template":"","news-categories":[],"news-region-taxonomy":[],"news-tag":[804,805],"class_list":["post-44997","news","type-news","status-publish","has-post-thumbnail","hentry","news-tag-america-do-sul","news-tag-brasil-pt-br"],"yoast_head":"<!-- This site is optimized with the Yoast SEO Premium plugin v27.1 (Yoast SEO v27.1.1) - https:\/\/yoast.com\/product\/yoast-seo-premium-wordpress\/ -->\n<title>Igreja Brasil continua a crescer espa\u00e7o como alcan\u00e7a sua comunidade - Church of the Nazarene<\/title>\n<meta name=\"robots\" content=\"index, follow, max-snippet:-1, max-image-preview:large, max-video-preview:-1\" \/>\n<link rel=\"canonical\" href=\"https:\/\/nazarene.org\/pt-br\/news\/igreja-brasil-continua-a-crescer-espaco-como-alcanca-sua-comunidade\/\" \/>\n<meta property=\"og:locale\" content=\"pt_BR\" \/>\n<meta property=\"og:type\" content=\"article\" \/>\n<meta property=\"og:title\" content=\"Igreja Brasil continua a crescer espa\u00e7o como alcan\u00e7a sua comunidade\" \/>\n<meta property=\"og:description\" content=\"Comunidade de Boa Igreja do Nazareno come\u00e7ou como uma igreja de casa em Sumar\u00e9, Brasil. Mais de 10 anos depois, a igreja de quase 500 pessoas fez um grande impacto em sua cidade.\" \/>\n<meta property=\"og:url\" content=\"https:\/\/nazarene.org\/pt-br\/news\/igreja-brasil-continua-a-crescer-espaco-como-alcanca-sua-comunidade\/\" \/>\n<meta property=\"og:site_name\" content=\"Church of the Nazarene\" \/>\n<meta property=\"article:publisher\" content=\"https:\/\/www.facebook.com\/NazareneOfficial\/\" \/>\n<meta property=\"article:modified_time\" content=\"2025-06-20T05:25:32+00:00\" \/>\n<meta property=\"og:image\" content=\"https:\/\/nazarene.org\/wp-content\/uploads\/2025\/02\/Brazil-Church.jpg\" \/>\n\t<meta property=\"og:image:width\" content=\"926\" \/>\n\t<meta property=\"og:image:height\" content=\"493\" \/>\n\t<meta property=\"og:image:type\" content=\"image\/jpeg\" \/>\n<meta name=\"twitter:card\" content=\"summary_large_image\" \/>\n<meta name=\"twitter:site\" content=\"@Nazarene\" \/>\n<script type=\"application\/ld+json\" class=\"yoast-schema-graph\">{\"@context\":\"https:\/\/schema.org\",\"@graph\":[{\"@type\":\"WebPage\",\"@id\":\"https:\/\/nazarene.org\/pt-br\/news\/igreja-brasil-continua-a-crescer-espaco-como-alcanca-sua-comunidade\/\",\"url\":\"https:\/\/nazarene.org\/pt-br\/news\/igreja-brasil-continua-a-crescer-espaco-como-alcanca-sua-comunidade\/\",\"name\":\"Igreja Brasil continua a crescer espa\u00e7o como alcan\u00e7a sua comunidade - Church of the Nazarene\",\"isPartOf\":{\"@id\":\"https:\/\/nazarene.org\/pt-br\/#website\"},\"primaryImageOfPage\":{\"@id\":\"https:\/\/nazarene.org\/pt-br\/news\/igreja-brasil-continua-a-crescer-espaco-como-alcanca-sua-comunidade\/#primaryimage\"},\"image\":{\"@id\":\"https:\/\/nazarene.org\/pt-br\/news\/igreja-brasil-continua-a-crescer-espaco-como-alcanca-sua-comunidade\/#primaryimage\"},\"thumbnailUrl\":\"https:\/\/nazarene.org\/wp-content\/uploads\/2025\/02\/Brazil-Church.jpg\",\"datePublished\":\"2023-04-20T05:00:00+00:00\",\"dateModified\":\"2025-06-20T05:25:32+00:00\",\"breadcrumb\":{\"@id\":\"https:\/\/nazarene.org\/pt-br\/news\/igreja-brasil-continua-a-crescer-espaco-como-alcanca-sua-comunidade\/#breadcrumb\"},\"inLanguage\":\"pt-BR\",\"potentialAction\":[{\"@type\":\"ReadAction\",\"target\":[\"https:\/\/nazarene.org\/pt-br\/news\/igreja-brasil-continua-a-crescer-espaco-como-alcanca-sua-comunidade\/\"]}]},{\"@type\":\"ImageObject\",\"inLanguage\":\"pt-BR\",\"@id\":\"https:\/\/nazarene.org\/pt-br\/news\/igreja-brasil-continua-a-crescer-espaco-como-alcanca-sua-comunidade\/#primaryimage\",\"url\":\"https:\/\/nazarene.org\/wp-content\/uploads\/2025\/02\/Brazil-Church.jpg\",\"contentUrl\":\"https:\/\/nazarene.org\/wp-content\/uploads\/2025\/02\/Brazil-Church.jpg\",\"width\":926,\"height\":493},{\"@type\":\"BreadcrumbList\",\"@id\":\"https:\/\/nazarene.org\/pt-br\/news\/igreja-brasil-continua-a-crescer-espaco-como-alcanca-sua-comunidade\/#breadcrumb\",\"itemListElement\":[{\"@type\":\"ListItem\",\"position\":1,\"name\":\"Home\",\"item\":\"https:\/\/nazarene.org\/pt-br\/\"},{\"@type\":\"ListItem\",\"position\":2,\"name\":\"News\",\"item\":\"https:\/\/nazarene.org\/pt-br\/news\/\"},{\"@type\":\"ListItem\",\"position\":3,\"name\":\"Igreja Brasil continua a crescer espa\u00e7o como alcan\u00e7a sua comunidade\"}]},{\"@type\":\"WebSite\",\"@id\":\"https:\/\/nazarene.org\/pt-br\/#website\",\"url\":\"https:\/\/nazarene.org\/pt-br\/\",\"name\":\"Church of the Nazarene\",\"description\":\"Making Christlike Disciples in the Nations\",\"publisher\":{\"@id\":\"https:\/\/nazarene.org\/pt-br\/#organization\"},\"potentialAction\":[{\"@type\":\"SearchAction\",\"target\":{\"@type\":\"EntryPoint\",\"urlTemplate\":\"https:\/\/nazarene.org\/pt-br\/?s={search_term_string}\"},\"query-input\":{\"@type\":\"PropertyValueSpecification\",\"valueRequired\":true,\"valueName\":\"search_term_string\"}}],\"inLanguage\":\"pt-BR\"},{\"@type\":\"Organization\",\"@id\":\"https:\/\/nazarene.org\/pt-br\/#organization\",\"name\":\"Church of the Nazarene\",\"url\":\"https:\/\/nazarene.org\/pt-br\/\",\"logo\":{\"@type\":\"ImageObject\",\"inLanguage\":\"pt-BR\",\"@id\":\"https:\/\/nazarene.org\/pt-br\/#\/schema\/logo\/image\/\",\"url\":\"https:\/\/nazarene.org\/wp-content\/uploads\/2024\/06\/Naz_Desktop_Black_Logo-1.svg\",\"contentUrl\":\"https:\/\/nazarene.org\/wp-content\/uploads\/2024\/06\/Naz_Desktop_Black_Logo-1.svg\",\"width\":258,\"height\":36,\"caption\":\"Church of the Nazarene\"},\"image\":{\"@id\":\"https:\/\/nazarene.org\/pt-br\/#\/schema\/logo\/image\/\"},\"sameAs\":[\"https:\/\/www.facebook.com\/NazareneOfficial\/\",\"https:\/\/x.com\/Nazarene\",\"https:\/\/www.instagram.com\/nazareneofficial\/\"]}]}<\/script>\n<!-- \/ Yoast SEO Premium plugin. -->","yoast_head_json":{"title":"Igreja Brasil continua a crescer espa\u00e7o como alcan\u00e7a sua comunidade - Church of the Nazarene","robots":{"index":"index","follow":"follow","max-snippet":"max-snippet:-1","max-image-preview":"max-image-preview:large","max-video-preview":"max-video-preview:-1"},"canonical":"https:\/\/nazarene.org\/pt-br\/news\/igreja-brasil-continua-a-crescer-espaco-como-alcanca-sua-comunidade\/","og_locale":"pt_BR","og_type":"article","og_title":"Igreja Brasil continua a crescer espa\u00e7o como alcan\u00e7a sua comunidade","og_description":"Comunidade de Boa Igreja do Nazareno come\u00e7ou como uma igreja de casa em Sumar\u00e9, Brasil. Mais de 10 anos depois, a igreja de quase 500 pessoas fez um grande impacto em sua cidade.","og_url":"https:\/\/nazarene.org\/pt-br\/news\/igreja-brasil-continua-a-crescer-espaco-como-alcanca-sua-comunidade\/","og_site_name":"Church of the Nazarene","article_publisher":"https:\/\/www.facebook.com\/NazareneOfficial\/","article_modified_time":"2025-06-20T05:25:32+00:00","og_image":[{"width":926,"height":493,"url":"https:\/\/nazarene.org\/wp-content\/uploads\/2025\/02\/Brazil-Church.jpg","type":"image\/jpeg"}],"twitter_card":"summary_large_image","twitter_site":"@Nazarene","schema":{"@context":"https:\/\/schema.org","@graph":[{"@type":"WebPage","@id":"https:\/\/nazarene.org\/pt-br\/news\/igreja-brasil-continua-a-crescer-espaco-como-alcanca-sua-comunidade\/","url":"https:\/\/nazarene.org\/pt-br\/news\/igreja-brasil-continua-a-crescer-espaco-como-alcanca-sua-comunidade\/","name":"Igreja Brasil continua a crescer espa\u00e7o como alcan\u00e7a sua comunidade - Church of the Nazarene","isPartOf":{"@id":"https:\/\/nazarene.org\/pt-br\/#website"},"primaryImageOfPage":{"@id":"https:\/\/nazarene.org\/pt-br\/news\/igreja-brasil-continua-a-crescer-espaco-como-alcanca-sua-comunidade\/#primaryimage"},"image":{"@id":"https:\/\/nazarene.org\/pt-br\/news\/igreja-brasil-continua-a-crescer-espaco-como-alcanca-sua-comunidade\/#primaryimage"},"thumbnailUrl":"https:\/\/nazarene.org\/wp-content\/uploads\/2025\/02\/Brazil-Church.jpg","datePublished":"2023-04-20T05:00:00+00:00","dateModified":"2025-06-20T05:25:32+00:00","breadcrumb":{"@id":"https:\/\/nazarene.org\/pt-br\/news\/igreja-brasil-continua-a-crescer-espaco-como-alcanca-sua-comunidade\/#breadcrumb"},"inLanguage":"pt-BR","potentialAction":[{"@type":"ReadAction","target":["https:\/\/nazarene.org\/pt-br\/news\/igreja-brasil-continua-a-crescer-espaco-como-alcanca-sua-comunidade\/"]}]},{"@type":"ImageObject","inLanguage":"pt-BR","@id":"https:\/\/nazarene.org\/pt-br\/news\/igreja-brasil-continua-a-crescer-espaco-como-alcanca-sua-comunidade\/#primaryimage","url":"https:\/\/nazarene.org\/wp-content\/uploads\/2025\/02\/Brazil-Church.jpg","contentUrl":"https:\/\/nazarene.org\/wp-content\/uploads\/2025\/02\/Brazil-Church.jpg","width":926,"height":493},{"@type":"BreadcrumbList","@id":"https:\/\/nazarene.org\/pt-br\/news\/igreja-brasil-continua-a-crescer-espaco-como-alcanca-sua-comunidade\/#breadcrumb","itemListElement":[{"@type":"ListItem","position":1,"name":"Home","item":"https:\/\/nazarene.org\/pt-br\/"},{"@type":"ListItem","position":2,"name":"News","item":"https:\/\/nazarene.org\/pt-br\/news\/"},{"@type":"ListItem","position":3,"name":"Igreja Brasil continua a crescer espa\u00e7o como alcan\u00e7a sua comunidade"}]},{"@type":"WebSite","@id":"https:\/\/nazarene.org\/pt-br\/#website","url":"https:\/\/nazarene.org\/pt-br\/","name":"Church of the Nazarene","description":"Making Christlike Disciples in the Nations","publisher":{"@id":"https:\/\/nazarene.org\/pt-br\/#organization"},"potentialAction":[{"@type":"SearchAction","target":{"@type":"EntryPoint","urlTemplate":"https:\/\/nazarene.org\/pt-br\/?s={search_term_string}"},"query-input":{"@type":"PropertyValueSpecification","valueRequired":true,"valueName":"search_term_string"}}],"inLanguage":"pt-BR"},{"@type":"Organization","@id":"https:\/\/nazarene.org\/pt-br\/#organization","name":"Church of the Nazarene","url":"https:\/\/nazarene.org\/pt-br\/","logo":{"@type":"ImageObject","inLanguage":"pt-BR","@id":"https:\/\/nazarene.org\/pt-br\/#\/schema\/logo\/image\/","url":"https:\/\/nazarene.org\/wp-content\/uploads\/2024\/06\/Naz_Desktop_Black_Logo-1.svg","contentUrl":"https:\/\/nazarene.org\/wp-content\/uploads\/2024\/06\/Naz_Desktop_Black_Logo-1.svg","width":258,"height":36,"caption":"Church of the Nazarene"},"image":{"@id":"https:\/\/nazarene.org\/pt-br\/#\/schema\/logo\/image\/"},"sameAs":["https:\/\/www.facebook.com\/NazareneOfficial\/","https:\/\/x.com\/Nazarene","https:\/\/www.instagram.com\/nazareneofficial\/"]}]}},"_links":{"self":[{"href":"https:\/\/nazarene.org\/pt-br\/wp-json\/wp\/v2\/news\/44997","targetHints":{"allow":["GET"]}}],"collection":[{"href":"https:\/\/nazarene.org\/pt-br\/wp-json\/wp\/v2\/news"}],"about":[{"href":"https:\/\/nazarene.org\/pt-br\/wp-json\/wp\/v2\/types\/news"}],"author":[{"embeddable":true,"href":"https:\/\/nazarene.org\/pt-br\/wp-json\/wp\/v2\/users\/1"}],"version-history":[{"count":0,"href":"https:\/\/nazarene.org\/pt-br\/wp-json\/wp\/v2\/news\/44997\/revisions"}],"wp:featuredmedia":[{"embeddable":true,"href":"https:\/\/nazarene.org\/pt-br\/wp-json\/wp\/v2\/media\/29305"}],"wp:attachment":[{"href":"https:\/\/nazarene.org\/pt-br\/wp-json\/wp\/v2\/media?parent=44997"}],"wp:term":[{"taxonomy":"news-categories","embeddable":true,"href":"https:\/\/nazarene.org\/pt-br\/wp-json\/wp\/v2\/news-categories?post=44997"},{"taxonomy":"news-region-taxonomy","embeddable":true,"href":"https:\/\/nazarene.org\/pt-br\/wp-json\/wp\/v2\/news-region-taxonomy?post=44997"},{"taxonomy":"news-tag","embeddable":true,"href":"https:\/\/nazarene.org\/pt-br\/wp-json\/wp\/v2\/news-tag?post=44997"}],"curies":[{"name":"wp","href":"https:\/\/api.w.org\/{rel}","templated":true}]}}