{"id":43934,"date":"2024-06-27T00:00:00","date_gmt":"2024-06-27T05:00:00","guid":{"rendered":"https:\/\/nazarene.org\/news\/irmandade-fortalece-vinculos-nos-filhos-dos-pastores-do-distrito-de-metro-manila\/"},"modified":"2024-06-27T00:00:00","modified_gmt":"2024-06-27T05:00:00","slug":"irmandade-fortalece-vinculos-nos-filhos-dos-pastores-do-distrito-de-metro-manila","status":"publish","type":"news","link":"https:\/\/nazarene.org\/pt-br\/news\/irmandade-fortalece-vinculos-nos-filhos-dos-pastores-do-distrito-de-metro-manila\/","title":{"rendered":"Irmandade fortalece v\u00ednculos nos filhos dos pastores do Distrito de Metro Manila"},"content":{"rendered":"<p>O Distrito Metro Manila realizou uma reuni\u00e3o de mais de 70 crian\u00e7as de pastores de todas as idades para sua irmandade e reuni\u00e3o anual. Este evento de dia inteiro, realizado 12 de junho de 2024, era um testamento para a forte camaradagem e v\u00ednculos duradouros entre esses jovens indiv\u00edduos, promovendo uma comunidade de apoio e nutricionista dentro do distrito.<\/p>\n<p>O tema do evento, &#8220;Reality Check&#8221;, tira inspira\u00e7\u00e3o de Psalms 37:23. Os objetivos principais deste evento s\u00e3o afirmar a identidade das crian\u00e7as dos pastores (PKs) e equip\u00e1-los com a resili\u00eancia necess\u00e1ria para navegar nos desafios \u00fanicos que eles enfrentam dentro de suas comunidades crist\u00e3s e no mundo mais amplo.<\/p>\n<p>Esta iniciativa \u00e9 bem conhecida dentro do distrito, enraizada na c\u00fapula PK de 2007 no Col\u00e9gio Nazareno Filipino. Ao longo dos anos, os participantes de c\u00fapula formaram uma rede de apoio apertada, compartilhando experi\u00eancias e fornecendo encorajamento m\u00fatuo. Como eles amadureceram, esses ex-participantes est\u00e3o ansiosos para estender seu apoio a uma nova gera\u00e7\u00e3o de PKs.<\/p>\n<p>Esta motiva\u00e7\u00e3o os levou a organizar o evento atual, com o objetivo de promover o mesmo esp\u00edrito de camaradagem e resili\u00eancia entre os filhos de pastores mais jovens. Este evento tamb\u00e9m \u00e9 a iniciativa do coordenador PK do distrito, Grace Cardinal, que reuniu os filhos dos pastores com a maioria da experi\u00eancia para liderar o evento.<\/p>\n<p>Sam Tamayo, o pastor chefe de MX Messiah, compartilhou sobre sua jornada como filho de um pastor e como o Senhor guiou seu caminho, particularmente em seu sucesso em motocross. Ele destacou como Deus usou este esporte como uma plataforma \u00fanica para minist\u00e9rio. Em sua mensagem, Tamayo enfatizou pontos-chave: lembrar a identidade de algu\u00e9m em Cristo, confiando que o Senhor estabelece os passos de algu\u00e9m, e ousadamente dar um passo em f\u00e9. Ele incentivou as crian\u00e7as a buscar seus sonhos com intelig\u00eancia e autenticidade, prosperando em seus esfor\u00e7os enquanto permaneciam verdadeiros a seus valores crist\u00e3os. Ele tamb\u00e9m os lembrou de seu papel como sal e luz no mundo, inspirando outros a ver Deus atrav\u00e9s de suas a\u00e7\u00f5es e vidas.<\/p>\n<p>Eles (seus pais) nunca ter\u00e3o dinheiro, voc\u00ea entende? Porque voc\u00ea \u00e9 seu tesouro&#8221;, disse Tamayo. Como? O Senhor os aben\u00e7oou atrav\u00e9s de aben\u00e7o\u00e1-lo com talentos, habilidades e oportunidades&#8230; Voc\u00ea deve entender que quando voc\u00ea luta suas batalhas, voc\u00ea incentiva seus pais, que tamb\u00e9m t\u00eam batalhas grandes e significativas.<\/p>\n<p>Depois das sess\u00f5es de ruptura, a tarde foi preenchida com atividades divertidas, e l\u00edderes de igreja forneceram apoio e amor atrav\u00e9s de sua presen\u00e7a.<\/p>\n<p>Ore \u00e9 solicitado como as crian\u00e7as caminham em sua jornada de f\u00e9 e servem a igreja com seus pais.<\/p>\n<p>Igreja do Nazareno \u00c1sia-Pac\u00edfico<\/p>\n","protected":false},"excerpt":{"rendered":"<p>O Distrito Metro Manila realizou uma reuni\u00e3o de mais de 70 crian\u00e7as de pastores de todas as idades para sua irmandade e reuni\u00e3o anual. Ao longo dos anos, os participantes formaram uma rede de apoio apertada.<\/p>\n","protected":false},"author":1,"featured_media":30569,"menu_order":0,"template":"","news-categories":[],"news-region-taxonomy":[],"news-tag":[754,820],"class_list":["post-43934","news","type-news","status-publish","has-post-thumbnail","hentry","news-tag-asia-pacifico","news-tag-filipinas-pt-br"],"yoast_head":"<!-- This site is optimized with the Yoast SEO Premium plugin v27.1 (Yoast SEO v27.1.1) - https:\/\/yoast.com\/product\/yoast-seo-premium-wordpress\/ -->\n<title>Irmandade fortalece v\u00ednculos nos filhos dos pastores do Distrito de Metro Manila - Church of the Nazarene<\/title>\n<meta name=\"robots\" content=\"index, follow, max-snippet:-1, max-image-preview:large, max-video-preview:-1\" \/>\n<link rel=\"canonical\" href=\"https:\/\/nazarene.org\/pt-br\/news\/irmandade-fortalece-vinculos-nos-filhos-dos-pastores-do-distrito-de-metro-manila\/\" \/>\n<meta property=\"og:locale\" content=\"pt_BR\" \/>\n<meta property=\"og:type\" content=\"article\" \/>\n<meta property=\"og:title\" content=\"Irmandade fortalece v\u00ednculos nos filhos dos pastores do Distrito de Metro Manila\" \/>\n<meta property=\"og:description\" content=\"O Distrito Metro Manila realizou uma reuni\u00e3o de mais de 70 crian\u00e7as de pastores de todas as idades para sua irmandade e reuni\u00e3o anual. Ao longo dos anos, os participantes formaram uma rede de apoio apertada.\" \/>\n<meta property=\"og:url\" content=\"https:\/\/nazarene.org\/pt-br\/news\/irmandade-fortalece-vinculos-nos-filhos-dos-pastores-do-distrito-de-metro-manila\/\" \/>\n<meta property=\"og:site_name\" content=\"Church of the Nazarene\" \/>\n<meta property=\"article:publisher\" content=\"https:\/\/www.facebook.com\/NazareneOfficial\/\" \/>\n<meta name=\"twitter:card\" content=\"summary_large_image\" \/>\n<meta name=\"twitter:site\" content=\"@Nazarene\" \/>\n<script type=\"application\/ld+json\" class=\"yoast-schema-graph\">{\"@context\":\"https:\/\/schema.org\",\"@graph\":[{\"@type\":\"WebPage\",\"@id\":\"https:\/\/nazarene.org\/pt-br\/news\/irmandade-fortalece-vinculos-nos-filhos-dos-pastores-do-distrito-de-metro-manila\/\",\"url\":\"https:\/\/nazarene.org\/pt-br\/news\/irmandade-fortalece-vinculos-nos-filhos-dos-pastores-do-distrito-de-metro-manila\/\",\"name\":\"Irmandade fortalece v\u00ednculos nos filhos dos pastores do Distrito de Metro Manila - Church of the Nazarene\",\"isPartOf\":{\"@id\":\"https:\/\/nazarene.org\/pt-br\/#website\"},\"primaryImageOfPage\":{\"@id\":\"https:\/\/nazarene.org\/pt-br\/news\/irmandade-fortalece-vinculos-nos-filhos-dos-pastores-do-distrito-de-metro-manila\/#primaryimage\"},\"image\":{\"@id\":\"https:\/\/nazarene.org\/pt-br\/news\/irmandade-fortalece-vinculos-nos-filhos-dos-pastores-do-distrito-de-metro-manila\/#primaryimage\"},\"thumbnailUrl\":\"https:\/\/nazarene.org\/wp-content\/uploads\/2025\/02\/AP-kiddos.jpg\",\"datePublished\":\"2024-06-27T05:00:00+00:00\",\"breadcrumb\":{\"@id\":\"https:\/\/nazarene.org\/pt-br\/news\/irmandade-fortalece-vinculos-nos-filhos-dos-pastores-do-distrito-de-metro-manila\/#breadcrumb\"},\"inLanguage\":\"pt-BR\",\"potentialAction\":[{\"@type\":\"ReadAction\",\"target\":[\"https:\/\/nazarene.org\/pt-br\/news\/irmandade-fortalece-vinculos-nos-filhos-dos-pastores-do-distrito-de-metro-manila\/\"]}]},{\"@type\":\"ImageObject\",\"inLanguage\":\"pt-BR\",\"@id\":\"https:\/\/nazarene.org\/pt-br\/news\/irmandade-fortalece-vinculos-nos-filhos-dos-pastores-do-distrito-de-metro-manila\/#primaryimage\",\"url\":\"https:\/\/nazarene.org\/wp-content\/uploads\/2025\/02\/AP-kiddos.jpg\",\"contentUrl\":\"https:\/\/nazarene.org\/wp-content\/uploads\/2025\/02\/AP-kiddos.jpg\",\"width\":1244,\"height\":663},{\"@type\":\"BreadcrumbList\",\"@id\":\"https:\/\/nazarene.org\/pt-br\/news\/irmandade-fortalece-vinculos-nos-filhos-dos-pastores-do-distrito-de-metro-manila\/#breadcrumb\",\"itemListElement\":[{\"@type\":\"ListItem\",\"position\":1,\"name\":\"Home\",\"item\":\"https:\/\/nazarene.org\/pt-br\/casa\/\"},{\"@type\":\"ListItem\",\"position\":2,\"name\":\"News\",\"item\":\"https:\/\/nazarene.org\/pt-br\/news\/\"},{\"@type\":\"ListItem\",\"position\":3,\"name\":\"Irmandade fortalece v\u00ednculos nos filhos dos pastores do Distrito de Metro Manila\"}]},{\"@type\":\"WebSite\",\"@id\":\"https:\/\/nazarene.org\/pt-br\/#website\",\"url\":\"https:\/\/nazarene.org\/pt-br\/\",\"name\":\"Church of the Nazarene\",\"description\":\"Making Christlike Disciples in the Nations\",\"publisher\":{\"@id\":\"https:\/\/nazarene.org\/pt-br\/#organization\"},\"potentialAction\":[{\"@type\":\"SearchAction\",\"target\":{\"@type\":\"EntryPoint\",\"urlTemplate\":\"https:\/\/nazarene.org\/pt-br\/?s={search_term_string}\"},\"query-input\":{\"@type\":\"PropertyValueSpecification\",\"valueRequired\":true,\"valueName\":\"search_term_string\"}}],\"inLanguage\":\"pt-BR\"},{\"@type\":\"Organization\",\"@id\":\"https:\/\/nazarene.org\/pt-br\/#organization\",\"name\":\"Church of the Nazarene\",\"url\":\"https:\/\/nazarene.org\/pt-br\/\",\"logo\":{\"@type\":\"ImageObject\",\"inLanguage\":\"pt-BR\",\"@id\":\"https:\/\/nazarene.org\/pt-br\/#\/schema\/logo\/image\/\",\"url\":\"https:\/\/nazarene.org\/wp-content\/uploads\/2024\/06\/Naz_Desktop_Black_Logo-1.svg\",\"contentUrl\":\"https:\/\/nazarene.org\/wp-content\/uploads\/2024\/06\/Naz_Desktop_Black_Logo-1.svg\",\"width\":258,\"height\":36,\"caption\":\"Church of the Nazarene\"},\"image\":{\"@id\":\"https:\/\/nazarene.org\/pt-br\/#\/schema\/logo\/image\/\"},\"sameAs\":[\"https:\/\/www.facebook.com\/NazareneOfficial\/\",\"https:\/\/x.com\/Nazarene\",\"https:\/\/www.instagram.com\/nazareneofficial\/\"]}]}<\/script>\n<!-- \/ Yoast SEO Premium plugin. -->","yoast_head_json":{"title":"Irmandade fortalece v\u00ednculos nos filhos dos pastores do Distrito de Metro Manila - Church of the Nazarene","robots":{"index":"index","follow":"follow","max-snippet":"max-snippet:-1","max-image-preview":"max-image-preview:large","max-video-preview":"max-video-preview:-1"},"canonical":"https:\/\/nazarene.org\/pt-br\/news\/irmandade-fortalece-vinculos-nos-filhos-dos-pastores-do-distrito-de-metro-manila\/","og_locale":"pt_BR","og_type":"article","og_title":"Irmandade fortalece v\u00ednculos nos filhos dos pastores do Distrito de Metro Manila","og_description":"O Distrito Metro Manila realizou uma reuni\u00e3o de mais de 70 crian\u00e7as de pastores de todas as idades para sua irmandade e reuni\u00e3o anual. Ao longo dos anos, os participantes formaram uma rede de apoio apertada.","og_url":"https:\/\/nazarene.org\/pt-br\/news\/irmandade-fortalece-vinculos-nos-filhos-dos-pastores-do-distrito-de-metro-manila\/","og_site_name":"Church of the Nazarene","article_publisher":"https:\/\/www.facebook.com\/NazareneOfficial\/","twitter_card":"summary_large_image","twitter_site":"@Nazarene","schema":{"@context":"https:\/\/schema.org","@graph":[{"@type":"WebPage","@id":"https:\/\/nazarene.org\/pt-br\/news\/irmandade-fortalece-vinculos-nos-filhos-dos-pastores-do-distrito-de-metro-manila\/","url":"https:\/\/nazarene.org\/pt-br\/news\/irmandade-fortalece-vinculos-nos-filhos-dos-pastores-do-distrito-de-metro-manila\/","name":"Irmandade fortalece v\u00ednculos nos filhos dos pastores do Distrito de Metro Manila - Church of the Nazarene","isPartOf":{"@id":"https:\/\/nazarene.org\/pt-br\/#website"},"primaryImageOfPage":{"@id":"https:\/\/nazarene.org\/pt-br\/news\/irmandade-fortalece-vinculos-nos-filhos-dos-pastores-do-distrito-de-metro-manila\/#primaryimage"},"image":{"@id":"https:\/\/nazarene.org\/pt-br\/news\/irmandade-fortalece-vinculos-nos-filhos-dos-pastores-do-distrito-de-metro-manila\/#primaryimage"},"thumbnailUrl":"https:\/\/nazarene.org\/wp-content\/uploads\/2025\/02\/AP-kiddos.jpg","datePublished":"2024-06-27T05:00:00+00:00","breadcrumb":{"@id":"https:\/\/nazarene.org\/pt-br\/news\/irmandade-fortalece-vinculos-nos-filhos-dos-pastores-do-distrito-de-metro-manila\/#breadcrumb"},"inLanguage":"pt-BR","potentialAction":[{"@type":"ReadAction","target":["https:\/\/nazarene.org\/pt-br\/news\/irmandade-fortalece-vinculos-nos-filhos-dos-pastores-do-distrito-de-metro-manila\/"]}]},{"@type":"ImageObject","inLanguage":"pt-BR","@id":"https:\/\/nazarene.org\/pt-br\/news\/irmandade-fortalece-vinculos-nos-filhos-dos-pastores-do-distrito-de-metro-manila\/#primaryimage","url":"https:\/\/nazarene.org\/wp-content\/uploads\/2025\/02\/AP-kiddos.jpg","contentUrl":"https:\/\/nazarene.org\/wp-content\/uploads\/2025\/02\/AP-kiddos.jpg","width":1244,"height":663},{"@type":"BreadcrumbList","@id":"https:\/\/nazarene.org\/pt-br\/news\/irmandade-fortalece-vinculos-nos-filhos-dos-pastores-do-distrito-de-metro-manila\/#breadcrumb","itemListElement":[{"@type":"ListItem","position":1,"name":"Home","item":"https:\/\/nazarene.org\/pt-br\/casa\/"},{"@type":"ListItem","position":2,"name":"News","item":"https:\/\/nazarene.org\/pt-br\/news\/"},{"@type":"ListItem","position":3,"name":"Irmandade fortalece v\u00ednculos nos filhos dos pastores do Distrito de Metro Manila"}]},{"@type":"WebSite","@id":"https:\/\/nazarene.org\/pt-br\/#website","url":"https:\/\/nazarene.org\/pt-br\/","name":"Church of the Nazarene","description":"Making Christlike Disciples in the Nations","publisher":{"@id":"https:\/\/nazarene.org\/pt-br\/#organization"},"potentialAction":[{"@type":"SearchAction","target":{"@type":"EntryPoint","urlTemplate":"https:\/\/nazarene.org\/pt-br\/?s={search_term_string}"},"query-input":{"@type":"PropertyValueSpecification","valueRequired":true,"valueName":"search_term_string"}}],"inLanguage":"pt-BR"},{"@type":"Organization","@id":"https:\/\/nazarene.org\/pt-br\/#organization","name":"Church of the Nazarene","url":"https:\/\/nazarene.org\/pt-br\/","logo":{"@type":"ImageObject","inLanguage":"pt-BR","@id":"https:\/\/nazarene.org\/pt-br\/#\/schema\/logo\/image\/","url":"https:\/\/nazarene.org\/wp-content\/uploads\/2024\/06\/Naz_Desktop_Black_Logo-1.svg","contentUrl":"https:\/\/nazarene.org\/wp-content\/uploads\/2024\/06\/Naz_Desktop_Black_Logo-1.svg","width":258,"height":36,"caption":"Church of the Nazarene"},"image":{"@id":"https:\/\/nazarene.org\/pt-br\/#\/schema\/logo\/image\/"},"sameAs":["https:\/\/www.facebook.com\/NazareneOfficial\/","https:\/\/x.com\/Nazarene","https:\/\/www.instagram.com\/nazareneofficial\/"]}]}},"_links":{"self":[{"href":"https:\/\/nazarene.org\/pt-br\/wp-json\/wp\/v2\/news\/43934","targetHints":{"allow":["GET"]}}],"collection":[{"href":"https:\/\/nazarene.org\/pt-br\/wp-json\/wp\/v2\/news"}],"about":[{"href":"https:\/\/nazarene.org\/pt-br\/wp-json\/wp\/v2\/types\/news"}],"author":[{"embeddable":true,"href":"https:\/\/nazarene.org\/pt-br\/wp-json\/wp\/v2\/users\/1"}],"version-history":[{"count":0,"href":"https:\/\/nazarene.org\/pt-br\/wp-json\/wp\/v2\/news\/43934\/revisions"}],"wp:featuredmedia":[{"embeddable":true,"href":"https:\/\/nazarene.org\/pt-br\/wp-json\/wp\/v2\/media\/30569"}],"wp:attachment":[{"href":"https:\/\/nazarene.org\/pt-br\/wp-json\/wp\/v2\/media?parent=43934"}],"wp:term":[{"taxonomy":"news-categories","embeddable":true,"href":"https:\/\/nazarene.org\/pt-br\/wp-json\/wp\/v2\/news-categories?post=43934"},{"taxonomy":"news-region-taxonomy","embeddable":true,"href":"https:\/\/nazarene.org\/pt-br\/wp-json\/wp\/v2\/news-region-taxonomy?post=43934"},{"taxonomy":"news-tag","embeddable":true,"href":"https:\/\/nazarene.org\/pt-br\/wp-json\/wp\/v2\/news-tag?post=43934"}],"curies":[{"name":"wp","href":"https:\/\/api.w.org\/{rel}","templated":true}]}}