{"id":43810,"date":"2024-05-08T00:00:00","date_gmt":"2024-05-08T05:00:00","guid":{"rendered":"https:\/\/nazarene.org\/news\/palcon-capacita-lideres-phillippines-micronesia-field\/"},"modified":"2024-05-08T00:00:00","modified_gmt":"2024-05-08T05:00:00","slug":"palcon-capacita-lideres-phillippines-micronesia-field","status":"publish","type":"news","link":"https:\/\/nazarene.org\/pt-br\/news\/palcon-capacita-lideres-phillippines-micronesia-field\/","title":{"rendered":"PALCON capacita l\u00edderes Phillippines-Micronesia Field"},"content":{"rendered":"<p>Mais de 300 l\u00edderes de Luzon, Visayas e Mindanao se juntaram \u00e0 Confer\u00eancia de Pastores e Laymen (PALCON) 9-11 de abril de 2024, realizada no Centro de Recrea\u00e7\u00e3o Rizal nas Filipinas.<\/p>\n<p>Um dos objetivos da confer\u00eancia \u00e9 garantir que pastores e l\u00edderes de igreja estar\u00e3o equipados e cientes de quest\u00f5es que precisam ser abordadas. T\u00f3picos plen\u00e1rios inclu\u00edram compreens\u00e3o de si mesmo e emo\u00e7\u00f5es, t\u00f3picos legais espec\u00edficos para a Igreja do Nazareno nas Filipinas, ministrando para a juventude em tempos p\u00f3s-modernos, desafiando a igreja a imaginar o futuro de mobilizar NMI em igrejas locais, o lan\u00e7amento de curr\u00edculo de discipulado Nazareno, e empoderar o laicato como co-trabalhadores ao lado de pastores que s\u00e3o chamados para ministrar para todos os grupos.<\/p>\n<p>A mensagem de reavivamento de Joven Laroya durante os &nbsp;servi\u00e7os de adora\u00e7\u00e3o desafiou os participantes. Sua mensagem incentivou uma rededica\u00e7\u00e3o de servi\u00e7o e um chamado para a fonte de gra\u00e7a e talentos abundantes, nosso Senhor Jesus Cristo.<\/p>\n<p>Os delegados tamb\u00e9m foram oferecidos diferentes oficinas ministeriais que seriam ben\u00e9ficas, que inclu\u00edram estrat\u00e9gias e t\u00e9cnicas para confrontar trabalhadores nesses tempos de mudan\u00e7a. Os t\u00f3picos inclu\u00edram minist\u00e9rio para crian\u00e7as e juventude, minist\u00e9rio de capel\u00e3o, manuseio de finan\u00e7as de igreja &nbsp;e evangeliza\u00e7\u00e3o ao ar livre.<\/p>\n<p>A reuni\u00e3o de adora\u00e7\u00e3o PALCON concluiu com Comunh\u00e3o realizada pelo Diretor Regional \u00c1sia-Pac\u00edfico Mark Louw.<\/p>\n<p>Igreja do Nazareno \u00c1sia-Pac\u00edfico<\/p>\n","protected":false},"excerpt":{"rendered":"<p>Mais de 300 l\u00edderes de Luzon, Visayas e Mindanao se juntaram \u00e0 Confer\u00eancia de Pastores e Laymen (PALCON) 9-11 de abril de 2024, realizada no Centro de Recrea\u00e7\u00e3o Rizal nas Filipinas.<\/p>\n","protected":false},"author":1,"featured_media":30425,"menu_order":0,"template":"","news-categories":[],"news-region-taxonomy":[],"news-tag":[754,820],"class_list":["post-43810","news","type-news","status-publish","has-post-thumbnail","hentry","news-tag-asia-pacifico","news-tag-filipinas-pt-br"],"yoast_head":"<!-- This site is optimized with the Yoast SEO Premium plugin v27.1 (Yoast SEO v27.1.1) - https:\/\/yoast.com\/product\/yoast-seo-premium-wordpress\/ -->\n<title>PALCON capacita l\u00edderes Phillippines-Micronesia Field - Church of the Nazarene<\/title>\n<meta name=\"robots\" content=\"index, follow, max-snippet:-1, max-image-preview:large, max-video-preview:-1\" \/>\n<link rel=\"canonical\" href=\"https:\/\/nazarene.org\/pt-br\/news\/palcon-capacita-lideres-phillippines-micronesia-field\/\" \/>\n<meta property=\"og:locale\" content=\"pt_BR\" \/>\n<meta property=\"og:type\" content=\"article\" \/>\n<meta property=\"og:title\" content=\"PALCON capacita l\u00edderes Phillippines-Micronesia Field\" \/>\n<meta property=\"og:description\" content=\"Mais de 300 l\u00edderes de Luzon, Visayas e Mindanao se juntaram \u00e0 Confer\u00eancia de Pastores e Laymen (PALCON) 9-11 de abril de 2024, realizada no Centro de Recrea\u00e7\u00e3o Rizal nas Filipinas.\" \/>\n<meta property=\"og:url\" content=\"https:\/\/nazarene.org\/pt-br\/news\/palcon-capacita-lideres-phillippines-micronesia-field\/\" \/>\n<meta property=\"og:site_name\" content=\"Church of the Nazarene\" \/>\n<meta property=\"article:publisher\" content=\"https:\/\/www.facebook.com\/NazareneOfficial\/\" \/>\n<meta name=\"twitter:card\" content=\"summary_large_image\" \/>\n<meta name=\"twitter:site\" content=\"@Nazarene\" \/>\n<script type=\"application\/ld+json\" class=\"yoast-schema-graph\">{\"@context\":\"https:\/\/schema.org\",\"@graph\":[{\"@type\":\"WebPage\",\"@id\":\"https:\/\/nazarene.org\/pt-br\/news\/palcon-capacita-lideres-phillippines-micronesia-field\/\",\"url\":\"https:\/\/nazarene.org\/pt-br\/news\/palcon-capacita-lideres-phillippines-micronesia-field\/\",\"name\":\"PALCON capacita l\u00edderes Phillippines-Micronesia Field - Church of the Nazarene\",\"isPartOf\":{\"@id\":\"https:\/\/nazarene.org\/pt-br\/#website\"},\"primaryImageOfPage\":{\"@id\":\"https:\/\/nazarene.org\/pt-br\/news\/palcon-capacita-lideres-phillippines-micronesia-field\/#primaryimage\"},\"image\":{\"@id\":\"https:\/\/nazarene.org\/pt-br\/news\/palcon-capacita-lideres-phillippines-micronesia-field\/#primaryimage\"},\"thumbnailUrl\":\"https:\/\/nazarene.org\/wp-content\/uploads\/2025\/02\/PMN-Palcon-copy.jpg\",\"datePublished\":\"2024-05-08T05:00:00+00:00\",\"breadcrumb\":{\"@id\":\"https:\/\/nazarene.org\/pt-br\/news\/palcon-capacita-lideres-phillippines-micronesia-field\/#breadcrumb\"},\"inLanguage\":\"pt-BR\",\"potentialAction\":[{\"@type\":\"ReadAction\",\"target\":[\"https:\/\/nazarene.org\/pt-br\/news\/palcon-capacita-lideres-phillippines-micronesia-field\/\"]}]},{\"@type\":\"ImageObject\",\"inLanguage\":\"pt-BR\",\"@id\":\"https:\/\/nazarene.org\/pt-br\/news\/palcon-capacita-lideres-phillippines-micronesia-field\/#primaryimage\",\"url\":\"https:\/\/nazarene.org\/wp-content\/uploads\/2025\/02\/PMN-Palcon-copy.jpg\",\"contentUrl\":\"https:\/\/nazarene.org\/wp-content\/uploads\/2025\/02\/PMN-Palcon-copy.jpg\",\"width\":1392,\"height\":742},{\"@type\":\"BreadcrumbList\",\"@id\":\"https:\/\/nazarene.org\/pt-br\/news\/palcon-capacita-lideres-phillippines-micronesia-field\/#breadcrumb\",\"itemListElement\":[{\"@type\":\"ListItem\",\"position\":1,\"name\":\"Home\",\"item\":\"https:\/\/nazarene.org\/pt-br\/casa\/\"},{\"@type\":\"ListItem\",\"position\":2,\"name\":\"News\",\"item\":\"https:\/\/nazarene.org\/pt-br\/news\/\"},{\"@type\":\"ListItem\",\"position\":3,\"name\":\"PALCON capacita l\u00edderes Phillippines-Micronesia Field\"}]},{\"@type\":\"WebSite\",\"@id\":\"https:\/\/nazarene.org\/pt-br\/#website\",\"url\":\"https:\/\/nazarene.org\/pt-br\/\",\"name\":\"Church of the Nazarene\",\"description\":\"Making Christlike Disciples in the Nations\",\"publisher\":{\"@id\":\"https:\/\/nazarene.org\/pt-br\/#organization\"},\"potentialAction\":[{\"@type\":\"SearchAction\",\"target\":{\"@type\":\"EntryPoint\",\"urlTemplate\":\"https:\/\/nazarene.org\/pt-br\/?s={search_term_string}\"},\"query-input\":{\"@type\":\"PropertyValueSpecification\",\"valueRequired\":true,\"valueName\":\"search_term_string\"}}],\"inLanguage\":\"pt-BR\"},{\"@type\":\"Organization\",\"@id\":\"https:\/\/nazarene.org\/pt-br\/#organization\",\"name\":\"Church of the Nazarene\",\"url\":\"https:\/\/nazarene.org\/pt-br\/\",\"logo\":{\"@type\":\"ImageObject\",\"inLanguage\":\"pt-BR\",\"@id\":\"https:\/\/nazarene.org\/pt-br\/#\/schema\/logo\/image\/\",\"url\":\"https:\/\/nazarene.org\/wp-content\/uploads\/2024\/06\/Naz_Desktop_Black_Logo-1.svg\",\"contentUrl\":\"https:\/\/nazarene.org\/wp-content\/uploads\/2024\/06\/Naz_Desktop_Black_Logo-1.svg\",\"width\":258,\"height\":36,\"caption\":\"Church of the Nazarene\"},\"image\":{\"@id\":\"https:\/\/nazarene.org\/pt-br\/#\/schema\/logo\/image\/\"},\"sameAs\":[\"https:\/\/www.facebook.com\/NazareneOfficial\/\",\"https:\/\/x.com\/Nazarene\",\"https:\/\/www.instagram.com\/nazareneofficial\/\"]}]}<\/script>\n<!-- \/ Yoast SEO Premium plugin. -->","yoast_head_json":{"title":"PALCON capacita l\u00edderes Phillippines-Micronesia Field - Church of the Nazarene","robots":{"index":"index","follow":"follow","max-snippet":"max-snippet:-1","max-image-preview":"max-image-preview:large","max-video-preview":"max-video-preview:-1"},"canonical":"https:\/\/nazarene.org\/pt-br\/news\/palcon-capacita-lideres-phillippines-micronesia-field\/","og_locale":"pt_BR","og_type":"article","og_title":"PALCON capacita l\u00edderes Phillippines-Micronesia Field","og_description":"Mais de 300 l\u00edderes de Luzon, Visayas e Mindanao se juntaram \u00e0 Confer\u00eancia de Pastores e Laymen (PALCON) 9-11 de abril de 2024, realizada no Centro de Recrea\u00e7\u00e3o Rizal nas Filipinas.","og_url":"https:\/\/nazarene.org\/pt-br\/news\/palcon-capacita-lideres-phillippines-micronesia-field\/","og_site_name":"Church of the Nazarene","article_publisher":"https:\/\/www.facebook.com\/NazareneOfficial\/","twitter_card":"summary_large_image","twitter_site":"@Nazarene","schema":{"@context":"https:\/\/schema.org","@graph":[{"@type":"WebPage","@id":"https:\/\/nazarene.org\/pt-br\/news\/palcon-capacita-lideres-phillippines-micronesia-field\/","url":"https:\/\/nazarene.org\/pt-br\/news\/palcon-capacita-lideres-phillippines-micronesia-field\/","name":"PALCON capacita l\u00edderes Phillippines-Micronesia Field - Church of the Nazarene","isPartOf":{"@id":"https:\/\/nazarene.org\/pt-br\/#website"},"primaryImageOfPage":{"@id":"https:\/\/nazarene.org\/pt-br\/news\/palcon-capacita-lideres-phillippines-micronesia-field\/#primaryimage"},"image":{"@id":"https:\/\/nazarene.org\/pt-br\/news\/palcon-capacita-lideres-phillippines-micronesia-field\/#primaryimage"},"thumbnailUrl":"https:\/\/nazarene.org\/wp-content\/uploads\/2025\/02\/PMN-Palcon-copy.jpg","datePublished":"2024-05-08T05:00:00+00:00","breadcrumb":{"@id":"https:\/\/nazarene.org\/pt-br\/news\/palcon-capacita-lideres-phillippines-micronesia-field\/#breadcrumb"},"inLanguage":"pt-BR","potentialAction":[{"@type":"ReadAction","target":["https:\/\/nazarene.org\/pt-br\/news\/palcon-capacita-lideres-phillippines-micronesia-field\/"]}]},{"@type":"ImageObject","inLanguage":"pt-BR","@id":"https:\/\/nazarene.org\/pt-br\/news\/palcon-capacita-lideres-phillippines-micronesia-field\/#primaryimage","url":"https:\/\/nazarene.org\/wp-content\/uploads\/2025\/02\/PMN-Palcon-copy.jpg","contentUrl":"https:\/\/nazarene.org\/wp-content\/uploads\/2025\/02\/PMN-Palcon-copy.jpg","width":1392,"height":742},{"@type":"BreadcrumbList","@id":"https:\/\/nazarene.org\/pt-br\/news\/palcon-capacita-lideres-phillippines-micronesia-field\/#breadcrumb","itemListElement":[{"@type":"ListItem","position":1,"name":"Home","item":"https:\/\/nazarene.org\/pt-br\/casa\/"},{"@type":"ListItem","position":2,"name":"News","item":"https:\/\/nazarene.org\/pt-br\/news\/"},{"@type":"ListItem","position":3,"name":"PALCON capacita l\u00edderes Phillippines-Micronesia Field"}]},{"@type":"WebSite","@id":"https:\/\/nazarene.org\/pt-br\/#website","url":"https:\/\/nazarene.org\/pt-br\/","name":"Church of the Nazarene","description":"Making Christlike Disciples in the Nations","publisher":{"@id":"https:\/\/nazarene.org\/pt-br\/#organization"},"potentialAction":[{"@type":"SearchAction","target":{"@type":"EntryPoint","urlTemplate":"https:\/\/nazarene.org\/pt-br\/?s={search_term_string}"},"query-input":{"@type":"PropertyValueSpecification","valueRequired":true,"valueName":"search_term_string"}}],"inLanguage":"pt-BR"},{"@type":"Organization","@id":"https:\/\/nazarene.org\/pt-br\/#organization","name":"Church of the Nazarene","url":"https:\/\/nazarene.org\/pt-br\/","logo":{"@type":"ImageObject","inLanguage":"pt-BR","@id":"https:\/\/nazarene.org\/pt-br\/#\/schema\/logo\/image\/","url":"https:\/\/nazarene.org\/wp-content\/uploads\/2024\/06\/Naz_Desktop_Black_Logo-1.svg","contentUrl":"https:\/\/nazarene.org\/wp-content\/uploads\/2024\/06\/Naz_Desktop_Black_Logo-1.svg","width":258,"height":36,"caption":"Church of the Nazarene"},"image":{"@id":"https:\/\/nazarene.org\/pt-br\/#\/schema\/logo\/image\/"},"sameAs":["https:\/\/www.facebook.com\/NazareneOfficial\/","https:\/\/x.com\/Nazarene","https:\/\/www.instagram.com\/nazareneofficial\/"]}]}},"_links":{"self":[{"href":"https:\/\/nazarene.org\/pt-br\/wp-json\/wp\/v2\/news\/43810","targetHints":{"allow":["GET"]}}],"collection":[{"href":"https:\/\/nazarene.org\/pt-br\/wp-json\/wp\/v2\/news"}],"about":[{"href":"https:\/\/nazarene.org\/pt-br\/wp-json\/wp\/v2\/types\/news"}],"author":[{"embeddable":true,"href":"https:\/\/nazarene.org\/pt-br\/wp-json\/wp\/v2\/users\/1"}],"version-history":[{"count":0,"href":"https:\/\/nazarene.org\/pt-br\/wp-json\/wp\/v2\/news\/43810\/revisions"}],"wp:featuredmedia":[{"embeddable":true,"href":"https:\/\/nazarene.org\/pt-br\/wp-json\/wp\/v2\/media\/30425"}],"wp:attachment":[{"href":"https:\/\/nazarene.org\/pt-br\/wp-json\/wp\/v2\/media?parent=43810"}],"wp:term":[{"taxonomy":"news-categories","embeddable":true,"href":"https:\/\/nazarene.org\/pt-br\/wp-json\/wp\/v2\/news-categories?post=43810"},{"taxonomy":"news-region-taxonomy","embeddable":true,"href":"https:\/\/nazarene.org\/pt-br\/wp-json\/wp\/v2\/news-region-taxonomy?post=43810"},{"taxonomy":"news-tag","embeddable":true,"href":"https:\/\/nazarene.org\/pt-br\/wp-json\/wp\/v2\/news-tag?post=43810"}],"curies":[{"name":"wp","href":"https:\/\/api.w.org\/{rel}","templated":true}]}}