{"id":43171,"date":"2023-08-25T00:00:00","date_gmt":"2023-08-25T05:00:00","guid":{"rendered":"https:\/\/nazarene.org\/news\/cupula-de-lideranca-nyi-inspira-presente-futuro-da-igreja-no-peru\/"},"modified":"2025-07-01T20:51:30","modified_gmt":"2025-07-02T01:51:30","slug":"cupula-de-lideranca-nyi-inspira-presente-futuro-da-igreja-no-peru","status":"publish","type":"news","link":"https:\/\/nazarene.org\/pt-br\/news\/cupula-de-lideranca-nyi-inspira-presente-futuro-da-igreja-no-peru\/","title":{"rendered":"C\u00fapula de lideran\u00e7a NYI inspira presente, futuro da igreja no Peru"},"content":{"rendered":"<p>Em 2023, &nbsp;Peru &nbsp;estabeleceu um marco significativo na lideran\u00e7a de NYI. A primeira C\u00fapula de Lideran\u00e7a Nacional ocorreu, &#8220;Voo 28:19&#8221;, de 29 de junho a 1 de julho em Chiclayo. Um projeto de Miss\u00e3o M\u00e1xima e os campos de distrito seguiram a c\u00fapula.&nbsp;<\/p>\n<p>A c\u00fapula, liderada pelos coordenadores nacionais Krystal Ayala e Sergio Jaramillo, foi realizada para treinar e fortalecer os conselhos NYI dos 16 distritos e fornecer as ferramentas necess\u00e1rias para promover o minist\u00e9rio de Jesus Cristo entre as novas gera\u00e7\u00f5es.<\/p>\n<p>A juventude veio desafiada, motivada e comprometida a fazer trabalho da juventude mais intencionalmente. Muitos jovens expressaram um chamado para o minist\u00e9rio, especialmente para o campo pastoral.<br \/>\nAcreditamos que alcan\u00e7amos o objetivo da c\u00fapula, e o pr\u00f3ximo est\u00e1gio \u00e9 envolver mais jovens nas diferentes \u00e1reas ministeriais da igreja&#8221;, disse Jaramillo.<\/p>\n<p>Mateus 28:19 era a base para o foco desta c\u00fapula. A c\u00fapula reuniu 287 l\u00edderes e 20 volunt\u00e1rios de v\u00e1rios distritos do Peru junto com a equipe organizadora e palestrantes.<\/p>\n<p>Esses dias foram marcados por b\u00ean\u00e7\u00e3os e a manifesta\u00e7\u00e3o do Esp\u00edrito Santo, estabelecendo a funda\u00e7\u00e3o para futuras gera\u00e7\u00f5es de l\u00edderes NYI adaptados \u00e0s necessidades de suas congrega\u00e7\u00f5es locais&#8221;, disse Jaramillo.&nbsp;<\/p>\n<p>O evento contou com palestrantes nacionais como David Balc\u00e1zar, Oscar Medina, Sergio Jaramillo, Roger V\u00e1squez, Krystal Ayala, Priscilla Febres, Ana Vilchez e Linet Ram\u00edrez. Palestrantes internacionais como Jimmy de Gouveia, Jos\u00e9 Luis Becerra e Astrid Mayta, tamb\u00e9m participaram. Al\u00e9m disso, a confer\u00eancia recebeu o Diretor Global NYI David Gonzales e o Superintendente Geral rec\u00e9m-eleito Christian Sarmiento, que estava em sua \u00faltima visita ao Peru como diretor regional. As sess\u00f5es eram inspiradoras e desafiadoras, deixando uma marca duradoura nos participantes.<\/p>\n<p>Ap\u00f3s a c\u00fapula, jovens participaram de projetos de servi\u00e7o comunit\u00e1rio atrav\u00e9s da iniciativa Miss\u00f5es M\u00e1ximas. Eles tinham dias de limpeza em alguns setores de cidades, evangelismo atrav\u00e9s de esportes e um dia m\u00e9dico.&nbsp;<\/p>\n<p>Dias depois, mais de 3.000 jovens se reuniram para realizar acampamentos em cada distrito, onde os palestrantes pregaram sobre consagra\u00e7\u00e3o, discipulado &nbsp;e miss\u00f5es.<\/p>\n<p>Agradecemos a Deus; louvamos Seu nome para o compromisso de nossos milhares de jovens no Peru que se comprometeram a ganhar sobre sua gera\u00e7\u00e3o&#8221;, disse Jaramillo. Nosso maior desafio \u00e9 ser capaz de se importar e envolver a nova gera\u00e7\u00e3o na vida local e de distrito de nossa igreja porque eles s\u00e3o o presente e futuro de nossa igreja no Peru.<\/p>\n<p>Igreja da Am\u00e9rica do Sul Nazareno<\/p>\n","protected":false},"excerpt":{"rendered":"<p>Em 2023, um marco significativo na lideran\u00e7a de NYI Peru foi estabelecido. A primeira C\u00fapula de Lideran\u00e7a Nacional ocorreu, &#8220;Voo 28:19&#8221;, de 29 de junho a 1 de julho em Chiclayo. Um projeto de Miss\u00e3o M\u00e1xima e os campos de distrito seguiram a c\u00fapula. <\/p>\n","protected":false},"author":1,"featured_media":29773,"menu_order":0,"template":"","news-categories":[],"news-region-taxonomy":[],"news-tag":[804,1731],"class_list":["post-43171","news","type-news","status-publish","has-post-thumbnail","hentry","news-tag-america-do-sul","news-tag-peru-pt-br"],"yoast_head":"<!-- This site is optimized with the Yoast SEO Premium plugin v27.1 (Yoast SEO v27.1.1) - https:\/\/yoast.com\/product\/yoast-seo-premium-wordpress\/ -->\n<title>C\u00fapula de lideran\u00e7a NYI inspira presente, futuro da igreja no Peru - Church of the Nazarene<\/title>\n<meta name=\"robots\" content=\"index, follow, max-snippet:-1, max-image-preview:large, max-video-preview:-1\" \/>\n<link rel=\"canonical\" href=\"https:\/\/nazarene.org\/pt-br\/news\/cupula-de-lideranca-nyi-inspira-presente-futuro-da-igreja-no-peru\/\" \/>\n<meta property=\"og:locale\" content=\"pt_BR\" \/>\n<meta property=\"og:type\" content=\"article\" \/>\n<meta property=\"og:title\" content=\"C\u00fapula de lideran\u00e7a NYI inspira presente, futuro da igreja no Peru\" \/>\n<meta property=\"og:description\" content=\"Em 2023, um marco significativo na lideran\u00e7a de NYI Peru foi estabelecido. A primeira C\u00fapula de Lideran\u00e7a Nacional ocorreu, &quot;Voo 28:19&quot;, de 29 de junho a 1 de julho em Chiclayo. Um projeto de Miss\u00e3o M\u00e1xima e os campos de distrito seguiram a c\u00fapula.\" \/>\n<meta property=\"og:url\" content=\"https:\/\/nazarene.org\/pt-br\/news\/cupula-de-lideranca-nyi-inspira-presente-futuro-da-igreja-no-peru\/\" \/>\n<meta property=\"og:site_name\" content=\"Church of the Nazarene\" \/>\n<meta property=\"article:publisher\" content=\"https:\/\/www.facebook.com\/NazareneOfficial\/\" \/>\n<meta property=\"article:modified_time\" content=\"2025-07-02T01:51:30+00:00\" \/>\n<meta property=\"og:image\" content=\"https:\/\/nazarene.org\/wp-content\/uploads\/2025\/02\/Peru-NYI.jpg\" \/>\n\t<meta property=\"og:image:width\" content=\"2100\" \/>\n\t<meta property=\"og:image:height\" content=\"1120\" \/>\n\t<meta property=\"og:image:type\" content=\"image\/jpeg\" \/>\n<meta name=\"twitter:card\" content=\"summary_large_image\" \/>\n<meta name=\"twitter:site\" content=\"@Nazarene\" \/>\n<script type=\"application\/ld+json\" class=\"yoast-schema-graph\">{\"@context\":\"https:\/\/schema.org\",\"@graph\":[{\"@type\":\"WebPage\",\"@id\":\"https:\/\/nazarene.org\/pt-br\/news\/cupula-de-lideranca-nyi-inspira-presente-futuro-da-igreja-no-peru\/\",\"url\":\"https:\/\/nazarene.org\/pt-br\/news\/cupula-de-lideranca-nyi-inspira-presente-futuro-da-igreja-no-peru\/\",\"name\":\"C\u00fapula de lideran\u00e7a NYI inspira presente, futuro da igreja no Peru - Church of the Nazarene\",\"isPartOf\":{\"@id\":\"https:\/\/nazarene.org\/pt-br\/#website\"},\"primaryImageOfPage\":{\"@id\":\"https:\/\/nazarene.org\/pt-br\/news\/cupula-de-lideranca-nyi-inspira-presente-futuro-da-igreja-no-peru\/#primaryimage\"},\"image\":{\"@id\":\"https:\/\/nazarene.org\/pt-br\/news\/cupula-de-lideranca-nyi-inspira-presente-futuro-da-igreja-no-peru\/#primaryimage\"},\"thumbnailUrl\":\"https:\/\/nazarene.org\/wp-content\/uploads\/2025\/02\/Peru-NYI.jpg\",\"datePublished\":\"2023-08-25T05:00:00+00:00\",\"dateModified\":\"2025-07-02T01:51:30+00:00\",\"breadcrumb\":{\"@id\":\"https:\/\/nazarene.org\/pt-br\/news\/cupula-de-lideranca-nyi-inspira-presente-futuro-da-igreja-no-peru\/#breadcrumb\"},\"inLanguage\":\"pt-BR\",\"potentialAction\":[{\"@type\":\"ReadAction\",\"target\":[\"https:\/\/nazarene.org\/pt-br\/news\/cupula-de-lideranca-nyi-inspira-presente-futuro-da-igreja-no-peru\/\"]}]},{\"@type\":\"ImageObject\",\"inLanguage\":\"pt-BR\",\"@id\":\"https:\/\/nazarene.org\/pt-br\/news\/cupula-de-lideranca-nyi-inspira-presente-futuro-da-igreja-no-peru\/#primaryimage\",\"url\":\"https:\/\/nazarene.org\/wp-content\/uploads\/2025\/02\/Peru-NYI.jpg\",\"contentUrl\":\"https:\/\/nazarene.org\/wp-content\/uploads\/2025\/02\/Peru-NYI.jpg\",\"width\":2100,\"height\":1120},{\"@type\":\"BreadcrumbList\",\"@id\":\"https:\/\/nazarene.org\/pt-br\/news\/cupula-de-lideranca-nyi-inspira-presente-futuro-da-igreja-no-peru\/#breadcrumb\",\"itemListElement\":[{\"@type\":\"ListItem\",\"position\":1,\"name\":\"Home\",\"item\":\"https:\/\/nazarene.org\/pt-br\/casa\/\"},{\"@type\":\"ListItem\",\"position\":2,\"name\":\"News\",\"item\":\"https:\/\/nazarene.org\/pt-br\/news\/\"},{\"@type\":\"ListItem\",\"position\":3,\"name\":\"C\u00fapula de lideran\u00e7a NYI inspira presente, futuro da igreja no Peru\"}]},{\"@type\":\"WebSite\",\"@id\":\"https:\/\/nazarene.org\/pt-br\/#website\",\"url\":\"https:\/\/nazarene.org\/pt-br\/\",\"name\":\"Church of the Nazarene\",\"description\":\"Making Christlike Disciples in the Nations\",\"publisher\":{\"@id\":\"https:\/\/nazarene.org\/pt-br\/#organization\"},\"potentialAction\":[{\"@type\":\"SearchAction\",\"target\":{\"@type\":\"EntryPoint\",\"urlTemplate\":\"https:\/\/nazarene.org\/pt-br\/?s={search_term_string}\"},\"query-input\":{\"@type\":\"PropertyValueSpecification\",\"valueRequired\":true,\"valueName\":\"search_term_string\"}}],\"inLanguage\":\"pt-BR\"},{\"@type\":\"Organization\",\"@id\":\"https:\/\/nazarene.org\/pt-br\/#organization\",\"name\":\"Church of the Nazarene\",\"url\":\"https:\/\/nazarene.org\/pt-br\/\",\"logo\":{\"@type\":\"ImageObject\",\"inLanguage\":\"pt-BR\",\"@id\":\"https:\/\/nazarene.org\/pt-br\/#\/schema\/logo\/image\/\",\"url\":\"https:\/\/nazarene.org\/wp-content\/uploads\/2024\/06\/Naz_Desktop_Black_Logo-1.svg\",\"contentUrl\":\"https:\/\/nazarene.org\/wp-content\/uploads\/2024\/06\/Naz_Desktop_Black_Logo-1.svg\",\"width\":258,\"height\":36,\"caption\":\"Church of the Nazarene\"},\"image\":{\"@id\":\"https:\/\/nazarene.org\/pt-br\/#\/schema\/logo\/image\/\"},\"sameAs\":[\"https:\/\/www.facebook.com\/NazareneOfficial\/\",\"https:\/\/x.com\/Nazarene\",\"https:\/\/www.instagram.com\/nazareneofficial\/\"]}]}<\/script>\n<!-- \/ Yoast SEO Premium plugin. -->","yoast_head_json":{"title":"C\u00fapula de lideran\u00e7a NYI inspira presente, futuro da igreja no Peru - Church of the Nazarene","robots":{"index":"index","follow":"follow","max-snippet":"max-snippet:-1","max-image-preview":"max-image-preview:large","max-video-preview":"max-video-preview:-1"},"canonical":"https:\/\/nazarene.org\/pt-br\/news\/cupula-de-lideranca-nyi-inspira-presente-futuro-da-igreja-no-peru\/","og_locale":"pt_BR","og_type":"article","og_title":"C\u00fapula de lideran\u00e7a NYI inspira presente, futuro da igreja no Peru","og_description":"Em 2023, um marco significativo na lideran\u00e7a de NYI Peru foi estabelecido. A primeira C\u00fapula de Lideran\u00e7a Nacional ocorreu, \"Voo 28:19\", de 29 de junho a 1 de julho em Chiclayo. Um projeto de Miss\u00e3o M\u00e1xima e os campos de distrito seguiram a c\u00fapula.","og_url":"https:\/\/nazarene.org\/pt-br\/news\/cupula-de-lideranca-nyi-inspira-presente-futuro-da-igreja-no-peru\/","og_site_name":"Church of the Nazarene","article_publisher":"https:\/\/www.facebook.com\/NazareneOfficial\/","article_modified_time":"2025-07-02T01:51:30+00:00","og_image":[{"width":2100,"height":1120,"url":"https:\/\/nazarene.org\/wp-content\/uploads\/2025\/02\/Peru-NYI.jpg","type":"image\/jpeg"}],"twitter_card":"summary_large_image","twitter_site":"@Nazarene","schema":{"@context":"https:\/\/schema.org","@graph":[{"@type":"WebPage","@id":"https:\/\/nazarene.org\/pt-br\/news\/cupula-de-lideranca-nyi-inspira-presente-futuro-da-igreja-no-peru\/","url":"https:\/\/nazarene.org\/pt-br\/news\/cupula-de-lideranca-nyi-inspira-presente-futuro-da-igreja-no-peru\/","name":"C\u00fapula de lideran\u00e7a NYI inspira presente, futuro da igreja no Peru - Church of the Nazarene","isPartOf":{"@id":"https:\/\/nazarene.org\/pt-br\/#website"},"primaryImageOfPage":{"@id":"https:\/\/nazarene.org\/pt-br\/news\/cupula-de-lideranca-nyi-inspira-presente-futuro-da-igreja-no-peru\/#primaryimage"},"image":{"@id":"https:\/\/nazarene.org\/pt-br\/news\/cupula-de-lideranca-nyi-inspira-presente-futuro-da-igreja-no-peru\/#primaryimage"},"thumbnailUrl":"https:\/\/nazarene.org\/wp-content\/uploads\/2025\/02\/Peru-NYI.jpg","datePublished":"2023-08-25T05:00:00+00:00","dateModified":"2025-07-02T01:51:30+00:00","breadcrumb":{"@id":"https:\/\/nazarene.org\/pt-br\/news\/cupula-de-lideranca-nyi-inspira-presente-futuro-da-igreja-no-peru\/#breadcrumb"},"inLanguage":"pt-BR","potentialAction":[{"@type":"ReadAction","target":["https:\/\/nazarene.org\/pt-br\/news\/cupula-de-lideranca-nyi-inspira-presente-futuro-da-igreja-no-peru\/"]}]},{"@type":"ImageObject","inLanguage":"pt-BR","@id":"https:\/\/nazarene.org\/pt-br\/news\/cupula-de-lideranca-nyi-inspira-presente-futuro-da-igreja-no-peru\/#primaryimage","url":"https:\/\/nazarene.org\/wp-content\/uploads\/2025\/02\/Peru-NYI.jpg","contentUrl":"https:\/\/nazarene.org\/wp-content\/uploads\/2025\/02\/Peru-NYI.jpg","width":2100,"height":1120},{"@type":"BreadcrumbList","@id":"https:\/\/nazarene.org\/pt-br\/news\/cupula-de-lideranca-nyi-inspira-presente-futuro-da-igreja-no-peru\/#breadcrumb","itemListElement":[{"@type":"ListItem","position":1,"name":"Home","item":"https:\/\/nazarene.org\/pt-br\/casa\/"},{"@type":"ListItem","position":2,"name":"News","item":"https:\/\/nazarene.org\/pt-br\/news\/"},{"@type":"ListItem","position":3,"name":"C\u00fapula de lideran\u00e7a NYI inspira presente, futuro da igreja no Peru"}]},{"@type":"WebSite","@id":"https:\/\/nazarene.org\/pt-br\/#website","url":"https:\/\/nazarene.org\/pt-br\/","name":"Church of the Nazarene","description":"Making Christlike Disciples in the Nations","publisher":{"@id":"https:\/\/nazarene.org\/pt-br\/#organization"},"potentialAction":[{"@type":"SearchAction","target":{"@type":"EntryPoint","urlTemplate":"https:\/\/nazarene.org\/pt-br\/?s={search_term_string}"},"query-input":{"@type":"PropertyValueSpecification","valueRequired":true,"valueName":"search_term_string"}}],"inLanguage":"pt-BR"},{"@type":"Organization","@id":"https:\/\/nazarene.org\/pt-br\/#organization","name":"Church of the Nazarene","url":"https:\/\/nazarene.org\/pt-br\/","logo":{"@type":"ImageObject","inLanguage":"pt-BR","@id":"https:\/\/nazarene.org\/pt-br\/#\/schema\/logo\/image\/","url":"https:\/\/nazarene.org\/wp-content\/uploads\/2024\/06\/Naz_Desktop_Black_Logo-1.svg","contentUrl":"https:\/\/nazarene.org\/wp-content\/uploads\/2024\/06\/Naz_Desktop_Black_Logo-1.svg","width":258,"height":36,"caption":"Church of the Nazarene"},"image":{"@id":"https:\/\/nazarene.org\/pt-br\/#\/schema\/logo\/image\/"},"sameAs":["https:\/\/www.facebook.com\/NazareneOfficial\/","https:\/\/x.com\/Nazarene","https:\/\/www.instagram.com\/nazareneofficial\/"]}]}},"_links":{"self":[{"href":"https:\/\/nazarene.org\/pt-br\/wp-json\/wp\/v2\/news\/43171","targetHints":{"allow":["GET"]}}],"collection":[{"href":"https:\/\/nazarene.org\/pt-br\/wp-json\/wp\/v2\/news"}],"about":[{"href":"https:\/\/nazarene.org\/pt-br\/wp-json\/wp\/v2\/types\/news"}],"author":[{"embeddable":true,"href":"https:\/\/nazarene.org\/pt-br\/wp-json\/wp\/v2\/users\/1"}],"version-history":[{"count":0,"href":"https:\/\/nazarene.org\/pt-br\/wp-json\/wp\/v2\/news\/43171\/revisions"}],"wp:featuredmedia":[{"embeddable":true,"href":"https:\/\/nazarene.org\/pt-br\/wp-json\/wp\/v2\/media\/29773"}],"wp:attachment":[{"href":"https:\/\/nazarene.org\/pt-br\/wp-json\/wp\/v2\/media?parent=43171"}],"wp:term":[{"taxonomy":"news-categories","embeddable":true,"href":"https:\/\/nazarene.org\/pt-br\/wp-json\/wp\/v2\/news-categories?post=43171"},{"taxonomy":"news-region-taxonomy","embeddable":true,"href":"https:\/\/nazarene.org\/pt-br\/wp-json\/wp\/v2\/news-region-taxonomy?post=43171"},{"taxonomy":"news-tag","embeddable":true,"href":"https:\/\/nazarene.org\/pt-br\/wp-json\/wp\/v2\/news-tag?post=43171"}],"curies":[{"name":"wp","href":"https:\/\/api.w.org\/{rel}","templated":true}]}}