{"id":41714,"date":"2025-06-09T21:40:58","date_gmt":"2025-06-10T02:40:58","guid":{"rendered":"https:\/\/nazarene.org\/news\/timothy-brewer-eleito-superintendente-do-distrito-de-missouri\/"},"modified":"2025-07-02T02:15:21","modified_gmt":"2025-07-02T07:15:21","slug":"timothy-brewer-eleito-superintendente-do-distrito-de-missouri","status":"publish","type":"news","link":"https:\/\/nazarene.org\/pt-br\/news\/timothy-brewer-eleito-superintendente-do-distrito-de-missouri\/","title":{"rendered":"Timothy Brewer eleito superintendente do Distrito de Missouri"},"content":{"rendered":"\n<p>Tim Brewer foi eleito superintendente do Distrito de Missouri em 2 de junho de 2025. Ele serviu como pastor de Ont\u00e1rio do Nazareno em Oregon desde 2006.<\/p>\n\n<p>A nova designa\u00e7\u00e3o de Brewer \u00e9 eficaz 1 de julho de 2025. Ele substitui Michael Palmer, que est\u00e1 se aposentando depois de servir como superintendente do Distrito de Missouri desde 2006.<\/p>\n\n<p>Brewer participou do Northwest Nazarene College (agora Universidade) e se formou com um grau de bacharel em 1985. Ele tamb\u00e9m possui um Grau de Mestrado em Educa\u00e7\u00e3o Crist\u00e3 do Semin\u00e1rio Teol\u00f3gico Nazareno e ganhou um Doutorado de Minist\u00e9rio do Semin\u00e1rio Teol\u00f3gico Asbury em 2020.<\/p>\n\n<p>Ele serviu em equipe na Igreja Tree City do Nazareno em Idaho de 1985-1987, Olathe College do Nazareno de 1987-1990, e Igreja Olympia Mountain View do Nazareno em Washington de 1991-1995. No in\u00edcio de 1995, ele aceitou o papel pastoral em Salt Lake City Primeira Igreja do Nazareno em Utah servindo l\u00e1 at\u00e9 2006, quando ele se tornou pastor da Igreja de Ont\u00e1rio do Nazareno. Ele serviu l\u00e1 desde ent\u00e3o.<br\/>Ele e sua esposa, Nancy, atualmente residem em Fruitland, Idaho.<\/p>\n","protected":false},"excerpt":{"rendered":"<p>Tim Brewer foi eleito superintendente do Distrito de Missouri em 2 de junho de 2025. Ele serviu como pastor de Ont\u00e1rio do Nazareno em Oregon desde 2006. A nova designa\u00e7\u00e3o de Brewer \u00e9 eficaz 1 de julho de 2025. Ele substitui Michael Palmer, que est\u00e1 se aposentando depois de servir como superintendente do Distrito de [&hellip;]<\/p>\n","protected":false},"author":12,"featured_media":38582,"menu_order":0,"template":"","news-categories":[],"news-region-taxonomy":[],"news-tag":[762,1370],"class_list":["post-41714","news","type-news","status-publish","has-post-thumbnail","hentry","news-tag-eua-canada","news-tag-missouri-pt-br"],"yoast_head":"<!-- This site is optimized with the Yoast SEO Premium plugin v27.1 (Yoast SEO v27.1.1) - https:\/\/yoast.com\/product\/yoast-seo-premium-wordpress\/ -->\n<title>Timothy Brewer eleito superintendente do Distrito de Missouri - Church of the Nazarene<\/title>\n<meta name=\"description\" content=\"Tim Brewer foi eleito superintendente do Distrito de Missouri em 2 de junho de 2025. Ele serviu como pastor de Ont\u00e1rio do Nazareno em Oregon desde 2006.\" \/>\n<meta name=\"robots\" content=\"index, follow, max-snippet:-1, max-image-preview:large, max-video-preview:-1\" \/>\n<link rel=\"canonical\" href=\"https:\/\/nazarene.org\/pt-br\/news\/timothy-brewer-eleito-superintendente-do-distrito-de-missouri\/\" \/>\n<meta property=\"og:locale\" content=\"pt_BR\" \/>\n<meta property=\"og:type\" content=\"article\" \/>\n<meta property=\"og:title\" content=\"Timothy Brewer eleito superintendente do Distrito de Missouri\" \/>\n<meta property=\"og:description\" content=\"Tim Brewer foi eleito superintendente do Distrito de Missouri em 2 de junho de 2025. Ele serviu como pastor de Ont\u00e1rio do Nazareno em Oregon desde 2006.\" \/>\n<meta property=\"og:url\" content=\"https:\/\/nazarene.org\/pt-br\/news\/timothy-brewer-eleito-superintendente-do-distrito-de-missouri\/\" \/>\n<meta property=\"og:site_name\" content=\"Church of the Nazarene\" \/>\n<meta property=\"article:publisher\" content=\"https:\/\/www.facebook.com\/NazareneOfficial\/\" \/>\n<meta property=\"article:modified_time\" content=\"2025-07-02T07:15:21+00:00\" \/>\n<meta property=\"og:image\" content=\"https:\/\/nazarene.org\/wp-content\/uploads\/2025\/06\/Tim-Brewer.jpg\" \/>\n\t<meta property=\"og:image:width\" content=\"1500\" \/>\n\t<meta property=\"og:image:height\" content=\"800\" \/>\n\t<meta property=\"og:image:type\" content=\"image\/jpeg\" \/>\n<meta name=\"twitter:card\" content=\"summary_large_image\" \/>\n<meta name=\"twitter:site\" content=\"@Nazarene\" \/>\n<script type=\"application\/ld+json\" class=\"yoast-schema-graph\">{\"@context\":\"https:\/\/schema.org\",\"@graph\":[{\"@type\":\"WebPage\",\"@id\":\"https:\/\/nazarene.org\/pt-br\/news\/timothy-brewer-eleito-superintendente-do-distrito-de-missouri\/\",\"url\":\"https:\/\/nazarene.org\/pt-br\/news\/timothy-brewer-eleito-superintendente-do-distrito-de-missouri\/\",\"name\":\"Timothy Brewer eleito superintendente do Distrito de Missouri - Church of the Nazarene\",\"isPartOf\":{\"@id\":\"https:\/\/nazarene.org\/pt-br\/#website\"},\"primaryImageOfPage\":{\"@id\":\"https:\/\/nazarene.org\/pt-br\/news\/timothy-brewer-eleito-superintendente-do-distrito-de-missouri\/#primaryimage\"},\"image\":{\"@id\":\"https:\/\/nazarene.org\/pt-br\/news\/timothy-brewer-eleito-superintendente-do-distrito-de-missouri\/#primaryimage\"},\"thumbnailUrl\":\"https:\/\/nazarene.org\/wp-content\/uploads\/2025\/06\/Tim-Brewer.jpg\",\"datePublished\":\"2025-06-10T02:40:58+00:00\",\"dateModified\":\"2025-07-02T07:15:21+00:00\",\"description\":\"Tim Brewer foi eleito superintendente do Distrito de Missouri em 2 de junho de 2025. Ele serviu como pastor de Ont\u00e1rio do Nazareno em Oregon desde 2006.\",\"breadcrumb\":{\"@id\":\"https:\/\/nazarene.org\/pt-br\/news\/timothy-brewer-eleito-superintendente-do-distrito-de-missouri\/#breadcrumb\"},\"inLanguage\":\"pt-BR\",\"potentialAction\":[{\"@type\":\"ReadAction\",\"target\":[\"https:\/\/nazarene.org\/pt-br\/news\/timothy-brewer-eleito-superintendente-do-distrito-de-missouri\/\"]}]},{\"@type\":\"ImageObject\",\"inLanguage\":\"pt-BR\",\"@id\":\"https:\/\/nazarene.org\/pt-br\/news\/timothy-brewer-eleito-superintendente-do-distrito-de-missouri\/#primaryimage\",\"url\":\"https:\/\/nazarene.org\/wp-content\/uploads\/2025\/06\/Tim-Brewer.jpg\",\"contentUrl\":\"https:\/\/nazarene.org\/wp-content\/uploads\/2025\/06\/Tim-Brewer.jpg\",\"width\":1500,\"height\":800},{\"@type\":\"BreadcrumbList\",\"@id\":\"https:\/\/nazarene.org\/pt-br\/news\/timothy-brewer-eleito-superintendente-do-distrito-de-missouri\/#breadcrumb\",\"itemListElement\":[{\"@type\":\"ListItem\",\"position\":1,\"name\":\"Home\",\"item\":\"https:\/\/nazarene.org\/pt-br\/casa\/\"},{\"@type\":\"ListItem\",\"position\":2,\"name\":\"News\",\"item\":\"https:\/\/nazarene.org\/pt-br\/news\/\"},{\"@type\":\"ListItem\",\"position\":3,\"name\":\"Timothy Brewer eleito superintendente do Distrito de Missouri\"}]},{\"@type\":\"WebSite\",\"@id\":\"https:\/\/nazarene.org\/pt-br\/#website\",\"url\":\"https:\/\/nazarene.org\/pt-br\/\",\"name\":\"Church of the Nazarene\",\"description\":\"Making Christlike Disciples in the Nations\",\"publisher\":{\"@id\":\"https:\/\/nazarene.org\/pt-br\/#organization\"},\"potentialAction\":[{\"@type\":\"SearchAction\",\"target\":{\"@type\":\"EntryPoint\",\"urlTemplate\":\"https:\/\/nazarene.org\/pt-br\/?s={search_term_string}\"},\"query-input\":{\"@type\":\"PropertyValueSpecification\",\"valueRequired\":true,\"valueName\":\"search_term_string\"}}],\"inLanguage\":\"pt-BR\"},{\"@type\":\"Organization\",\"@id\":\"https:\/\/nazarene.org\/pt-br\/#organization\",\"name\":\"Church of the Nazarene\",\"url\":\"https:\/\/nazarene.org\/pt-br\/\",\"logo\":{\"@type\":\"ImageObject\",\"inLanguage\":\"pt-BR\",\"@id\":\"https:\/\/nazarene.org\/pt-br\/#\/schema\/logo\/image\/\",\"url\":\"https:\/\/nazarene.org\/wp-content\/uploads\/2024\/06\/Naz_Desktop_Black_Logo-1.svg\",\"contentUrl\":\"https:\/\/nazarene.org\/wp-content\/uploads\/2024\/06\/Naz_Desktop_Black_Logo-1.svg\",\"width\":258,\"height\":36,\"caption\":\"Church of the Nazarene\"},\"image\":{\"@id\":\"https:\/\/nazarene.org\/pt-br\/#\/schema\/logo\/image\/\"},\"sameAs\":[\"https:\/\/www.facebook.com\/NazareneOfficial\/\",\"https:\/\/x.com\/Nazarene\",\"https:\/\/www.instagram.com\/nazareneofficial\/\"]}]}<\/script>\n<!-- \/ Yoast SEO Premium plugin. -->","yoast_head_json":{"title":"Timothy Brewer eleito superintendente do Distrito de Missouri - Church of the Nazarene","description":"Tim Brewer foi eleito superintendente do Distrito de Missouri em 2 de junho de 2025. Ele serviu como pastor de Ont\u00e1rio do Nazareno em Oregon desde 2006.","robots":{"index":"index","follow":"follow","max-snippet":"max-snippet:-1","max-image-preview":"max-image-preview:large","max-video-preview":"max-video-preview:-1"},"canonical":"https:\/\/nazarene.org\/pt-br\/news\/timothy-brewer-eleito-superintendente-do-distrito-de-missouri\/","og_locale":"pt_BR","og_type":"article","og_title":"Timothy Brewer eleito superintendente do Distrito de Missouri","og_description":"Tim Brewer foi eleito superintendente do Distrito de Missouri em 2 de junho de 2025. Ele serviu como pastor de Ont\u00e1rio do Nazareno em Oregon desde 2006.","og_url":"https:\/\/nazarene.org\/pt-br\/news\/timothy-brewer-eleito-superintendente-do-distrito-de-missouri\/","og_site_name":"Church of the Nazarene","article_publisher":"https:\/\/www.facebook.com\/NazareneOfficial\/","article_modified_time":"2025-07-02T07:15:21+00:00","og_image":[{"width":1500,"height":800,"url":"https:\/\/nazarene.org\/wp-content\/uploads\/2025\/06\/Tim-Brewer.jpg","type":"image\/jpeg"}],"twitter_card":"summary_large_image","twitter_site":"@Nazarene","schema":{"@context":"https:\/\/schema.org","@graph":[{"@type":"WebPage","@id":"https:\/\/nazarene.org\/pt-br\/news\/timothy-brewer-eleito-superintendente-do-distrito-de-missouri\/","url":"https:\/\/nazarene.org\/pt-br\/news\/timothy-brewer-eleito-superintendente-do-distrito-de-missouri\/","name":"Timothy Brewer eleito superintendente do Distrito de Missouri - Church of the Nazarene","isPartOf":{"@id":"https:\/\/nazarene.org\/pt-br\/#website"},"primaryImageOfPage":{"@id":"https:\/\/nazarene.org\/pt-br\/news\/timothy-brewer-eleito-superintendente-do-distrito-de-missouri\/#primaryimage"},"image":{"@id":"https:\/\/nazarene.org\/pt-br\/news\/timothy-brewer-eleito-superintendente-do-distrito-de-missouri\/#primaryimage"},"thumbnailUrl":"https:\/\/nazarene.org\/wp-content\/uploads\/2025\/06\/Tim-Brewer.jpg","datePublished":"2025-06-10T02:40:58+00:00","dateModified":"2025-07-02T07:15:21+00:00","description":"Tim Brewer foi eleito superintendente do Distrito de Missouri em 2 de junho de 2025. Ele serviu como pastor de Ont\u00e1rio do Nazareno em Oregon desde 2006.","breadcrumb":{"@id":"https:\/\/nazarene.org\/pt-br\/news\/timothy-brewer-eleito-superintendente-do-distrito-de-missouri\/#breadcrumb"},"inLanguage":"pt-BR","potentialAction":[{"@type":"ReadAction","target":["https:\/\/nazarene.org\/pt-br\/news\/timothy-brewer-eleito-superintendente-do-distrito-de-missouri\/"]}]},{"@type":"ImageObject","inLanguage":"pt-BR","@id":"https:\/\/nazarene.org\/pt-br\/news\/timothy-brewer-eleito-superintendente-do-distrito-de-missouri\/#primaryimage","url":"https:\/\/nazarene.org\/wp-content\/uploads\/2025\/06\/Tim-Brewer.jpg","contentUrl":"https:\/\/nazarene.org\/wp-content\/uploads\/2025\/06\/Tim-Brewer.jpg","width":1500,"height":800},{"@type":"BreadcrumbList","@id":"https:\/\/nazarene.org\/pt-br\/news\/timothy-brewer-eleito-superintendente-do-distrito-de-missouri\/#breadcrumb","itemListElement":[{"@type":"ListItem","position":1,"name":"Home","item":"https:\/\/nazarene.org\/pt-br\/casa\/"},{"@type":"ListItem","position":2,"name":"News","item":"https:\/\/nazarene.org\/pt-br\/news\/"},{"@type":"ListItem","position":3,"name":"Timothy Brewer eleito superintendente do Distrito de Missouri"}]},{"@type":"WebSite","@id":"https:\/\/nazarene.org\/pt-br\/#website","url":"https:\/\/nazarene.org\/pt-br\/","name":"Church of the Nazarene","description":"Making Christlike Disciples in the Nations","publisher":{"@id":"https:\/\/nazarene.org\/pt-br\/#organization"},"potentialAction":[{"@type":"SearchAction","target":{"@type":"EntryPoint","urlTemplate":"https:\/\/nazarene.org\/pt-br\/?s={search_term_string}"},"query-input":{"@type":"PropertyValueSpecification","valueRequired":true,"valueName":"search_term_string"}}],"inLanguage":"pt-BR"},{"@type":"Organization","@id":"https:\/\/nazarene.org\/pt-br\/#organization","name":"Church of the Nazarene","url":"https:\/\/nazarene.org\/pt-br\/","logo":{"@type":"ImageObject","inLanguage":"pt-BR","@id":"https:\/\/nazarene.org\/pt-br\/#\/schema\/logo\/image\/","url":"https:\/\/nazarene.org\/wp-content\/uploads\/2024\/06\/Naz_Desktop_Black_Logo-1.svg","contentUrl":"https:\/\/nazarene.org\/wp-content\/uploads\/2024\/06\/Naz_Desktop_Black_Logo-1.svg","width":258,"height":36,"caption":"Church of the Nazarene"},"image":{"@id":"https:\/\/nazarene.org\/pt-br\/#\/schema\/logo\/image\/"},"sameAs":["https:\/\/www.facebook.com\/NazareneOfficial\/","https:\/\/x.com\/Nazarene","https:\/\/www.instagram.com\/nazareneofficial\/"]}]}},"_links":{"self":[{"href":"https:\/\/nazarene.org\/pt-br\/wp-json\/wp\/v2\/news\/41714","targetHints":{"allow":["GET"]}}],"collection":[{"href":"https:\/\/nazarene.org\/pt-br\/wp-json\/wp\/v2\/news"}],"about":[{"href":"https:\/\/nazarene.org\/pt-br\/wp-json\/wp\/v2\/types\/news"}],"author":[{"embeddable":true,"href":"https:\/\/nazarene.org\/pt-br\/wp-json\/wp\/v2\/users\/12"}],"version-history":[{"count":0,"href":"https:\/\/nazarene.org\/pt-br\/wp-json\/wp\/v2\/news\/41714\/revisions"}],"wp:featuredmedia":[{"embeddable":true,"href":"https:\/\/nazarene.org\/pt-br\/wp-json\/wp\/v2\/media\/38582"}],"wp:attachment":[{"href":"https:\/\/nazarene.org\/pt-br\/wp-json\/wp\/v2\/media?parent=41714"}],"wp:term":[{"taxonomy":"news-categories","embeddable":true,"href":"https:\/\/nazarene.org\/pt-br\/wp-json\/wp\/v2\/news-categories?post=41714"},{"taxonomy":"news-region-taxonomy","embeddable":true,"href":"https:\/\/nazarene.org\/pt-br\/wp-json\/wp\/v2\/news-region-taxonomy?post=41714"},{"taxonomy":"news-tag","embeddable":true,"href":"https:\/\/nazarene.org\/pt-br\/wp-json\/wp\/v2\/news-tag?post=41714"}],"curies":[{"name":"wp","href":"https:\/\/api.w.org\/{rel}","templated":true}]}}