{"id":37269,"date":"2022-03-02T00:00:00","date_gmt":"2022-03-02T06:00:00","guid":{"rendered":"https:\/\/nazarene.org\/news\/missionarios-aposentados-reconhecidos-no-98o-conselho-geral\/"},"modified":"2025-06-20T00:33:19","modified_gmt":"2025-06-20T05:33:19","slug":"missionarios-aposentados-reconhecidos-no-98o-conselho-geral","status":"publish","type":"news","link":"https:\/\/nazarene.org\/pt-br\/news\/missionarios-aposentados-reconhecidos-no-98o-conselho-geral\/","title":{"rendered":"Mission\u00e1rios aposentados reconhecidos no 98\u00ba Conselho Geral"},"content":{"rendered":"<p>Igreja do Nazareno anunciou os seguintes mission\u00e1rios de aposentadoria durante uma reuni\u00e3o da 98<sup>\u00aa<\/sup><wpml_nbsp> <\/wpml_nbsp>Sess\u00e3o do Conselho Geral 25-28 de fevereiro, que foi realizada virtualmente.<\/p>\n<p>Membros do Conselho de Superintendentes Gerais e do Conselho Geral parabenizaram os mission\u00e1rios de aposentadoria em uma recep\u00e7\u00e3o virtual. Al\u00e9m disso, Miss\u00f5es Globais trabalhou com as igrejas dom\u00e9sticas dos mission\u00e1rios para coordenar uma celebra\u00e7\u00e3o em pessoa, incluindo a apresenta\u00e7\u00e3o de uma escultura como um s\u00edmbolo da denomina\u00e7\u00e3o.<\/p>\n<p>Miss\u00f5es Globais, sob a dire\u00e7\u00e3o de Verne Ward III, gostaria de expressar seu profundo amor e aprecia\u00e7\u00e3o para todos os cinco casais por seus muitos anos de dedica\u00e7\u00e3o altru\u00edsta a Deus, a igreja, e todos aqueles cujas vidas foram impactadas por seu minist\u00e9rio. Como indiv\u00edduos, eles deram um 258 anos combinado de servi\u00e7o a Deus atrav\u00e9s da Igreja do Nazareno.<\/p>\n<p><strong>Phil e Monica Carr<\/strong><\/p>\n<ul>\n<li>Anos de servi\u00e7o: 15<\/li>\n<li>Gana, Senegal e Rep\u00fablica Democr\u00e1tica do Congo<\/li>\n<\/ul>\n<p><strong>Jon e Shirley Fischer<\/strong><\/p>\n<ul>\n<li>Anos de servi\u00e7o: 29<\/li>\n<li>Equador e Venezuela<\/li>\n<\/ul>\n<p><strong>Don e Evie Gardner<\/strong><\/p>\n<ul>\n<li>Anos de servi\u00e7o: 32<\/li>\n<li>Malawi &nbsp;e Qu\u00eania<\/li>\n<\/ul>\n<p><strong>David e Sylvia Potter<\/strong><\/p>\n<ul>\n<li>Anos de servi\u00e7o: 30<\/li>\n<li>Papua Nova Guin\u00e9 e &nbsp;Vanuatu<\/li>\n<\/ul>\n<p><strong>Lynn e Sherry Shmidt<\/strong><\/p>\n<ul>\n<li>Anos de servi\u00e7o: 23<\/li>\n<li>\u00c1frica do Sul, Eswatini, Botswana e Filipinas<\/li>\n<\/ul>\n<p>Para assistir ao servi\u00e7o de Aposentadoria Mission\u00e1ria e Comissionamento, <a href=\"https:\/\/vimeo.com\/682050955\/089398fac8\" target=\"_blank\">clique aqui<\/a>.<\/p>\n<p>&nbsp;<\/p>\n","protected":false},"excerpt":{"rendered":"<p>Igreja do Nazareno anunciou os seguintes mission\u00e1rios de aposentadoria durante uma reuni\u00e3o da 98\u00aa Sess\u00e3o do Conselho Geral 25-28 de fevereiro, que foi realizada virtualmente.<\/p>\n","protected":false},"author":1,"featured_media":28197,"menu_order":0,"template":"","news-categories":[],"news-region-taxonomy":[],"news-tag":[755,789],"class_list":["post-37269","news","type-news","status-publish","has-post-thumbnail","hentry","news-tag-anuncios-da-gmc","news-tag-conselho-geral"],"yoast_head":"<!-- This site is optimized with the Yoast SEO Premium plugin v27.1 (Yoast SEO v27.1.1) - https:\/\/yoast.com\/product\/yoast-seo-premium-wordpress\/ -->\n<title>Mission\u00e1rios aposentados reconhecidos no 98\u00ba Conselho Geral - Church of the Nazarene<\/title>\n<meta name=\"robots\" content=\"index, follow, max-snippet:-1, max-image-preview:large, max-video-preview:-1\" \/>\n<link rel=\"canonical\" href=\"https:\/\/nazarene.org\/pt-br\/news\/missionarios-aposentados-reconhecidos-no-98o-conselho-geral\/\" \/>\n<meta property=\"og:locale\" content=\"pt_BR\" \/>\n<meta property=\"og:type\" content=\"article\" \/>\n<meta property=\"og:title\" content=\"Mission\u00e1rios aposentados reconhecidos no 98\u00ba Conselho Geral\" \/>\n<meta property=\"og:description\" content=\"Igreja do Nazareno anunciou os seguintes mission\u00e1rios de aposentadoria durante uma reuni\u00e3o da 98\u00aa Sess\u00e3o do Conselho Geral 25-28 de fevereiro, que foi realizada virtualmente.\" \/>\n<meta property=\"og:url\" content=\"https:\/\/nazarene.org\/pt-br\/news\/missionarios-aposentados-reconhecidos-no-98o-conselho-geral\/\" \/>\n<meta property=\"og:site_name\" content=\"Church of the Nazarene\" \/>\n<meta property=\"article:publisher\" content=\"https:\/\/www.facebook.com\/NazareneOfficial\/\" \/>\n<meta property=\"article:modified_time\" content=\"2025-06-20T05:33:19+00:00\" \/>\n<meta property=\"og:image\" content=\"https:\/\/nazarene.org\/wp-content\/uploads\/2025\/02\/NCN-Retiring-Graphic-1024x546.png\" \/>\n\t<meta property=\"og:image:width\" content=\"1024\" \/>\n\t<meta property=\"og:image:height\" content=\"546\" \/>\n\t<meta property=\"og:image:type\" content=\"image\/png\" \/>\n<meta name=\"twitter:card\" content=\"summary_large_image\" \/>\n<meta name=\"twitter:site\" content=\"@Nazarene\" \/>\n<script type=\"application\/ld+json\" class=\"yoast-schema-graph\">{\"@context\":\"https:\/\/schema.org\",\"@graph\":[{\"@type\":\"WebPage\",\"@id\":\"https:\/\/nazarene.org\/pt-br\/news\/missionarios-aposentados-reconhecidos-no-98o-conselho-geral\/\",\"url\":\"https:\/\/nazarene.org\/pt-br\/news\/missionarios-aposentados-reconhecidos-no-98o-conselho-geral\/\",\"name\":\"Mission\u00e1rios aposentados reconhecidos no 98\u00ba Conselho Geral - Church of the Nazarene\",\"isPartOf\":{\"@id\":\"https:\/\/nazarene.org\/pt-br\/#website\"},\"primaryImageOfPage\":{\"@id\":\"https:\/\/nazarene.org\/pt-br\/news\/missionarios-aposentados-reconhecidos-no-98o-conselho-geral\/#primaryimage\"},\"image\":{\"@id\":\"https:\/\/nazarene.org\/pt-br\/news\/missionarios-aposentados-reconhecidos-no-98o-conselho-geral\/#primaryimage\"},\"thumbnailUrl\":\"https:\/\/nazarene.org\/wp-content\/uploads\/2025\/02\/NCN-Retiring-Graphic.png\",\"datePublished\":\"2022-03-02T06:00:00+00:00\",\"dateModified\":\"2025-06-20T05:33:19+00:00\",\"breadcrumb\":{\"@id\":\"https:\/\/nazarene.org\/pt-br\/news\/missionarios-aposentados-reconhecidos-no-98o-conselho-geral\/#breadcrumb\"},\"inLanguage\":\"pt-BR\",\"potentialAction\":[{\"@type\":\"ReadAction\",\"target\":[\"https:\/\/nazarene.org\/pt-br\/news\/missionarios-aposentados-reconhecidos-no-98o-conselho-geral\/\"]}]},{\"@type\":\"ImageObject\",\"inLanguage\":\"pt-BR\",\"@id\":\"https:\/\/nazarene.org\/pt-br\/news\/missionarios-aposentados-reconhecidos-no-98o-conselho-geral\/#primaryimage\",\"url\":\"https:\/\/nazarene.org\/wp-content\/uploads\/2025\/02\/NCN-Retiring-Graphic.png\",\"contentUrl\":\"https:\/\/nazarene.org\/wp-content\/uploads\/2025\/02\/NCN-Retiring-Graphic.png\",\"width\":3125,\"height\":1667},{\"@type\":\"BreadcrumbList\",\"@id\":\"https:\/\/nazarene.org\/pt-br\/news\/missionarios-aposentados-reconhecidos-no-98o-conselho-geral\/#breadcrumb\",\"itemListElement\":[{\"@type\":\"ListItem\",\"position\":1,\"name\":\"Home\",\"item\":\"https:\/\/nazarene.org\/pt-br\/\"},{\"@type\":\"ListItem\",\"position\":2,\"name\":\"News\",\"item\":\"https:\/\/nazarene.org\/pt-br\/news\/\"},{\"@type\":\"ListItem\",\"position\":3,\"name\":\"Mission\u00e1rios aposentados reconhecidos no 98\u00ba Conselho Geral\"}]},{\"@type\":\"WebSite\",\"@id\":\"https:\/\/nazarene.org\/pt-br\/#website\",\"url\":\"https:\/\/nazarene.org\/pt-br\/\",\"name\":\"Church of the Nazarene\",\"description\":\"Making Christlike Disciples in the Nations\",\"publisher\":{\"@id\":\"https:\/\/nazarene.org\/pt-br\/#organization\"},\"potentialAction\":[{\"@type\":\"SearchAction\",\"target\":{\"@type\":\"EntryPoint\",\"urlTemplate\":\"https:\/\/nazarene.org\/pt-br\/?s={search_term_string}\"},\"query-input\":{\"@type\":\"PropertyValueSpecification\",\"valueRequired\":true,\"valueName\":\"search_term_string\"}}],\"inLanguage\":\"pt-BR\"},{\"@type\":\"Organization\",\"@id\":\"https:\/\/nazarene.org\/pt-br\/#organization\",\"name\":\"Church of the Nazarene\",\"url\":\"https:\/\/nazarene.org\/pt-br\/\",\"logo\":{\"@type\":\"ImageObject\",\"inLanguage\":\"pt-BR\",\"@id\":\"https:\/\/nazarene.org\/pt-br\/#\/schema\/logo\/image\/\",\"url\":\"https:\/\/nazarene.org\/wp-content\/uploads\/2024\/06\/Naz_Desktop_Black_Logo-1.svg\",\"contentUrl\":\"https:\/\/nazarene.org\/wp-content\/uploads\/2024\/06\/Naz_Desktop_Black_Logo-1.svg\",\"width\":258,\"height\":36,\"caption\":\"Church of the Nazarene\"},\"image\":{\"@id\":\"https:\/\/nazarene.org\/pt-br\/#\/schema\/logo\/image\/\"},\"sameAs\":[\"https:\/\/www.facebook.com\/NazareneOfficial\/\",\"https:\/\/x.com\/Nazarene\",\"https:\/\/www.instagram.com\/nazareneofficial\/\"]}]}<\/script>\n<!-- \/ Yoast SEO Premium plugin. -->","yoast_head_json":{"title":"Mission\u00e1rios aposentados reconhecidos no 98\u00ba Conselho Geral - Church of the Nazarene","robots":{"index":"index","follow":"follow","max-snippet":"max-snippet:-1","max-image-preview":"max-image-preview:large","max-video-preview":"max-video-preview:-1"},"canonical":"https:\/\/nazarene.org\/pt-br\/news\/missionarios-aposentados-reconhecidos-no-98o-conselho-geral\/","og_locale":"pt_BR","og_type":"article","og_title":"Mission\u00e1rios aposentados reconhecidos no 98\u00ba Conselho Geral","og_description":"Igreja do Nazareno anunciou os seguintes mission\u00e1rios de aposentadoria durante uma reuni\u00e3o da 98\u00aa Sess\u00e3o do Conselho Geral 25-28 de fevereiro, que foi realizada virtualmente.","og_url":"https:\/\/nazarene.org\/pt-br\/news\/missionarios-aposentados-reconhecidos-no-98o-conselho-geral\/","og_site_name":"Church of the Nazarene","article_publisher":"https:\/\/www.facebook.com\/NazareneOfficial\/","article_modified_time":"2025-06-20T05:33:19+00:00","og_image":[{"width":1024,"height":546,"url":"https:\/\/nazarene.org\/wp-content\/uploads\/2025\/02\/NCN-Retiring-Graphic-1024x546.png","type":"image\/png"}],"twitter_card":"summary_large_image","twitter_site":"@Nazarene","schema":{"@context":"https:\/\/schema.org","@graph":[{"@type":"WebPage","@id":"https:\/\/nazarene.org\/pt-br\/news\/missionarios-aposentados-reconhecidos-no-98o-conselho-geral\/","url":"https:\/\/nazarene.org\/pt-br\/news\/missionarios-aposentados-reconhecidos-no-98o-conselho-geral\/","name":"Mission\u00e1rios aposentados reconhecidos no 98\u00ba Conselho Geral - Church of the Nazarene","isPartOf":{"@id":"https:\/\/nazarene.org\/pt-br\/#website"},"primaryImageOfPage":{"@id":"https:\/\/nazarene.org\/pt-br\/news\/missionarios-aposentados-reconhecidos-no-98o-conselho-geral\/#primaryimage"},"image":{"@id":"https:\/\/nazarene.org\/pt-br\/news\/missionarios-aposentados-reconhecidos-no-98o-conselho-geral\/#primaryimage"},"thumbnailUrl":"https:\/\/nazarene.org\/wp-content\/uploads\/2025\/02\/NCN-Retiring-Graphic.png","datePublished":"2022-03-02T06:00:00+00:00","dateModified":"2025-06-20T05:33:19+00:00","breadcrumb":{"@id":"https:\/\/nazarene.org\/pt-br\/news\/missionarios-aposentados-reconhecidos-no-98o-conselho-geral\/#breadcrumb"},"inLanguage":"pt-BR","potentialAction":[{"@type":"ReadAction","target":["https:\/\/nazarene.org\/pt-br\/news\/missionarios-aposentados-reconhecidos-no-98o-conselho-geral\/"]}]},{"@type":"ImageObject","inLanguage":"pt-BR","@id":"https:\/\/nazarene.org\/pt-br\/news\/missionarios-aposentados-reconhecidos-no-98o-conselho-geral\/#primaryimage","url":"https:\/\/nazarene.org\/wp-content\/uploads\/2025\/02\/NCN-Retiring-Graphic.png","contentUrl":"https:\/\/nazarene.org\/wp-content\/uploads\/2025\/02\/NCN-Retiring-Graphic.png","width":3125,"height":1667},{"@type":"BreadcrumbList","@id":"https:\/\/nazarene.org\/pt-br\/news\/missionarios-aposentados-reconhecidos-no-98o-conselho-geral\/#breadcrumb","itemListElement":[{"@type":"ListItem","position":1,"name":"Home","item":"https:\/\/nazarene.org\/pt-br\/"},{"@type":"ListItem","position":2,"name":"News","item":"https:\/\/nazarene.org\/pt-br\/news\/"},{"@type":"ListItem","position":3,"name":"Mission\u00e1rios aposentados reconhecidos no 98\u00ba Conselho Geral"}]},{"@type":"WebSite","@id":"https:\/\/nazarene.org\/pt-br\/#website","url":"https:\/\/nazarene.org\/pt-br\/","name":"Church of the Nazarene","description":"Making Christlike Disciples in the Nations","publisher":{"@id":"https:\/\/nazarene.org\/pt-br\/#organization"},"potentialAction":[{"@type":"SearchAction","target":{"@type":"EntryPoint","urlTemplate":"https:\/\/nazarene.org\/pt-br\/?s={search_term_string}"},"query-input":{"@type":"PropertyValueSpecification","valueRequired":true,"valueName":"search_term_string"}}],"inLanguage":"pt-BR"},{"@type":"Organization","@id":"https:\/\/nazarene.org\/pt-br\/#organization","name":"Church of the Nazarene","url":"https:\/\/nazarene.org\/pt-br\/","logo":{"@type":"ImageObject","inLanguage":"pt-BR","@id":"https:\/\/nazarene.org\/pt-br\/#\/schema\/logo\/image\/","url":"https:\/\/nazarene.org\/wp-content\/uploads\/2024\/06\/Naz_Desktop_Black_Logo-1.svg","contentUrl":"https:\/\/nazarene.org\/wp-content\/uploads\/2024\/06\/Naz_Desktop_Black_Logo-1.svg","width":258,"height":36,"caption":"Church of the Nazarene"},"image":{"@id":"https:\/\/nazarene.org\/pt-br\/#\/schema\/logo\/image\/"},"sameAs":["https:\/\/www.facebook.com\/NazareneOfficial\/","https:\/\/x.com\/Nazarene","https:\/\/www.instagram.com\/nazareneofficial\/"]}]}},"_links":{"self":[{"href":"https:\/\/nazarene.org\/pt-br\/wp-json\/wp\/v2\/news\/37269","targetHints":{"allow":["GET"]}}],"collection":[{"href":"https:\/\/nazarene.org\/pt-br\/wp-json\/wp\/v2\/news"}],"about":[{"href":"https:\/\/nazarene.org\/pt-br\/wp-json\/wp\/v2\/types\/news"}],"author":[{"embeddable":true,"href":"https:\/\/nazarene.org\/pt-br\/wp-json\/wp\/v2\/users\/1"}],"version-history":[{"count":0,"href":"https:\/\/nazarene.org\/pt-br\/wp-json\/wp\/v2\/news\/37269\/revisions"}],"wp:featuredmedia":[{"embeddable":true,"href":"https:\/\/nazarene.org\/pt-br\/wp-json\/wp\/v2\/media\/28197"}],"wp:attachment":[{"href":"https:\/\/nazarene.org\/pt-br\/wp-json\/wp\/v2\/media?parent=37269"}],"wp:term":[{"taxonomy":"news-categories","embeddable":true,"href":"https:\/\/nazarene.org\/pt-br\/wp-json\/wp\/v2\/news-categories?post=37269"},{"taxonomy":"news-region-taxonomy","embeddable":true,"href":"https:\/\/nazarene.org\/pt-br\/wp-json\/wp\/v2\/news-region-taxonomy?post=37269"},{"taxonomy":"news-tag","embeddable":true,"href":"https:\/\/nazarene.org\/pt-br\/wp-json\/wp\/v2\/news-tag?post=37269"}],"curies":[{"name":"wp","href":"https:\/\/api.w.org\/{rel}","templated":true}]}}