{"id":54475,"date":"2019-07-10T00:00:00","date_gmt":"2019-07-10T05:00:00","guid":{"rendered":"https:\/\/nazarene.org\/news\/le-college-apporte-levangile-a-la-prison-png\/"},"modified":"2019-07-10T00:00:00","modified_gmt":"2019-07-10T05:00:00","slug":"le-college-apporte-levangile-a-la-prison-png","status":"publish","type":"news","link":"https:\/\/nazarene.org\/fr\/news\/le-college-apporte-levangile-a-la-prison-png\/","title":{"rendered":"Le Coll\u00e8ge apporte l&rsquo;\u00c9vangile \u00e0 la prison PNG"},"content":{"rendered":"<p><img fetchpriority=\"high\" decoding=\"async\" alt=\"\" height=\"217\" src=\"https:\/\/nazarene.org\/wp-content\/uploads\/migrated_images\/NCN%20News\/Asia-Pacific\/PNG\/ncon-prisonministry.jpg\" style=\"float:left\" width=\"349\">&nbsp;Le <a href=\"http:\/\/nazpng.org\/college\/\" target=\"_blank\">Coll\u00e8ge nazar\u00e9en de soins infirmiers en Papouasie-Nouvelle-Guin\u00e9e<\/a>&nbsp; a effectu\u00e9 un voyage de mission en juin \u00e0 la prison de Barawaghi pour ministrer aux d\u00e9tenus.<\/p>\n<p>Ce voyage comprenait un temps de louange et d&rsquo;adoration, suivi d&rsquo;un sermon d&rsquo;Andrew Omote. Dix-huit d\u00e9tenus ont lev\u00e9 leurs mains en r\u00e9ponse \u00e0 une demande de pri\u00e8re. Des 18, huit \u00e9taient de nouveaux chr\u00e9tiens et re\u00e7oivent le disciple par les minist\u00e8res de prison.&nbsp;<\/p>\n<p>Omote a exprim\u00e9 un d\u00e9sir de r\u00e9pandre l&rsquo;\u00c9vangile \u00e0 des endroits en dehors de l&rsquo;\u00c9glise traditionnelle.<\/p>\n<p>Il est tr\u00e8s important de visiter la prison et de t\u00e9moigner des \u00e2mes dans le besoin \u00bb, a-t-il dit. Nous remercions le principal [Coll\u00e8ge nazar\u00e9en des soins infirmiers] et l&rsquo;administration pour leur financement et le transport qu&rsquo;ils ont fourni. C&rsquo;est un effort d&rsquo;\u00e9quipe. \u00ab\u00a0<img decoding=\"async\" alt=\"\" height=\"219\" src=\"https:\/\/nazarene.org\/wp-content\/uploads\/migrated_images\/NCN%20News\/Asia-Pacific\/PNG\/ncon-prisonministry1.jpg\" style=\"float:right\" width=\"352\"><\/p>\n<p>Depuis 1972, l&rsquo;\u00c9glise du Nazar\u00e9en a form\u00e9 des infirmi\u00e8res \u00e0 l&rsquo;H\u00f4pital nazar\u00e9en Kudjip en Papouasie-Nouvelle-Guin\u00e9e. Devenir connu sous le nom de Coll\u00e8ge nazar\u00e9en des soins infirmiers en 2002, la mission de NCON est de former les jeunes hommes et les femmes \u00e0 aider \u00e0 r\u00e9pondre aux besoins physiques, sociaux, \u00e9motionnels et spirituels des personnes qui viennent au coll\u00e8ge. Alors que NCON se concentre sur la formation des infirmi\u00e8res, elles voient leur appel \u00eatre plus holistique. Ils fournissent un programme de disciple international pour les \u00e9tudiants, ainsi que de nombreuses opportunit\u00e9s de minist\u00e8re. Le minist\u00e8re de la prison est une expression de cet appel au minist\u00e8re.<\/p>\n<p><a href=\"http:\/\/asiapacificnazarene.org\/nazarene-college-of-nursing-participates-in-prison-ministry\/\" target=\"_blank\">\u00c9glise de l&rsquo;Asie-Pacifique<\/a><\/p>\n","protected":false},"excerpt":{"rendered":"<p><img decoding=\"async\" alt=\"\" height=\"217\" src=\"\/sites\/default\/files\/migrated_images\/NCN%20News\/Asia-Pacific\/PNG\/ncon&lt;\/div&gt;\"><\/p>\n","protected":false},"author":1,"featured_media":0,"menu_order":0,"template":"","news-categories":[],"news-region-taxonomy":[],"news-tag":[928,1590],"class_list":["post-54475","news","type-news","status-publish","hentry","news-tag-asie-pacifique","news-tag-png-fr"],"yoast_head":"<!-- This site is optimized with the Yoast SEO Premium plugin v27.1 (Yoast SEO v27.1.1) - https:\/\/yoast.com\/product\/yoast-seo-premium-wordpress\/ -->\n<title>Le Coll\u00e8ge apporte l&#039;\u00c9vangile \u00e0 la prison PNG - Church of the Nazarene<\/title>\n<meta name=\"robots\" content=\"index, follow, max-snippet:-1, max-image-preview:large, max-video-preview:-1\" \/>\n<link rel=\"canonical\" href=\"https:\/\/nazarene.org\/fr\/news\/le-college-apporte-levangile-a-la-prison-png\/\" \/>\n<meta property=\"og:locale\" content=\"fr_FR\" \/>\n<meta property=\"og:type\" content=\"article\" \/>\n<meta property=\"og:title\" content=\"Le Coll\u00e8ge apporte l&#039;\u00c9vangile \u00e0 la prison PNG\" \/>\n<meta property=\"og:url\" content=\"https:\/\/nazarene.org\/fr\/news\/le-college-apporte-levangile-a-la-prison-png\/\" \/>\n<meta property=\"og:site_name\" content=\"Church of the Nazarene\" \/>\n<meta property=\"article:publisher\" content=\"https:\/\/www.facebook.com\/NazareneOfficial\/\" \/>\n<meta property=\"og:image\" content=\"https:\/\/nazarene.org\/wp-content\/uploads\/migrated_images\/NCN%20News\/Asia-Pacific\/PNG\/ncon-prisonministry.jpg\" \/>\n<meta name=\"twitter:card\" content=\"summary_large_image\" \/>\n<meta name=\"twitter:site\" content=\"@Nazarene\" \/>\n<script type=\"application\/ld+json\" class=\"yoast-schema-graph\">{\"@context\":\"https:\/\/schema.org\",\"@graph\":[{\"@type\":\"WebPage\",\"@id\":\"https:\/\/nazarene.org\/fr\/news\/le-college-apporte-levangile-a-la-prison-png\/\",\"url\":\"https:\/\/nazarene.org\/fr\/news\/le-college-apporte-levangile-a-la-prison-png\/\",\"name\":\"Le Coll\u00e8ge apporte l'\u00c9vangile \u00e0 la prison PNG - Church of the Nazarene\",\"isPartOf\":{\"@id\":\"https:\/\/nazarene.org\/fr\/#website\"},\"primaryImageOfPage\":{\"@id\":\"https:\/\/nazarene.org\/fr\/news\/le-college-apporte-levangile-a-la-prison-png\/#primaryimage\"},\"image\":{\"@id\":\"https:\/\/nazarene.org\/fr\/news\/le-college-apporte-levangile-a-la-prison-png\/#primaryimage\"},\"thumbnailUrl\":\"https:\/\/nazarene.org\/wp-content\/uploads\/migrated_images\/NCN%20News\/Asia-Pacific\/PNG\/ncon-prisonministry.jpg\",\"datePublished\":\"2019-07-10T05:00:00+00:00\",\"breadcrumb\":{\"@id\":\"https:\/\/nazarene.org\/fr\/news\/le-college-apporte-levangile-a-la-prison-png\/#breadcrumb\"},\"inLanguage\":\"fr-FR\",\"potentialAction\":[{\"@type\":\"ReadAction\",\"target\":[\"https:\/\/nazarene.org\/fr\/news\/le-college-apporte-levangile-a-la-prison-png\/\"]}]},{\"@type\":\"ImageObject\",\"inLanguage\":\"fr-FR\",\"@id\":\"https:\/\/nazarene.org\/fr\/news\/le-college-apporte-levangile-a-la-prison-png\/#primaryimage\",\"url\":\"https:\/\/nazarene.org\/wp-content\/uploads\/migrated_images\/NCN%20News\/Asia-Pacific\/PNG\/ncon-prisonministry.jpg\",\"contentUrl\":\"https:\/\/nazarene.org\/wp-content\/uploads\/migrated_images\/NCN%20News\/Asia-Pacific\/PNG\/ncon-prisonministry.jpg\"},{\"@type\":\"BreadcrumbList\",\"@id\":\"https:\/\/nazarene.org\/fr\/news\/le-college-apporte-levangile-a-la-prison-png\/#breadcrumb\",\"itemListElement\":[{\"@type\":\"ListItem\",\"position\":1,\"name\":\"Home\",\"item\":\"https:\/\/nazarene.org\/fr\/\"},{\"@type\":\"ListItem\",\"position\":2,\"name\":\"News\",\"item\":\"https:\/\/nazarene.org\/fr\/news\/\"},{\"@type\":\"ListItem\",\"position\":3,\"name\":\"Le Coll\u00e8ge apporte l&#8217;\u00c9vangile \u00e0 la prison PNG\"}]},{\"@type\":\"WebSite\",\"@id\":\"https:\/\/nazarene.org\/fr\/#website\",\"url\":\"https:\/\/nazarene.org\/fr\/\",\"name\":\"Church of the Nazarene\",\"description\":\"Making Christlike Disciples in the Nations\",\"publisher\":{\"@id\":\"https:\/\/nazarene.org\/fr\/#organization\"},\"potentialAction\":[{\"@type\":\"SearchAction\",\"target\":{\"@type\":\"EntryPoint\",\"urlTemplate\":\"https:\/\/nazarene.org\/fr\/?s={search_term_string}\"},\"query-input\":{\"@type\":\"PropertyValueSpecification\",\"valueRequired\":true,\"valueName\":\"search_term_string\"}}],\"inLanguage\":\"fr-FR\"},{\"@type\":\"Organization\",\"@id\":\"https:\/\/nazarene.org\/fr\/#organization\",\"name\":\"Church of the Nazarene\",\"url\":\"https:\/\/nazarene.org\/fr\/\",\"logo\":{\"@type\":\"ImageObject\",\"inLanguage\":\"fr-FR\",\"@id\":\"https:\/\/nazarene.org\/fr\/#\/schema\/logo\/image\/\",\"url\":\"https:\/\/nazarene.org\/wp-content\/uploads\/2024\/06\/Naz_Desktop_Black_Logo-1.svg\",\"contentUrl\":\"https:\/\/nazarene.org\/wp-content\/uploads\/2024\/06\/Naz_Desktop_Black_Logo-1.svg\",\"width\":258,\"height\":36,\"caption\":\"Church of the Nazarene\"},\"image\":{\"@id\":\"https:\/\/nazarene.org\/fr\/#\/schema\/logo\/image\/\"},\"sameAs\":[\"https:\/\/www.facebook.com\/NazareneOfficial\/\",\"https:\/\/x.com\/Nazarene\",\"https:\/\/www.instagram.com\/nazareneofficial\/\"]}]}<\/script>\n<!-- \/ Yoast SEO Premium plugin. -->","yoast_head_json":{"title":"Le Coll\u00e8ge apporte l'\u00c9vangile \u00e0 la prison PNG - Church of the Nazarene","robots":{"index":"index","follow":"follow","max-snippet":"max-snippet:-1","max-image-preview":"max-image-preview:large","max-video-preview":"max-video-preview:-1"},"canonical":"https:\/\/nazarene.org\/fr\/news\/le-college-apporte-levangile-a-la-prison-png\/","og_locale":"fr_FR","og_type":"article","og_title":"Le Coll\u00e8ge apporte l'\u00c9vangile \u00e0 la prison PNG","og_url":"https:\/\/nazarene.org\/fr\/news\/le-college-apporte-levangile-a-la-prison-png\/","og_site_name":"Church of the Nazarene","article_publisher":"https:\/\/www.facebook.com\/NazareneOfficial\/","og_image":[{"url":"https:\/\/nazarene.org\/wp-content\/uploads\/migrated_images\/NCN%20News\/Asia-Pacific\/PNG\/ncon-prisonministry.jpg","type":"","width":"","height":""}],"twitter_card":"summary_large_image","twitter_site":"@Nazarene","schema":{"@context":"https:\/\/schema.org","@graph":[{"@type":"WebPage","@id":"https:\/\/nazarene.org\/fr\/news\/le-college-apporte-levangile-a-la-prison-png\/","url":"https:\/\/nazarene.org\/fr\/news\/le-college-apporte-levangile-a-la-prison-png\/","name":"Le Coll\u00e8ge apporte l'\u00c9vangile \u00e0 la prison PNG - Church of the Nazarene","isPartOf":{"@id":"https:\/\/nazarene.org\/fr\/#website"},"primaryImageOfPage":{"@id":"https:\/\/nazarene.org\/fr\/news\/le-college-apporte-levangile-a-la-prison-png\/#primaryimage"},"image":{"@id":"https:\/\/nazarene.org\/fr\/news\/le-college-apporte-levangile-a-la-prison-png\/#primaryimage"},"thumbnailUrl":"https:\/\/nazarene.org\/wp-content\/uploads\/migrated_images\/NCN%20News\/Asia-Pacific\/PNG\/ncon-prisonministry.jpg","datePublished":"2019-07-10T05:00:00+00:00","breadcrumb":{"@id":"https:\/\/nazarene.org\/fr\/news\/le-college-apporte-levangile-a-la-prison-png\/#breadcrumb"},"inLanguage":"fr-FR","potentialAction":[{"@type":"ReadAction","target":["https:\/\/nazarene.org\/fr\/news\/le-college-apporte-levangile-a-la-prison-png\/"]}]},{"@type":"ImageObject","inLanguage":"fr-FR","@id":"https:\/\/nazarene.org\/fr\/news\/le-college-apporte-levangile-a-la-prison-png\/#primaryimage","url":"https:\/\/nazarene.org\/wp-content\/uploads\/migrated_images\/NCN%20News\/Asia-Pacific\/PNG\/ncon-prisonministry.jpg","contentUrl":"https:\/\/nazarene.org\/wp-content\/uploads\/migrated_images\/NCN%20News\/Asia-Pacific\/PNG\/ncon-prisonministry.jpg"},{"@type":"BreadcrumbList","@id":"https:\/\/nazarene.org\/fr\/news\/le-college-apporte-levangile-a-la-prison-png\/#breadcrumb","itemListElement":[{"@type":"ListItem","position":1,"name":"Home","item":"https:\/\/nazarene.org\/fr\/"},{"@type":"ListItem","position":2,"name":"News","item":"https:\/\/nazarene.org\/fr\/news\/"},{"@type":"ListItem","position":3,"name":"Le Coll\u00e8ge apporte l&#8217;\u00c9vangile \u00e0 la prison PNG"}]},{"@type":"WebSite","@id":"https:\/\/nazarene.org\/fr\/#website","url":"https:\/\/nazarene.org\/fr\/","name":"Church of the Nazarene","description":"Making Christlike Disciples in the Nations","publisher":{"@id":"https:\/\/nazarene.org\/fr\/#organization"},"potentialAction":[{"@type":"SearchAction","target":{"@type":"EntryPoint","urlTemplate":"https:\/\/nazarene.org\/fr\/?s={search_term_string}"},"query-input":{"@type":"PropertyValueSpecification","valueRequired":true,"valueName":"search_term_string"}}],"inLanguage":"fr-FR"},{"@type":"Organization","@id":"https:\/\/nazarene.org\/fr\/#organization","name":"Church of the Nazarene","url":"https:\/\/nazarene.org\/fr\/","logo":{"@type":"ImageObject","inLanguage":"fr-FR","@id":"https:\/\/nazarene.org\/fr\/#\/schema\/logo\/image\/","url":"https:\/\/nazarene.org\/wp-content\/uploads\/2024\/06\/Naz_Desktop_Black_Logo-1.svg","contentUrl":"https:\/\/nazarene.org\/wp-content\/uploads\/2024\/06\/Naz_Desktop_Black_Logo-1.svg","width":258,"height":36,"caption":"Church of the Nazarene"},"image":{"@id":"https:\/\/nazarene.org\/fr\/#\/schema\/logo\/image\/"},"sameAs":["https:\/\/www.facebook.com\/NazareneOfficial\/","https:\/\/x.com\/Nazarene","https:\/\/www.instagram.com\/nazareneofficial\/"]}]}},"_links":{"self":[{"href":"https:\/\/nazarene.org\/fr\/wp-json\/wp\/v2\/news\/54475","targetHints":{"allow":["GET"]}}],"collection":[{"href":"https:\/\/nazarene.org\/fr\/wp-json\/wp\/v2\/news"}],"about":[{"href":"https:\/\/nazarene.org\/fr\/wp-json\/wp\/v2\/types\/news"}],"author":[{"embeddable":true,"href":"https:\/\/nazarene.org\/fr\/wp-json\/wp\/v2\/users\/1"}],"version-history":[{"count":0,"href":"https:\/\/nazarene.org\/fr\/wp-json\/wp\/v2\/news\/54475\/revisions"}],"wp:attachment":[{"href":"https:\/\/nazarene.org\/fr\/wp-json\/wp\/v2\/media?parent=54475"}],"wp:term":[{"taxonomy":"news-categories","embeddable":true,"href":"https:\/\/nazarene.org\/fr\/wp-json\/wp\/v2\/news-categories?post=54475"},{"taxonomy":"news-region-taxonomy","embeddable":true,"href":"https:\/\/nazarene.org\/fr\/wp-json\/wp\/v2\/news-region-taxonomy?post=54475"},{"taxonomy":"news-tag","embeddable":true,"href":"https:\/\/nazarene.org\/fr\/wp-json\/wp\/v2\/news-tag?post=54475"}],"curies":[{"name":"wp","href":"https:\/\/api.w.org\/{rel}","templated":true}]}}