{"id":54144,"date":"2019-07-10T00:00:00","date_gmt":"2019-07-10T05:00:00","guid":{"rendered":"https:\/\/nazarene.org\/news\/plnu-consacre-une-nouvelle-chapelle-de-priere\/"},"modified":"2019-07-10T00:00:00","modified_gmt":"2019-07-10T05:00:00","slug":"plnu-consacre-une-nouvelle-chapelle-de-priere","status":"publish","type":"news","link":"https:\/\/nazarene.org\/fr\/news\/plnu-consacre-une-nouvelle-chapelle-de-priere\/","title":{"rendered":"PLNU consacre une nouvelle chapelle de pri\u00e8re"},"content":{"rendered":"<p><img fetchpriority=\"high\" decoding=\"async\" alt=\"\" height=\"400\" src=\"https:\/\/nazarene.org\/wp-content\/uploads\/migrated_images\/NCN%20News\/Collegiate\/Point%20Loma\/Prescott%20Exterior.jpg\" width=\"750\"><\/p>\n<p>&nbsp;<a href=\"https:\/\/www.pointloma.edu\/\" target=\"_blank\">Universit\u00e9 Point&nbsp;Loma nazar\u00e9enne<\/a> a consacr\u00e9 la nouvelle chapelle de pri\u00e8re Lyle et Grace Prescott le 1 mai. La chapelle est une nouvelle it\u00e9ration d&rsquo;&nbsp;astructure qui se tient en tant que symbole de valeurs universitaires et le r\u00f4le important que joue la pri\u00e8re dans le cadre acad\u00e9mique de PLNU.<\/p>\n<p>Des actes cr\u00e9atifs \u00e0 la beaut\u00e9 constructive &#8230; cela est vraiment une sculpture \u00bb, a d\u00e9clar\u00e9 Bob Brower, pr\u00e9sident PLNU. Ce jour, nous c\u00e9l\u00e9brons la fid\u00e9lit\u00e9 de Dieu. Des moments o\u00f9 il a commenc\u00e9 \u00e0 travailler dans la vie de ceux qui ont pri\u00e9 que nous pourrions &nbsp;exister maintenant tous de nous qui prient sur le pr\u00e9sent et l&rsquo;avenir et tout ce que Dieu fera. \u00ab\u00a0<img decoding=\"async\" alt=\"\" height=\"225\" src=\"https:\/\/nazarene.org\/wp-content\/uploads\/migrated_images\/NCN%20News\/Collegiate\/Point%20Loma\/Prescott%20Dedication%20Interior.jpg\" style=\"float:right\" width=\"225\"><\/p>\n<p>Envisag\u00e9 par les \u00e9tudiants du Coll\u00e8ge Pasadena&nbsp;Ron Benefiel, Gene Schandorff, Dan Royer et Steve Reese, la chapelle de pri\u00e8re Prescott originale a \u00e9t\u00e9 d\u00e9di\u00e9e en 1972 en l&rsquo;honneur des &nbsp;anciens Lyle et Grace Prescott. En tant que missionnaires dans l&rsquo;\u00c9glise du Nazar\u00e9en, Lyle et Grace ont consacr\u00e9 leur vie au service \u00e0 Dieu et aux autres. En outre, ils croyaient profond\u00e9ment au pouvoir de la pri\u00e8re dans leur vie et leur travail. Leur fils, Bob Prescott et plus de 50 membres de la famille Prescott ont rejoint pr\u00e8s de 400 invit\u00e9s \u00e0 la c\u00e9l\u00e9bration de d\u00e9dicace. &nbsp;<\/p>\n<p>Lorsque l&rsquo;universit\u00e9 a relocalis\u00e9 aux falaises de Point Loma en 1973, la chapelle de pri\u00e8re Prescott \u00e9tait le seul b\u00e2timent a d\u00e9m\u00e9nag\u00e9 de Pasadena \u00e0 San Diego. L&rsquo;environnement c\u00f4tier et l&rsquo;infestation de termites n\u00e9cessitaient une nouvelle structure et les plans pour la nouvelle chapelle ont commenc\u00e9 en 2015.<\/p>\n<p>C&rsquo;\u00e9tait le d\u00e9sir de la famille Prescott, du leadership PLNU, des \u00e9tudiants et Carrier Johnson d&rsquo;inspirer, &nbsp;en interne et en externe, une connexion de pri\u00e8re avec la Sainte Trinit\u00e9 &#8211; le P\u00e8re, le Fils et le Saint-Esprit.<\/p>\n<p>La conception de chapelle de pri\u00e8re pour PLNU a \u00e9volu\u00e9 de deux inspirations : son cadre naturel s\u00e9r\u00e9ment et l&rsquo;signification spirituelle de l&rsquo;ambiance de pri\u00e8re \u00bb, a d\u00e9clar\u00e9 l&rsquo;architecte Gordon Carrier de Carrier Johnson + CULTURE. Bien que petit en empreinte, l&rsquo;espace offre une exp\u00e9rience proportionnelle au pouvoir de la pri\u00e8re. \u00ab\u00a0<\/p>\n<p>La chapelle en b\u00e9ton vers\u00e9e dans l&rsquo;endroit est remplie de lumi\u00e8re naturelle et abrite trois niches de pri\u00e8re personnelles, chacune s\u00e9par\u00e9e avec des d\u00e9flecteurs en bois offrant de la confidentialit\u00e9 tout en se concentrant sur une croix de 12 pieds de haut plac\u00e9e dans l&rsquo;espace m\u00e9dian. Le pouvoir de trois est \u00e9galement \u00e9voqu\u00e9 dans l&rsquo;ext\u00e9rieur de la structure. Entour\u00e9 d&rsquo;un jardin de pri\u00e8re, compos\u00e9 de trois niches de pri\u00e8re individuelles d\u00e9finies par des haies soigneusement sculpt\u00e9es, chaque niche est en outre am\u00e9lior\u00e9e par des panneaux de verre teint\u00e9 libres, traduisant la lumi\u00e8re du soleil en couleur, qui ont toutes \u00e9t\u00e9 r\u00e9cup\u00e9r\u00e9es de la chapelle originale.<\/p>\n<p>La conception, la construction &nbsp;et l&rsquo;ach\u00e8vement de la chapelle Prescott Prayer ont \u00e9t\u00e9 rendus possibles par &nbsp;la g\u00e9n\u00e9rosit\u00e9 &nbsp;des donateurs, le travail cr\u00e9atif de Gordon Carrier et de l&rsquo;\u00e9quipe architecturale Carrier Johnson, ainsi que les efforts de nombreuses entreprises d&rsquo;ing\u00e9nierie et artisans.<\/p>\n<p>Selon le pr\u00e9sident Brower, la d\u00e9dicace de la chapelle de pri\u00e8re Lyle et Grace Prescott se tient en \u00ab un t\u00e9moignage \u00e0 la fid\u00e9lit\u00e9 de Dieu, \u00e0 sa pr\u00e9sence parmi nous et son appel \u00e0 chacun de nous \u00e0 devenir les personnes qu&rsquo;il nous appelle \u00e0 \u00eatre \u00bb.<\/p>\n<p><a href=\"https:\/\/www.pointloma.edu\/\" target=\"_blank\">Universit\u00e9 nazar\u00e9enne de Point Loma<\/a><\/p>\n","protected":false},"excerpt":{"rendered":"<p><img decoding=\"async\" alt=\"\" height=\"400\" src=\"\/sites\/default\/files\/migrated_images\/NCN%20News\/Collegiate\/Point%20Loma&lt;\/div&gt;\"><\/p>\n","protected":false},"author":1,"featured_media":0,"menu_order":0,"template":"","news-categories":[],"news-region-taxonomy":[],"news-tag":[883,758,1893],"class_list":["post-54144","news","type-news","status-publish","hentry","news-tag-collegial","news-tag-etats-unis-canada","news-tag-plnu-fr"],"yoast_head":"<!-- This site is optimized with the Yoast SEO Premium plugin v27.1 (Yoast SEO v27.1.1) - https:\/\/yoast.com\/product\/yoast-seo-premium-wordpress\/ -->\n<title>PLNU consacre une nouvelle chapelle de pri\u00e8re - Church of the Nazarene<\/title>\n<meta name=\"robots\" content=\"index, follow, max-snippet:-1, max-image-preview:large, max-video-preview:-1\" \/>\n<link rel=\"canonical\" href=\"https:\/\/nazarene.org\/fr\/news\/plnu-consacre-une-nouvelle-chapelle-de-priere\/\" \/>\n<meta property=\"og:locale\" content=\"fr_FR\" \/>\n<meta property=\"og:type\" content=\"article\" \/>\n<meta property=\"og:title\" content=\"PLNU consacre une nouvelle chapelle de pri\u00e8re\" \/>\n<meta property=\"og:url\" content=\"https:\/\/nazarene.org\/fr\/news\/plnu-consacre-une-nouvelle-chapelle-de-priere\/\" \/>\n<meta property=\"og:site_name\" content=\"Church of the Nazarene\" \/>\n<meta property=\"article:publisher\" content=\"https:\/\/www.facebook.com\/NazareneOfficial\/\" \/>\n<meta property=\"og:image\" content=\"https:\/\/nazarene.org\/wp-content\/uploads\/migrated_images\/NCN%20News\/Collegiate\/Point%20Loma\/Prescott%20Exterior.jpg\" \/>\n<meta name=\"twitter:card\" content=\"summary_large_image\" \/>\n<meta name=\"twitter:site\" content=\"@Nazarene\" \/>\n<script type=\"application\/ld+json\" class=\"yoast-schema-graph\">{\"@context\":\"https:\/\/schema.org\",\"@graph\":[{\"@type\":\"WebPage\",\"@id\":\"https:\/\/nazarene.org\/fr\/news\/plnu-consacre-une-nouvelle-chapelle-de-priere\/\",\"url\":\"https:\/\/nazarene.org\/fr\/news\/plnu-consacre-une-nouvelle-chapelle-de-priere\/\",\"name\":\"PLNU consacre une nouvelle chapelle de pri\u00e8re - Church of the Nazarene\",\"isPartOf\":{\"@id\":\"https:\/\/nazarene.org\/fr\/#website\"},\"primaryImageOfPage\":{\"@id\":\"https:\/\/nazarene.org\/fr\/news\/plnu-consacre-une-nouvelle-chapelle-de-priere\/#primaryimage\"},\"image\":{\"@id\":\"https:\/\/nazarene.org\/fr\/news\/plnu-consacre-une-nouvelle-chapelle-de-priere\/#primaryimage\"},\"thumbnailUrl\":\"https:\/\/nazarene.org\/wp-content\/uploads\/migrated_images\/NCN%20News\/Collegiate\/Point%20Loma\/Prescott%20Exterior.jpg\",\"datePublished\":\"2019-07-10T05:00:00+00:00\",\"breadcrumb\":{\"@id\":\"https:\/\/nazarene.org\/fr\/news\/plnu-consacre-une-nouvelle-chapelle-de-priere\/#breadcrumb\"},\"inLanguage\":\"fr-FR\",\"potentialAction\":[{\"@type\":\"ReadAction\",\"target\":[\"https:\/\/nazarene.org\/fr\/news\/plnu-consacre-une-nouvelle-chapelle-de-priere\/\"]}]},{\"@type\":\"ImageObject\",\"inLanguage\":\"fr-FR\",\"@id\":\"https:\/\/nazarene.org\/fr\/news\/plnu-consacre-une-nouvelle-chapelle-de-priere\/#primaryimage\",\"url\":\"https:\/\/nazarene.org\/wp-content\/uploads\/migrated_images\/NCN%20News\/Collegiate\/Point%20Loma\/Prescott%20Exterior.jpg\",\"contentUrl\":\"https:\/\/nazarene.org\/wp-content\/uploads\/migrated_images\/NCN%20News\/Collegiate\/Point%20Loma\/Prescott%20Exterior.jpg\"},{\"@type\":\"BreadcrumbList\",\"@id\":\"https:\/\/nazarene.org\/fr\/news\/plnu-consacre-une-nouvelle-chapelle-de-priere\/#breadcrumb\",\"itemListElement\":[{\"@type\":\"ListItem\",\"position\":1,\"name\":\"Home\",\"item\":\"https:\/\/nazarene.org\/fr\/\"},{\"@type\":\"ListItem\",\"position\":2,\"name\":\"News\",\"item\":\"https:\/\/nazarene.org\/fr\/news\/\"},{\"@type\":\"ListItem\",\"position\":3,\"name\":\"PLNU consacre une nouvelle chapelle de pri\u00e8re\"}]},{\"@type\":\"WebSite\",\"@id\":\"https:\/\/nazarene.org\/fr\/#website\",\"url\":\"https:\/\/nazarene.org\/fr\/\",\"name\":\"Church of the Nazarene\",\"description\":\"Making Christlike Disciples in the Nations\",\"publisher\":{\"@id\":\"https:\/\/nazarene.org\/fr\/#organization\"},\"potentialAction\":[{\"@type\":\"SearchAction\",\"target\":{\"@type\":\"EntryPoint\",\"urlTemplate\":\"https:\/\/nazarene.org\/fr\/?s={search_term_string}\"},\"query-input\":{\"@type\":\"PropertyValueSpecification\",\"valueRequired\":true,\"valueName\":\"search_term_string\"}}],\"inLanguage\":\"fr-FR\"},{\"@type\":\"Organization\",\"@id\":\"https:\/\/nazarene.org\/fr\/#organization\",\"name\":\"Church of the Nazarene\",\"url\":\"https:\/\/nazarene.org\/fr\/\",\"logo\":{\"@type\":\"ImageObject\",\"inLanguage\":\"fr-FR\",\"@id\":\"https:\/\/nazarene.org\/fr\/#\/schema\/logo\/image\/\",\"url\":\"https:\/\/nazarene.org\/wp-content\/uploads\/2024\/06\/Naz_Desktop_Black_Logo-1.svg\",\"contentUrl\":\"https:\/\/nazarene.org\/wp-content\/uploads\/2024\/06\/Naz_Desktop_Black_Logo-1.svg\",\"width\":258,\"height\":36,\"caption\":\"Church of the Nazarene\"},\"image\":{\"@id\":\"https:\/\/nazarene.org\/fr\/#\/schema\/logo\/image\/\"},\"sameAs\":[\"https:\/\/www.facebook.com\/NazareneOfficial\/\",\"https:\/\/x.com\/Nazarene\",\"https:\/\/www.instagram.com\/nazareneofficial\/\"]}]}<\/script>\n<!-- \/ Yoast SEO Premium plugin. -->","yoast_head_json":{"title":"PLNU consacre une nouvelle chapelle de pri\u00e8re - Church of the Nazarene","robots":{"index":"index","follow":"follow","max-snippet":"max-snippet:-1","max-image-preview":"max-image-preview:large","max-video-preview":"max-video-preview:-1"},"canonical":"https:\/\/nazarene.org\/fr\/news\/plnu-consacre-une-nouvelle-chapelle-de-priere\/","og_locale":"fr_FR","og_type":"article","og_title":"PLNU consacre une nouvelle chapelle de pri\u00e8re","og_url":"https:\/\/nazarene.org\/fr\/news\/plnu-consacre-une-nouvelle-chapelle-de-priere\/","og_site_name":"Church of the Nazarene","article_publisher":"https:\/\/www.facebook.com\/NazareneOfficial\/","og_image":[{"url":"https:\/\/nazarene.org\/wp-content\/uploads\/migrated_images\/NCN%20News\/Collegiate\/Point%20Loma\/Prescott%20Exterior.jpg","type":"","width":"","height":""}],"twitter_card":"summary_large_image","twitter_site":"@Nazarene","schema":{"@context":"https:\/\/schema.org","@graph":[{"@type":"WebPage","@id":"https:\/\/nazarene.org\/fr\/news\/plnu-consacre-une-nouvelle-chapelle-de-priere\/","url":"https:\/\/nazarene.org\/fr\/news\/plnu-consacre-une-nouvelle-chapelle-de-priere\/","name":"PLNU consacre une nouvelle chapelle de pri\u00e8re - Church of the Nazarene","isPartOf":{"@id":"https:\/\/nazarene.org\/fr\/#website"},"primaryImageOfPage":{"@id":"https:\/\/nazarene.org\/fr\/news\/plnu-consacre-une-nouvelle-chapelle-de-priere\/#primaryimage"},"image":{"@id":"https:\/\/nazarene.org\/fr\/news\/plnu-consacre-une-nouvelle-chapelle-de-priere\/#primaryimage"},"thumbnailUrl":"https:\/\/nazarene.org\/wp-content\/uploads\/migrated_images\/NCN%20News\/Collegiate\/Point%20Loma\/Prescott%20Exterior.jpg","datePublished":"2019-07-10T05:00:00+00:00","breadcrumb":{"@id":"https:\/\/nazarene.org\/fr\/news\/plnu-consacre-une-nouvelle-chapelle-de-priere\/#breadcrumb"},"inLanguage":"fr-FR","potentialAction":[{"@type":"ReadAction","target":["https:\/\/nazarene.org\/fr\/news\/plnu-consacre-une-nouvelle-chapelle-de-priere\/"]}]},{"@type":"ImageObject","inLanguage":"fr-FR","@id":"https:\/\/nazarene.org\/fr\/news\/plnu-consacre-une-nouvelle-chapelle-de-priere\/#primaryimage","url":"https:\/\/nazarene.org\/wp-content\/uploads\/migrated_images\/NCN%20News\/Collegiate\/Point%20Loma\/Prescott%20Exterior.jpg","contentUrl":"https:\/\/nazarene.org\/wp-content\/uploads\/migrated_images\/NCN%20News\/Collegiate\/Point%20Loma\/Prescott%20Exterior.jpg"},{"@type":"BreadcrumbList","@id":"https:\/\/nazarene.org\/fr\/news\/plnu-consacre-une-nouvelle-chapelle-de-priere\/#breadcrumb","itemListElement":[{"@type":"ListItem","position":1,"name":"Home","item":"https:\/\/nazarene.org\/fr\/"},{"@type":"ListItem","position":2,"name":"News","item":"https:\/\/nazarene.org\/fr\/news\/"},{"@type":"ListItem","position":3,"name":"PLNU consacre une nouvelle chapelle de pri\u00e8re"}]},{"@type":"WebSite","@id":"https:\/\/nazarene.org\/fr\/#website","url":"https:\/\/nazarene.org\/fr\/","name":"Church of the Nazarene","description":"Making Christlike Disciples in the Nations","publisher":{"@id":"https:\/\/nazarene.org\/fr\/#organization"},"potentialAction":[{"@type":"SearchAction","target":{"@type":"EntryPoint","urlTemplate":"https:\/\/nazarene.org\/fr\/?s={search_term_string}"},"query-input":{"@type":"PropertyValueSpecification","valueRequired":true,"valueName":"search_term_string"}}],"inLanguage":"fr-FR"},{"@type":"Organization","@id":"https:\/\/nazarene.org\/fr\/#organization","name":"Church of the Nazarene","url":"https:\/\/nazarene.org\/fr\/","logo":{"@type":"ImageObject","inLanguage":"fr-FR","@id":"https:\/\/nazarene.org\/fr\/#\/schema\/logo\/image\/","url":"https:\/\/nazarene.org\/wp-content\/uploads\/2024\/06\/Naz_Desktop_Black_Logo-1.svg","contentUrl":"https:\/\/nazarene.org\/wp-content\/uploads\/2024\/06\/Naz_Desktop_Black_Logo-1.svg","width":258,"height":36,"caption":"Church of the Nazarene"},"image":{"@id":"https:\/\/nazarene.org\/fr\/#\/schema\/logo\/image\/"},"sameAs":["https:\/\/www.facebook.com\/NazareneOfficial\/","https:\/\/x.com\/Nazarene","https:\/\/www.instagram.com\/nazareneofficial\/"]}]}},"_links":{"self":[{"href":"https:\/\/nazarene.org\/fr\/wp-json\/wp\/v2\/news\/54144","targetHints":{"allow":["GET"]}}],"collection":[{"href":"https:\/\/nazarene.org\/fr\/wp-json\/wp\/v2\/news"}],"about":[{"href":"https:\/\/nazarene.org\/fr\/wp-json\/wp\/v2\/types\/news"}],"author":[{"embeddable":true,"href":"https:\/\/nazarene.org\/fr\/wp-json\/wp\/v2\/users\/1"}],"version-history":[{"count":0,"href":"https:\/\/nazarene.org\/fr\/wp-json\/wp\/v2\/news\/54144\/revisions"}],"wp:attachment":[{"href":"https:\/\/nazarene.org\/fr\/wp-json\/wp\/v2\/media?parent=54144"}],"wp:term":[{"taxonomy":"news-categories","embeddable":true,"href":"https:\/\/nazarene.org\/fr\/wp-json\/wp\/v2\/news-categories?post=54144"},{"taxonomy":"news-region-taxonomy","embeddable":true,"href":"https:\/\/nazarene.org\/fr\/wp-json\/wp\/v2\/news-region-taxonomy?post=54144"},{"taxonomy":"news-tag","embeddable":true,"href":"https:\/\/nazarene.org\/fr\/wp-json\/wp\/v2\/news-tag?post=54144"}],"curies":[{"name":"wp","href":"https:\/\/api.w.org\/{rel}","templated":true}]}}