{"id":53605,"date":"2019-07-10T00:00:00","date_gmt":"2019-07-10T05:00:00","guid":{"rendered":"https:\/\/nazarene.org\/news\/secours-pour-les-refugies-rohingya-au-bangladesh\/"},"modified":"2019-07-10T00:00:00","modified_gmt":"2019-07-10T05:00:00","slug":"secours-pour-les-refugies-rohingya-au-bangladesh","status":"publish","type":"news","link":"https:\/\/nazarene.org\/fr\/news\/secours-pour-les-refugies-rohingya-au-bangladesh\/","title":{"rendered":"Secours pour les r\u00e9fugi\u00e9s Rohingya au Bangladesh"},"content":{"rendered":"<p style=\"text-align:center\"><img fetchpriority=\"high\" decoding=\"async\" alt=\"\" height=\"400\" src=\"https:\/\/nazarene.org\/wp-content\/uploads\/migrated_images\/NCN%20News\/Eurasia\/Bangladesh\/Rohingya%20receive%20aid%202.jpg\" width=\"750\"><\/p>\n<p>Asie *, une femme Rohingya de 60 ans qui a fui la violence contre son peuple au Myanmar, ne pouvait pas dormir la nuit dans le camp de r\u00e9fugi\u00e9s au Bangladesh parce qu&rsquo;elle \u00e9tait si froide.<\/p>\n<p>Le 8 d\u00e9cembre, les Nazar\u00e9ens du Bangladesh repr\u00e9sentant les <a href=\"http:\/\/www.ncm.org\" target=\"_blank\">minist\u00e8res nazar\u00e9ens de compassion<\/a> ont voyag\u00e9 dans un camp de r\u00e9fugi\u00e9s Rohingya dans un endroit connu sous le nom de Bazar de Cox, que les Nations Unies ont rapport\u00e9 est maintenant la maison de la population de r\u00e9fugi\u00e9s la plus dense au monde. Dans cette partie du Bangladesh, l&rsquo;\u00c9glise du Nazar\u00e9en n&rsquo;a pas encore une pr\u00e9sence.<\/p>\n<p>Les Nazar\u00e9ens ont re\u00e7u des informations sp\u00e9cifiques sur les besoins des r\u00e9fugi\u00e9s des organisations internationales qui avaient d\u00e9j\u00e0 effectu\u00e9 des \u00e9valuations. Avec la permission des autorit\u00e9s locales, ils ont ensuite distribu\u00e9 des articles alimentaires non p\u00e9rissables. Ils ont \u00e9galement fourni des packages qui contenaient deux filets de moustique, deux couvertures et un tapis de sommeil.<\/p>\n<p>Aujourd&rsquo;hui, j&rsquo;ai deux couvertures et certaines autres choses \u00bb, a d\u00e9clar\u00e9 Asie. Il enl\u00e8vera le froid et je pourrais dormir la nuit correctement. \u00ab\u00a0<\/p>\n<p>L&rsquo;Asie a fui le Myanmar avec quatre fils et deux filles. Elle a dit que son cinqui\u00e8me fils a \u00e9t\u00e9 tu\u00e9 lorsque les pers\u00e9cutions ont commenc\u00e9 l\u00e0 en ao\u00fbt.<\/p>\n<p>J&rsquo;ai \u00e9chapp\u00e9 de ma terre de naissance, le Myanmar, pour sauver ma vie avec les autres \u00bb, a-t-elle &nbsp;dit. J&rsquo;ai march\u00e9 trois jours et a atteint ce camp. Je ne pouvais pas apporter des v\u00eatements avec moi. \u00ab\u00a0<\/p>\n<p>Asie et sa famille vivent actuellement dans une cabane construite de feuilles d&rsquo;\u00e9tain.<\/p>\n<p style=\"text-align:center\"><img decoding=\"async\" alt=\"\" height=\"400\" src=\"https:\/\/nazarene.org\/wp-content\/uploads\/migrated_images\/NCN%20News\/Eurasia\/Bangladesh\/Rohingya%20receive%20aid%201.jpg\" width=\"750\"><\/p>\n<p>Le Myanmar est la maison pour un million de personnes estim\u00e9es Rohingya, une minorit\u00e9 ethnique musulmane dans le pays bouddhiste majoritaire. Pendant des d\u00e9cennies, les Rohingya ont fui le Myanmar, qui leur nie la citoyennet\u00e9, <a href=\"http:\/\/www.bbc.co.uk\/news\/world-asia-38168917\" target=\"_blank\">selon la BBC<\/a>.<\/p>\n<p>Cependant, le Bangladesh, o\u00f9 plus de 800 000 Rohinyga sont maintenant r\u00e9fugi\u00e9s, est mal \u00e9quip\u00e9 pour prendre soin d&rsquo;eux, selon un travailleur local NCM *. Un pays profond\u00e9ment appauvri et dens\u00e9ment peupl\u00e9, le Bangladesh souffre de catastrophes r\u00e9p\u00e9t\u00e9es, telles que les inondations g\u00e9n\u00e9ralis\u00e9es et les temp\u00eates tropicales.<\/p>\n<p>Bangladesh NCM est actuellement concentr\u00e9 sur la r\u00e9ponse d&rsquo;urgence, mais d\u00e9veloppe \u00e9galement des plans pour un projet \u00e0 long terme pour soutenir sp\u00e9cifiquement les plus vuln\u00e9rables &#8211; femmes et enfants. Par exemple, ils aimeraient \u00e9tablir un \u00ab espace ami des enfants \u00bb et un centre de conseil.<\/p>\n<p>Bien que le Myanmar ait officiellement accueilli les r\u00e9fugi\u00e9s &nbsp;\u00e0 revenir et les r\u00e9fugi\u00e9s souhaitent d\u00e9sesp\u00e9r\u00e9ment aller \u00e0 la maison, beaucoup ont trop peur pour retourner. Et beaucoup n&rsquo;ont nulle part pour revenir &#8211; les maisons, les champs et les villages ont \u00e9t\u00e9 br\u00fbl\u00e9s au sol.<\/p>\n<p>Beaucoup de jeunes femmes ne voudraient pas revenir \u00e0 la maison \u00bb, a d\u00e9clar\u00e9 le travailleur NCM. Les maisons ont \u00e9t\u00e9 mises sur le feu et les femmes ont \u00e9t\u00e9 viol\u00e9es. Ils pensent que le Myanmar n&rsquo;est pas un endroit s\u00fbr pour eux &#8230; Des milliers de Rohingya ont perdu leur vie dans le conflit. \u00ab\u00a0<\/p>\n<p>Sufia *, une femme de 35 ans, a dit \u00e0 un travailleur NCM &nbsp;qu&rsquo;ils ont incendi\u00e9 le village, ont tu\u00e9 les hommes et ont viol\u00e9 les femmes et les filles. \u00ab\u00a0<\/p>\n<p>Avec quatre enfants de ses propres enfants, tous de moins de l&rsquo;\u00e2ge de 15 ans, Sufia a fui seul ; son mari a \u00e9t\u00e9 tu\u00e9 devant ses yeux.<\/p>\n<p style=\"text-align:center\"><img decoding=\"async\" alt=\"\" height=\"400\" src=\"https:\/\/nazarene.org\/wp-content\/uploads\/migrated_images\/NCN%20News\/Eurasia\/Bangladesh\/Rohingya%20receive%20aid%203.jpg\" width=\"750\"><\/p>\n<p>Le travailleur NCM a rapport\u00e9 que ses enfants sont apparus malnutris, bien que les agences non gouvernementales aient distribu\u00e9 de la nourriture.<\/p>\n<p>Sufia \u00e9tait particuli\u00e8rement reconnaissante pour les filets de moustique qu&rsquo;elle a re\u00e7us de NCM&nbsp;ais il y a de nombreux moustiques dans le camp.<\/p>\n<p>Les camps de r\u00e9fugi\u00e9s portent des risques plus grands que les moustiques porteurs de maladies.<\/p>\n<p>Environ 1 000 femmes et enfants Rohingya ont d\u00e9j\u00e0 \u00e9t\u00e9 victimes de traite \u00bb, a d\u00e9clar\u00e9 le travailleur NCM, citant un rapport de journal local. Nous nous sommes sentis d\u00e9sol\u00e9s en entendant leurs histoires de mis\u00e8re. Nous pensons, ils sont nos voisins et nous devrions les aider comme la Sainte Bible nous enseigne. \u00ab\u00a0<em>&nbsp;<\/em><\/p>\n<p><em>Noms retenus pour des raisons de s\u00e9curit\u00e9 et de confidentialit\u00e9.<\/em><\/p>\n<p><a href=\"http:\/\/www.eurasiaregion.org\/\" target=\"_blank\">\u00c9glise de<\/a> <a href=\"http:\/\/www.eurasiaregion.org\/\" target=\"_blank\">l&rsquo;Eurasie nazar\u00e9enne<\/a><a href=\"http:\/\/www.eurasiaregion.org\/\" target=\"_blank\"><\/a><\/p>\n","protected":false},"excerpt":{"rendered":"<p style=\"text-align:center\"><img decoding=\"async\" alt=\"\" height=\"400\" src=\"\/sites\/default\/files\/migrated_images\/NCN&lt;\/div&gt;\"><\/p>\n","protected":false},"author":1,"featured_media":0,"menu_order":0,"template":"","news-categories":[],"news-region-taxonomy":[],"news-tag":[2481,1475,2277,2753],"class_list":["post-53605","news","type-news","status-publish","hentry","news-tag-bangladesh-fr","news-tag-eurasie","news-tag-refugie","news-tag-refugies"],"yoast_head":"<!-- This site is optimized with the Yoast SEO Premium plugin v27.1 (Yoast SEO v27.1.1) - https:\/\/yoast.com\/product\/yoast-seo-premium-wordpress\/ -->\n<title>Secours pour les r\u00e9fugi\u00e9s Rohingya au Bangladesh - Church of the Nazarene<\/title>\n<meta name=\"robots\" content=\"index, follow, max-snippet:-1, max-image-preview:large, max-video-preview:-1\" \/>\n<link rel=\"canonical\" href=\"https:\/\/nazarene.org\/fr\/news\/secours-pour-les-refugies-rohingya-au-bangladesh\/\" \/>\n<meta property=\"og:locale\" content=\"fr_FR\" \/>\n<meta property=\"og:type\" content=\"article\" \/>\n<meta property=\"og:title\" content=\"Secours pour les r\u00e9fugi\u00e9s Rohingya au Bangladesh\" \/>\n<meta property=\"og:url\" content=\"https:\/\/nazarene.org\/fr\/news\/secours-pour-les-refugies-rohingya-au-bangladesh\/\" \/>\n<meta property=\"og:site_name\" content=\"Church of the Nazarene\" \/>\n<meta property=\"article:publisher\" content=\"https:\/\/www.facebook.com\/NazareneOfficial\/\" \/>\n<meta property=\"og:image\" content=\"https:\/\/nazarene.org\/wp-content\/uploads\/migrated_images\/NCN%20News\/Eurasia\/Bangladesh\/Rohingya%20receive%20aid%202.jpg\" \/>\n<meta name=\"twitter:card\" content=\"summary_large_image\" \/>\n<meta name=\"twitter:site\" content=\"@Nazarene\" \/>\n<script type=\"application\/ld+json\" class=\"yoast-schema-graph\">{\"@context\":\"https:\/\/schema.org\",\"@graph\":[{\"@type\":\"WebPage\",\"@id\":\"https:\/\/nazarene.org\/fr\/news\/secours-pour-les-refugies-rohingya-au-bangladesh\/\",\"url\":\"https:\/\/nazarene.org\/fr\/news\/secours-pour-les-refugies-rohingya-au-bangladesh\/\",\"name\":\"Secours pour les r\u00e9fugi\u00e9s Rohingya au Bangladesh - Church of the Nazarene\",\"isPartOf\":{\"@id\":\"https:\/\/nazarene.org\/fr\/#website\"},\"primaryImageOfPage\":{\"@id\":\"https:\/\/nazarene.org\/fr\/news\/secours-pour-les-refugies-rohingya-au-bangladesh\/#primaryimage\"},\"image\":{\"@id\":\"https:\/\/nazarene.org\/fr\/news\/secours-pour-les-refugies-rohingya-au-bangladesh\/#primaryimage\"},\"thumbnailUrl\":\"https:\/\/nazarene.org\/wp-content\/uploads\/migrated_images\/NCN%20News\/Eurasia\/Bangladesh\/Rohingya%20receive%20aid%202.jpg\",\"datePublished\":\"2019-07-10T05:00:00+00:00\",\"breadcrumb\":{\"@id\":\"https:\/\/nazarene.org\/fr\/news\/secours-pour-les-refugies-rohingya-au-bangladesh\/#breadcrumb\"},\"inLanguage\":\"fr-FR\",\"potentialAction\":[{\"@type\":\"ReadAction\",\"target\":[\"https:\/\/nazarene.org\/fr\/news\/secours-pour-les-refugies-rohingya-au-bangladesh\/\"]}]},{\"@type\":\"ImageObject\",\"inLanguage\":\"fr-FR\",\"@id\":\"https:\/\/nazarene.org\/fr\/news\/secours-pour-les-refugies-rohingya-au-bangladesh\/#primaryimage\",\"url\":\"https:\/\/nazarene.org\/wp-content\/uploads\/migrated_images\/NCN%20News\/Eurasia\/Bangladesh\/Rohingya%20receive%20aid%202.jpg\",\"contentUrl\":\"https:\/\/nazarene.org\/wp-content\/uploads\/migrated_images\/NCN%20News\/Eurasia\/Bangladesh\/Rohingya%20receive%20aid%202.jpg\"},{\"@type\":\"BreadcrumbList\",\"@id\":\"https:\/\/nazarene.org\/fr\/news\/secours-pour-les-refugies-rohingya-au-bangladesh\/#breadcrumb\",\"itemListElement\":[{\"@type\":\"ListItem\",\"position\":1,\"name\":\"Home\",\"item\":\"https:\/\/nazarene.org\/fr\/\"},{\"@type\":\"ListItem\",\"position\":2,\"name\":\"News\",\"item\":\"https:\/\/nazarene.org\/fr\/news\/\"},{\"@type\":\"ListItem\",\"position\":3,\"name\":\"Secours pour les r\u00e9fugi\u00e9s Rohingya au Bangladesh\"}]},{\"@type\":\"WebSite\",\"@id\":\"https:\/\/nazarene.org\/fr\/#website\",\"url\":\"https:\/\/nazarene.org\/fr\/\",\"name\":\"Church of the Nazarene\",\"description\":\"Making Christlike Disciples in the Nations\",\"publisher\":{\"@id\":\"https:\/\/nazarene.org\/fr\/#organization\"},\"potentialAction\":[{\"@type\":\"SearchAction\",\"target\":{\"@type\":\"EntryPoint\",\"urlTemplate\":\"https:\/\/nazarene.org\/fr\/?s={search_term_string}\"},\"query-input\":{\"@type\":\"PropertyValueSpecification\",\"valueRequired\":true,\"valueName\":\"search_term_string\"}}],\"inLanguage\":\"fr-FR\"},{\"@type\":\"Organization\",\"@id\":\"https:\/\/nazarene.org\/fr\/#organization\",\"name\":\"Church of the Nazarene\",\"url\":\"https:\/\/nazarene.org\/fr\/\",\"logo\":{\"@type\":\"ImageObject\",\"inLanguage\":\"fr-FR\",\"@id\":\"https:\/\/nazarene.org\/fr\/#\/schema\/logo\/image\/\",\"url\":\"https:\/\/nazarene.org\/wp-content\/uploads\/2024\/06\/Naz_Desktop_Black_Logo-1.svg\",\"contentUrl\":\"https:\/\/nazarene.org\/wp-content\/uploads\/2024\/06\/Naz_Desktop_Black_Logo-1.svg\",\"width\":258,\"height\":36,\"caption\":\"Church of the Nazarene\"},\"image\":{\"@id\":\"https:\/\/nazarene.org\/fr\/#\/schema\/logo\/image\/\"},\"sameAs\":[\"https:\/\/www.facebook.com\/NazareneOfficial\/\",\"https:\/\/x.com\/Nazarene\",\"https:\/\/www.instagram.com\/nazareneofficial\/\"]}]}<\/script>\n<!-- \/ Yoast SEO Premium plugin. -->","yoast_head_json":{"title":"Secours pour les r\u00e9fugi\u00e9s Rohingya au Bangladesh - Church of the Nazarene","robots":{"index":"index","follow":"follow","max-snippet":"max-snippet:-1","max-image-preview":"max-image-preview:large","max-video-preview":"max-video-preview:-1"},"canonical":"https:\/\/nazarene.org\/fr\/news\/secours-pour-les-refugies-rohingya-au-bangladesh\/","og_locale":"fr_FR","og_type":"article","og_title":"Secours pour les r\u00e9fugi\u00e9s Rohingya au Bangladesh","og_url":"https:\/\/nazarene.org\/fr\/news\/secours-pour-les-refugies-rohingya-au-bangladesh\/","og_site_name":"Church of the Nazarene","article_publisher":"https:\/\/www.facebook.com\/NazareneOfficial\/","og_image":[{"url":"https:\/\/nazarene.org\/wp-content\/uploads\/migrated_images\/NCN%20News\/Eurasia\/Bangladesh\/Rohingya%20receive%20aid%202.jpg","type":"","width":"","height":""}],"twitter_card":"summary_large_image","twitter_site":"@Nazarene","schema":{"@context":"https:\/\/schema.org","@graph":[{"@type":"WebPage","@id":"https:\/\/nazarene.org\/fr\/news\/secours-pour-les-refugies-rohingya-au-bangladesh\/","url":"https:\/\/nazarene.org\/fr\/news\/secours-pour-les-refugies-rohingya-au-bangladesh\/","name":"Secours pour les r\u00e9fugi\u00e9s Rohingya au Bangladesh - Church of the Nazarene","isPartOf":{"@id":"https:\/\/nazarene.org\/fr\/#website"},"primaryImageOfPage":{"@id":"https:\/\/nazarene.org\/fr\/news\/secours-pour-les-refugies-rohingya-au-bangladesh\/#primaryimage"},"image":{"@id":"https:\/\/nazarene.org\/fr\/news\/secours-pour-les-refugies-rohingya-au-bangladesh\/#primaryimage"},"thumbnailUrl":"https:\/\/nazarene.org\/wp-content\/uploads\/migrated_images\/NCN%20News\/Eurasia\/Bangladesh\/Rohingya%20receive%20aid%202.jpg","datePublished":"2019-07-10T05:00:00+00:00","breadcrumb":{"@id":"https:\/\/nazarene.org\/fr\/news\/secours-pour-les-refugies-rohingya-au-bangladesh\/#breadcrumb"},"inLanguage":"fr-FR","potentialAction":[{"@type":"ReadAction","target":["https:\/\/nazarene.org\/fr\/news\/secours-pour-les-refugies-rohingya-au-bangladesh\/"]}]},{"@type":"ImageObject","inLanguage":"fr-FR","@id":"https:\/\/nazarene.org\/fr\/news\/secours-pour-les-refugies-rohingya-au-bangladesh\/#primaryimage","url":"https:\/\/nazarene.org\/wp-content\/uploads\/migrated_images\/NCN%20News\/Eurasia\/Bangladesh\/Rohingya%20receive%20aid%202.jpg","contentUrl":"https:\/\/nazarene.org\/wp-content\/uploads\/migrated_images\/NCN%20News\/Eurasia\/Bangladesh\/Rohingya%20receive%20aid%202.jpg"},{"@type":"BreadcrumbList","@id":"https:\/\/nazarene.org\/fr\/news\/secours-pour-les-refugies-rohingya-au-bangladesh\/#breadcrumb","itemListElement":[{"@type":"ListItem","position":1,"name":"Home","item":"https:\/\/nazarene.org\/fr\/"},{"@type":"ListItem","position":2,"name":"News","item":"https:\/\/nazarene.org\/fr\/news\/"},{"@type":"ListItem","position":3,"name":"Secours pour les r\u00e9fugi\u00e9s Rohingya au Bangladesh"}]},{"@type":"WebSite","@id":"https:\/\/nazarene.org\/fr\/#website","url":"https:\/\/nazarene.org\/fr\/","name":"Church of the Nazarene","description":"Making Christlike Disciples in the Nations","publisher":{"@id":"https:\/\/nazarene.org\/fr\/#organization"},"potentialAction":[{"@type":"SearchAction","target":{"@type":"EntryPoint","urlTemplate":"https:\/\/nazarene.org\/fr\/?s={search_term_string}"},"query-input":{"@type":"PropertyValueSpecification","valueRequired":true,"valueName":"search_term_string"}}],"inLanguage":"fr-FR"},{"@type":"Organization","@id":"https:\/\/nazarene.org\/fr\/#organization","name":"Church of the Nazarene","url":"https:\/\/nazarene.org\/fr\/","logo":{"@type":"ImageObject","inLanguage":"fr-FR","@id":"https:\/\/nazarene.org\/fr\/#\/schema\/logo\/image\/","url":"https:\/\/nazarene.org\/wp-content\/uploads\/2024\/06\/Naz_Desktop_Black_Logo-1.svg","contentUrl":"https:\/\/nazarene.org\/wp-content\/uploads\/2024\/06\/Naz_Desktop_Black_Logo-1.svg","width":258,"height":36,"caption":"Church of the Nazarene"},"image":{"@id":"https:\/\/nazarene.org\/fr\/#\/schema\/logo\/image\/"},"sameAs":["https:\/\/www.facebook.com\/NazareneOfficial\/","https:\/\/x.com\/Nazarene","https:\/\/www.instagram.com\/nazareneofficial\/"]}]}},"_links":{"self":[{"href":"https:\/\/nazarene.org\/fr\/wp-json\/wp\/v2\/news\/53605","targetHints":{"allow":["GET"]}}],"collection":[{"href":"https:\/\/nazarene.org\/fr\/wp-json\/wp\/v2\/news"}],"about":[{"href":"https:\/\/nazarene.org\/fr\/wp-json\/wp\/v2\/types\/news"}],"author":[{"embeddable":true,"href":"https:\/\/nazarene.org\/fr\/wp-json\/wp\/v2\/users\/1"}],"version-history":[{"count":0,"href":"https:\/\/nazarene.org\/fr\/wp-json\/wp\/v2\/news\/53605\/revisions"}],"wp:attachment":[{"href":"https:\/\/nazarene.org\/fr\/wp-json\/wp\/v2\/media?parent=53605"}],"wp:term":[{"taxonomy":"news-categories","embeddable":true,"href":"https:\/\/nazarene.org\/fr\/wp-json\/wp\/v2\/news-categories?post=53605"},{"taxonomy":"news-region-taxonomy","embeddable":true,"href":"https:\/\/nazarene.org\/fr\/wp-json\/wp\/v2\/news-region-taxonomy?post=53605"},{"taxonomy":"news-tag","embeddable":true,"href":"https:\/\/nazarene.org\/fr\/wp-json\/wp\/v2\/news-tag?post=53605"}],"curies":[{"name":"wp","href":"https:\/\/api.w.org\/{rel}","templated":true}]}}