{"id":53557,"date":"2019-07-10T00:00:00","date_gmt":"2019-07-10T05:00:00","guid":{"rendered":"https:\/\/nazarene.org\/news\/dans-memoriam-5-janvier-2018\/"},"modified":"2019-07-10T00:00:00","modified_gmt":"2019-07-10T05:00:00","slug":"dans-memoriam-5-janvier-2018","status":"publish","type":"news","link":"https:\/\/nazarene.org\/fr\/news\/dans-memoriam-5-janvier-2018\/","title":{"rendered":"Dans Memoriam : 5 janvier 2018"},"content":{"rendered":"<p><img fetchpriority=\"high\" decoding=\"async\" alt=\"\" height=\"400\" src=\"https:\/\/nazarene.org\/wp-content\/uploads\/migrated_images\/NCN%20News\/Generic\/In%20Memoriam\/RainbowSnow.jpg\" width=\"750\"><\/p>\n<p>Ce qui suit est une liste hebdomadaire de ministres et de leaders nazar\u00e9ens qui sont r\u00e9cemment all\u00e9s \u00e0 la maison pour \u00eatre avec le Seigneur. Les avis ont \u00e9t\u00e9 re\u00e7us 1-5 janvier 2018.<\/p>\n<p><a href=\"http:\/\/www.legacy.com\/obituaries\/pjstar\/obituary.aspx?page=lifestory&amp;pid=187598312\" target=\"_blank\"><strong>Barbara (Hendricks) Braundmeier<\/strong><\/a>, 88, de Watseka, Illinois, est d\u00e9c\u00e9d\u00e9 le 20 d\u00e9cembre. Elle \u00e9tait la veuve du ministre retrait\u00e9 Jack Braundmeier, qui a servi en Illinois &nbsp;et au Wisconsin. Jack Braundmeier est d\u00e9c\u00e9d\u00e9 en 2009.&nbsp;<\/p>\n<p><a href=\"http:\/\/www.tributes.com\/obituary\/show\/Jim-Dillow-105659105\" target=\"_blank\"><strong>Jim Dillow<\/strong><\/a>, 70, de Fort Scott, Kansas, est d\u00e9c\u00e9d\u00e9 le 30 d\u00e9cembre. Il \u00e9tait un ministre et surintendant de district, servant pr\u00e9c\u00e9demment \u00e0 Oklahoma, au Missouri et au Kansas et dirigeant le district de Joplin. Il est surv\u00e9cu par sa femme, Susan Dillow.&nbsp;<\/p>\n<p><a href=\"http:\/\/www.adamsfuneralsvc.com\/obituary\/rev-isaac-emmert\" target=\"_blank\"><strong>I. Ervin Emmert Jr.<\/strong><\/a>, 90, de Wheeler, Texas, est d\u00e9c\u00e9d\u00e9 le 22 d\u00e9cembre. Il \u00e9tait un ministre retrait\u00e9, servant au Texas, \u00e0 Oklahoma, en Arkansas et au Kansas. Il est surv\u00e9cu par sa femme, Bobbie (Willison) Emmert.<\/p>\n<p><a href=\"http:\/\/www.carroll-lewellen.com\/tributes\/Alta-Everett\" target=\"_blank\"><strong>Alta (Richards) Everett<\/strong><\/a>, 99, de Longmont, Colorado, est d\u00e9c\u00e9d\u00e9 le 14 d\u00e9cembre. Elle \u00e9tait la veuve du ministre retrait\u00e9 James Everett, qui a servi dans l&rsquo;Ohio et l&rsquo;Illinois. James Everett est d\u00e9c\u00e9d\u00e9 en 1993.&nbsp;<\/p>\n<p><a href=\"http:\/\/www.mercer-adams.com\/memsol.cgi?user_id=2054828\" target=\"_blank\"><strong>C. Angelina Gassett<\/strong><\/a>, 92, de Hoodsport, Washington, est d\u00e9c\u00e9d\u00e9 le 31 d\u00e9cembre. Elle \u00e9tait la veuve des ministres retrait\u00e9s Jonathan Gassett et Danford Alger. Jonathan Gassett a servi au Kansas et \u00e0 Oklahoma en plus de diriger les districts du nord de l&rsquo;\u00c9tat de New York et de la Floride nord. Il &nbsp;est d\u00e9c\u00e9d\u00e9 en 2014. Danford Alger a servi \u00e0 Oklahoma, en Californie &nbsp;et au Texas avant de d\u00e9c\u00e9der en 1999.&nbsp;<\/p>\n<p><a href=\"http:\/\/www.reisfamilymortuary.net\/obituaries\/Mildred-Gibson-3\/\" target=\"_blank\"><strong>Mildred \u00ab Millie \u00bb (Stillwell) Gibson<\/strong><\/a>, 90, Paso Robles, Californie, est d\u00e9c\u00e9d\u00e9 le 22 d\u00e9cembre. Elle \u00e9tait la veuve du ministre retrait\u00e9 Gordon Gibson, qui a servi en Californie. Gordon Gibson est d\u00e9c\u00e9d\u00e9 en 2009.<\/p>\n<p><a href=\"http:\/\/www.legacy.com\/obituaries\/fredericknewspost\/obituary.aspx?page=lifestory&amp;pid=187674679\" target=\"_blank\"><strong>William Hess<\/strong><\/a>, 85, de Hershey, Pennsylvanie, est d\u00e9c\u00e9d\u00e9 le 28 d\u00e9cembre. Il \u00e9tait un ministre retrait\u00e9, servant en Virginie occidentale et en Pennsylvanie. Il a \u00e9t\u00e9 pr\u00e9c\u00e9d\u00e9 dans la mort par sa femme, Arlene (Kramer) Hess et est surv\u00e9cu par sa deuxi\u00e8me femme, Kathleen (Shott) Hess.&nbsp;<\/p>\n<p><a href=\"http:\/\/www.tributes.com\/obituary\/show\/Patricia-Dawn-Ingram-105643439\" target=\"_blank\"><strong>Patricia (Russell) Ingram<\/strong><\/a>, 73, de Ridge Farm, Illinois, est d\u00e9c\u00e9d\u00e9 le 26 d\u00e9cembre. Elle \u00e9tait la femme du ministre retrait\u00e9 Ronald Ingram, qui a servi en Illinois et en Indiana.&nbsp;<\/p>\n<p><a href=\"http:\/\/www.tributes.com\/obituary\/show\/Robert-Eldon-Johnson-105619025\" target=\"_blank\"><strong>Robert Johnson<\/strong><\/a>, 84, de Tacoma, Washington, est d\u00e9c\u00e9d\u00e9 le 19 d\u00e9cembre. Il \u00e9tait un ministre retrait\u00e9, servant \u00e0 Indiana, \u00e0 Washington, en Alaska, en Illinois et au Texas. Il est surv\u00e9cu par sa femme, Dana Johnson.&nbsp;<\/p>\n<p><strong>Ithel Kenser<\/strong>, 83, de Lewistown, Illinois, est d\u00e9c\u00e9d\u00e9 le 3 janvier. Il \u00e9tait un ministre retrait\u00e9, servant en Arkansas et en Illinois. Il est surv\u00e9cu par sa femme, Shirley Kenser.&nbsp;<\/p>\n<p><a href=\"http:\/\/www.legacy.com\/obituaries\/dispatch\/obituary.aspx?page=lifestory&amp;pid=187702920\" target=\"_blank\"><strong>Florence McNeely<\/strong><\/a>, 95, de Mount Sterling, Ohio, est d\u00e9c\u00e9d\u00e9 le 30 d\u00e9cembre. Elle \u00e9tait la veuve du ministre retrait\u00e9 Robert McNeely, qui a servi dans l&rsquo;Ohio. Robert McNeely est d\u00e9c\u00e9d\u00e9 en 2014.&nbsp;<\/p>\n<p><a href=\"http:\/\/www.legacy.com\/obituaries\/mansfieldnewsjournal\/obituary.aspx?page=lifestory&amp;pid=187633959\" target=\"_blank\"><strong>James Moss<\/strong><\/a>, 91, de Chillicothe, Ohio, est d\u00e9c\u00e9d\u00e9 le 22 d\u00e9cembre. Il \u00e9tait un ministre, servant pr\u00e9c\u00e9demment dans l&rsquo;Ohio, en Virginie occidentale, au Kansas et en Indiana. Il a \u00e9t\u00e9 pr\u00e9c\u00e9d\u00e9 dans la mort par sa femme, June Moss, en 2016.&nbsp;<\/p>\n<p><a href=\"http:\/\/www.tributes.com\/obituary\/show\/Amy-K.-Paulus-105619352\" target=\"_blank\"><strong>Amy Paulus<\/strong><\/a>, 47, de Merrill, Michigan, est d\u00e9c\u00e9d\u00e9 le 19 d\u00e9cembre. Elle \u00e9tait la femme du ministre John Paulus, qui paste l&rsquo;\u00c9glise de Market Street Square du Nazar\u00e9en \u00e0 Chesaning, Michigan.&nbsp;<\/p>\n<p><a href=\"http:\/\/www.legacy.com\/obituaries\/southofboston-ledger\/obituary.aspx?page=lifestory&amp;pid=187724576\" target=\"_blank\"><strong>Anderson Rearick Jr.<\/strong><\/a>, 90, de Derry, New Hampshire, est d\u00e9c\u00e9d\u00e9 le 1 janvier. Il \u00e9tait un ministre retrait\u00e9 et \u00e9ducateur, servant \u00e0 New York et au Massachusetts. Il est surv\u00e9cu par sa femme, ministre retrait\u00e9, \u00e9ducateur et aum\u00f4nier&nbsp;Ann (Cubie) Rearick, qui a servi \u00e0 New York et au Massachusetts.&nbsp;<\/p>\n<p><a href=\"http:\/\/triblive.com\/obituaries\/newsstories\/13144606-74\/pastor-had-a-love-of-singing-preaching\" target=\"_blank\"><strong>John Stubbs<\/strong><\/a>, 72, North Huntingdon, Pennsylvanie, est d\u00e9c\u00e9d\u00e9 le 2 janvier. Il \u00e9tait un ministre retrait\u00e9, servant en Pennsylvanie. Il est surv\u00e9cu par sa femme, Janet&nbsp;<\/p>\n<p><a href=\"http:\/\/www.tributes.com\/obituary\/show\/Dodd-Alfred-Tremaine-105652782\" target=\"_blank\"><strong>Dodd Termaine<\/strong><\/a>, 79, de Puyallup, Washington, est d\u00e9c\u00e9d\u00e9 le 21 d\u00e9cembre. Il \u00e9tait un ministre retrait\u00e9, servant en Californie. Il est surv\u00e9cu par sa femme, Charlotte Tremaine.&nbsp;<\/p>\n<p><strong>Marilyn Turner<\/strong>, 81, d&rsquo;Olathe, Kansas, est d\u00e9c\u00e9d\u00e9 le 5 janvier. Elle \u00e9tait une ancienne employ\u00e9e au Quartier g\u00e9n\u00e9ral international de l&rsquo;\u00c9glise du Nazar\u00e9en et la femme du ministre retrait\u00e9 J. Paul Turner, qui a servi \u00e0 Oklahoma, au Kansas et \u00e0 Idaho.&nbsp;<\/p>\n<p>Pour les \u00e9ditions pr\u00e9c\u00e9dentes de <em>Dans Memoriam<\/em>, voir la section \u00ab Passages \u00bb en <a href=\"https:\/\/nazarene.org\/article-posted\/passings\" target=\"_blank\">cliquant ici<\/a>.<\/p>\n<p><em>Note : Veuillez nous rejoindre dans la pri\u00e8re pour les familles qui ont perdu des \u00eatres aim\u00e9s. Cliquez sur les noms pour des histoires compl\u00e8tes, des informations fun\u00e9raires, des n\u00e9crologies locales en ligne et \/ ou des livres d&rsquo;invit\u00e9s (si disponibles). Pour soumettre une entr\u00e9e d&rsquo;un ministre ou d&rsquo;un leader de l&rsquo;\u00c9glise, envoyer \u00e0 <a href=\"mailto:news@nazarene.org\">news@nazarene.org<\/a>.<\/em><\/p>\n<p>Compil\u00e9 par NCN Nouvelles<\/p>\n","protected":false},"excerpt":{"rendered":"<p><img decoding=\"async\" alt=\"\" height=\"400\" src=\"\/sites\/default\/files\/migrated_images\/NCN%20News\/Generic\/In%20Memoriam\/R&lt;\/div&gt;\"><\/p>\n","protected":false},"author":1,"featured_media":0,"menu_order":0,"template":"","news-categories":[],"news-region-taxonomy":[],"news-tag":[817,815],"class_list":["post-53557","news","type-news","status-publish","hentry","news-tag-dans-memoriam","news-tag-passages"],"yoast_head":"<!-- This site is optimized with the Yoast SEO Premium plugin v27.1 (Yoast SEO v27.1.1) - https:\/\/yoast.com\/product\/yoast-seo-premium-wordpress\/ -->\n<title>Dans Memoriam : 5 janvier 2018 - Church of the Nazarene<\/title>\n<meta name=\"robots\" content=\"index, follow, max-snippet:-1, max-image-preview:large, max-video-preview:-1\" \/>\n<link rel=\"canonical\" href=\"https:\/\/nazarene.org\/fr\/news\/dans-memoriam-5-janvier-2018\/\" \/>\n<meta property=\"og:locale\" content=\"fr_FR\" \/>\n<meta property=\"og:type\" content=\"article\" \/>\n<meta property=\"og:title\" content=\"Dans Memoriam : 5 janvier 2018\" \/>\n<meta property=\"og:url\" content=\"https:\/\/nazarene.org\/fr\/news\/dans-memoriam-5-janvier-2018\/\" \/>\n<meta property=\"og:site_name\" content=\"Church of the Nazarene\" \/>\n<meta property=\"article:publisher\" content=\"https:\/\/www.facebook.com\/NazareneOfficial\/\" \/>\n<meta property=\"og:image\" content=\"https:\/\/nazarene.org\/wp-content\/uploads\/migrated_images\/NCN%20News\/Generic\/In%20Memoriam\/RainbowSnow.jpg\" \/>\n<meta name=\"twitter:card\" content=\"summary_large_image\" \/>\n<meta name=\"twitter:site\" content=\"@Nazarene\" \/>\n<script type=\"application\/ld+json\" class=\"yoast-schema-graph\">{\"@context\":\"https:\/\/schema.org\",\"@graph\":[{\"@type\":\"WebPage\",\"@id\":\"https:\/\/nazarene.org\/fr\/news\/dans-memoriam-5-janvier-2018\/\",\"url\":\"https:\/\/nazarene.org\/fr\/news\/dans-memoriam-5-janvier-2018\/\",\"name\":\"Dans Memoriam : 5 janvier 2018 - Church of the Nazarene\",\"isPartOf\":{\"@id\":\"https:\/\/nazarene.org\/fr\/#website\"},\"primaryImageOfPage\":{\"@id\":\"https:\/\/nazarene.org\/fr\/news\/dans-memoriam-5-janvier-2018\/#primaryimage\"},\"image\":{\"@id\":\"https:\/\/nazarene.org\/fr\/news\/dans-memoriam-5-janvier-2018\/#primaryimage\"},\"thumbnailUrl\":\"https:\/\/nazarene.org\/wp-content\/uploads\/migrated_images\/NCN%20News\/Generic\/In%20Memoriam\/RainbowSnow.jpg\",\"datePublished\":\"2019-07-10T05:00:00+00:00\",\"breadcrumb\":{\"@id\":\"https:\/\/nazarene.org\/fr\/news\/dans-memoriam-5-janvier-2018\/#breadcrumb\"},\"inLanguage\":\"fr-FR\",\"potentialAction\":[{\"@type\":\"ReadAction\",\"target\":[\"https:\/\/nazarene.org\/fr\/news\/dans-memoriam-5-janvier-2018\/\"]}]},{\"@type\":\"ImageObject\",\"inLanguage\":\"fr-FR\",\"@id\":\"https:\/\/nazarene.org\/fr\/news\/dans-memoriam-5-janvier-2018\/#primaryimage\",\"url\":\"https:\/\/nazarene.org\/wp-content\/uploads\/migrated_images\/NCN%20News\/Generic\/In%20Memoriam\/RainbowSnow.jpg\",\"contentUrl\":\"https:\/\/nazarene.org\/wp-content\/uploads\/migrated_images\/NCN%20News\/Generic\/In%20Memoriam\/RainbowSnow.jpg\"},{\"@type\":\"BreadcrumbList\",\"@id\":\"https:\/\/nazarene.org\/fr\/news\/dans-memoriam-5-janvier-2018\/#breadcrumb\",\"itemListElement\":[{\"@type\":\"ListItem\",\"position\":1,\"name\":\"Home\",\"item\":\"https:\/\/nazarene.org\/fr\/\"},{\"@type\":\"ListItem\",\"position\":2,\"name\":\"News\",\"item\":\"https:\/\/nazarene.org\/fr\/news\/\"},{\"@type\":\"ListItem\",\"position\":3,\"name\":\"Dans Memoriam : 5 janvier 2018\"}]},{\"@type\":\"WebSite\",\"@id\":\"https:\/\/nazarene.org\/fr\/#website\",\"url\":\"https:\/\/nazarene.org\/fr\/\",\"name\":\"Church of the Nazarene\",\"description\":\"Making Christlike Disciples in the Nations\",\"publisher\":{\"@id\":\"https:\/\/nazarene.org\/fr\/#organization\"},\"potentialAction\":[{\"@type\":\"SearchAction\",\"target\":{\"@type\":\"EntryPoint\",\"urlTemplate\":\"https:\/\/nazarene.org\/fr\/?s={search_term_string}\"},\"query-input\":{\"@type\":\"PropertyValueSpecification\",\"valueRequired\":true,\"valueName\":\"search_term_string\"}}],\"inLanguage\":\"fr-FR\"},{\"@type\":\"Organization\",\"@id\":\"https:\/\/nazarene.org\/fr\/#organization\",\"name\":\"Church of the Nazarene\",\"url\":\"https:\/\/nazarene.org\/fr\/\",\"logo\":{\"@type\":\"ImageObject\",\"inLanguage\":\"fr-FR\",\"@id\":\"https:\/\/nazarene.org\/fr\/#\/schema\/logo\/image\/\",\"url\":\"https:\/\/nazarene.org\/wp-content\/uploads\/2024\/06\/Naz_Desktop_Black_Logo-1.svg\",\"contentUrl\":\"https:\/\/nazarene.org\/wp-content\/uploads\/2024\/06\/Naz_Desktop_Black_Logo-1.svg\",\"width\":258,\"height\":36,\"caption\":\"Church of the Nazarene\"},\"image\":{\"@id\":\"https:\/\/nazarene.org\/fr\/#\/schema\/logo\/image\/\"},\"sameAs\":[\"https:\/\/www.facebook.com\/NazareneOfficial\/\",\"https:\/\/x.com\/Nazarene\",\"https:\/\/www.instagram.com\/nazareneofficial\/\"]}]}<\/script>\n<!-- \/ Yoast SEO Premium plugin. -->","yoast_head_json":{"title":"Dans Memoriam : 5 janvier 2018 - Church of the Nazarene","robots":{"index":"index","follow":"follow","max-snippet":"max-snippet:-1","max-image-preview":"max-image-preview:large","max-video-preview":"max-video-preview:-1"},"canonical":"https:\/\/nazarene.org\/fr\/news\/dans-memoriam-5-janvier-2018\/","og_locale":"fr_FR","og_type":"article","og_title":"Dans Memoriam : 5 janvier 2018","og_url":"https:\/\/nazarene.org\/fr\/news\/dans-memoriam-5-janvier-2018\/","og_site_name":"Church of the Nazarene","article_publisher":"https:\/\/www.facebook.com\/NazareneOfficial\/","og_image":[{"url":"https:\/\/nazarene.org\/wp-content\/uploads\/migrated_images\/NCN%20News\/Generic\/In%20Memoriam\/RainbowSnow.jpg","type":"","width":"","height":""}],"twitter_card":"summary_large_image","twitter_site":"@Nazarene","schema":{"@context":"https:\/\/schema.org","@graph":[{"@type":"WebPage","@id":"https:\/\/nazarene.org\/fr\/news\/dans-memoriam-5-janvier-2018\/","url":"https:\/\/nazarene.org\/fr\/news\/dans-memoriam-5-janvier-2018\/","name":"Dans Memoriam : 5 janvier 2018 - Church of the Nazarene","isPartOf":{"@id":"https:\/\/nazarene.org\/fr\/#website"},"primaryImageOfPage":{"@id":"https:\/\/nazarene.org\/fr\/news\/dans-memoriam-5-janvier-2018\/#primaryimage"},"image":{"@id":"https:\/\/nazarene.org\/fr\/news\/dans-memoriam-5-janvier-2018\/#primaryimage"},"thumbnailUrl":"https:\/\/nazarene.org\/wp-content\/uploads\/migrated_images\/NCN%20News\/Generic\/In%20Memoriam\/RainbowSnow.jpg","datePublished":"2019-07-10T05:00:00+00:00","breadcrumb":{"@id":"https:\/\/nazarene.org\/fr\/news\/dans-memoriam-5-janvier-2018\/#breadcrumb"},"inLanguage":"fr-FR","potentialAction":[{"@type":"ReadAction","target":["https:\/\/nazarene.org\/fr\/news\/dans-memoriam-5-janvier-2018\/"]}]},{"@type":"ImageObject","inLanguage":"fr-FR","@id":"https:\/\/nazarene.org\/fr\/news\/dans-memoriam-5-janvier-2018\/#primaryimage","url":"https:\/\/nazarene.org\/wp-content\/uploads\/migrated_images\/NCN%20News\/Generic\/In%20Memoriam\/RainbowSnow.jpg","contentUrl":"https:\/\/nazarene.org\/wp-content\/uploads\/migrated_images\/NCN%20News\/Generic\/In%20Memoriam\/RainbowSnow.jpg"},{"@type":"BreadcrumbList","@id":"https:\/\/nazarene.org\/fr\/news\/dans-memoriam-5-janvier-2018\/#breadcrumb","itemListElement":[{"@type":"ListItem","position":1,"name":"Home","item":"https:\/\/nazarene.org\/fr\/"},{"@type":"ListItem","position":2,"name":"News","item":"https:\/\/nazarene.org\/fr\/news\/"},{"@type":"ListItem","position":3,"name":"Dans Memoriam : 5 janvier 2018"}]},{"@type":"WebSite","@id":"https:\/\/nazarene.org\/fr\/#website","url":"https:\/\/nazarene.org\/fr\/","name":"Church of the Nazarene","description":"Making Christlike Disciples in the Nations","publisher":{"@id":"https:\/\/nazarene.org\/fr\/#organization"},"potentialAction":[{"@type":"SearchAction","target":{"@type":"EntryPoint","urlTemplate":"https:\/\/nazarene.org\/fr\/?s={search_term_string}"},"query-input":{"@type":"PropertyValueSpecification","valueRequired":true,"valueName":"search_term_string"}}],"inLanguage":"fr-FR"},{"@type":"Organization","@id":"https:\/\/nazarene.org\/fr\/#organization","name":"Church of the Nazarene","url":"https:\/\/nazarene.org\/fr\/","logo":{"@type":"ImageObject","inLanguage":"fr-FR","@id":"https:\/\/nazarene.org\/fr\/#\/schema\/logo\/image\/","url":"https:\/\/nazarene.org\/wp-content\/uploads\/2024\/06\/Naz_Desktop_Black_Logo-1.svg","contentUrl":"https:\/\/nazarene.org\/wp-content\/uploads\/2024\/06\/Naz_Desktop_Black_Logo-1.svg","width":258,"height":36,"caption":"Church of the Nazarene"},"image":{"@id":"https:\/\/nazarene.org\/fr\/#\/schema\/logo\/image\/"},"sameAs":["https:\/\/www.facebook.com\/NazareneOfficial\/","https:\/\/x.com\/Nazarene","https:\/\/www.instagram.com\/nazareneofficial\/"]}]}},"_links":{"self":[{"href":"https:\/\/nazarene.org\/fr\/wp-json\/wp\/v2\/news\/53557","targetHints":{"allow":["GET"]}}],"collection":[{"href":"https:\/\/nazarene.org\/fr\/wp-json\/wp\/v2\/news"}],"about":[{"href":"https:\/\/nazarene.org\/fr\/wp-json\/wp\/v2\/types\/news"}],"author":[{"embeddable":true,"href":"https:\/\/nazarene.org\/fr\/wp-json\/wp\/v2\/users\/1"}],"version-history":[{"count":0,"href":"https:\/\/nazarene.org\/fr\/wp-json\/wp\/v2\/news\/53557\/revisions"}],"wp:attachment":[{"href":"https:\/\/nazarene.org\/fr\/wp-json\/wp\/v2\/media?parent=53557"}],"wp:term":[{"taxonomy":"news-categories","embeddable":true,"href":"https:\/\/nazarene.org\/fr\/wp-json\/wp\/v2\/news-categories?post=53557"},{"taxonomy":"news-region-taxonomy","embeddable":true,"href":"https:\/\/nazarene.org\/fr\/wp-json\/wp\/v2\/news-region-taxonomy?post=53557"},{"taxonomy":"news-tag","embeddable":true,"href":"https:\/\/nazarene.org\/fr\/wp-json\/wp\/v2\/news-tag?post=53557"}],"curies":[{"name":"wp","href":"https:\/\/api.w.org\/{rel}","templated":true}]}}