{"id":53548,"date":"2019-07-10T00:00:00","date_gmt":"2019-07-10T05:00:00","guid":{"rendered":"https:\/\/nazarene.org\/news\/dans-memoriam-12-janvier-2018\/"},"modified":"2019-07-10T00:00:00","modified_gmt":"2019-07-10T05:00:00","slug":"dans-memoriam-12-janvier-2018","status":"publish","type":"news","link":"https:\/\/nazarene.org\/fr\/news\/dans-memoriam-12-janvier-2018\/","title":{"rendered":"Dans Memoriam : 12 janvier 2018"},"content":{"rendered":"<p><img fetchpriority=\"high\" decoding=\"async\" alt=\"\" height=\"400\" src=\"https:\/\/nazarene.org\/wp-content\/uploads\/migrated_images\/NCN%20News\/Generic\/In%20Memoriam\/RedBarninSnow.jpg\" width=\"750\"><\/p>\n<p>Ce qui suit est une liste hebdomadaire de ministres et de leaders nazar\u00e9ens qui sont r\u00e9cemment all\u00e9s \u00e0 la maison pour \u00eatre avec le Seigneur. Les avis ont \u00e9t\u00e9 re\u00e7us 8-12 janvier 2018.<\/p>\n<p><a href=\"http:\/\/www.legacy.com\/obituaries\/name\/Mattie-Alderman-obituary?pid=187764148\" target=\"_blank\"><strong>Mattie P. Alderman<\/strong><\/a>, 85, de Lynchburg, Tennessee, est d\u00e9c\u00e9d\u00e9 le 6 janvier. Elle \u00e9tait la femme du ministre retrait\u00e9 Arlo J. Alderman, qui a servi au Tennessee et au Maryland.<\/p>\n<p><strong>B. Genell Bailey<\/strong>, 85, de Pigeon Forge, Tennessee, est d\u00e9c\u00e9d\u00e9 le 6 janvier. Elle \u00e9tait la veuve du ministre retrait\u00e9 James Bailey, qui a servi \u00e0 Indiana, au Tennessee et en Floride. James Bailey est d\u00e9c\u00e9d\u00e9 en 2008.&nbsp;<\/p>\n<p><a href=\"http:\/\/www.tributes.com\/obituary\/show\/Clyde-Bradshaw-105614848\" target=\"_blank\"><strong>C. Larry Bradshaw<\/strong><\/a>, 80, de Wenatchee, Washington, est d\u00e9c\u00e9d\u00e9 le 18 d\u00e9cembre. Il \u00e9tait un ministre retrait\u00e9, servant en Alberta et \u00e0 Washington. Il est surv\u00e9cu par sa femme, Glenna Bradshaw.<\/p>\n<p><a href=\"https:\/\/www.turrentinejacksonmorrow.com\/obituaries\/marian-joyce-brunner\" target=\"_blank\"><strong>Marian (Myers) Brunner<\/strong><\/a>, &nbsp;81, d&rsquo;Allen, Texas, est d\u00e9c\u00e9d\u00e9 le 5 janvier. Elle \u00e9tait la femme du ministre retrait\u00e9 Rosswell Brunner, qui a servi au Michigan, au Wisconsin et au Texas.&nbsp;<\/p>\n<p><a href=\"http:\/\/www.tributes.com\/obituary\/show\/Phyllis-J.-Campbell-105698500\" target=\"_blank\"><strong>Phyllis&nbsp;Campbell<\/strong><\/a>, 76, de Findlay, Ohio, est d\u00e9c\u00e9d\u00e9 le 7 janvier. Elle \u00e9tait la veuve du ministre Edgar S. Campbell Jr., qui a servi au Colorado, au Dakota du Nord, au Minnesota, \u00e0 Oklahoma et en Floride. Edgar Campbell est d\u00e9c\u00e9d\u00e9 en 2017.<\/p>\n<p><a href=\"http:\/\/www.nazarene.org\/article\/field-strategy-coordinator-mashangu-maluleka-passes-away\" target=\"_blank\"><strong>Mashangu Maluleka<\/strong><\/a>, 58, d&rsquo;Afrique du Sud est d\u00e9c\u00e9d\u00e9 le 6 janvier. Il \u00e9tait un pasteur &nbsp;et coordonnateur de strat\u00e9gie de champ pour l&rsquo;Afrique du Sud. Il est surv\u00e9cu par sa femme, Souvenez-vous. (<a href=\"http:\/\/www.nazarene.org\/article\/field-strategy-coordinator-mashangu-maluleka-passes-away\" target=\"_blank\">histoire<\/a>)<\/p>\n<p><strong>B. Joe Meade<\/strong>, 81, de Paso Robles, Californie, est d\u00e9c\u00e9d\u00e9 le 20 d\u00e9cembre. Il \u00e9tait un ministre retrait\u00e9, servant au Kansas, au Missouri, au Texas, en Californie, \u00e0 Washington et en Oregon. Il est surv\u00e9cu par sa femme, Marcelina Meade.&nbsp;<\/p>\n<p><strong>Gary Miller<\/strong>, 80, de Midland, Michigan, est d\u00e9c\u00e9d\u00e9 le 9 janvier. Il \u00e9tait un ministre retrait\u00e9, servant au Michigan.<\/p>\n<p><a href=\"http:\/\/www.legacy.com\/obituaries\/timesreporter\/obituary.aspx?page=lifestory&amp;pid=187792210\" target=\"_blank\"><strong>Vernon Morse<\/strong><\/a>, 87, de New Philadelphie, Ohio, est d\u00e9c\u00e9d\u00e9 le 8 janvier. Il \u00e9tait un ministre retrait\u00e9 et \u00e9ducateur, servant en Pennsylvanie, \u00e0 Rhode Island &nbsp;et au Massachusetts. Il est surv\u00e9cu par sa femme, JoAnn (Deem) Morse.&nbsp;<\/p>\n<p><a href=\"http:\/\/www.tributes.com\/obituary\/show\/Steven-W.-Nestor-105624209\" target=\"_blank\"><strong>Steven Nestor<\/strong><\/a>, 65, de Coolville, Ohio, est d\u00e9c\u00e9d\u00e9 le 18 d\u00e9cembre. Il \u00e9tait un ministre, pastant r\u00e9cemment l&rsquo;\u00c9glise de Saint Albans du Nazar\u00e9en en Virginie occidentale. Il est surv\u00e9cu par sa femme, Bonnie Nestor.&nbsp;<\/p>\n<p><a href=\"http:\/\/obits.dignitymemorial.com\/dignity-memorial\/obituary.aspx?n=Orlando-Perdomo&amp;lc=9547&amp;pid=187460951&amp;uuid=38e9073e-8650-4666-bcdb-c12a3d19e2e9\" target=\"_blank\"><strong>Orlando Perdomo<\/strong><\/a>, 91, de Miami, Floride, est d\u00e9c\u00e9d\u00e9 le 6 d\u00e9cembre. Il \u00e9tait un ministre retrait\u00e9, servant en Floride et en Californie. Il est surv\u00e9cu &nbsp;par sa femme, Lidia Perdomo.&nbsp;<\/p>\n<p><a href=\"http:\/\/obits.dignitymemorial.com\/dignity-memorial\/obituary.aspx?n=Darleen+-Redmon&amp;lc=2356&amp;pid=187757079&amp;mid=7711610\" target=\"_blank\"><strong>Darleen (Adamson) Redmon<\/strong><\/a>, 92, de Sugar Hill, Georiga, est d\u00e9c\u00e9d\u00e9 le 3 janvier. Elle \u00e9tait la veuve du ministre retrait\u00e9 Edward Redmon, qui a servi au Kentucky. Edward Redmon est d\u00e9c\u00e9d\u00e9 en 2016.&nbsp;<\/p>\n<p><a href=\"http:\/\/obituaries.sharonherald.com\/obituary\/glenna-smith-1914-2018-1020409952\" target=\"_blank\"><strong>Glenna Smith<\/strong><\/a>, 103, de Grove City, Pennsylvanie, est d\u00e9c\u00e9d\u00e9 le 6 janvier. Elle \u00e9tait la veuve du ministre retrait\u00e9 Homer Smith, qui a servi au Maryland, au Maine, \u00e0 Rhode Island, \u00e0 New York et en Ohio. Homer Smith est d\u00e9c\u00e9d\u00e9 en 2000.&nbsp;<\/p>\n<p><strong><a href=\"http:\/\/www.tributes.com\/obituary\/show\/George-Edward-York-105687481\" target=\"_blank\">George York<\/a><\/strong>, 94 &nbsp;de Pall Mall, Tennessee, est d\u00e9c\u00e9d\u00e9 le 7 janvier. Il \u00e9tait un ministre retrait\u00e9, servant au Tennesse et au Kentucky. Il a \u00e9t\u00e9 pr\u00e9c\u00e9d\u00e9 dans la mort par sa femme, Clara York, qui est d\u00e9c\u00e9d\u00e9e en 1988.<\/p>\n<p>Pour les \u00e9ditions pr\u00e9c\u00e9dentes de <em>Dans Memoriam<\/em>, voir la section \u00ab Passages \u00bb en <a href=\"https:\/\/nazarene.org\/article-posted\/passings\" target=\"_blank\">cliquant ici<\/a>.<\/p>\n<p><em>Note : Veuillez nous rejoindre dans la pri\u00e8re pour les familles qui ont perdu des \u00eatres aim\u00e9s. Cliquez sur les noms pour des histoires compl\u00e8tes, des informations fun\u00e9raires, des n\u00e9crologies locales en ligne et \/ ou des livres d&rsquo;invit\u00e9s (si disponibles). Pour soumettre une entr\u00e9e d&rsquo;un ministre ou d&rsquo;un leader de l&rsquo;\u00c9glise, envoyer \u00e0 <a href=\"mailto:news@nazarene.org\">news@nazarene.org<\/a>.<\/em><\/p>\n<p>Compil\u00e9 par NCN Nouvelles<\/p>\n","protected":false},"excerpt":{"rendered":"<p><img decoding=\"async\" alt=\"\" height=\"400\" src=\"\/sites\/default\/files\/migrated_images\/NCN%20News\/Generic\/In%20Memoriam\/R&lt;\/div&gt;\"><\/p>\n","protected":false},"author":1,"featured_media":0,"menu_order":0,"template":"","news-categories":[],"news-region-taxonomy":[],"news-tag":[817,815],"class_list":["post-53548","news","type-news","status-publish","hentry","news-tag-dans-memoriam","news-tag-passages"],"yoast_head":"<!-- This site is optimized with the Yoast SEO Premium plugin v27.1 (Yoast SEO v27.1.1) - https:\/\/yoast.com\/product\/yoast-seo-premium-wordpress\/ -->\n<title>Dans Memoriam : 12 janvier 2018 - Church of the Nazarene<\/title>\n<meta name=\"robots\" content=\"index, follow, max-snippet:-1, max-image-preview:large, max-video-preview:-1\" \/>\n<link rel=\"canonical\" href=\"https:\/\/nazarene.org\/fr\/news\/dans-memoriam-12-janvier-2018\/\" \/>\n<meta property=\"og:locale\" content=\"fr_FR\" \/>\n<meta property=\"og:type\" content=\"article\" \/>\n<meta property=\"og:title\" content=\"Dans Memoriam : 12 janvier 2018\" \/>\n<meta property=\"og:url\" content=\"https:\/\/nazarene.org\/fr\/news\/dans-memoriam-12-janvier-2018\/\" \/>\n<meta property=\"og:site_name\" content=\"Church of the Nazarene\" \/>\n<meta property=\"article:publisher\" content=\"https:\/\/www.facebook.com\/NazareneOfficial\/\" \/>\n<meta property=\"og:image\" content=\"https:\/\/nazarene.org\/wp-content\/uploads\/migrated_images\/NCN%20News\/Generic\/In%20Memoriam\/RedBarninSnow.jpg\" \/>\n<meta name=\"twitter:card\" content=\"summary_large_image\" \/>\n<meta name=\"twitter:site\" content=\"@Nazarene\" \/>\n<script type=\"application\/ld+json\" class=\"yoast-schema-graph\">{\"@context\":\"https:\/\/schema.org\",\"@graph\":[{\"@type\":\"WebPage\",\"@id\":\"https:\/\/nazarene.org\/fr\/news\/dans-memoriam-12-janvier-2018\/\",\"url\":\"https:\/\/nazarene.org\/fr\/news\/dans-memoriam-12-janvier-2018\/\",\"name\":\"Dans Memoriam : 12 janvier 2018 - Church of the Nazarene\",\"isPartOf\":{\"@id\":\"https:\/\/nazarene.org\/fr\/#website\"},\"primaryImageOfPage\":{\"@id\":\"https:\/\/nazarene.org\/fr\/news\/dans-memoriam-12-janvier-2018\/#primaryimage\"},\"image\":{\"@id\":\"https:\/\/nazarene.org\/fr\/news\/dans-memoriam-12-janvier-2018\/#primaryimage\"},\"thumbnailUrl\":\"https:\/\/nazarene.org\/wp-content\/uploads\/migrated_images\/NCN%20News\/Generic\/In%20Memoriam\/RedBarninSnow.jpg\",\"datePublished\":\"2019-07-10T05:00:00+00:00\",\"breadcrumb\":{\"@id\":\"https:\/\/nazarene.org\/fr\/news\/dans-memoriam-12-janvier-2018\/#breadcrumb\"},\"inLanguage\":\"fr-FR\",\"potentialAction\":[{\"@type\":\"ReadAction\",\"target\":[\"https:\/\/nazarene.org\/fr\/news\/dans-memoriam-12-janvier-2018\/\"]}]},{\"@type\":\"ImageObject\",\"inLanguage\":\"fr-FR\",\"@id\":\"https:\/\/nazarene.org\/fr\/news\/dans-memoriam-12-janvier-2018\/#primaryimage\",\"url\":\"https:\/\/nazarene.org\/wp-content\/uploads\/migrated_images\/NCN%20News\/Generic\/In%20Memoriam\/RedBarninSnow.jpg\",\"contentUrl\":\"https:\/\/nazarene.org\/wp-content\/uploads\/migrated_images\/NCN%20News\/Generic\/In%20Memoriam\/RedBarninSnow.jpg\"},{\"@type\":\"BreadcrumbList\",\"@id\":\"https:\/\/nazarene.org\/fr\/news\/dans-memoriam-12-janvier-2018\/#breadcrumb\",\"itemListElement\":[{\"@type\":\"ListItem\",\"position\":1,\"name\":\"Home\",\"item\":\"https:\/\/nazarene.org\/fr\/\"},{\"@type\":\"ListItem\",\"position\":2,\"name\":\"News\",\"item\":\"https:\/\/nazarene.org\/fr\/news\/\"},{\"@type\":\"ListItem\",\"position\":3,\"name\":\"Dans Memoriam : 12 janvier 2018\"}]},{\"@type\":\"WebSite\",\"@id\":\"https:\/\/nazarene.org\/fr\/#website\",\"url\":\"https:\/\/nazarene.org\/fr\/\",\"name\":\"Church of the Nazarene\",\"description\":\"Making Christlike Disciples in the Nations\",\"publisher\":{\"@id\":\"https:\/\/nazarene.org\/fr\/#organization\"},\"potentialAction\":[{\"@type\":\"SearchAction\",\"target\":{\"@type\":\"EntryPoint\",\"urlTemplate\":\"https:\/\/nazarene.org\/fr\/?s={search_term_string}\"},\"query-input\":{\"@type\":\"PropertyValueSpecification\",\"valueRequired\":true,\"valueName\":\"search_term_string\"}}],\"inLanguage\":\"fr-FR\"},{\"@type\":\"Organization\",\"@id\":\"https:\/\/nazarene.org\/fr\/#organization\",\"name\":\"Church of the Nazarene\",\"url\":\"https:\/\/nazarene.org\/fr\/\",\"logo\":{\"@type\":\"ImageObject\",\"inLanguage\":\"fr-FR\",\"@id\":\"https:\/\/nazarene.org\/fr\/#\/schema\/logo\/image\/\",\"url\":\"https:\/\/nazarene.org\/wp-content\/uploads\/2024\/06\/Naz_Desktop_Black_Logo-1.svg\",\"contentUrl\":\"https:\/\/nazarene.org\/wp-content\/uploads\/2024\/06\/Naz_Desktop_Black_Logo-1.svg\",\"width\":258,\"height\":36,\"caption\":\"Church of the Nazarene\"},\"image\":{\"@id\":\"https:\/\/nazarene.org\/fr\/#\/schema\/logo\/image\/\"},\"sameAs\":[\"https:\/\/www.facebook.com\/NazareneOfficial\/\",\"https:\/\/x.com\/Nazarene\",\"https:\/\/www.instagram.com\/nazareneofficial\/\"]}]}<\/script>\n<!-- \/ Yoast SEO Premium plugin. -->","yoast_head_json":{"title":"Dans Memoriam : 12 janvier 2018 - Church of the Nazarene","robots":{"index":"index","follow":"follow","max-snippet":"max-snippet:-1","max-image-preview":"max-image-preview:large","max-video-preview":"max-video-preview:-1"},"canonical":"https:\/\/nazarene.org\/fr\/news\/dans-memoriam-12-janvier-2018\/","og_locale":"fr_FR","og_type":"article","og_title":"Dans Memoriam : 12 janvier 2018","og_url":"https:\/\/nazarene.org\/fr\/news\/dans-memoriam-12-janvier-2018\/","og_site_name":"Church of the Nazarene","article_publisher":"https:\/\/www.facebook.com\/NazareneOfficial\/","og_image":[{"url":"https:\/\/nazarene.org\/wp-content\/uploads\/migrated_images\/NCN%20News\/Generic\/In%20Memoriam\/RedBarninSnow.jpg","type":"","width":"","height":""}],"twitter_card":"summary_large_image","twitter_site":"@Nazarene","schema":{"@context":"https:\/\/schema.org","@graph":[{"@type":"WebPage","@id":"https:\/\/nazarene.org\/fr\/news\/dans-memoriam-12-janvier-2018\/","url":"https:\/\/nazarene.org\/fr\/news\/dans-memoriam-12-janvier-2018\/","name":"Dans Memoriam : 12 janvier 2018 - Church of the Nazarene","isPartOf":{"@id":"https:\/\/nazarene.org\/fr\/#website"},"primaryImageOfPage":{"@id":"https:\/\/nazarene.org\/fr\/news\/dans-memoriam-12-janvier-2018\/#primaryimage"},"image":{"@id":"https:\/\/nazarene.org\/fr\/news\/dans-memoriam-12-janvier-2018\/#primaryimage"},"thumbnailUrl":"https:\/\/nazarene.org\/wp-content\/uploads\/migrated_images\/NCN%20News\/Generic\/In%20Memoriam\/RedBarninSnow.jpg","datePublished":"2019-07-10T05:00:00+00:00","breadcrumb":{"@id":"https:\/\/nazarene.org\/fr\/news\/dans-memoriam-12-janvier-2018\/#breadcrumb"},"inLanguage":"fr-FR","potentialAction":[{"@type":"ReadAction","target":["https:\/\/nazarene.org\/fr\/news\/dans-memoriam-12-janvier-2018\/"]}]},{"@type":"ImageObject","inLanguage":"fr-FR","@id":"https:\/\/nazarene.org\/fr\/news\/dans-memoriam-12-janvier-2018\/#primaryimage","url":"https:\/\/nazarene.org\/wp-content\/uploads\/migrated_images\/NCN%20News\/Generic\/In%20Memoriam\/RedBarninSnow.jpg","contentUrl":"https:\/\/nazarene.org\/wp-content\/uploads\/migrated_images\/NCN%20News\/Generic\/In%20Memoriam\/RedBarninSnow.jpg"},{"@type":"BreadcrumbList","@id":"https:\/\/nazarene.org\/fr\/news\/dans-memoriam-12-janvier-2018\/#breadcrumb","itemListElement":[{"@type":"ListItem","position":1,"name":"Home","item":"https:\/\/nazarene.org\/fr\/"},{"@type":"ListItem","position":2,"name":"News","item":"https:\/\/nazarene.org\/fr\/news\/"},{"@type":"ListItem","position":3,"name":"Dans Memoriam : 12 janvier 2018"}]},{"@type":"WebSite","@id":"https:\/\/nazarene.org\/fr\/#website","url":"https:\/\/nazarene.org\/fr\/","name":"Church of the Nazarene","description":"Making Christlike Disciples in the Nations","publisher":{"@id":"https:\/\/nazarene.org\/fr\/#organization"},"potentialAction":[{"@type":"SearchAction","target":{"@type":"EntryPoint","urlTemplate":"https:\/\/nazarene.org\/fr\/?s={search_term_string}"},"query-input":{"@type":"PropertyValueSpecification","valueRequired":true,"valueName":"search_term_string"}}],"inLanguage":"fr-FR"},{"@type":"Organization","@id":"https:\/\/nazarene.org\/fr\/#organization","name":"Church of the Nazarene","url":"https:\/\/nazarene.org\/fr\/","logo":{"@type":"ImageObject","inLanguage":"fr-FR","@id":"https:\/\/nazarene.org\/fr\/#\/schema\/logo\/image\/","url":"https:\/\/nazarene.org\/wp-content\/uploads\/2024\/06\/Naz_Desktop_Black_Logo-1.svg","contentUrl":"https:\/\/nazarene.org\/wp-content\/uploads\/2024\/06\/Naz_Desktop_Black_Logo-1.svg","width":258,"height":36,"caption":"Church of the Nazarene"},"image":{"@id":"https:\/\/nazarene.org\/fr\/#\/schema\/logo\/image\/"},"sameAs":["https:\/\/www.facebook.com\/NazareneOfficial\/","https:\/\/x.com\/Nazarene","https:\/\/www.instagram.com\/nazareneofficial\/"]}]}},"_links":{"self":[{"href":"https:\/\/nazarene.org\/fr\/wp-json\/wp\/v2\/news\/53548","targetHints":{"allow":["GET"]}}],"collection":[{"href":"https:\/\/nazarene.org\/fr\/wp-json\/wp\/v2\/news"}],"about":[{"href":"https:\/\/nazarene.org\/fr\/wp-json\/wp\/v2\/types\/news"}],"author":[{"embeddable":true,"href":"https:\/\/nazarene.org\/fr\/wp-json\/wp\/v2\/users\/1"}],"version-history":[{"count":0,"href":"https:\/\/nazarene.org\/fr\/wp-json\/wp\/v2\/news\/53548\/revisions"}],"wp:attachment":[{"href":"https:\/\/nazarene.org\/fr\/wp-json\/wp\/v2\/media?parent=53548"}],"wp:term":[{"taxonomy":"news-categories","embeddable":true,"href":"https:\/\/nazarene.org\/fr\/wp-json\/wp\/v2\/news-categories?post=53548"},{"taxonomy":"news-region-taxonomy","embeddable":true,"href":"https:\/\/nazarene.org\/fr\/wp-json\/wp\/v2\/news-region-taxonomy?post=53548"},{"taxonomy":"news-tag","embeddable":true,"href":"https:\/\/nazarene.org\/fr\/wp-json\/wp\/v2\/news-tag?post=53548"}],"curies":[{"name":"wp","href":"https:\/\/api.w.org\/{rel}","templated":true}]}}