{"id":53514,"date":"2019-07-10T00:00:00","date_gmt":"2019-07-10T05:00:00","guid":{"rendered":"https:\/\/nazarene.org\/news\/dans-memoriam-15-decembre-2017\/"},"modified":"2019-07-10T00:00:00","modified_gmt":"2019-07-10T05:00:00","slug":"dans-memoriam-15-decembre-2017","status":"publish","type":"news","link":"https:\/\/nazarene.org\/fr\/news\/dans-memoriam-15-decembre-2017\/","title":{"rendered":"Dans Memoriam : 15 d\u00e9cembre 2017"},"content":{"rendered":"<p><img fetchpriority=\"high\" decoding=\"async\" alt=\"\" height=\"400\" src=\"https:\/\/nazarene.org\/wp-content\/uploads\/migrated_images\/NCN%20News\/Generic\/In%20Memoriam\/IcyBuds.jpg\" width=\"750\"><\/p>\n<p>Ce qui suit est une liste hebdomadaire de ministres et de leaders nazar\u00e9ens qui sont r\u00e9cemment all\u00e9s \u00e0 la maison pour \u00eatre avec le Seigneur. Les avis ont \u00e9t\u00e9 re\u00e7us 11-15 &nbsp;d\u00e9cembre2017.<\/p>\n<p><a href=\"http:\/\/www.legacy.com\/obituaries\/charlotte\/obituary.aspx?page=lifestory&amp;pid=187481119\" target=\"_blank\"><strong>Martha (West) Andress<\/strong><\/a>, 89, de Gastonia, Caroline du Nord, est d\u00e9c\u00e9d\u00e9 le 7 d\u00e9cembre. Elle \u00e9tait la femme du ministre retrait\u00e9 Robert Andress, qui a servi en Virginie occidentale &nbsp;et en Caroline du Nord.<\/p>\n<p><a href=\"http:\/\/strodefh.com\/book-of-memories\/3361267\/Bishop-Jacqueline\/obituary.php\" target=\"_blank\"><strong>Jacqueline Ingersol Bishop<\/strong><\/a>, 89, de Stillwater, Oklahoma, est d\u00e9c\u00e9d\u00e9 le 29 novembre. Elle \u00e9tait une pianiste et pr\u00e9sidente des missions.&nbsp;<\/p>\n<p><a href=\"http:\/\/www.legacy.com\/obituaries\/name\/Montague-Burnsed-obituary?pid=187538114\" target=\"_blank\"><strong>M. G. Burnsed Jr.<\/strong><\/a>, 96, d&rsquo;Orlando, Floride, est d\u00e9c\u00e9d\u00e9 le 13 d\u00e9cembre. Il \u00e9tait un ministre retrait\u00e9, servant en Floride. Il est surv\u00e9cu par sa femme, Sara Burnsed.&nbsp;<\/p>\n<p><a href=\"https:\/\/www.meaningfulfunerals.net\/fh\/obituaries\/obituary.cfm?CFID=c69859c3-15ee-4c82-bebd-3ba59f2b1c95&amp;CFTOKEN=0&amp;o_id=4474167&amp;fh_id=14576\" target=\"_blank\"><strong>Arliss (Hethcote) Drabenstot<\/strong><\/a>, 94, de Huntington, Indiana, est d\u00e9c\u00e9d\u00e9 le 13 d\u00e9cembre. Elle \u00e9tait la veuve du ministre retrait\u00e9 George Drabenstot, qui a servi \u00e0 Indiana. George Drabenstot est d\u00e9c\u00e9d\u00e9 en 1997.&nbsp;<\/p>\n<p><a href=\"http:\/\/yourlifemoments.ca\/sitepages\/obituary.asp?oid=1046787\" target=\"_blank\"><strong>Dorothea (Lemon) Muxworthy<\/strong><\/a>, 90, de Langley, Colombie-britannique, Canada, est d\u00e9c\u00e9d\u00e9 le 18 octobre. Elle \u00e9tait la femme du ministre retrait\u00e9 Charles Muxworthy, qui a servi en Ontario, en Alberta et en Californie et a dirig\u00e9 le district pacifique du Canada.&nbsp;<\/p>\n<p>Pour les \u00e9ditions pr\u00e9c\u00e9dentes de <em>Dans Memoriam<\/em>, voir la section \u00ab Passages \u00bb en <a href=\"https:\/\/nazarene.org\/article-posted\/passings\" target=\"_blank\">cliquant ici<\/a>.<\/p>\n<p><em>Note : Veuillez nous rejoindre dans la pri\u00e8re pour les familles qui ont perdu des \u00eatres aim\u00e9s. Cliquez sur les noms pour des histoires compl\u00e8tes, des informations fun\u00e9raires, des n\u00e9crologies locales en ligne et \/ ou des livres d&rsquo;invit\u00e9s (si disponibles). Pour soumettre une entr\u00e9e d&rsquo;un ministre ou d&rsquo;un leader de l&rsquo;\u00c9glise, envoyer \u00e0 <a href=\"mailto:news@nazarene.org\">news@nazarene.org<\/a>.<\/em><\/p>\n<p>Compil\u00e9 par NCN Nouvelles<\/p>\n","protected":false},"excerpt":{"rendered":"<p><img decoding=\"async\" alt=\"\" height=\"400\" src=\"\/sites\/default\/files\/migrated_images\/NCN%20News\/Generic\/In%20Memoriam\/I&lt;\/div&gt;\"><\/p>\n","protected":false},"author":1,"featured_media":0,"menu_order":0,"template":"","news-categories":[],"news-region-taxonomy":[],"news-tag":[817,815],"class_list":["post-53514","news","type-news","status-publish","hentry","news-tag-dans-memoriam","news-tag-passages"],"yoast_head":"<!-- This site is optimized with the Yoast SEO Premium plugin v27.1 (Yoast SEO v27.1.1) - https:\/\/yoast.com\/product\/yoast-seo-premium-wordpress\/ -->\n<title>Dans Memoriam : 15 d\u00e9cembre 2017 - Church of the Nazarene<\/title>\n<meta name=\"robots\" content=\"index, follow, max-snippet:-1, max-image-preview:large, max-video-preview:-1\" \/>\n<link rel=\"canonical\" href=\"https:\/\/nazarene.org\/fr\/news\/dans-memoriam-15-decembre-2017\/\" \/>\n<meta property=\"og:locale\" content=\"fr_FR\" \/>\n<meta property=\"og:type\" content=\"article\" \/>\n<meta property=\"og:title\" content=\"Dans Memoriam : 15 d\u00e9cembre 2017\" \/>\n<meta property=\"og:url\" content=\"https:\/\/nazarene.org\/fr\/news\/dans-memoriam-15-decembre-2017\/\" \/>\n<meta property=\"og:site_name\" content=\"Church of the Nazarene\" \/>\n<meta property=\"article:publisher\" content=\"https:\/\/www.facebook.com\/NazareneOfficial\/\" \/>\n<meta property=\"og:image\" content=\"https:\/\/nazarene.org\/wp-content\/uploads\/migrated_images\/NCN%20News\/Generic\/In%20Memoriam\/IcyBuds.jpg\" \/>\n<meta name=\"twitter:card\" content=\"summary_large_image\" \/>\n<meta name=\"twitter:site\" content=\"@Nazarene\" \/>\n<script type=\"application\/ld+json\" class=\"yoast-schema-graph\">{\"@context\":\"https:\/\/schema.org\",\"@graph\":[{\"@type\":\"WebPage\",\"@id\":\"https:\/\/nazarene.org\/fr\/news\/dans-memoriam-15-decembre-2017\/\",\"url\":\"https:\/\/nazarene.org\/fr\/news\/dans-memoriam-15-decembre-2017\/\",\"name\":\"Dans Memoriam : 15 d\u00e9cembre 2017 - Church of the Nazarene\",\"isPartOf\":{\"@id\":\"https:\/\/nazarene.org\/fr\/#website\"},\"primaryImageOfPage\":{\"@id\":\"https:\/\/nazarene.org\/fr\/news\/dans-memoriam-15-decembre-2017\/#primaryimage\"},\"image\":{\"@id\":\"https:\/\/nazarene.org\/fr\/news\/dans-memoriam-15-decembre-2017\/#primaryimage\"},\"thumbnailUrl\":\"https:\/\/nazarene.org\/wp-content\/uploads\/migrated_images\/NCN%20News\/Generic\/In%20Memoriam\/IcyBuds.jpg\",\"datePublished\":\"2019-07-10T05:00:00+00:00\",\"breadcrumb\":{\"@id\":\"https:\/\/nazarene.org\/fr\/news\/dans-memoriam-15-decembre-2017\/#breadcrumb\"},\"inLanguage\":\"fr-FR\",\"potentialAction\":[{\"@type\":\"ReadAction\",\"target\":[\"https:\/\/nazarene.org\/fr\/news\/dans-memoriam-15-decembre-2017\/\"]}]},{\"@type\":\"ImageObject\",\"inLanguage\":\"fr-FR\",\"@id\":\"https:\/\/nazarene.org\/fr\/news\/dans-memoriam-15-decembre-2017\/#primaryimage\",\"url\":\"https:\/\/nazarene.org\/wp-content\/uploads\/migrated_images\/NCN%20News\/Generic\/In%20Memoriam\/IcyBuds.jpg\",\"contentUrl\":\"https:\/\/nazarene.org\/wp-content\/uploads\/migrated_images\/NCN%20News\/Generic\/In%20Memoriam\/IcyBuds.jpg\"},{\"@type\":\"BreadcrumbList\",\"@id\":\"https:\/\/nazarene.org\/fr\/news\/dans-memoriam-15-decembre-2017\/#breadcrumb\",\"itemListElement\":[{\"@type\":\"ListItem\",\"position\":1,\"name\":\"Home\",\"item\":\"https:\/\/nazarene.org\/fr\/\"},{\"@type\":\"ListItem\",\"position\":2,\"name\":\"News\",\"item\":\"https:\/\/nazarene.org\/fr\/news\/\"},{\"@type\":\"ListItem\",\"position\":3,\"name\":\"Dans Memoriam : 15 d\u00e9cembre 2017\"}]},{\"@type\":\"WebSite\",\"@id\":\"https:\/\/nazarene.org\/fr\/#website\",\"url\":\"https:\/\/nazarene.org\/fr\/\",\"name\":\"Church of the Nazarene\",\"description\":\"Making Christlike Disciples in the Nations\",\"publisher\":{\"@id\":\"https:\/\/nazarene.org\/fr\/#organization\"},\"potentialAction\":[{\"@type\":\"SearchAction\",\"target\":{\"@type\":\"EntryPoint\",\"urlTemplate\":\"https:\/\/nazarene.org\/fr\/?s={search_term_string}\"},\"query-input\":{\"@type\":\"PropertyValueSpecification\",\"valueRequired\":true,\"valueName\":\"search_term_string\"}}],\"inLanguage\":\"fr-FR\"},{\"@type\":\"Organization\",\"@id\":\"https:\/\/nazarene.org\/fr\/#organization\",\"name\":\"Church of the Nazarene\",\"url\":\"https:\/\/nazarene.org\/fr\/\",\"logo\":{\"@type\":\"ImageObject\",\"inLanguage\":\"fr-FR\",\"@id\":\"https:\/\/nazarene.org\/fr\/#\/schema\/logo\/image\/\",\"url\":\"https:\/\/nazarene.org\/wp-content\/uploads\/2024\/06\/Naz_Desktop_Black_Logo-1.svg\",\"contentUrl\":\"https:\/\/nazarene.org\/wp-content\/uploads\/2024\/06\/Naz_Desktop_Black_Logo-1.svg\",\"width\":258,\"height\":36,\"caption\":\"Church of the Nazarene\"},\"image\":{\"@id\":\"https:\/\/nazarene.org\/fr\/#\/schema\/logo\/image\/\"},\"sameAs\":[\"https:\/\/www.facebook.com\/NazareneOfficial\/\",\"https:\/\/x.com\/Nazarene\",\"https:\/\/www.instagram.com\/nazareneofficial\/\"]}]}<\/script>\n<!-- \/ Yoast SEO Premium plugin. -->","yoast_head_json":{"title":"Dans Memoriam : 15 d\u00e9cembre 2017 - Church of the Nazarene","robots":{"index":"index","follow":"follow","max-snippet":"max-snippet:-1","max-image-preview":"max-image-preview:large","max-video-preview":"max-video-preview:-1"},"canonical":"https:\/\/nazarene.org\/fr\/news\/dans-memoriam-15-decembre-2017\/","og_locale":"fr_FR","og_type":"article","og_title":"Dans Memoriam : 15 d\u00e9cembre 2017","og_url":"https:\/\/nazarene.org\/fr\/news\/dans-memoriam-15-decembre-2017\/","og_site_name":"Church of the Nazarene","article_publisher":"https:\/\/www.facebook.com\/NazareneOfficial\/","og_image":[{"url":"https:\/\/nazarene.org\/wp-content\/uploads\/migrated_images\/NCN%20News\/Generic\/In%20Memoriam\/IcyBuds.jpg","type":"","width":"","height":""}],"twitter_card":"summary_large_image","twitter_site":"@Nazarene","schema":{"@context":"https:\/\/schema.org","@graph":[{"@type":"WebPage","@id":"https:\/\/nazarene.org\/fr\/news\/dans-memoriam-15-decembre-2017\/","url":"https:\/\/nazarene.org\/fr\/news\/dans-memoriam-15-decembre-2017\/","name":"Dans Memoriam : 15 d\u00e9cembre 2017 - Church of the Nazarene","isPartOf":{"@id":"https:\/\/nazarene.org\/fr\/#website"},"primaryImageOfPage":{"@id":"https:\/\/nazarene.org\/fr\/news\/dans-memoriam-15-decembre-2017\/#primaryimage"},"image":{"@id":"https:\/\/nazarene.org\/fr\/news\/dans-memoriam-15-decembre-2017\/#primaryimage"},"thumbnailUrl":"https:\/\/nazarene.org\/wp-content\/uploads\/migrated_images\/NCN%20News\/Generic\/In%20Memoriam\/IcyBuds.jpg","datePublished":"2019-07-10T05:00:00+00:00","breadcrumb":{"@id":"https:\/\/nazarene.org\/fr\/news\/dans-memoriam-15-decembre-2017\/#breadcrumb"},"inLanguage":"fr-FR","potentialAction":[{"@type":"ReadAction","target":["https:\/\/nazarene.org\/fr\/news\/dans-memoriam-15-decembre-2017\/"]}]},{"@type":"ImageObject","inLanguage":"fr-FR","@id":"https:\/\/nazarene.org\/fr\/news\/dans-memoriam-15-decembre-2017\/#primaryimage","url":"https:\/\/nazarene.org\/wp-content\/uploads\/migrated_images\/NCN%20News\/Generic\/In%20Memoriam\/IcyBuds.jpg","contentUrl":"https:\/\/nazarene.org\/wp-content\/uploads\/migrated_images\/NCN%20News\/Generic\/In%20Memoriam\/IcyBuds.jpg"},{"@type":"BreadcrumbList","@id":"https:\/\/nazarene.org\/fr\/news\/dans-memoriam-15-decembre-2017\/#breadcrumb","itemListElement":[{"@type":"ListItem","position":1,"name":"Home","item":"https:\/\/nazarene.org\/fr\/"},{"@type":"ListItem","position":2,"name":"News","item":"https:\/\/nazarene.org\/fr\/news\/"},{"@type":"ListItem","position":3,"name":"Dans Memoriam : 15 d\u00e9cembre 2017"}]},{"@type":"WebSite","@id":"https:\/\/nazarene.org\/fr\/#website","url":"https:\/\/nazarene.org\/fr\/","name":"Church of the Nazarene","description":"Making Christlike Disciples in the Nations","publisher":{"@id":"https:\/\/nazarene.org\/fr\/#organization"},"potentialAction":[{"@type":"SearchAction","target":{"@type":"EntryPoint","urlTemplate":"https:\/\/nazarene.org\/fr\/?s={search_term_string}"},"query-input":{"@type":"PropertyValueSpecification","valueRequired":true,"valueName":"search_term_string"}}],"inLanguage":"fr-FR"},{"@type":"Organization","@id":"https:\/\/nazarene.org\/fr\/#organization","name":"Church of the Nazarene","url":"https:\/\/nazarene.org\/fr\/","logo":{"@type":"ImageObject","inLanguage":"fr-FR","@id":"https:\/\/nazarene.org\/fr\/#\/schema\/logo\/image\/","url":"https:\/\/nazarene.org\/wp-content\/uploads\/2024\/06\/Naz_Desktop_Black_Logo-1.svg","contentUrl":"https:\/\/nazarene.org\/wp-content\/uploads\/2024\/06\/Naz_Desktop_Black_Logo-1.svg","width":258,"height":36,"caption":"Church of the Nazarene"},"image":{"@id":"https:\/\/nazarene.org\/fr\/#\/schema\/logo\/image\/"},"sameAs":["https:\/\/www.facebook.com\/NazareneOfficial\/","https:\/\/x.com\/Nazarene","https:\/\/www.instagram.com\/nazareneofficial\/"]}]}},"_links":{"self":[{"href":"https:\/\/nazarene.org\/fr\/wp-json\/wp\/v2\/news\/53514","targetHints":{"allow":["GET"]}}],"collection":[{"href":"https:\/\/nazarene.org\/fr\/wp-json\/wp\/v2\/news"}],"about":[{"href":"https:\/\/nazarene.org\/fr\/wp-json\/wp\/v2\/types\/news"}],"author":[{"embeddable":true,"href":"https:\/\/nazarene.org\/fr\/wp-json\/wp\/v2\/users\/1"}],"version-history":[{"count":0,"href":"https:\/\/nazarene.org\/fr\/wp-json\/wp\/v2\/news\/53514\/revisions"}],"wp:attachment":[{"href":"https:\/\/nazarene.org\/fr\/wp-json\/wp\/v2\/media?parent=53514"}],"wp:term":[{"taxonomy":"news-categories","embeddable":true,"href":"https:\/\/nazarene.org\/fr\/wp-json\/wp\/v2\/news-categories?post=53514"},{"taxonomy":"news-region-taxonomy","embeddable":true,"href":"https:\/\/nazarene.org\/fr\/wp-json\/wp\/v2\/news-region-taxonomy?post=53514"},{"taxonomy":"news-tag","embeddable":true,"href":"https:\/\/nazarene.org\/fr\/wp-json\/wp\/v2\/news-tag?post=53514"}],"curies":[{"name":"wp","href":"https:\/\/api.w.org\/{rel}","templated":true}]}}