{"id":53355,"date":"2019-07-10T00:00:00","date_gmt":"2019-07-10T05:00:00","guid":{"rendered":"https:\/\/nazarene.org\/news\/surintendant-general-pour-parler-a-la-celebration-de-la-reforme-protestante\/"},"modified":"2019-07-10T00:00:00","modified_gmt":"2019-07-10T05:00:00","slug":"surintendant-general-pour-parler-a-la-celebration-de-la-reforme-protestante","status":"publish","type":"news","link":"https:\/\/nazarene.org\/fr\/news\/surintendant-general-pour-parler-a-la-celebration-de-la-reforme-protestante\/","title":{"rendered":"Surintendant g\u00e9n\u00e9ral pour parler \u00e0 la c\u00e9l\u00e9bration de la r\u00e9forme protestante"},"content":{"rendered":"<p><img fetchpriority=\"high\" decoding=\"async\" alt=\"\" height=\"400\" src=\"https:\/\/nazarene.org\/wp-content\/uploads\/migrated_images\/NCN%20News\/Resources\/WittenburgCongress2017b.jpg\" width=\"750\"><\/p>\n<p>Le Congr\u00e8s de Wittenberg 2017, un rassemblement mondial unique de plus de 750 leaders chr\u00e9tiens, sera tenu le 30 octobre &nbsp;&#8211; 1 novembre &nbsp;en liaison avec le 500e anniversaire des 95 th\u00e8ses de Martin Luther. H\u00e9berg\u00e9 par le R\u00e9seau mondial de l&rsquo;\u00c9glise, le sommet comportera des pr\u00e9sentations de plus de 30 orateurs chr\u00e9tiens, y compris le surintendant g\u00e9n\u00e9ral de l&rsquo;\u00c9glise du Nazar\u00e9en Gustavo A. Crocker.<\/p>\n<p>Cet \u00e9v\u00e9nement une fois dans une vie rassemblera des leaders de chaque d\u00e9nomination chr\u00e9tienne majeure pour synergiquer les efforts pour faire cro\u00eetre de mani\u00e8re exponentielle la taille de l&rsquo;\u00c9glise mondiale \u00bb, a &nbsp;d\u00e9clar\u00e9 Leonard Sweet, co-h\u00f4te du Congr\u00e8s de Wittenberg 2017. Ceux qui assistent seront renouvel\u00e9s dans leur c\u0153ur pour la Parole de Dieu, revivifi\u00e9s dans leur esprit vers le Corps du Christ et lib\u00e9r\u00e9s pour aller et terminer 2030 dans notre vie. \u00ab\u00a0<\/p>\n<p>Le Congr\u00e8s de Wittenberg 2017 se r\u00e9unira \u00e0 l&rsquo;H\u00f4tel Maritim Berlin cinq \u00e9toiles \u00e0 Berlin pour les cinq premi\u00e8res sessions. Le 1 novembre, la session de cl\u00f4ture du sommet sera tenue \u00e0 l&rsquo;\u00c9glise du ch\u00e2teau \u00e0 Wittenberg, l&rsquo;endroit historique o\u00f9 Martin Luther a clou\u00e9 ses 95 Th\u00e8ses \u00e0 la porte et o\u00f9 il a \u00e9t\u00e9 enterr\u00e9 plus tard.<\/p>\n<p>C&rsquo;\u00e9tait le 1 novembre &nbsp;1517 lorsque les gens sont arriv\u00e9s \u00e0 l&rsquo;\u00c9glise pour la Journ\u00e9e de tous les saints, que les 95 Th\u00e8ses ont \u00e9t\u00e9 d&rsquo;abord lues et contempl\u00e9es par le public \u00bb, a &nbsp;d\u00e9clar\u00e9 James O. Davis, fondateur \/ pr\u00e9sident du R\u00e9seau mondial de l&rsquo;\u00c9glise et co-h\u00f4te du Congr\u00e8s de Wittenberg 2017. Il est appropri\u00e9 que le dernier jour de notre congr\u00e8s aura lieu \u00e0 l&rsquo;\u00c9glise du ch\u00e2teau au 500e anniversaire du premier jour de la R\u00e9forme protestante. \u00ab\u00a0<\/p>\n<p>Les pr\u00e9sentateurs du Congr\u00e8s de Wittenberg 2017 comprennent :<\/p>\n<table style=\"width:100%\">\n<tbody>\n<tr>\n<td>Dr Samson O. Ayokunle<\/td>\n<td>R\u00e9v\u00e9rend Eddy Leo<\/td>\n<td>Dr John Sorensen<\/td>\n<\/tr>\n<tr>\n<td>Dr. Doug Beacham<\/td>\n<td>Dr. Ron Luce<\/td>\n<td>R\u00e9v\u00e9rend Hartmut Steeb<\/td>\n<\/tr>\n<tr>\n<td>Dr. Glenn Burris<\/td>\n<td>Dr. Jo Anne Lyon<\/td>\n<td>Dr. Leonard Sweet<\/td>\n<\/tr>\n<tr>\n<td>Dr Jan von Camphausen<\/td>\n<td>Dr Alex Mitala<\/td>\n<td>Dr. Efraim Tendero<\/td>\n<\/tr>\n<tr>\n<td>Dr Chuck Conniry<\/td>\n<td>Dr David Mohan<\/td>\n<td>Dr. Kenneth C. Ulmer<\/td>\n<\/tr>\n<tr>\n<td>Dr. Gustavo Crocker<\/td>\n<td>R\u00e9v\u00e9rend Peter Mortlock<\/td>\n<td>Peter Wenz<\/td>\n<\/tr>\n<tr>\n<td>Dr James O. Davis<\/td>\n<td>Pasteur Poncho Murguia<\/td>\n<td>Dr. George O. Wood<\/td>\n<\/tr>\n<tr>\n<td>Dr. Leon Fontaine<\/td>\n<td>R\u00e9v\u00e9rend Samuel Rodriguez<\/td>\n<td>R\u00e9v\u00e9rend Lazarus Yeghnazar<\/td>\n<\/tr>\n<tr>\n<td>Dr. Timothy Hill<\/td>\n<td>Dr. Heinrich Christian Rust<\/td>\n<td>Dr. Byoungho Zoh<\/td>\n<\/tr>\n<tr>\n<td>R\u00e9v\u00e9rend Johannes Justus<\/td>\n<td>R\u00e9v\u00e9rend Alberto Salcedo<\/td>\n<td>Dr. P. Douglas Small<\/td>\n<\/tr>\n<tr>\n<td>Dr Suliasi Kurulo<\/td>\n<td>Dr David Sobrepena<\/td>\n<\/tr>\n<\/tbody>\n<\/table>\n<p>Le Congr\u00e8s de Wittenberg 2017 sera diffus\u00e9 en direct exclusivement sur billion.tv pour des millions de personnes du monde entier pour suivre tous les \u00e9v\u00e9nements du sommet de 3 jours.<\/p>\n<p>Pour plus d&rsquo;informations, visitez <a href=\"http:\/\/luther2017.tv\/\" target=\"_blank\">luther2017.tv<\/a>.<\/p>\n<p>&nbsp;<\/p>\n<p>Li\u00e9 : <a href=\"http:\/\/www.holinesstoday.org\/reformations-of-the-church\" target=\"_blank\">La R\u00e9forme (s) de l&rsquo;\u00c9glise \u00bb (via <em>Saintet\u00e9 aujourd&rsquo;hui<\/em>)<\/a><\/p>\n","protected":false},"excerpt":{"rendered":"<p><img decoding=\"async\" alt=\"\" height=\"400\" src=\"\/sites\/default\/files\/migrated_images\/NCN%20News\/Resources\/WittenburgC&lt;\/div&gt;\"><\/p>\n","protected":false},"author":1,"featured_media":0,"menu_order":0,"template":"","news-categories":[],"news-region-taxonomy":[],"news-tag":[1671,1486],"class_list":["post-53355","news","type-news","status-publish","hentry","news-tag-bgs-fr","news-tag-ressources"],"yoast_head":"<!-- This site is optimized with the Yoast SEO Premium plugin v27.1 (Yoast SEO v27.1.1) - https:\/\/yoast.com\/product\/yoast-seo-premium-wordpress\/ -->\n<title>Surintendant g\u00e9n\u00e9ral pour parler \u00e0 la c\u00e9l\u00e9bration de la r\u00e9forme protestante - Church of the Nazarene<\/title>\n<meta name=\"robots\" content=\"index, follow, max-snippet:-1, max-image-preview:large, max-video-preview:-1\" \/>\n<link rel=\"canonical\" href=\"https:\/\/nazarene.org\/fr\/news\/surintendant-general-pour-parler-a-la-celebration-de-la-reforme-protestante\/\" \/>\n<meta property=\"og:locale\" content=\"fr_FR\" \/>\n<meta property=\"og:type\" content=\"article\" \/>\n<meta property=\"og:title\" content=\"Surintendant g\u00e9n\u00e9ral pour parler \u00e0 la c\u00e9l\u00e9bration de la r\u00e9forme protestante\" \/>\n<meta property=\"og:url\" content=\"https:\/\/nazarene.org\/fr\/news\/surintendant-general-pour-parler-a-la-celebration-de-la-reforme-protestante\/\" \/>\n<meta property=\"og:site_name\" content=\"Church of the Nazarene\" \/>\n<meta property=\"article:publisher\" content=\"https:\/\/www.facebook.com\/NazareneOfficial\/\" \/>\n<meta property=\"og:image\" content=\"https:\/\/nazarene.org\/wp-content\/uploads\/migrated_images\/NCN%20News\/Resources\/WittenburgCongress2017b.jpg\" \/>\n<meta name=\"twitter:card\" content=\"summary_large_image\" \/>\n<meta name=\"twitter:site\" content=\"@Nazarene\" \/>\n<script type=\"application\/ld+json\" class=\"yoast-schema-graph\">{\"@context\":\"https:\/\/schema.org\",\"@graph\":[{\"@type\":\"WebPage\",\"@id\":\"https:\/\/nazarene.org\/fr\/news\/surintendant-general-pour-parler-a-la-celebration-de-la-reforme-protestante\/\",\"url\":\"https:\/\/nazarene.org\/fr\/news\/surintendant-general-pour-parler-a-la-celebration-de-la-reforme-protestante\/\",\"name\":\"Surintendant g\u00e9n\u00e9ral pour parler \u00e0 la c\u00e9l\u00e9bration de la r\u00e9forme protestante - Church of the Nazarene\",\"isPartOf\":{\"@id\":\"https:\/\/nazarene.org\/fr\/#website\"},\"primaryImageOfPage\":{\"@id\":\"https:\/\/nazarene.org\/fr\/news\/surintendant-general-pour-parler-a-la-celebration-de-la-reforme-protestante\/#primaryimage\"},\"image\":{\"@id\":\"https:\/\/nazarene.org\/fr\/news\/surintendant-general-pour-parler-a-la-celebration-de-la-reforme-protestante\/#primaryimage\"},\"thumbnailUrl\":\"https:\/\/nazarene.org\/wp-content\/uploads\/migrated_images\/NCN%20News\/Resources\/WittenburgCongress2017b.jpg\",\"datePublished\":\"2019-07-10T05:00:00+00:00\",\"breadcrumb\":{\"@id\":\"https:\/\/nazarene.org\/fr\/news\/surintendant-general-pour-parler-a-la-celebration-de-la-reforme-protestante\/#breadcrumb\"},\"inLanguage\":\"fr-FR\",\"potentialAction\":[{\"@type\":\"ReadAction\",\"target\":[\"https:\/\/nazarene.org\/fr\/news\/surintendant-general-pour-parler-a-la-celebration-de-la-reforme-protestante\/\"]}]},{\"@type\":\"ImageObject\",\"inLanguage\":\"fr-FR\",\"@id\":\"https:\/\/nazarene.org\/fr\/news\/surintendant-general-pour-parler-a-la-celebration-de-la-reforme-protestante\/#primaryimage\",\"url\":\"https:\/\/nazarene.org\/wp-content\/uploads\/migrated_images\/NCN%20News\/Resources\/WittenburgCongress2017b.jpg\",\"contentUrl\":\"https:\/\/nazarene.org\/wp-content\/uploads\/migrated_images\/NCN%20News\/Resources\/WittenburgCongress2017b.jpg\"},{\"@type\":\"BreadcrumbList\",\"@id\":\"https:\/\/nazarene.org\/fr\/news\/surintendant-general-pour-parler-a-la-celebration-de-la-reforme-protestante\/#breadcrumb\",\"itemListElement\":[{\"@type\":\"ListItem\",\"position\":1,\"name\":\"Home\",\"item\":\"https:\/\/nazarene.org\/fr\/\"},{\"@type\":\"ListItem\",\"position\":2,\"name\":\"News\",\"item\":\"https:\/\/nazarene.org\/fr\/news\/\"},{\"@type\":\"ListItem\",\"position\":3,\"name\":\"Surintendant g\u00e9n\u00e9ral pour parler \u00e0 la c\u00e9l\u00e9bration de la r\u00e9forme protestante\"}]},{\"@type\":\"WebSite\",\"@id\":\"https:\/\/nazarene.org\/fr\/#website\",\"url\":\"https:\/\/nazarene.org\/fr\/\",\"name\":\"Church of the Nazarene\",\"description\":\"Making Christlike Disciples in the Nations\",\"publisher\":{\"@id\":\"https:\/\/nazarene.org\/fr\/#organization\"},\"potentialAction\":[{\"@type\":\"SearchAction\",\"target\":{\"@type\":\"EntryPoint\",\"urlTemplate\":\"https:\/\/nazarene.org\/fr\/?s={search_term_string}\"},\"query-input\":{\"@type\":\"PropertyValueSpecification\",\"valueRequired\":true,\"valueName\":\"search_term_string\"}}],\"inLanguage\":\"fr-FR\"},{\"@type\":\"Organization\",\"@id\":\"https:\/\/nazarene.org\/fr\/#organization\",\"name\":\"Church of the Nazarene\",\"url\":\"https:\/\/nazarene.org\/fr\/\",\"logo\":{\"@type\":\"ImageObject\",\"inLanguage\":\"fr-FR\",\"@id\":\"https:\/\/nazarene.org\/fr\/#\/schema\/logo\/image\/\",\"url\":\"https:\/\/nazarene.org\/wp-content\/uploads\/2024\/06\/Naz_Desktop_Black_Logo-1.svg\",\"contentUrl\":\"https:\/\/nazarene.org\/wp-content\/uploads\/2024\/06\/Naz_Desktop_Black_Logo-1.svg\",\"width\":258,\"height\":36,\"caption\":\"Church of the Nazarene\"},\"image\":{\"@id\":\"https:\/\/nazarene.org\/fr\/#\/schema\/logo\/image\/\"},\"sameAs\":[\"https:\/\/www.facebook.com\/NazareneOfficial\/\",\"https:\/\/x.com\/Nazarene\",\"https:\/\/www.instagram.com\/nazareneofficial\/\"]}]}<\/script>\n<!-- \/ Yoast SEO Premium plugin. -->","yoast_head_json":{"title":"Surintendant g\u00e9n\u00e9ral pour parler \u00e0 la c\u00e9l\u00e9bration de la r\u00e9forme protestante - Church of the Nazarene","robots":{"index":"index","follow":"follow","max-snippet":"max-snippet:-1","max-image-preview":"max-image-preview:large","max-video-preview":"max-video-preview:-1"},"canonical":"https:\/\/nazarene.org\/fr\/news\/surintendant-general-pour-parler-a-la-celebration-de-la-reforme-protestante\/","og_locale":"fr_FR","og_type":"article","og_title":"Surintendant g\u00e9n\u00e9ral pour parler \u00e0 la c\u00e9l\u00e9bration de la r\u00e9forme protestante","og_url":"https:\/\/nazarene.org\/fr\/news\/surintendant-general-pour-parler-a-la-celebration-de-la-reforme-protestante\/","og_site_name":"Church of the Nazarene","article_publisher":"https:\/\/www.facebook.com\/NazareneOfficial\/","og_image":[{"url":"https:\/\/nazarene.org\/wp-content\/uploads\/migrated_images\/NCN%20News\/Resources\/WittenburgCongress2017b.jpg","type":"","width":"","height":""}],"twitter_card":"summary_large_image","twitter_site":"@Nazarene","schema":{"@context":"https:\/\/schema.org","@graph":[{"@type":"WebPage","@id":"https:\/\/nazarene.org\/fr\/news\/surintendant-general-pour-parler-a-la-celebration-de-la-reforme-protestante\/","url":"https:\/\/nazarene.org\/fr\/news\/surintendant-general-pour-parler-a-la-celebration-de-la-reforme-protestante\/","name":"Surintendant g\u00e9n\u00e9ral pour parler \u00e0 la c\u00e9l\u00e9bration de la r\u00e9forme protestante - Church of the Nazarene","isPartOf":{"@id":"https:\/\/nazarene.org\/fr\/#website"},"primaryImageOfPage":{"@id":"https:\/\/nazarene.org\/fr\/news\/surintendant-general-pour-parler-a-la-celebration-de-la-reforme-protestante\/#primaryimage"},"image":{"@id":"https:\/\/nazarene.org\/fr\/news\/surintendant-general-pour-parler-a-la-celebration-de-la-reforme-protestante\/#primaryimage"},"thumbnailUrl":"https:\/\/nazarene.org\/wp-content\/uploads\/migrated_images\/NCN%20News\/Resources\/WittenburgCongress2017b.jpg","datePublished":"2019-07-10T05:00:00+00:00","breadcrumb":{"@id":"https:\/\/nazarene.org\/fr\/news\/surintendant-general-pour-parler-a-la-celebration-de-la-reforme-protestante\/#breadcrumb"},"inLanguage":"fr-FR","potentialAction":[{"@type":"ReadAction","target":["https:\/\/nazarene.org\/fr\/news\/surintendant-general-pour-parler-a-la-celebration-de-la-reforme-protestante\/"]}]},{"@type":"ImageObject","inLanguage":"fr-FR","@id":"https:\/\/nazarene.org\/fr\/news\/surintendant-general-pour-parler-a-la-celebration-de-la-reforme-protestante\/#primaryimage","url":"https:\/\/nazarene.org\/wp-content\/uploads\/migrated_images\/NCN%20News\/Resources\/WittenburgCongress2017b.jpg","contentUrl":"https:\/\/nazarene.org\/wp-content\/uploads\/migrated_images\/NCN%20News\/Resources\/WittenburgCongress2017b.jpg"},{"@type":"BreadcrumbList","@id":"https:\/\/nazarene.org\/fr\/news\/surintendant-general-pour-parler-a-la-celebration-de-la-reforme-protestante\/#breadcrumb","itemListElement":[{"@type":"ListItem","position":1,"name":"Home","item":"https:\/\/nazarene.org\/fr\/"},{"@type":"ListItem","position":2,"name":"News","item":"https:\/\/nazarene.org\/fr\/news\/"},{"@type":"ListItem","position":3,"name":"Surintendant g\u00e9n\u00e9ral pour parler \u00e0 la c\u00e9l\u00e9bration de la r\u00e9forme protestante"}]},{"@type":"WebSite","@id":"https:\/\/nazarene.org\/fr\/#website","url":"https:\/\/nazarene.org\/fr\/","name":"Church of the Nazarene","description":"Making Christlike Disciples in the Nations","publisher":{"@id":"https:\/\/nazarene.org\/fr\/#organization"},"potentialAction":[{"@type":"SearchAction","target":{"@type":"EntryPoint","urlTemplate":"https:\/\/nazarene.org\/fr\/?s={search_term_string}"},"query-input":{"@type":"PropertyValueSpecification","valueRequired":true,"valueName":"search_term_string"}}],"inLanguage":"fr-FR"},{"@type":"Organization","@id":"https:\/\/nazarene.org\/fr\/#organization","name":"Church of the Nazarene","url":"https:\/\/nazarene.org\/fr\/","logo":{"@type":"ImageObject","inLanguage":"fr-FR","@id":"https:\/\/nazarene.org\/fr\/#\/schema\/logo\/image\/","url":"https:\/\/nazarene.org\/wp-content\/uploads\/2024\/06\/Naz_Desktop_Black_Logo-1.svg","contentUrl":"https:\/\/nazarene.org\/wp-content\/uploads\/2024\/06\/Naz_Desktop_Black_Logo-1.svg","width":258,"height":36,"caption":"Church of the Nazarene"},"image":{"@id":"https:\/\/nazarene.org\/fr\/#\/schema\/logo\/image\/"},"sameAs":["https:\/\/www.facebook.com\/NazareneOfficial\/","https:\/\/x.com\/Nazarene","https:\/\/www.instagram.com\/nazareneofficial\/"]}]}},"_links":{"self":[{"href":"https:\/\/nazarene.org\/fr\/wp-json\/wp\/v2\/news\/53355","targetHints":{"allow":["GET"]}}],"collection":[{"href":"https:\/\/nazarene.org\/fr\/wp-json\/wp\/v2\/news"}],"about":[{"href":"https:\/\/nazarene.org\/fr\/wp-json\/wp\/v2\/types\/news"}],"author":[{"embeddable":true,"href":"https:\/\/nazarene.org\/fr\/wp-json\/wp\/v2\/users\/1"}],"version-history":[{"count":0,"href":"https:\/\/nazarene.org\/fr\/wp-json\/wp\/v2\/news\/53355\/revisions"}],"wp:attachment":[{"href":"https:\/\/nazarene.org\/fr\/wp-json\/wp\/v2\/media?parent=53355"}],"wp:term":[{"taxonomy":"news-categories","embeddable":true,"href":"https:\/\/nazarene.org\/fr\/wp-json\/wp\/v2\/news-categories?post=53355"},{"taxonomy":"news-region-taxonomy","embeddable":true,"href":"https:\/\/nazarene.org\/fr\/wp-json\/wp\/v2\/news-region-taxonomy?post=53355"},{"taxonomy":"news-tag","embeddable":true,"href":"https:\/\/nazarene.org\/fr\/wp-json\/wp\/v2\/news-tag?post=53355"}],"curies":[{"name":"wp","href":"https:\/\/api.w.org\/{rel}","templated":true}]}}